{"id":124278,"date":"2026-03-10T19:38:41","date_gmt":"2026-03-10T23:38:41","guid":{"rendered":"https:\/\/lasprimeras.com.do\/?p=124278"},"modified":"2026-03-10T23:47:24","modified_gmt":"2026-03-11T03:47:24","slug":"javier-garcia-no-se-ha-cumplido-con-la-diaspora-crearemos-un-fondo-de-garantia-para-la-inversion-en-rd","status":"publish","type":"post","link":"https:\/\/lasprimeras.com.do\/index.php\/2026\/03\/10\/javier-garcia-no-se-ha-cumplido-con-la-diaspora-crearemos-un-fondo-de-garantia-para-la-inversion-en-rd\/","title":{"rendered":"Javier Garc\u00eda: No se ha cumplido con la di\u00e1spora; crearemos un fondo de garant\u00eda para la inversi\u00f3n en RD"},"content":{"rendered":"\n<figure class=\"wp-block-embed is-type-video is-provider-youtube wp-block-embed-youtube wp-embed-aspect-16-9 wp-has-aspect-ratio\"><div class=\"wp-block-embed__wrapper\">\n<iframe title=\"Javier Garcia : Rueda de Prensa en Santiago. 7-3-26.  Periodista NY pregunta sobre la Di\u00e1spora\" width=\"500\" height=\"281\" src=\"https:\/\/www.youtube.com\/embed\/Tr1xC1quxQw?feature=oembed\" frameborder=\"0\" allow=\"accelerometer; autoplay; clipboard-write; encrypted-media; gyroscope; picture-in-picture; web-share\" referrerpolicy=\"strict-origin-when-cross-origin\" allowfullscreen><\/iframe>\n<\/div><\/figure>\n\n\n\n<p>Por Ram\u00f3n Mercedes<\/p>\n\n\n\n<p>NUEVA YORK.- El aspirante presidencial del Partido de la Liberaci\u00f3n Dominicana (PLD), Francisco Javier Garc\u00eda, prometi\u00f3 de llegar a la presidencia de la Rep\u00fablica \u201ccrear un fondo de garant\u00eda para la inversi\u00f3n que hagan los dominicanos en el exterior\u201d.<\/p>\n\n\n\n<p>Dijo que ese fondo se crear\u00eda destinando en el Presupuesto Nacional una primera partida del 3 % de los 12.000 millones de d\u00f3lares remesas que llegan anualmente al pa\u00eds.<\/p>\n\n\n\n<p>\u201cEse 3 % de 12.000 millones de d\u00f3lares, cuando se convierten a pesos dominicanos equivalen a 20.000 millones de pesos, que ser\u00e1 el fondo de garant\u00eda\u201d, expres\u00f3.<\/p>\n\n\n\n<p>Su respuesta vino al ser preguntado por el reconocido periodista de NYC, Dar\u00edo Abreu, durante una rueda de prensa realizada el pasado fin de semana en Santiago de los Caballeros, sobre qu\u00e9 tiene en carpeta para resolver algunos de los problemas de los dominicanos en el exterior.<\/p>\n\n\n\n<p>Javier Garc\u00eda reconoci\u00f3 que se le ha ofrecido mucho a la di\u00e1spora, sus candidatos y los de otros partidos, pero no se le han cumplido sus aspiraciones.<\/p>\n\n\n\n<p>Dijo no es que se vayan a usar los 20.000 millones, pero que ese monto ser\u00e1 la garant\u00eda.<\/p>\n\n\n\n<p>\u201cEntonces, cuando un dominicano quiera poner un negocio en RD, hacer un proyecto inmobiliario o comprar una casa, y se le dificulte la garant\u00eda para acceder a esos financiamientos, el gobierno dominicano, a trav\u00e9s de ese fondo de 20.000 millones de pesos, podr\u00e1 resolver lo relacionado con esa garant\u00eda\u201d, precis\u00f3.<\/p>\n\n\n\n<p>Se pregunt\u00f3: \u201c\u00bfA qu\u00e9 cantidad de dinero pueden acceder los dominicanos del exterior si la garant\u00eda es de 20.000 millones de pesos?\u201d<\/p>\n\n\n\n<p>Dijo que lo primero que hay que saber cu\u00e1l es la tasa de morosidad, que ronda el 3 %.<\/p>\n\n\n\n<p>\u201cSi calculas que, en vez de una tasa de morosidad del 3 %, es del 5 %, podr\u00edas prestar a los dominicanos, en un solo a\u00f1o, m\u00e1s de 400.000 millones de pesos, porque el 5 % de esa suma son 20.000 millones, que es el fondo que se necesita para aquellos que no puedan pagar esos pr\u00e9stamos\u201d.<\/p>\n\n\n\n<p>Aclar\u00f3 que tal vez algunas personas piensen que 20.000 millones es mucho dinero para tener como un fondo de garant\u00eda. Pero no es mucho dinero.<\/p>\n\n\n\n<p>\u201cLo que es mucho dinero son los 12.000 millones de d\u00f3lares que los dominicanos env\u00edan a RD.<\/p>\n\n\n\n<p>Sin ese dinero, sin que se tenga que levantar un martillo en el pa\u00eds, la RD tendr\u00eda una econom\u00eda pr\u00e1cticamente inviable. La responsable de la estabilidad macroecon\u00f3mica de la Rep\u00fablica es la di\u00e1spora, con esos aportes\u201d, asegur\u00f3 Javier Garc\u00eda.<\/p>\n\n\n\n<p>Subray\u00f3 que, cuando un empresario solvente va a un banco y dice: \u201cQuiero un pr\u00e9stamo de 10 millones de pesos\u201d, no le piden garant\u00eda; se lo dan de inmediato porque saben que lo va a pagar.<\/p>\n\n\n\n<p>\u201cPero, \u00bfpor qu\u00e9? Cuando un banco tiene la garant\u00eda absoluta de que le van a pagar, eso significa que a ese empresario le dan una tasa preferencial. Y, si la garant\u00eda est\u00e1 en el presupuesto, est\u00e1 reservada de manera tal que ning\u00fan banco va a temer que esos pr\u00e9stamos que hacen los dominicanos en el exterior no se vayan a pagar, porque, en caso de atraso, el Estado va a responder\u201d.<\/p>\n\n\n\n<p>\u201cEso nos permite, con los bancos, hacer una especie de negociaci\u00f3n para una tasa preferencial\u201d.<\/p>\n\n\n\n<p>Los dominicanos en el exterior tienen el mismo derecho que los que vivimos aqu\u00ed a hacer inversiones, pero necesitan una palanca de apoyo, y en este caso, se la dar\u00e1 el gobierno de la RD\u201d, asever\u00f3 el aspirante presidencial del PLD.<\/p>\n","protected":false},"excerpt":{"rendered":"<p>Por Ram\u00f3n Mercedes NUEVA YORK.- El aspirante presidencial del Partido de la Liberaci\u00f3n Dominicana (PLD), Francisco Javier Garc\u00eda, prometi\u00f3 de llegar a la presidencia de la Rep\u00fablica \u201ccrear un fondo&hellip;<\/p>\n","protected":false},"author":10,"featured_media":124307,"comment_status":"open","ping_status":"open","sticky":false,"template":"","format":"standard","meta":{"content-type":"","jetpack_post_was_ever_published":false,"_jetpack_newsletter_access":"","_jetpack_dont_email_post_to_subs":false,"_jetpack_newsletter_tier_id":0,"_jetpack_memberships_contains_paywalled_content":false,"_jetpack_memberships_contains_paid_content":false,"footnotes":""},"categories":[16559,25],"tags":[2329,4564,2405,155,2765,127],"class_list":["post-124278","post","type-post","status-publish","format-standard","has-post-thumbnail","hentry","category-politica","category-portada","tag-diaspora","tag-fondo","tag-francisco-javier-garcia","tag-garantia","tag-inversion","tag-rd"],"jetpack_featured_media_url":"https:\/\/lasprimeras.com.do\/wp-content\/uploads\/2026\/03\/WhatsApp-Image-2026-03-10-at-6.37.34-AM.jpeg","jetpack-related-posts":[{"id":124947,"url":"https:\/\/lasprimeras.com.do\/index.php\/2026\/03\/18\/dominicanos-ny-avalan-propuesta-javier-garcia-de-crear-fondo-garantia-inversion-en-la-rd\/","url_meta":{"origin":124278,"position":0},"title":"Dominicanos NY avalan propuesta Javier Garc\u00eda de crear fondo garant\u00eda inversi\u00f3n en la RD","author":"Nelson Feliz","date":"18 de marzo de 2026","format":false,"excerpt":"https:\/\/www.youtube.com\/watch?v=Tr1xC1quxQw Por Ram\u00f3n Mercedes NUEVA YORK.- Dominicanos de diferentes sectores en esta ciudad ofrecieron sus opiniones avalando la propuesta de Francisco Javier Garc\u00eda, aspirante presidencial del Partido de la Liberaci\u00f3n Dominicana (PLD), que, de llegar a la presidencia crear\u00eda un fondo de garant\u00eda para la inversi\u00f3n que realicen los dominicanos\u2026","rel":"","context":"En \u00abPOLITICA\u00bb","block_context":{"text":"POLITICA","link":"https:\/\/lasprimeras.com.do\/index.php\/category\/politica\/"},"img":{"alt_text":"","src":"https:\/\/i0.wp.com\/lasprimeras.com.do\/wp-content\/uploads\/2026\/03\/IMG-20260318-WA0083.jpg?resize=350%2C200&ssl=1","width":350,"height":200},"classes":[]},{"id":103901,"url":"https:\/\/lasprimeras.com.do\/index.php\/2025\/07\/20\/francisco-javier-garcia-rd-vive-un-profundo-retroceso-bajo-la-gestion-del-prm\/","url_meta":{"origin":124278,"position":1},"title":"Francisco Javier Garc\u00eda : \u201cRD vive un profundo retroceso bajo la gesti\u00f3n del PRM\u201d","author":"Nelson Feliz","date":"20 de julio de 2025","format":false,"excerpt":"El aspirante presidencial por el Partido de la Liberaci\u00f3n Dominicana (PLD), Francisco Javier Garc\u00eda, opin\u00f3 que Rep\u00fablica Dominicana vive un profundo retroceso bajo la actual gesti\u00f3n del Partido Revolucionario Moderno (PRM), el cual \u201cprometi\u00f3 un cambio y el cambio nunca lleg\u00f3\u201d. \u201cEl pa\u00eds va como el cangrejo: hacia atr\u00e1s y\u2026","rel":"","context":"En \u00abPOLITICA\u00bb","block_context":{"text":"POLITICA","link":"https:\/\/lasprimeras.com.do\/index.php\/category\/politica\/"},"img":{"alt_text":"Francisco Javier Garc\u00eda","src":"https:\/\/i0.wp.com\/lasprimeras.com.do\/wp-content\/uploads\/2025\/05\/Francisco-Javier-Garcia-2.jpg?resize=350%2C200&ssl=1","width":350,"height":200,"srcset":"https:\/\/i0.wp.com\/lasprimeras.com.do\/wp-content\/uploads\/2025\/05\/Francisco-Javier-Garcia-2.jpg?resize=350%2C200&ssl=1 1x, https:\/\/i0.wp.com\/lasprimeras.com.do\/wp-content\/uploads\/2025\/05\/Francisco-Javier-Garcia-2.jpg?resize=525%2C300&ssl=1 1.5x, https:\/\/i0.wp.com\/lasprimeras.com.do\/wp-content\/uploads\/2025\/05\/Francisco-Javier-Garcia-2.jpg?resize=700%2C400&ssl=1 2x"},"classes":[]},{"id":122043,"url":"https:\/\/lasprimeras.com.do\/index.php\/2026\/02\/12\/francisco-javier-el-prm-se-ha-ganado-el-derecho-a-ser-desalojado-del-palacio-en-el-2028-video\/","url_meta":{"origin":124278,"position":2},"title":"Francisco Javier: \u201cEl PRM se ha ganado el derecho a ser desalojado del Palacio en el 2028\u201d | Video","author":"Nelson Feliz","date":"12 de febrero de 2026","format":false,"excerpt":"El Partido Revolucionario Moderno (PRM) se ha ganado el derecho a ser desalojado del Palacio Nacional en el a\u00f1o 2028, afirm\u00f3 Francisco Javier Garc\u00eda, miembro del Comit\u00e9 Pol\u00edtico del Partido de la Liberaci\u00f3n Dominicana (PLD). Garc\u00eda puso de ejemplo el 2025, tras considerar que se trata de un a\u00f1o que\u2026","rel":"","context":"En \u00abPOLITICA\u00bb","block_context":{"text":"POLITICA","link":"https:\/\/lasprimeras.com.do\/index.php\/category\/politica\/"},"img":{"alt_text":"Francisco Javier Garc\u00eda","src":"https:\/\/i0.wp.com\/lasprimeras.com.do\/wp-content\/uploads\/2026\/02\/Francisco-Javier-Garcia-1.jpg?resize=350%2C200&ssl=1","width":350,"height":200,"srcset":"https:\/\/i0.wp.com\/lasprimeras.com.do\/wp-content\/uploads\/2026\/02\/Francisco-Javier-Garcia-1.jpg?resize=350%2C200&ssl=1 1x, https:\/\/i0.wp.com\/lasprimeras.com.do\/wp-content\/uploads\/2026\/02\/Francisco-Javier-Garcia-1.jpg?resize=525%2C300&ssl=1 1.5x, https:\/\/i0.wp.com\/lasprimeras.com.do\/wp-content\/uploads\/2026\/02\/Francisco-Javier-Garcia-1.jpg?resize=700%2C400&ssl=1 2x"},"classes":[]},{"id":119848,"url":"https:\/\/lasprimeras.com.do\/index.php\/2026\/01\/17\/francisco-javier-garcia-el-prm-saldra-del-gobierno-por-su-incapacidad-para-gobernar\/","url_meta":{"origin":124278,"position":3},"title":"Francisco Javier Garc\u00eda: \u201cEl PRM saldr\u00e1 del gobierno por su incapacidad para gobernar\u201d","author":"Nelson Feliz","date":"17 de enero de 2026","format":false,"excerpt":"El aspirante miembro del Comit\u00e9 Pol\u00edtico del Partido de la Liberaci\u00f3n Dominicana (PLD), Francisco Javier Garc\u00eda, afirm\u00f3 que el gobierno del Partido Revolucionario Moderno (PRM) llegar\u00e1 a su fin, al considerar que sus autoridades han demostrado incapacidad para gobernar y que, lejos de aprender, est\u00e1n \u201cdesaprendiendo\u201d. Garc\u00eda sostuvo que, aunque\u2026","rel":"","context":"En \u00abPOLITICA\u00bb","block_context":{"text":"POLITICA","link":"https:\/\/lasprimeras.com.do\/index.php\/category\/politica\/"},"img":{"alt_text":"Francisco Javier Garc\u00eda","src":"https:\/\/i0.wp.com\/lasprimeras.com.do\/wp-content\/uploads\/2026\/01\/Francisco-Javier-Garcia.jpg?resize=350%2C200&ssl=1","width":350,"height":200,"srcset":"https:\/\/i0.wp.com\/lasprimeras.com.do\/wp-content\/uploads\/2026\/01\/Francisco-Javier-Garcia.jpg?resize=350%2C200&ssl=1 1x, https:\/\/i0.wp.com\/lasprimeras.com.do\/wp-content\/uploads\/2026\/01\/Francisco-Javier-Garcia.jpg?resize=525%2C300&ssl=1 1.5x, https:\/\/i0.wp.com\/lasprimeras.com.do\/wp-content\/uploads\/2026\/01\/Francisco-Javier-Garcia.jpg?resize=700%2C400&ssl=1 2x"},"classes":[]},{"id":115762,"url":"https:\/\/lasprimeras.com.do\/index.php\/2025\/11\/25\/destaca-y-valora-en-ny-aspiracion-presidencial-javier-garcia-en-el-pld\/","url_meta":{"origin":124278,"position":4},"title":"Destaca y valora en NY aspiraci\u00f3n presidencial Javier Garc\u00eda en el PLD","author":"Nelson Feliz","date":"25 de noviembre de 2025","format":false,"excerpt":"Por Ram\u00f3n Mercedes NUEVA YORK.- El miembro del Comit\u00e9 Central (CC) del Partido de la Liberaci\u00f3n Dominicana en esta ciudad, Miguel Suriel, valora y destaca la importancia de las aspiraciones presidenciales de Francisco Javier Garc\u00eda dentro de las filas de la organizaci\u00f3n. Suriel, sostiene que Javier Garc\u00eda representa el \u00abrenacer\u2026","rel":"","context":"En \u00abLA VOZ DE LA DIASPORA\u00bb","block_context":{"text":"LA VOZ DE LA DIASPORA","link":"https:\/\/lasprimeras.com.do\/index.php\/category\/la-voz-de-la-diaspora\/"},"img":{"alt_text":"","src":"https:\/\/i0.wp.com\/lasprimeras.com.do\/wp-content\/uploads\/2025\/11\/Destaca-y-valora-en-NY-aspiracion-presidencial-Javier-Garcia-en-el-PLD.jpeg?resize=350%2C200&ssl=1","width":350,"height":200,"srcset":"https:\/\/i0.wp.com\/lasprimeras.com.do\/wp-content\/uploads\/2025\/11\/Destaca-y-valora-en-NY-aspiracion-presidencial-Javier-Garcia-en-el-PLD.jpeg?resize=350%2C200&ssl=1 1x, https:\/\/i0.wp.com\/lasprimeras.com.do\/wp-content\/uploads\/2025\/11\/Destaca-y-valora-en-NY-aspiracion-presidencial-Javier-Garcia-en-el-PLD.jpeg?resize=525%2C300&ssl=1 1.5x"},"classes":[]},{"id":108462,"url":"https:\/\/lasprimeras.com.do\/index.php\/2025\/09\/07\/luis-alberto-francisco-javier-garcia-garantiza-el-retorno-del-pld-al-poder\/","url_meta":{"origin":124278,"position":5},"title":"Luis Alberto: \u201cFrancisco Javier Garc\u00eda garantiza el retorno del PLD al poder\u201d","author":"Nelson Feliz","date":"7 de septiembre de 2025","format":false,"excerpt":"El miembro del Comit\u00e9 Pol\u00edtico del Partido de la Liberaci\u00f3n Dominicana (PLD), Luis Alberto Tejeda, afirm\u00f3 que el aspirante presidencial Francisco Javier Garc\u00eda es la garant\u00eda de que el PLD retornar\u00e1 al poder para enfrentar los graves problemas sociales y econ\u00f3micos que afectan al pa\u00eds bajo el actual gobierno. \u201cEl\u2026","rel":"","context":"En \u00abPOLITICA\u00bb","block_context":{"text":"POLITICA","link":"https:\/\/lasprimeras.com.do\/index.php\/category\/politica\/"},"img":{"alt_text":"Luis Alberto Tejeda","src":"https:\/\/i0.wp.com\/lasprimeras.com.do\/wp-content\/uploads\/2024\/02\/Luis-Alberto-Tejeda-4.jpg?resize=350%2C200&ssl=1","width":350,"height":200,"srcset":"https:\/\/i0.wp.com\/lasprimeras.com.do\/wp-content\/uploads\/2024\/02\/Luis-Alberto-Tejeda-4.jpg?resize=350%2C200&ssl=1 1x, https:\/\/i0.wp.com\/lasprimeras.com.do\/wp-content\/uploads\/2024\/02\/Luis-Alberto-Tejeda-4.jpg?resize=525%2C300&ssl=1 1.5x"},"classes":[]}],"jetpack_sharing_enabled":true,"_links":{"self":[{"href":"https:\/\/lasprimeras.com.do\/index.php\/wp-json\/wp\/v2\/posts\/124278","targetHints":{"allow":["GET"]}}],"collection":[{"href":"https:\/\/lasprimeras.com.do\/index.php\/wp-json\/wp\/v2\/posts"}],"about":[{"href":"https:\/\/lasprimeras.com.do\/index.php\/wp-json\/wp\/v2\/types\/post"}],"author":[{"embeddable":true,"href":"https:\/\/lasprimeras.com.do\/index.php\/wp-json\/wp\/v2\/users\/10"}],"replies":[{"embeddable":true,"href":"https:\/\/lasprimeras.com.do\/index.php\/wp-json\/wp\/v2\/comments?post=124278"}],"version-history":[{"count":1,"href":"https:\/\/lasprimeras.com.do\/index.php\/wp-json\/wp\/v2\/posts\/124278\/revisions"}],"predecessor-version":[{"id":124279,"href":"https:\/\/lasprimeras.com.do\/index.php\/wp-json\/wp\/v2\/posts\/124278\/revisions\/124279"}],"wp:featuredmedia":[{"embeddable":true,"href":"https:\/\/lasprimeras.com.do\/index.php\/wp-json\/wp\/v2\/media\/124307"}],"wp:attachment":[{"href":"https:\/\/lasprimeras.com.do\/index.php\/wp-json\/wp\/v2\/media?parent=124278"}],"wp:term":[{"taxonomy":"category","embeddable":true,"href":"https:\/\/lasprimeras.com.do\/index.php\/wp-json\/wp\/v2\/categories?post=124278"},{"taxonomy":"post_tag","embeddable":true,"href":"https:\/\/lasprimeras.com.do\/index.php\/wp-json\/wp\/v2\/tags?post=124278"}],"curies":[{"name":"wp","href":"https:\/\/api.w.org\/{rel}","templated":true}]}}