{"id":124280,"date":"2026-03-10T19:46:23","date_gmt":"2026-03-10T23:46:23","guid":{"rendered":"https:\/\/lasprimeras.com.do\/?p=124280"},"modified":"2026-03-10T19:46:24","modified_gmt":"2026-03-10T23:46:24","slug":"omar-fernandez-pide-a-ciudadanos-renovar-la-licencia-de-conducir","status":"publish","type":"post","link":"https:\/\/lasprimeras.com.do\/index.php\/2026\/03\/10\/omar-fernandez-pide-a-ciudadanos-renovar-la-licencia-de-conducir\/","title":{"rendered":"Omar Fern\u00e1ndez pide a ciudadanos renovar la licencia de conducir"},"content":{"rendered":"\n<p>El senador del Distrito Nacional, Omar Fern\u00e1ndez, exhort\u00f3 a la ciudadan\u00eda a renovar su licencia o tramitar la nueva licencia de conducir en caso de no contar a\u00fan con este documento.<\/p>\n\n\n\n<p>Durante su mensaje, se\u00f1al\u00f3 que la seguridad vial es un tema serio en la Rep\u00fablica Dominicana y valor\u00f3 las facilidades del proceso actual, que permite a los ciudadanos agendar su cita con anticipaci\u00f3n y realizar el tr\u00e1mite de forma m\u00e1s organizada.<\/p>\n\n\n\n<p>\u201cLes exhorto a que renueven su licencia o saquen su nueva licencia de conducir en caso de que a\u00fan no la tengan. Hagan su cita con tiempo y elijan la hora que sea m\u00e1s conveniente para ustedes, para evitar filas. Saquen su nueva licencia para que anden con sus papeles al d\u00eda en la calle, transitando para beneficio de todos los dominicanos\u201d, expres\u00f3.<\/p>\n\n\n\n<figure class=\"wp-block-video\"><video height=\"480\" style=\"aspect-ratio: 848 \/ 480;\" width=\"848\" controls src=\"https:\/\/lasprimeras.com.do\/wp-content\/uploads\/2026\/03\/WhatsApp-Video-2026-03-10-at-7.35.53-PM.mp4\"><\/video><\/figure>\n","protected":false},"excerpt":{"rendered":"<p>El senador del Distrito Nacional, Omar Fern\u00e1ndez, exhort\u00f3 a la ciudadan\u00eda a renovar su licencia o tramitar la nueva licencia de conducir en caso de no contar a\u00fan con este&hellip;<\/p>\n","protected":false},"author":10,"featured_media":124281,"comment_status":"open","ping_status":"open","sticky":false,"template":"","format":"standard","meta":{"content-type":"","jetpack_post_was_ever_published":false,"_jetpack_newsletter_access":"","_jetpack_dont_email_post_to_subs":false,"_jetpack_newsletter_tier_id":0,"_jetpack_memberships_contains_paywalled_content":false,"_jetpack_memberships_contains_paid_content":false,"footnotes":""},"categories":[35,25],"tags":[3346,31053,81,664],"class_list":["post-124280","post","type-post","status-publish","format-standard","has-post-thumbnail","hentry","category-nacionales","category-portada","tag-conducir","tag-nueva-licencia","tag-omar-fernandez","tag-proceso"],"jetpack_featured_media_url":"https:\/\/lasprimeras.com.do\/wp-content\/uploads\/2026\/03\/Omar-Fernandez.jpg","jetpack-related-posts":[{"id":124194,"url":"https:\/\/lasprimeras.com.do\/index.php\/2026\/03\/09\/hipolito-mejia-obtiene-su-nueva-licencia-de-conducir\/","url_meta":{"origin":124280,"position":0},"title":"Hip\u00f3lito Mej\u00eda obtiene su nueva licencia de conducir","author":"Nelson Feliz","date":"9 de marzo de 2026","format":false,"excerpt":"El expresidente de la Rep\u00fablica, Hip\u00f3lito Mej\u00eda, acudi\u00f3 recientemente a las instalaciones correspondientes para realizar el proceso de obtenci\u00f3n de su nueva licencia de conducir. Durante su visita, el exmandatario cumpli\u00f3 con los protocolos establecidos, integr\u00e1ndose de manera fluida a la din\u00e1mica de atenci\u00f3n al ciudadano. Tras concluir el tr\u00e1mite,\u2026","rel":"","context":"En \u00abNACIONALES\u00bb","block_context":{"text":"NACIONALES","link":"https:\/\/lasprimeras.com.do\/index.php\/category\/nacionales\/"},"img":{"alt_text":"Hip\u00f3lito Mej\u00eda","src":"https:\/\/i0.wp.com\/lasprimeras.com.do\/wp-content\/uploads\/2026\/03\/%F0%9D%97%9B%F0%9D%97%B6%F0%9D%97%BD%F0%9D%97%BC%CC%81%F0%9D%97%B9%F0%9D%97%B6%F0%9D%98%81%F0%9D%97%BC-%F0%9D%97%A0%F0%9D%97%B2%F0%9D%97%B7%F0%9D%97%B6%CC%81%F0%9D%97%AE-1.jpg?resize=350%2C200&ssl=1","width":350,"height":200,"srcset":"https:\/\/i0.wp.com\/lasprimeras.com.do\/wp-content\/uploads\/2026\/03\/%F0%9D%97%9B%F0%9D%97%B6%F0%9D%97%BD%F0%9D%97%BC%CC%81%F0%9D%97%B9%F0%9D%97%B6%F0%9D%98%81%F0%9D%97%BC-%F0%9D%97%A0%F0%9D%97%B2%F0%9D%97%B7%F0%9D%97%B6%CC%81%F0%9D%97%AE-1.jpg?resize=350%2C200&ssl=1 1x, https:\/\/i0.wp.com\/lasprimeras.com.do\/wp-content\/uploads\/2026\/03\/%F0%9D%97%9B%F0%9D%97%B6%F0%9D%97%BD%F0%9D%97%BC%CC%81%F0%9D%97%B9%F0%9D%97%B6%F0%9D%98%81%F0%9D%97%BC-%F0%9D%97%A0%F0%9D%97%B2%F0%9D%97%B7%F0%9D%97%B6%CC%81%F0%9D%97%AE-1.jpg?resize=525%2C300&ssl=1 1.5x, https:\/\/i0.wp.com\/lasprimeras.com.do\/wp-content\/uploads\/2026\/03\/%F0%9D%97%9B%F0%9D%97%B6%F0%9D%97%BD%F0%9D%97%BC%CC%81%F0%9D%97%B9%F0%9D%97%B6%F0%9D%98%81%F0%9D%97%BC-%F0%9D%97%A0%F0%9D%97%B2%F0%9D%97%B7%F0%9D%97%B6%CC%81%F0%9D%97%AE-1.jpg?resize=700%2C400&ssl=1 2x"},"classes":[]},{"id":123878,"url":"https:\/\/lasprimeras.com.do\/index.php\/2026\/03\/06\/intrant-habilita-citas-en-linea-para-tramitar-la-nueva-licencia-de-conducir\/","url_meta":{"origin":124280,"position":1},"title":"INTRANT habilita citas en l\u00ednea para tramitar la nueva licencia de conducir","author":"Nelson Feliz","date":"6 de marzo de 2026","format":false,"excerpt":"_La herramienta, disponible a trav\u00e9s del portal institucional www.intrant.gob.do, permite agendar turnos en l\u00ednea, consultar multas pendientes y elegir la oficina m\u00e1s cercana para realizar el tr\u00e1mite_. El Instituto Nacional de Tr\u00e1nsito y Transporte Terrestre (INTRANT) inform\u00f3 que los ciudadanos podr\u00e1n agendar su cita a partir del pr\u00f3ximo lunes 9\u2026","rel":"","context":"En \u00abNACIONALES\u00bb","block_context":{"text":"NACIONALES","link":"https:\/\/lasprimeras.com.do\/index.php\/category\/nacionales\/"},"img":{"alt_text":"","src":"https:\/\/i0.wp.com\/lasprimeras.com.do\/wp-content\/uploads\/2026\/03\/IMG-20260306-WA0431.jpg?resize=350%2C200&ssl=1","width":350,"height":200,"srcset":"https:\/\/i0.wp.com\/lasprimeras.com.do\/wp-content\/uploads\/2026\/03\/IMG-20260306-WA0431.jpg?resize=350%2C200&ssl=1 1x, https:\/\/i0.wp.com\/lasprimeras.com.do\/wp-content\/uploads\/2026\/03\/IMG-20260306-WA0431.jpg?resize=525%2C300&ssl=1 1.5x, https:\/\/i0.wp.com\/lasprimeras.com.do\/wp-content\/uploads\/2026\/03\/IMG-20260306-WA0431.jpg?resize=700%2C400&ssl=1 2x"},"classes":[]},{"id":52685,"url":"https:\/\/lasprimeras.com.do\/index.php\/2023\/06\/12\/nueva-ley-permitira-que-las-licencias-de-conducir-de-rd-sean-homologadas-en-ny\/","url_meta":{"origin":124280,"position":2},"title":"Nueva ley permitir\u00e1 que las licencias de conducir de RD sean homologadas en NY","author":"prenxa100","date":"12 de junio de 2023","format":false,"excerpt":"El Senado de Nueva York aprob\u00f3 el proyecto de ley que permite la homologaci\u00f3n de las licencias entre el pa\u00eds y el estado. El Senado de Nueva York aprob\u00f3 la ley que busca homologar la expedici\u00f3n de licencias de conducir entre el estado de Nueva York y la Rep\u00fablica Dominicana,\u2026","rel":"","context":"En \u00abSin categor\u00eda\u00bb","block_context":{"text":"Sin categor\u00eda","link":"https:\/\/lasprimeras.com.do\/index.php\/category\/sin-categoria\/"},"img":{"alt_text":"","src":"https:\/\/i0.wp.com\/lasprimeras.com.do\/wp-content\/uploads\/2023\/06\/nueva-ley-permitira-que-las-licencias-de-conducir-de-rd-sean-homologadas-en-ny.jpg?resize=350%2C200&ssl=1","width":350,"height":200,"srcset":"https:\/\/i0.wp.com\/lasprimeras.com.do\/wp-content\/uploads\/2023\/06\/nueva-ley-permitira-que-las-licencias-de-conducir-de-rd-sean-homologadas-en-ny.jpg?resize=350%2C200&ssl=1 1x, https:\/\/i0.wp.com\/lasprimeras.com.do\/wp-content\/uploads\/2023\/06\/nueva-ley-permitira-que-las-licencias-de-conducir-de-rd-sean-homologadas-en-ny.jpg?resize=525%2C300&ssl=1 1.5x, https:\/\/i0.wp.com\/lasprimeras.com.do\/wp-content\/uploads\/2023\/06\/nueva-ley-permitira-que-las-licencias-de-conducir-de-rd-sean-homologadas-en-ny.jpg?resize=700%2C400&ssl=1 2x"},"classes":[]},{"id":97844,"url":"https:\/\/lasprimeras.com.do\/index.php\/2025\/04\/28\/intrant-anuncia-licitacion-de-las-licencias-de-conducir\/","url_meta":{"origin":124280,"position":3},"title":"INTRANT anuncia licitaci\u00f3n de las licencias de conducir","author":"Nelson Feliz","date":"28 de abril de 2025","format":false,"excerpt":"INTRANT aclara que el Estado dominicano no invertir\u00e1 ni un centavo en la licitaci\u00f3n de las licencias.\u00a0 El monto que sale en la publicaci\u00f3n es una proyecci\u00f3n del ingreso que se obtiene por parte del pago de los servicios de licencias que hacen quienes la solicitan. Poner el monto total\u2026","rel":"","context":"En \u00abECONOM\u00cdA\u00bb","block_context":{"text":"ECONOM\u00cdA","link":"https:\/\/lasprimeras.com.do\/index.php\/category\/economia\/"},"img":{"alt_text":"","src":"https:\/\/i0.wp.com\/lasprimeras.com.do\/wp-content\/uploads\/2025\/04\/licencias.jpg?resize=350%2C200&ssl=1","width":350,"height":200,"srcset":"https:\/\/i0.wp.com\/lasprimeras.com.do\/wp-content\/uploads\/2025\/04\/licencias.jpg?resize=350%2C200&ssl=1 1x, https:\/\/i0.wp.com\/lasprimeras.com.do\/wp-content\/uploads\/2025\/04\/licencias.jpg?resize=525%2C300&ssl=1 1.5x"},"classes":[]},{"id":125795,"url":"https:\/\/lasprimeras.com.do\/index.php\/2026\/03\/26\/ministro-de-defensa-destaca-servicio-y-llama-a-militares-a-obtener-la-nueva-licencia-de-conducir\/","url_meta":{"origin":124280,"position":4},"title":"Ministro de Defensa destaca servicio y llama a militares a obtener la nueva licencia de conducir","author":"Nelson Feliz","date":"26 de marzo de 2026","format":false,"excerpt":"El ministro de Defensa, teniente general Carlos Antonio Fern\u00e1ndez Onofre, destac\u00f3 la eficiencia y calidad del servicio ofrecido por el INTRANT durante la jornada de emisi\u00f3n de la nueva licencia de conducir en la oficina habilitada dentro de la entidad. Al recibir su documento, subray\u00f3 la agilidad del proceso y\u2026","rel":"","context":"En \u00abNACIONALES\u00bb","block_context":{"text":"NACIONALES","link":"https:\/\/lasprimeras.com.do\/index.php\/category\/nacionales\/"},"img":{"alt_text":"","src":"","width":0,"height":0},"classes":[]},{"id":57359,"url":"https:\/\/lasprimeras.com.do\/index.php\/2023\/08\/11\/podrian-cancelar-licencia-de-conducir-a-ciudadano-agredio-a-miembro-de-la-digesett\/","url_meta":{"origin":124280,"position":5},"title":"Podr\u00edan cancelar licencia de conducir a ciudadano agredi\u00f3 a miembro de la Digesett","author":"Nelson Feliz","date":"11 de agosto de 2023","format":false,"excerpt":"El ciudadano hasta el momento no ha sido identificado. El director ejecutivo del Instituto Nacional de Tr\u00e1nsito y Transporte Terrestre (Intrant), Hugo Beras, inform\u00f3 el jueves que se solicitar\u00e1 la cancelaci\u00f3n definitiva de la licencia de conducir del ciudadano que agredi\u00f3 a un miembro de la Direcci\u00f3n General de Seguridad\u2026","rel":"","context":"En \u00abNACIONALES\u00bb","block_context":{"text":"NACIONALES","link":"https:\/\/lasprimeras.com.do\/index.php\/category\/nacionales\/"},"img":{"alt_text":"Hombre agrede a agente de Digesett","src":"https:\/\/i0.wp.com\/lasprimeras.com.do\/wp-content\/uploads\/2023\/08\/Hombre-agrede-a-agente-de-Digesett.jpeg?resize=350%2C200&ssl=1","width":350,"height":200,"srcset":"https:\/\/i0.wp.com\/lasprimeras.com.do\/wp-content\/uploads\/2023\/08\/Hombre-agrede-a-agente-de-Digesett.jpeg?resize=350%2C200&ssl=1 1x, https:\/\/i0.wp.com\/lasprimeras.com.do\/wp-content\/uploads\/2023\/08\/Hombre-agrede-a-agente-de-Digesett.jpeg?resize=525%2C300&ssl=1 1.5x, https:\/\/i0.wp.com\/lasprimeras.com.do\/wp-content\/uploads\/2023\/08\/Hombre-agrede-a-agente-de-Digesett.jpeg?resize=700%2C400&ssl=1 2x"},"classes":[]}],"jetpack_sharing_enabled":true,"_links":{"self":[{"href":"https:\/\/lasprimeras.com.do\/index.php\/wp-json\/wp\/v2\/posts\/124280","targetHints":{"allow":["GET"]}}],"collection":[{"href":"https:\/\/lasprimeras.com.do\/index.php\/wp-json\/wp\/v2\/posts"}],"about":[{"href":"https:\/\/lasprimeras.com.do\/index.php\/wp-json\/wp\/v2\/types\/post"}],"author":[{"embeddable":true,"href":"https:\/\/lasprimeras.com.do\/index.php\/wp-json\/wp\/v2\/users\/10"}],"replies":[{"embeddable":true,"href":"https:\/\/lasprimeras.com.do\/index.php\/wp-json\/wp\/v2\/comments?post=124280"}],"version-history":[{"count":1,"href":"https:\/\/lasprimeras.com.do\/index.php\/wp-json\/wp\/v2\/posts\/124280\/revisions"}],"predecessor-version":[{"id":124283,"href":"https:\/\/lasprimeras.com.do\/index.php\/wp-json\/wp\/v2\/posts\/124280\/revisions\/124283"}],"wp:featuredmedia":[{"embeddable":true,"href":"https:\/\/lasprimeras.com.do\/index.php\/wp-json\/wp\/v2\/media\/124281"}],"wp:attachment":[{"href":"https:\/\/lasprimeras.com.do\/index.php\/wp-json\/wp\/v2\/media?parent=124280"}],"wp:term":[{"taxonomy":"category","embeddable":true,"href":"https:\/\/lasprimeras.com.do\/index.php\/wp-json\/wp\/v2\/categories?post=124280"},{"taxonomy":"post_tag","embeddable":true,"href":"https:\/\/lasprimeras.com.do\/index.php\/wp-json\/wp\/v2\/tags?post=124280"}],"curies":[{"name":"wp","href":"https:\/\/api.w.org\/{rel}","templated":true}]}}