{"id":124284,"date":"2026-03-09T20:06:29","date_gmt":"2026-03-10T00:06:29","guid":{"rendered":"https:\/\/lasprimeras.com.do\/?p=124284"},"modified":"2026-03-10T20:10:01","modified_gmt":"2026-03-11T00:10:01","slug":"raquel-pena-encabeza-jornada-de-evaluacion-del-plan-de-seguridad-ciudadana","status":"publish","type":"post","link":"https:\/\/lasprimeras.com.do\/index.php\/2026\/03\/09\/raquel-pena-encabeza-jornada-de-evaluacion-del-plan-de-seguridad-ciudadana\/","title":{"rendered":"Raquel Pe\u00f1a encabeza jornada de evaluaci\u00f3n del Plan de Seguridad Ciudadana"},"content":{"rendered":"\n<p><strong>Las autoridades revisaron indicadores, acciones en marcha y coordinaci\u00f3n institucional en la reuni\u00f3n n\u00famero 131.<\/strong><\/p>\n\n\n\n<p>La vicepresidenta de la Rep\u00fablica, Raquel Pe\u00f1a, encabez\u00f3 este lunes una nueva sesi\u00f3n de seguimiento al Plan de Seguridad Ciudadana, un espacio de trabajo que permite analizar indicadores y evaluar las medidas implementadas para fortalecer la seguridad en el pa\u00eds.<\/p>\n\n\n\n<p>La reuni\u00f3n tuvo lugar en el Sal\u00f3n del Club de Oficiales del Palacio de la Polic\u00eda Nacional, donde autoridades civiles, militares y policiales dieron inicio a la agenda de trabajo correspondiente a la sesi\u00f3n n\u00famero 131 de este mecanismo de coordinaci\u00f3n.<\/p>\n\n\n\n<p>Durante el encuentro se revisaron las acciones ejecutadas en los \u00faltimos d\u00edas, los resultados obtenidos y las iniciativas actualmente en marcha, con el prop\u00f3sito de fortalecer las labores de prevenci\u00f3n y mejorar la capacidad de respuesta ante los desaf\u00edos en materia de seguridad ciudadana.<\/p>\n\n\n\n<p>Con esta jornada suman ya 131 reuniones realizadas en el marco del Plan de Seguridad Ciudadana, como parte de la estrategia impulsada por el Gobierno del presidente Luis Abinader para mantener una supervisi\u00f3n permanente, fortalecer la coordinaci\u00f3n interinstitucional y evaluar los avances de las pol\u00edticas p\u00fablicas en esta \u00e1rea.<\/p>\n\n\n\n<p>A la vicepresidenta le acompa\u00f1aron la ministra de Interior y Polic\u00eda, Faride Raful; el ministro de la Presidencia, Jos\u00e9 Ignacio Paliza; el ministro de Defensa, teniente general Carlos Antonio Fern\u00e1ndez Onofre; y el director general de la Polic\u00eda Nacional, mayor general Andr\u00e9s Modesto Cruz Cruz, quien particip\u00f3 por primera vez de manera presencial en estas reuniones desde su designaci\u00f3n en el cargo.<\/p>\n\n\n\n<p>Tambi\u00e9n estuvieron presentes representantes del Consejo Nacional de Drogas; la Comisi\u00f3n Militar y Policial; la Direcci\u00f3n General de Seguridad de Tr\u00e1nsito y Transporte Terrestre; la Polic\u00eda de Turismo; el Sistema Nacional de Atenci\u00f3n a Emergencias 911; y la Direcci\u00f3n de Asuntos Internos de la Polic\u00eda Nacional.<\/p>\n","protected":false},"excerpt":{"rendered":"<p>Las autoridades revisaron indicadores, acciones en marcha y coordinaci\u00f3n institucional en la reuni\u00f3n n\u00famero 131. La vicepresidenta de la Rep\u00fablica, Raquel Pe\u00f1a, encabez\u00f3 este lunes una nueva sesi\u00f3n de seguimiento&hellip;<\/p>\n","protected":false},"author":10,"featured_media":124285,"comment_status":"open","ping_status":"open","sticky":false,"template":"","format":"standard","meta":{"content-type":"","jetpack_post_was_ever_published":false,"_jetpack_newsletter_access":"","_jetpack_dont_email_post_to_subs":false,"_jetpack_newsletter_tier_id":0,"_jetpack_memberships_contains_paywalled_content":false,"_jetpack_memberships_contains_paid_content":false,"footnotes":""},"categories":[25],"tags":[1512,281,19483,2873],"class_list":["post-124284","post","type-post","status-publish","format-standard","has-post-thumbnail","hentry","category-portada","tag-evaluacion","tag-jornada","tag-plan-de-seguridad-ciudadana","tag-raquel-pena"],"jetpack_featured_media_url":"https:\/\/lasprimeras.com.do\/wp-content\/uploads\/2026\/03\/seguridad-ciudadana.jpg","jetpack-related-posts":[{"id":113523,"url":"https:\/\/lasprimeras.com.do\/index.php\/2025\/11\/03\/raquel-pena-encabeza-reunion-de-evaluacion-de-avances-en-materia-de-seguridad\/","url_meta":{"origin":124284,"position":0},"title":"Raquel Pe\u00f1a encabeza reuni\u00f3n de evaluaci\u00f3n de avances en materia de seguridad","author":"Nelson Feliz","date":"3 de noviembre de 2025","format":false,"excerpt":"El Gobierno revisa los progresos del Plan de Seguridad Ciudadana y reafirma su compromiso con la reducci\u00f3n de los hechos delictivos y la tranquilidad de la poblaci\u00f3n. La vicepresidenta de la Rep\u00fablica, Raquel Pe\u00f1a, encabez\u00f3 este lunes la reuni\u00f3n n\u00famero 113 de seguimiento al Plan de Seguridad Ciudadana, con el\u2026","rel":"","context":"En \u00abNACIONALES\u00bb","block_context":{"text":"NACIONALES","link":"https:\/\/lasprimeras.com.do\/index.php\/category\/nacionales\/"},"img":{"alt_text":"","src":"https:\/\/i0.wp.com\/lasprimeras.com.do\/wp-content\/uploads\/2025\/11\/raquel-1.jpg?resize=350%2C200&ssl=1","width":350,"height":200,"srcset":"https:\/\/i0.wp.com\/lasprimeras.com.do\/wp-content\/uploads\/2025\/11\/raquel-1.jpg?resize=350%2C200&ssl=1 1x, https:\/\/i0.wp.com\/lasprimeras.com.do\/wp-content\/uploads\/2025\/11\/raquel-1.jpg?resize=525%2C300&ssl=1 1.5x, https:\/\/i0.wp.com\/lasprimeras.com.do\/wp-content\/uploads\/2025\/11\/raquel-1.jpg?resize=700%2C400&ssl=1 2x"},"classes":[]},{"id":56961,"url":"https:\/\/lasprimeras.com.do\/index.php\/2023\/08\/07\/vicepresidenta-pena-encabeza-reunion-sobre-seguridad-ciudadana\/","url_meta":{"origin":124284,"position":1},"title":"Vicepresidenta Pe\u00f1a encabeza reuni\u00f3n sobre seguridad ciudadana","author":"Nelson Feliz","date":"7 de agosto de 2023","format":false,"excerpt":"Es la segunda ocasi\u00f3n que la vicemandataria encabeza la reuni\u00f3n. Por Martin Restituyo La vicepresidenta Raquel Pe\u00f1a encabeza este lunes la reuni\u00f3n de seguimiento al Plan de Seguridad Ciudadana, en el Palacio de la Polic\u00eda Nacional. Estos encuentros, realizados por instrucciones del presidente Luis Abinader reafirman el compromiso del Gobierno\u2026","rel":"","context":"En \u00abNACIONALES\u00bb","block_context":{"text":"NACIONALES","link":"https:\/\/lasprimeras.com.do\/index.php\/category\/nacionales\/"},"img":{"alt_text":"Raquel Pe\u00f1a","src":"https:\/\/i0.wp.com\/lasprimeras.com.do\/wp-content\/uploads\/2023\/08\/Raquel-Pena.jpg?resize=350%2C200&ssl=1","width":350,"height":200,"srcset":"https:\/\/i0.wp.com\/lasprimeras.com.do\/wp-content\/uploads\/2023\/08\/Raquel-Pena.jpg?resize=350%2C200&ssl=1 1x, https:\/\/i0.wp.com\/lasprimeras.com.do\/wp-content\/uploads\/2023\/08\/Raquel-Pena.jpg?resize=525%2C300&ssl=1 1.5x, https:\/\/i0.wp.com\/lasprimeras.com.do\/wp-content\/uploads\/2023\/08\/Raquel-Pena.jpg?resize=700%2C400&ssl=1 2x"},"classes":[]},{"id":103331,"url":"https:\/\/lasprimeras.com.do\/index.php\/2025\/07\/14\/faride-raful-estadisticas-reflejan-efectividad-en-reduccion-de-homicidios-y-robos\/","url_meta":{"origin":124284,"position":2},"title":"Faride Raful: Estad\u00edsticas reflejan efectividad en reducci\u00f3n de homicidios y robos","author":"Nelson Feliz","date":"14 de julio de 2025","format":false,"excerpt":"-Ministra Faride Raful ofrece detalles tras reuni\u00f3n de seguridad encabezada por la vicepresidenta Raquel Pe\u00f1a. La ministra de Interior y Polic\u00eda, Faride Raful, present\u00f3 este lunes los m\u00e1s recientes indicadores sobre la criminalidad en el pa\u00eds, destacando la significativa reducci\u00f3n tanto en homicidios como en robos, lo cual es el\u2026","rel":"","context":"En \u00abMILITARES\u00bb","block_context":{"text":"MILITARES","link":"https:\/\/lasprimeras.com.do\/index.php\/category\/militares\/"},"img":{"alt_text":"","src":"https:\/\/i0.wp.com\/lasprimeras.com.do\/wp-content\/uploads\/2025\/07\/Faride-Raful-1.jpg?resize=350%2C200&ssl=1","width":350,"height":200,"srcset":"https:\/\/i0.wp.com\/lasprimeras.com.do\/wp-content\/uploads\/2025\/07\/Faride-Raful-1.jpg?resize=350%2C200&ssl=1 1x, https:\/\/i0.wp.com\/lasprimeras.com.do\/wp-content\/uploads\/2025\/07\/Faride-Raful-1.jpg?resize=525%2C300&ssl=1 1.5x, https:\/\/i0.wp.com\/lasprimeras.com.do\/wp-content\/uploads\/2025\/07\/Faride-Raful-1.jpg?resize=700%2C400&ssl=1 2x"},"classes":[]},{"id":62999,"url":"https:\/\/lasprimeras.com.do\/index.php\/2023\/10\/09\/vicepresidenta-encabeza-reunion-de-seguimiento-al-plan-de-seguridad-ciudadana\/","url_meta":{"origin":124284,"position":3},"title":"Vicepresidenta encabeza reuni\u00f3n de seguimiento al Plan de Seguridad Ciudadana","author":"BIMARY DE JES\u00daS Matos","date":"9 de octubre de 2023","format":false,"excerpt":"Santo Domingo.-La vicepresidenta de la Rep\u00fablica, Raquel Pe\u00f1a encabeza la acostumbrada reuni\u00f3n de cada lunes en el Palacio de la Polic\u00eda Nacional, con el objetivo del fortalecimiento del Plan de Seguridad Ciudadana, En el encuentro que inici\u00f3 pasadas las 10 de la ma\u00f1ana, en el Sal\u00f3n Club de Oficiales del\u2026","rel":"","context":"En \u00abPORTADA\u00bb","block_context":{"text":"PORTADA","link":"https:\/\/lasprimeras.com.do\/index.php\/category\/portada\/"},"img":{"alt_text":"","src":"https:\/\/i0.wp.com\/lasprimeras.com.do\/wp-content\/uploads\/2023\/10\/WhatsApp-Image-2023-10-09-at-11.49.51-AM-5.jpeg?resize=350%2C200&ssl=1","width":350,"height":200,"srcset":"https:\/\/i0.wp.com\/lasprimeras.com.do\/wp-content\/uploads\/2023\/10\/WhatsApp-Image-2023-10-09-at-11.49.51-AM-5.jpeg?resize=350%2C200&ssl=1 1x, https:\/\/i0.wp.com\/lasprimeras.com.do\/wp-content\/uploads\/2023\/10\/WhatsApp-Image-2023-10-09-at-11.49.51-AM-5.jpeg?resize=525%2C300&ssl=1 1.5x, https:\/\/i0.wp.com\/lasprimeras.com.do\/wp-content\/uploads\/2023\/10\/WhatsApp-Image-2023-10-09-at-11.49.51-AM-5.jpeg?resize=700%2C400&ssl=1 2x"},"classes":[]},{"id":63037,"url":"https:\/\/lasprimeras.com.do\/index.php\/2023\/10\/09\/vicepresidenta-raquel-pena-informa-reduccion-de-tasa-de-homicidios-en-cinco-provincias\/","url_meta":{"origin":124284,"position":4},"title":"Vicepresidenta Raquel Pe\u00f1a informa reducci\u00f3n de tasa de homicidios en cinco provincias","author":"Nelson Feliz","date":"9 de octubre de 2023","format":false,"excerpt":"Por Martin Restituyo La vicepresidenta Raquel Pe\u00f1a encabez\u00f3 la octava reuni\u00f3n de los organismos de seguridad en la Polic\u00eda Nacional para coordinar el plan de seguridad ciudadana del Gobierno. El \u00fanico dato que la vicemandataria quiso compartir al terminar este encuentro fue el relativo a la tasa de homicidios en\u2026","rel":"","context":"En \u00abMILITARES\u00bb","block_context":{"text":"MILITARES","link":"https:\/\/lasprimeras.com.do\/index.php\/category\/militares\/"},"img":{"alt_text":"Raquel Pe\u00f1a","src":"https:\/\/i0.wp.com\/lasprimeras.com.do\/wp-content\/uploads\/2023\/10\/Raquel-Pena-5.jpg?resize=350%2C200&ssl=1","width":350,"height":200,"srcset":"https:\/\/i0.wp.com\/lasprimeras.com.do\/wp-content\/uploads\/2023\/10\/Raquel-Pena-5.jpg?resize=350%2C200&ssl=1 1x, https:\/\/i0.wp.com\/lasprimeras.com.do\/wp-content\/uploads\/2023\/10\/Raquel-Pena-5.jpg?resize=525%2C300&ssl=1 1.5x"},"classes":[]},{"id":110244,"url":"https:\/\/lasprimeras.com.do\/index.php\/2025\/09\/26\/vicepresidenta-raquel-pena-encabeza-reunion-virtual-del-consejo-nacional-de-la-magistratura\/","url_meta":{"origin":124284,"position":5},"title":"Vicepresidenta Raquel Pe\u00f1a encabeza reuni\u00f3n virtual del Consejo Nacional de la Magistratura","author":"Nelson Feliz","date":"26 de septiembre de 2025","format":false,"excerpt":"Se convocar\u00e1 para este 2 de octubre a los tres jueces de la SCJ que les corresponden evaluaci\u00f3n de desempe\u00f1o.\u00a0 La vicepresidenta Raquel Pe\u00f1a encabez\u00f3 este viernes una reuni\u00f3n virtual del Consejo Nacional de la Magistratura, en la que se decidi\u00f3 proceder con la convocatoria para la evaluaci\u00f3n de desempe\u00f1o\u2026","rel":"","context":"En \u00abNACIONALES\u00bb","block_context":{"text":"NACIONALES","link":"https:\/\/lasprimeras.com.do\/index.php\/category\/nacionales\/"},"img":{"alt_text":"","src":"https:\/\/i0.wp.com\/lasprimeras.com.do\/wp-content\/uploads\/2025\/09\/Raquel-Pena-3.jpg?resize=350%2C200&ssl=1","width":350,"height":200,"srcset":"https:\/\/i0.wp.com\/lasprimeras.com.do\/wp-content\/uploads\/2025\/09\/Raquel-Pena-3.jpg?resize=350%2C200&ssl=1 1x, https:\/\/i0.wp.com\/lasprimeras.com.do\/wp-content\/uploads\/2025\/09\/Raquel-Pena-3.jpg?resize=525%2C300&ssl=1 1.5x, https:\/\/i0.wp.com\/lasprimeras.com.do\/wp-content\/uploads\/2025\/09\/Raquel-Pena-3.jpg?resize=700%2C400&ssl=1 2x"},"classes":[]}],"jetpack_sharing_enabled":true,"_links":{"self":[{"href":"https:\/\/lasprimeras.com.do\/index.php\/wp-json\/wp\/v2\/posts\/124284","targetHints":{"allow":["GET"]}}],"collection":[{"href":"https:\/\/lasprimeras.com.do\/index.php\/wp-json\/wp\/v2\/posts"}],"about":[{"href":"https:\/\/lasprimeras.com.do\/index.php\/wp-json\/wp\/v2\/types\/post"}],"author":[{"embeddable":true,"href":"https:\/\/lasprimeras.com.do\/index.php\/wp-json\/wp\/v2\/users\/10"}],"replies":[{"embeddable":true,"href":"https:\/\/lasprimeras.com.do\/index.php\/wp-json\/wp\/v2\/comments?post=124284"}],"version-history":[{"count":1,"href":"https:\/\/lasprimeras.com.do\/index.php\/wp-json\/wp\/v2\/posts\/124284\/revisions"}],"predecessor-version":[{"id":124286,"href":"https:\/\/lasprimeras.com.do\/index.php\/wp-json\/wp\/v2\/posts\/124284\/revisions\/124286"}],"wp:featuredmedia":[{"embeddable":true,"href":"https:\/\/lasprimeras.com.do\/index.php\/wp-json\/wp\/v2\/media\/124285"}],"wp:attachment":[{"href":"https:\/\/lasprimeras.com.do\/index.php\/wp-json\/wp\/v2\/media?parent=124284"}],"wp:term":[{"taxonomy":"category","embeddable":true,"href":"https:\/\/lasprimeras.com.do\/index.php\/wp-json\/wp\/v2\/categories?post=124284"},{"taxonomy":"post_tag","embeddable":true,"href":"https:\/\/lasprimeras.com.do\/index.php\/wp-json\/wp\/v2\/tags?post=124284"}],"curies":[{"name":"wp","href":"https:\/\/api.w.org\/{rel}","templated":true}]}}