{"id":124290,"date":"2026-03-10T20:29:34","date_gmt":"2026-03-11T00:29:34","guid":{"rendered":"https:\/\/lasprimeras.com.do\/?p=124290"},"modified":"2026-03-10T20:29:36","modified_gmt":"2026-03-11T00:29:36","slug":"paliza-y-fernandez-onofre-supervisan-seguridad-en-frontera-norte","status":"publish","type":"post","link":"https:\/\/lasprimeras.com.do\/index.php\/2026\/03\/10\/paliza-y-fernandez-onofre-supervisan-seguridad-en-frontera-norte\/","title":{"rendered":"Paliza y Fern\u00e1ndez Onofre supervisan seguridad en frontera norte"},"content":{"rendered":"\n<p>El ministro de la Presidencia, Jos\u00e9 Ignacio Paliza, y el ministro de Defensa, teniente general Carlos Antonio Fern\u00e1ndez Onofre, ERD., realizaron un recorrido por diferentes comunidades de la franja fronteriza norte, como parte del inter\u00e9s del Estado dominicano de fortalecer la seguridad en la zona y promover mejores condiciones de vida para sus pobladores.<\/p>\n\n\n\n<p>Durante la visita, las autoridades se trasladaron hasta la zona de Tilori, donde pudieron constatar de primera mano las din\u00e1micas comerciales que se desarrollan entre ciudadanos de la Rep\u00fablica Dominicana y Hait\u00ed. En el lugar observaron el intercambio de productos y las actividades econ\u00f3micas que forman parte de la cotidianidad de esta \u00e1rea fronteriza.<\/p>\n\n\n\n<p>Posteriormente, los ministros visitaron la comunidad de Guayajayuco, donde sostuvieron un encuentro con l\u00edderes comunitarios y representantes locales.<\/p>\n\n\n\n<p>En esta reuni\u00f3n, los comunitarios presentaron diversas solicitudes y plantearon situaciones que afectan a la poblaci\u00f3n, relacionadas con infraestructura, servicios b\u00e1sicos y condiciones de seguridad en la zona.<\/p>\n\n\n\n<p>Este recorrido reviste un alto valor estrat\u00e9gico, ya que responde al inter\u00e9s del Gobierno dominicano de mejorar las condiciones de vida de los habitantes de la frontera, al tiempo que se fortalecen distintos aspectos de la seguridad en estas comunidades.<\/p>\n\n\n\n<p>Estas acciones buscan facilitar el cumplimiento del sagrado deber de resguardar la soberan\u00eda nacional, al mismo tiempo que se promueve el desarrollo econ\u00f3mico y social de la regi\u00f3n fronteriza.<\/p>\n\n\n\n<p>Las autoridades reiteraron que la presencia del Estado en la frontera es fundamental para garantizar el orden, impulsar oportunidades de desarrollo y asegurar que las comunidades fronterizas cuenten con el respaldo institucional necesario.<\/p>\n\n\n\n<p>En el recorrido tambi\u00e9n participaron el comandante general del Ej\u00e9rcito de Rep\u00fablica Dominicana, mayor general Jorge Iv\u00e1n Camino P\u00e9rez, ERD.; el director general de Migraci\u00f3n, vicealmirante Luis Rafael Lee Ballester, ARD.; el director del Cuerpo Especializado de Seguridad Fronteriza Terrestre (CESFRONT); el supervisor general de la construcci\u00f3n de la verja perimetral fronteriza; y el comandante de la 4ta Brigada de Infanter\u00eda del Ej\u00e9rcito.<\/p>\n","protected":false},"excerpt":{"rendered":"<p>El ministro de la Presidencia, Jos\u00e9 Ignacio Paliza, y el ministro de Defensa, teniente general Carlos Antonio Fern\u00e1ndez Onofre, ERD., realizaron un recorrido por diferentes comunidades de la franja fronteriza&hellip;<\/p>\n","protected":false},"author":10,"featured_media":124291,"comment_status":"open","ping_status":"open","sticky":false,"template":"","format":"standard","meta":{"content-type":"","jetpack_post_was_ever_published":false,"_jetpack_newsletter_access":"","_jetpack_dont_email_post_to_subs":false,"_jetpack_newsletter_tier_id":0,"_jetpack_memberships_contains_paywalled_content":false,"_jetpack_memberships_contains_paid_content":false,"footnotes":""},"categories":[3057],"tags":[11098,353,363,8365,31055,120,76,11337],"class_list":["post-124290","post","type-post","status-publish","format-standard","has-post-thumbnail","hentry","category-militares","tag-comunitario","tag-defensa","tag-desarrollo","tag-fronterizo","tag-ministros-de-la-presidencia","tag-recorrido","tag-seguridad","tag-zona-norte"],"jetpack_featured_media_url":"https:\/\/lasprimeras.com.do\/wp-content\/uploads\/2026\/03\/Paliza-y-Fernandez-Onofre-1.jpg","jetpack-related-posts":[{"id":89301,"url":"https:\/\/lasprimeras.com.do\/index.php\/2024\/09\/21\/ministro-de-defensa-recorre-frontera-sur-rd-haiti\/","url_meta":{"origin":124290,"position":0},"title":"Ministro de defensa recorre frontera Sur RD-Hait\u00ed","author":"Nelson Feliz","date":"21 de septiembre de 2024","format":false,"excerpt":"Por Martin Restituyo El ministro de Defensa, teniente general Carlos Antonio Fern\u00e1ndez Onofre, realiz\u00f3 un recorrido de supervisi\u00f3n por la parte sur de la frontera dom\u00ednico-haitiana. Fern\u00e1ndez Onofre verific\u00f3 los avances en la construcci\u00f3n de la verja perimetral inteligente y constatar la operatividad de los miembros de las Fuerzas Armadas\u2026","rel":"","context":"En \u00abMILITARES\u00bb","block_context":{"text":"MILITARES","link":"https:\/\/lasprimeras.com.do\/index.php\/category\/militares\/"},"img":{"alt_text":"Carlos Antonio Fern\u00e1ndez Onofre","src":"https:\/\/i0.wp.com\/lasprimeras.com.do\/wp-content\/uploads\/2024\/09\/Carlos-Antonio-Fernandez-Onofre-1.jpg?resize=350%2C200&ssl=1","width":350,"height":200,"srcset":"https:\/\/i0.wp.com\/lasprimeras.com.do\/wp-content\/uploads\/2024\/09\/Carlos-Antonio-Fernandez-Onofre-1.jpg?resize=350%2C200&ssl=1 1x, https:\/\/i0.wp.com\/lasprimeras.com.do\/wp-content\/uploads\/2024\/09\/Carlos-Antonio-Fernandez-Onofre-1.jpg?resize=525%2C300&ssl=1 1.5x"},"classes":[]},{"id":101478,"url":"https:\/\/lasprimeras.com.do\/index.php\/2025\/06\/20\/gobierno-da-primer-palazo-para-iniciar-segunda-fase-de-la-verja-perimetral-fronteriza-en-dajabon\/","url_meta":{"origin":124290,"position":1},"title":"Gobierno da primer palazo para iniciar segunda fase de la verja perimetral fronteriza en Dajab\u00f3n","author":"Nelson Feliz","date":"20 de junio de 2025","format":false,"excerpt":"Los ministro de la Presidencia y de Defensa, Jos\u00e9 Ignacio Paliza y teniente general Carlos Antonio Fern\u00e1ndez Onofre, encabezaron el acto simb\u00f3lico del primer palazo que marca el inicio de la construcci\u00f3n de la segunda fase de la verja perimetral fronteriza inteligente, como parte del plan estrat\u00e9gico del Gobierno dominicano\u2026","rel":"","context":"En \u00abNACIONALES\u00bb","block_context":{"text":"NACIONALES","link":"https:\/\/lasprimeras.com.do\/index.php\/category\/nacionales\/"},"img":{"alt_text":"","src":"https:\/\/i0.wp.com\/lasprimeras.com.do\/wp-content\/uploads\/2025\/06\/gob.jpg?resize=350%2C200&ssl=1","width":350,"height":200,"srcset":"https:\/\/i0.wp.com\/lasprimeras.com.do\/wp-content\/uploads\/2025\/06\/gob.jpg?resize=350%2C200&ssl=1 1x, https:\/\/i0.wp.com\/lasprimeras.com.do\/wp-content\/uploads\/2025\/06\/gob.jpg?resize=525%2C300&ssl=1 1.5x, https:\/\/i0.wp.com\/lasprimeras.com.do\/wp-content\/uploads\/2025\/06\/gob.jpg?resize=700%2C400&ssl=1 2x"},"classes":[]},{"id":124849,"url":"https:\/\/lasprimeras.com.do\/index.php\/2026\/03\/17\/ministro-de-defensa-y-embajadora-de-ee-uu-realizan-recorrido-por-la-zona-fronteriza-de-dajabon\/","url_meta":{"origin":124290,"position":2},"title":"Ministro de Defensa y embajadora de EE.UU. realizan recorrido por la zona fronteriza de Dajab\u00f3n","author":"Nelson Feliz","date":"17 de marzo de 2026","format":false,"excerpt":"El ministro de Defensa, teniente general Carlos Antonio Fern\u00e1ndez Onofre, realiz\u00f3 un recorrido estrat\u00e9gico por la zona fronteriza de Dajab\u00f3n junto a la embajadora de los Estados Unidos en la Rep\u00fablica Dominicana, quien estuvo acompa\u00f1ada de una comitiva oficial, con el prop\u00f3sito de conocer de primera mano la din\u00e1mica operativa\u2026","rel":"","context":"En \u00abMILITARES\u00bb","block_context":{"text":"MILITARES","link":"https:\/\/lasprimeras.com.do\/index.php\/category\/militares\/"},"img":{"alt_text":"zona fronteriza","src":"https:\/\/i0.wp.com\/lasprimeras.com.do\/wp-content\/uploads\/2026\/03\/zona-fronteriza-1.jpg?resize=350%2C200&ssl=1","width":350,"height":200,"srcset":"https:\/\/i0.wp.com\/lasprimeras.com.do\/wp-content\/uploads\/2026\/03\/zona-fronteriza-1.jpg?resize=350%2C200&ssl=1 1x, https:\/\/i0.wp.com\/lasprimeras.com.do\/wp-content\/uploads\/2026\/03\/zona-fronteriza-1.jpg?resize=525%2C300&ssl=1 1.5x, https:\/\/i0.wp.com\/lasprimeras.com.do\/wp-content\/uploads\/2026\/03\/zona-fronteriza-1.jpg?resize=700%2C400&ssl=1 2x"},"classes":[]},{"id":48469,"url":"https:\/\/lasprimeras.com.do\/index.php\/2023\/05\/01\/comandante-del-ejercito-refuerza-seguridad-fronteriza\/","url_meta":{"origin":124290,"position":3},"title":"Comandante del Ej\u00e9rcito refuerza seguridad fronteriza","author":"prenxa100","date":"1 de mayo de 2023","format":false,"excerpt":"Por Wilson P\u00e9rez Montecristi.-. El comandante general del Ej\u00e9rcito de Rep\u00fablica Dominicana mayor general Carlos Antonio Fern\u00e1ndez Onofre, reforz\u00f3 la seguridad fronteriza mediante un recorrido por el Destacamento Militar de Manzanillo. Fern\u00e1ndez Onofre, realiz\u00f3 un recorrido por la frontera Sur, Norte y Sur-este del pa\u00eds, donde supervis\u00f3 personalmente las labores\u2026","rel":"","context":"En \u00abNACIONALES\u00bb","block_context":{"text":"NACIONALES","link":"https:\/\/lasprimeras.com.do\/index.php\/category\/nacionales\/"},"img":{"alt_text":"","src":"https:\/\/i0.wp.com\/atento.com.do\/wp-content\/uploads\/2023\/05\/WhatsApp-Image-2023-05-01-at-7.48.49-AM-1024x1018.jpeg?resize=350%2C200&ssl=1","width":350,"height":200,"srcset":"https:\/\/i0.wp.com\/atento.com.do\/wp-content\/uploads\/2023\/05\/WhatsApp-Image-2023-05-01-at-7.48.49-AM-1024x1018.jpeg?resize=350%2C200&ssl=1 1x, https:\/\/i0.wp.com\/atento.com.do\/wp-content\/uploads\/2023\/05\/WhatsApp-Image-2023-05-01-at-7.48.49-AM-1024x1018.jpeg?resize=525%2C300&ssl=1 1.5x, https:\/\/i0.wp.com\/atento.com.do\/wp-content\/uploads\/2023\/05\/WhatsApp-Image-2023-05-01-at-7.48.49-AM-1024x1018.jpeg?resize=700%2C400&ssl=1 2x"},"classes":[]},{"id":111640,"url":"https:\/\/lasprimeras.com.do\/index.php\/2025\/10\/12\/ministro-de-defensa-y-los-directivos-de-codevi-supervisan-avances-de-la-verja-perimetral-fronteriza-en-dajabon\/","url_meta":{"origin":124290,"position":4},"title":"Ministro de Defensa y los directivos de CODEVI supervisan avances de la verja perimetral fronteriza en Dajab\u00f3n","author":"Nelson Feliz","date":"12 de octubre de 2025","format":false,"excerpt":"El ministro de Defensa, teniente general Carlos Antonio Fern\u00e1ndez Onofre, realiz\u00f3 este domingo una visita de trabajo a la zona fronteriza de Dajab\u00f3n, donde encabez\u00f3 una reuni\u00f3n de alto nivel con los directivos del Parque Industrial CODEVI, con el prop\u00f3sito de constatar la situaci\u00f3n actual y las medidas adoptadas tras\u2026","rel":"","context":"En \u00abMILITARES\u00bb","block_context":{"text":"MILITARES","link":"https:\/\/lasprimeras.com.do\/index.php\/category\/militares\/"},"img":{"alt_text":"","src":"https:\/\/i0.wp.com\/lasprimeras.com.do\/wp-content\/uploads\/2025\/10\/mide.jpg?resize=350%2C200&ssl=1","width":350,"height":200,"srcset":"https:\/\/i0.wp.com\/lasprimeras.com.do\/wp-content\/uploads\/2025\/10\/mide.jpg?resize=350%2C200&ssl=1 1x, https:\/\/i0.wp.com\/lasprimeras.com.do\/wp-content\/uploads\/2025\/10\/mide.jpg?resize=525%2C300&ssl=1 1.5x, https:\/\/i0.wp.com\/lasprimeras.com.do\/wp-content\/uploads\/2025\/10\/mide.jpg?resize=700%2C400&ssl=1 2x"},"classes":[]},{"id":100435,"url":"https:\/\/lasprimeras.com.do\/index.php\/2025\/06\/06\/ministros-de-defensa-y-administrativo-de-la-presidencia-supervisan-construccion-de-mercados-en-la-frontera\/","url_meta":{"origin":124290,"position":5},"title":"Ministros de Defensa y Administrativo de la Presidencia supervisan construcci\u00f3n de mercados en la frontera","author":"Nelson Feliz","date":"6 de junio de 2025","format":false,"excerpt":"Los ministros de Defensa, teniente general Carlos Antonio Fern\u00e1ndez Onofre, y Administrativo de la Presidencia, Andr\u00e9s Bautista, realizaron una visita de supervisi\u00f3n a los proyectos de construcci\u00f3n de los nuevos mercados binacionales en las provincias de Pedernales, Independencia (Jiman\u00ed) y El\u00edas Pi\u00f1a, como parte de las acciones del Gobierno dominicano\u2026","rel":"","context":"En \u00abMILITARES\u00bb","block_context":{"text":"MILITARES","link":"https:\/\/lasprimeras.com.do\/index.php\/category\/militares\/"},"img":{"alt_text":"","src":"https:\/\/i0.wp.com\/lasprimeras.com.do\/wp-content\/uploads\/2025\/06\/ministros.jpg?resize=350%2C200&ssl=1","width":350,"height":200,"srcset":"https:\/\/i0.wp.com\/lasprimeras.com.do\/wp-content\/uploads\/2025\/06\/ministros.jpg?resize=350%2C200&ssl=1 1x, https:\/\/i0.wp.com\/lasprimeras.com.do\/wp-content\/uploads\/2025\/06\/ministros.jpg?resize=525%2C300&ssl=1 1.5x, https:\/\/i0.wp.com\/lasprimeras.com.do\/wp-content\/uploads\/2025\/06\/ministros.jpg?resize=700%2C400&ssl=1 2x"},"classes":[]}],"jetpack_sharing_enabled":true,"_links":{"self":[{"href":"https:\/\/lasprimeras.com.do\/index.php\/wp-json\/wp\/v2\/posts\/124290","targetHints":{"allow":["GET"]}}],"collection":[{"href":"https:\/\/lasprimeras.com.do\/index.php\/wp-json\/wp\/v2\/posts"}],"about":[{"href":"https:\/\/lasprimeras.com.do\/index.php\/wp-json\/wp\/v2\/types\/post"}],"author":[{"embeddable":true,"href":"https:\/\/lasprimeras.com.do\/index.php\/wp-json\/wp\/v2\/users\/10"}],"replies":[{"embeddable":true,"href":"https:\/\/lasprimeras.com.do\/index.php\/wp-json\/wp\/v2\/comments?post=124290"}],"version-history":[{"count":1,"href":"https:\/\/lasprimeras.com.do\/index.php\/wp-json\/wp\/v2\/posts\/124290\/revisions"}],"predecessor-version":[{"id":124292,"href":"https:\/\/lasprimeras.com.do\/index.php\/wp-json\/wp\/v2\/posts\/124290\/revisions\/124292"}],"wp:featuredmedia":[{"embeddable":true,"href":"https:\/\/lasprimeras.com.do\/index.php\/wp-json\/wp\/v2\/media\/124291"}],"wp:attachment":[{"href":"https:\/\/lasprimeras.com.do\/index.php\/wp-json\/wp\/v2\/media?parent=124290"}],"wp:term":[{"taxonomy":"category","embeddable":true,"href":"https:\/\/lasprimeras.com.do\/index.php\/wp-json\/wp\/v2\/categories?post=124290"},{"taxonomy":"post_tag","embeddable":true,"href":"https:\/\/lasprimeras.com.do\/index.php\/wp-json\/wp\/v2\/tags?post=124290"}],"curies":[{"name":"wp","href":"https:\/\/api.w.org\/{rel}","templated":true}]}}