{"id":124298,"date":"2026-03-10T21:11:04","date_gmt":"2026-03-11T01:11:04","guid":{"rendered":"https:\/\/lasprimeras.com.do\/?p=124298"},"modified":"2026-03-10T21:11:36","modified_gmt":"2026-03-11T01:11:36","slug":"abinader-informe-sip-coloca-a-rd-en-primer-lugar-en-libertad-de-expresion-y-prensa-en-2025","status":"publish","type":"post","link":"https:\/\/lasprimeras.com.do\/index.php\/2026\/03\/10\/abinader-informe-sip-coloca-a-rd-en-primer-lugar-en-libertad-de-expresion-y-prensa-en-2025\/","title":{"rendered":"Abinader: informe SIP coloca a RD en primer lugar en Libertad de Expresi\u00f3n y Prensa en 2025"},"content":{"rendered":"\n<p>El presidente Luis Abinader afirm\u00f3 que recibe con mucho orgullo la distinci\u00f3n de la Sociedad Interamericana de Prensa (SIP) que coloca a la Rep\u00fablica Dominicana en primer lugar entre 23 pa\u00edses evaluados en el \u00cdndice Chapultepec de Libertad de Expresi\u00f3n y Prensa 2025, de acuerdo al informe divulgado por esa prestigiosa instituci\u00f3n internacional y lo asume como un mayor compromiso con el fortalecimiento institucional y la democracia de nuestro pa\u00eds.<\/p>\n\n\n\n<p>Al mismo tiempo el presidente dominicano resalt\u00f3 que ese reconocimiento de la SIP es tambi\u00e9n un logro importante y un reconocimiento no solo al gobierno sino tambi\u00e9n al pueblo dominicano.<\/p>\n\n\n\n<p>El Jefe del Estado Dominicano se refiere al informe que destaca que Rep\u00fablica Dominicana logr\u00f3 un \u00edndice de 82,17 puntos sobre 100, siendo el \u00fanico pa\u00eds que se ubic\u00f3 en la franja \u201cCon Libertad de Prensa\u201d, en el informe de la Sociedad Interamericana de Prensa que analiza las condiciones del ejercicio del periodismo en las Am\u00e9ricas.<\/p>\n\n\n\n<p>En una declaraci\u00f3n emitida a trav\u00e9s de la Direcci\u00f3n de Estrategia y Comunicaci\u00f3n Gubernamental -DIECOM- el gobernante dominicano dijo que esa distinci\u00f3n lo compromete a\u00fan m\u00e1s a continuar profundizando y ampliando las libertades p\u00fablicas en Rep\u00fablica Dominicana, con el prop\u00f3sito de seguir mejorando las condiciones de vida de nuestras gentes y nuestro pa\u00eds contin\u00fae siendo un modelo democr\u00e1tico e institucional en el mundo.<\/p>\n\n\n\n<p>Agradeci\u00f3 el reconocimiento internacional de la SIP, la cual considera guardi\u00e1n vigilante de las libertades de expresi\u00f3n y prensa en nuestro continente.<\/p>\n","protected":false},"excerpt":{"rendered":"<p>El presidente Luis Abinader afirm\u00f3 que recibe con mucho orgullo la distinci\u00f3n de la Sociedad Interamericana de Prensa (SIP) que coloca a la Rep\u00fablica Dominicana en primer lugar entre 23&hellip;<\/p>\n","protected":false},"author":10,"featured_media":124299,"comment_status":"open","ping_status":"open","sticky":false,"template":"","format":"standard","meta":{"content-type":"","jetpack_post_was_ever_published":false,"_jetpack_newsletter_access":"","_jetpack_dont_email_post_to_subs":false,"_jetpack_newsletter_tier_id":0,"_jetpack_memberships_contains_paywalled_content":false,"_jetpack_memberships_contains_paid_content":false,"footnotes":""},"categories":[35],"tags":[31058,67,8935,1226,5454],"class_list":["post-124298","post","type-post","status-publish","format-standard","has-post-thumbnail","hentry","category-nacionales","tag-libertad-de-expresion-y-prensa-en-2025","tag-luis-abinader","tag-primer-lugar","tag-republica-dominicana","tag-sip"],"jetpack_featured_media_url":"https:\/\/lasprimeras.com.do\/wp-content\/uploads\/2026\/03\/Luis-Abinader-6-1.jpg","jetpack-related-posts":[{"id":101086,"url":"https:\/\/lasprimeras.com.do\/index.php\/2025\/06\/15\/grupo-de-medios-panorama-une-a-la-sociedad-interamericana-de-prensa-sip\/","url_meta":{"origin":124298,"position":0},"title":"Grupo de Medios Panorama une a la Sociedad Interamericana de Prensa (SIP)","author":"Nelson Feliz","date":"15 de junio de 2025","format":false,"excerpt":"Grupo de Medios Panorama dio un paso m\u00e1s en su trabajo en favor de la libertad de prensa y de expresi\u00f3n al unirse a la Sociedad Interamericana de Prensa (SIP), organizaci\u00f3n abanderada de estas causas. La SIP est\u00e1 convencida de que las libertades de prensa y expresi\u00f3n no pueden existir\u2026","rel":"","context":"En \u00abNACIONALES\u00bb","block_context":{"text":"NACIONALES","link":"https:\/\/lasprimeras.com.do\/index.php\/category\/nacionales\/"},"img":{"alt_text":"","src":"https:\/\/i0.wp.com\/lasprimeras.com.do\/wp-content\/uploads\/2025\/06\/sip.jpg?resize=350%2C200&ssl=1","width":350,"height":200,"srcset":"https:\/\/i0.wp.com\/lasprimeras.com.do\/wp-content\/uploads\/2025\/06\/sip.jpg?resize=350%2C200&ssl=1 1x, https:\/\/i0.wp.com\/lasprimeras.com.do\/wp-content\/uploads\/2025\/06\/sip.jpg?resize=525%2C300&ssl=1 1.5x, https:\/\/i0.wp.com\/lasprimeras.com.do\/wp-content\/uploads\/2025\/06\/sip.jpg?resize=700%2C400&ssl=1 2x"},"classes":[]},{"id":112215,"url":"https:\/\/lasprimeras.com.do\/index.php\/2025\/10\/19\/presidente-saliente-de-la-sip-llama-a-defender-cada-dia-la-libertad-de-prensa\/","url_meta":{"origin":124298,"position":1},"title":"Presidente saliente de la SIP llama a defender cada d\u00eda la libertad de prensa","author":"Nelson Feliz","date":"19 de octubre de 2025","format":false,"excerpt":"Jos\u00e9 Roberto Dutriz destaca el valor de los periodistas, quienes pese a las amenazas, la censura o el exilio, contin\u00faan ejerciendo su labor Patricia Heredia En un mensaje cargado de reflexi\u00f3n y compromiso, el presidente saliente de la Sociedad Interamericana de Prensa (SIP), Jos\u00e9 Roberto Dutriz, afirm\u00f3 este domingo que\u2026","rel":"","context":"En \u00abNACIONALES\u00bb","block_context":{"text":"NACIONALES","link":"https:\/\/lasprimeras.com.do\/index.php\/category\/nacionales\/"},"img":{"alt_text":"","src":"https:\/\/i0.wp.com\/lasprimeras.com.do\/wp-content\/uploads\/2025\/10\/SIP.jpg?resize=350%2C200&ssl=1","width":350,"height":200,"srcset":"https:\/\/i0.wp.com\/lasprimeras.com.do\/wp-content\/uploads\/2025\/10\/SIP.jpg?resize=350%2C200&ssl=1 1x, https:\/\/i0.wp.com\/lasprimeras.com.do\/wp-content\/uploads\/2025\/10\/SIP.jpg?resize=525%2C300&ssl=1 1.5x, https:\/\/i0.wp.com\/lasprimeras.com.do\/wp-content\/uploads\/2025\/10\/SIP.jpg?resize=700%2C400&ssl=1 2x"},"classes":[]},{"id":112184,"url":"https:\/\/lasprimeras.com.do\/index.php\/2025\/10\/19\/miguel-medina-y-grupo-de-medios-panorama-son-escogidos-miembros-de-la-junta-directiva-de-la-sip\/","url_meta":{"origin":124298,"position":2},"title":"Miguel Medina y Grupo de Medios Panorama son escogidos miembros de la Junta Directiva de la SIP\u00a0","author":"Nelson Feliz","date":"19 de octubre de 2025","format":false,"excerpt":"El CEO de Grupo de Medios Panorama, Miguel Medina, fue escogido como miembro de la Junta Directiva de la Sociedad Interamericana de Prensa (SIP), durante la 81 asamblea general de ese organismo celebrada este fin de semana en Punta Cana. La elecci\u00f3n se realiz\u00f3 en el marco de las sesiones\u2026","rel":"","context":"En \u00abENTRETENIMIENTO\u00bb","block_context":{"text":"ENTRETENIMIENTO","link":"https:\/\/lasprimeras.com.do\/index.php\/category\/entretenimiento\/"},"img":{"alt_text":"","src":"https:\/\/i0.wp.com\/lasprimeras.com.do\/wp-content\/uploads\/2025\/10\/MIGUEL-MEDINA.jpg?resize=350%2C200&ssl=1","width":350,"height":200,"srcset":"https:\/\/i0.wp.com\/lasprimeras.com.do\/wp-content\/uploads\/2025\/10\/MIGUEL-MEDINA.jpg?resize=350%2C200&ssl=1 1x, https:\/\/i0.wp.com\/lasprimeras.com.do\/wp-content\/uploads\/2025\/10\/MIGUEL-MEDINA.jpg?resize=525%2C300&ssl=1 1.5x, https:\/\/i0.wp.com\/lasprimeras.com.do\/wp-content\/uploads\/2025\/10\/MIGUEL-MEDINA.jpg?resize=700%2C400&ssl=1 2x"},"classes":[]},{"id":56050,"url":"https:\/\/lasprimeras.com.do\/index.php\/2023\/07\/27\/la-sip-expresa-su-preocupacion-por-la-escalada-de-amenazas-contra-periodistas-en-ecuador\/","url_meta":{"origin":124298,"position":3},"title":"La SIP expresa su preocupaci\u00f3n por la escalada de amenazas contra periodistas en Ecuador","author":"Nelson Feliz","date":"27 de julio de 2023","format":false,"excerpt":"La Sociedad Interamericana de Prensa (SIP) lament\u00f3 este jueves la falta de garant\u00edas que vive Ecuador y que ha llevado en la salida del pa\u00eds de los periodistas Andersson Bosc\u00e1n y M\u00f3nica Vel\u00e1squez, del medio digital La Posta, a causa de las amenazas que han recibido. Ambos periodistas, fundadores de\u2026","rel":"","context":"En \u00abSin categor\u00eda\u00bb","block_context":{"text":"Sin categor\u00eda","link":"https:\/\/lasprimeras.com.do\/index.php\/category\/sin-categoria\/"},"img":{"alt_text":"Michael Greenspon","src":"https:\/\/i0.wp.com\/lasprimeras.com.do\/wp-content\/uploads\/2023\/07\/Michael-Greenspon.jpg?resize=350%2C200&ssl=1","width":350,"height":200,"srcset":"https:\/\/i0.wp.com\/lasprimeras.com.do\/wp-content\/uploads\/2023\/07\/Michael-Greenspon.jpg?resize=350%2C200&ssl=1 1x, https:\/\/i0.wp.com\/lasprimeras.com.do\/wp-content\/uploads\/2023\/07\/Michael-Greenspon.jpg?resize=525%2C300&ssl=1 1.5x, https:\/\/i0.wp.com\/lasprimeras.com.do\/wp-content\/uploads\/2023\/07\/Michael-Greenspon.jpg?resize=700%2C400&ssl=1 2x"},"classes":[]},{"id":110930,"url":"https:\/\/lasprimeras.com.do\/index.php\/2025\/10\/02\/afp-atlantico-lanza-nueva-alternativa-de-plan-complementario-de-pensiones-supervisado-por-sipen\/","url_meta":{"origin":124298,"position":4},"title":"AFP Atl\u00e1ntico lanza nueva alternativa de plan complementario de pensiones supervisado por  Sipen","author":"Nelson Feliz","date":"2 de octubre de 2025","format":false,"excerpt":"Los planes complementarios de pensiones se adaptan a las metas de cada afiliado, quien define el monto y la frecuencia de sus aportes. En el marco de la Feria Internacional del Libro Santo Domingo 2025 (FILSD2025), AFP Atl\u00e1ntico present\u00f3 Prospera, un plan de ahorro complementario para el retiro dise\u00f1ado para\u2026","rel":"","context":"En \u00abECONOM\u00cdA\u00bb","block_context":{"text":"ECONOM\u00cdA","link":"https:\/\/lasprimeras.com.do\/index.php\/category\/economia\/"},"img":{"alt_text":"","src":"https:\/\/i0.wp.com\/lasprimeras.com.do\/wp-content\/uploads\/2025\/10\/Franciaco-A.-Torres-Superintendente-de-Pensones-y-Filipo-Ciccone-presdente-de-AFP-Atlantico.jpg?resize=350%2C200&ssl=1","width":350,"height":200,"srcset":"https:\/\/i0.wp.com\/lasprimeras.com.do\/wp-content\/uploads\/2025\/10\/Franciaco-A.-Torres-Superintendente-de-Pensones-y-Filipo-Ciccone-presdente-de-AFP-Atlantico.jpg?resize=350%2C200&ssl=1 1x, https:\/\/i0.wp.com\/lasprimeras.com.do\/wp-content\/uploads\/2025\/10\/Franciaco-A.-Torres-Superintendente-de-Pensones-y-Filipo-Ciccone-presdente-de-AFP-Atlantico.jpg?resize=525%2C300&ssl=1 1.5x, https:\/\/i0.wp.com\/lasprimeras.com.do\/wp-content\/uploads\/2025\/10\/Franciaco-A.-Torres-Superintendente-de-Pensones-y-Filipo-Ciccone-presdente-de-AFP-Atlantico.jpg?resize=700%2C400&ssl=1 2x"},"classes":[]},{"id":106108,"url":"https:\/\/lasprimeras.com.do\/index.php\/2025\/08\/10\/sipen-revela-el-futuro-de-las-pensiones-en-rd-de-cara-a-las-nuevas-tendencias-de-los-mercados-laborales\/","url_meta":{"origin":124298,"position":5},"title":"Sipen revela el futuro de las pensiones en RD de cara a las nuevas tendencias de los mercados laborales","author":"Nelson Feliz","date":"10 de agosto de 2025","format":false,"excerpt":"La Superintendencia de Pensiones (SIPEN) muestra que la informalidad laboral en la Rep\u00fablica Dominicana es un fen\u00f3meno muy din\u00e1mico, ya que un 30% de los afiliados tiene menos del 10% de densidad de cotizaci\u00f3n, mientras que solo un 20% tiene trayectorias formales casi completas. As\u00ed lo avala el \u00faltimo estudio\u2026","rel":"","context":"En \u00abECONOM\u00cdA\u00bb","block_context":{"text":"ECONOM\u00cdA","link":"https:\/\/lasprimeras.com.do\/index.php\/category\/economia\/"},"img":{"alt_text":"","src":"https:\/\/i0.wp.com\/lasprimeras.com.do\/wp-content\/uploads\/2025\/08\/Sipen.jpg?resize=350%2C200&ssl=1","width":350,"height":200,"srcset":"https:\/\/i0.wp.com\/lasprimeras.com.do\/wp-content\/uploads\/2025\/08\/Sipen.jpg?resize=350%2C200&ssl=1 1x, https:\/\/i0.wp.com\/lasprimeras.com.do\/wp-content\/uploads\/2025\/08\/Sipen.jpg?resize=525%2C300&ssl=1 1.5x, https:\/\/i0.wp.com\/lasprimeras.com.do\/wp-content\/uploads\/2025\/08\/Sipen.jpg?resize=700%2C400&ssl=1 2x"},"classes":[]}],"jetpack_sharing_enabled":true,"_links":{"self":[{"href":"https:\/\/lasprimeras.com.do\/index.php\/wp-json\/wp\/v2\/posts\/124298","targetHints":{"allow":["GET"]}}],"collection":[{"href":"https:\/\/lasprimeras.com.do\/index.php\/wp-json\/wp\/v2\/posts"}],"about":[{"href":"https:\/\/lasprimeras.com.do\/index.php\/wp-json\/wp\/v2\/types\/post"}],"author":[{"embeddable":true,"href":"https:\/\/lasprimeras.com.do\/index.php\/wp-json\/wp\/v2\/users\/10"}],"replies":[{"embeddable":true,"href":"https:\/\/lasprimeras.com.do\/index.php\/wp-json\/wp\/v2\/comments?post=124298"}],"version-history":[{"count":1,"href":"https:\/\/lasprimeras.com.do\/index.php\/wp-json\/wp\/v2\/posts\/124298\/revisions"}],"predecessor-version":[{"id":124300,"href":"https:\/\/lasprimeras.com.do\/index.php\/wp-json\/wp\/v2\/posts\/124298\/revisions\/124300"}],"wp:featuredmedia":[{"embeddable":true,"href":"https:\/\/lasprimeras.com.do\/index.php\/wp-json\/wp\/v2\/media\/124299"}],"wp:attachment":[{"href":"https:\/\/lasprimeras.com.do\/index.php\/wp-json\/wp\/v2\/media?parent=124298"}],"wp:term":[{"taxonomy":"category","embeddable":true,"href":"https:\/\/lasprimeras.com.do\/index.php\/wp-json\/wp\/v2\/categories?post=124298"},{"taxonomy":"post_tag","embeddable":true,"href":"https:\/\/lasprimeras.com.do\/index.php\/wp-json\/wp\/v2\/tags?post=124298"}],"curies":[{"name":"wp","href":"https:\/\/api.w.org\/{rel}","templated":true}]}}