{"id":124304,"date":"2026-03-10T21:21:05","date_gmt":"2026-03-11T01:21:05","guid":{"rendered":"https:\/\/lasprimeras.com.do\/?p=124304"},"modified":"2026-03-10T21:21:07","modified_gmt":"2026-03-11T01:21:07","slug":"inmobiliaria-reservas-participara-en-la-3ra-feria-en-nueva-york-y-lawrence","status":"publish","type":"post","link":"https:\/\/lasprimeras.com.do\/index.php\/2026\/03\/10\/inmobiliaria-reservas-participara-en-la-3ra-feria-en-nueva-york-y-lawrence\/","title":{"rendered":"Inmobiliaria Reservas participar\u00e1 en la 3ra Feria en Nueva York y Lawrence"},"content":{"rendered":"\n<p><strong>El evento representa una oportunidad para que los dominicanos de la di\u00e1spora puedan invertir en una vivienda en la Rep\u00fablica Dominicana.<\/strong><\/p>\n\n\n\n<p>Inmobiliaria Reservas, empresa filial del Banco de Reservas, participar\u00e1 en la tercera Feria Inmobiliaria Banreservas, que se realizar\u00e1 del 18 al 22 de marzo en las ciudades de Nueva York y Lawrence, en Estados Unidos.<\/p>\n\n\n\n<p>La feria se desarrollar\u00e1 los d\u00edas 18, 19 y 20 de marzo en el Radio Hotel, piso 12, ubicado en 500 W 181st St., New York, NY 10033; y los d\u00edas 21 y 22 de marzo en el Parthum School Complex, situado en 255 E Haverhill St., Lawrence, Massachusetts, en horario de 10:00 de la ma\u00f1ana a 9:00 de la noche.<\/p>\n\n\n\n<p>Rafael Madera, vicepresidente ejecutivo de Inmobiliaria Reservas, expres\u00f3 que este evento representa una oportunidad para presentar a los dominicanos de la di\u00e1spora una amplia oferta de proyectos inmobiliarios en toda la Rep\u00fablica Dominicana, facilitando as\u00ed el acceso a una vivienda o inversi\u00f3n en su pa\u00eds de origen.<\/p>\n\n\n\n<p>\u201cCon nosotros los clientes podr\u00e1n separar sus propiedades con solo US$500, realizando una inversi\u00f3n accesible y segura. Adem\u00e1s, recibir\u00e1n asesor\u00eda personalizada durante todo el proceso para adquirir una propiedad en la Rep\u00fablica Dominicana\u201d, asegur\u00f3 Madera.<\/p>\n\n\n\n<p>Agreg\u00f3 que, como parte del Grupo Reservas, Inmobiliaria Reservas ofrecer\u00e1 un cat\u00e1logo con m\u00e1s de cien proyectos disponibles en el Gran Santo Domingo, Ban\u00ed, Santiago, La Vega, Punta Cana y B\u00e1varo, donde los interesados podr\u00e1n optar por casas, apartamentos, villas y solares, con el respaldo financiero de Banreservas.<\/p>\n\n\n\n<p>La entrada a la feria estar\u00e1 limitada a las personas que realicen una cita previa. Para agendar su visita o conocer m\u00e1s detalles sobre las ofertas, los interesados pueden comunicarse al 809-960-5900 o visitar la p\u00e1gina web www.inmobiliariareservas.com.<\/p>\n","protected":false},"excerpt":{"rendered":"<p>El evento representa una oportunidad para que los dominicanos de la di\u00e1spora puedan invertir en una vivienda en la Rep\u00fablica Dominicana. Inmobiliaria Reservas, empresa filial del Banco de Reservas, participar\u00e1&hellip;<\/p>\n","protected":false},"author":10,"featured_media":124305,"comment_status":"open","ping_status":"open","sticky":false,"template":"","format":"standard","meta":{"content-type":"","jetpack_post_was_ever_published":false,"_jetpack_newsletter_access":"","_jetpack_dont_email_post_to_subs":false,"_jetpack_newsletter_tier_id":0,"_jetpack_memberships_contains_paywalled_content":false,"_jetpack_memberships_contains_paid_content":false,"footnotes":""},"categories":[39,25],"tags":[726,19265,31060,12255,104],"class_list":["post-124304","post","type-post","status-publish","format-standard","has-post-thumbnail","hentry","category-economia","category-portada","tag-banreservas","tag-feria-inmobiliaria","tag-inmobiliaria-reservas","tag-lawrence","tag-nueva-york"],"jetpack_featured_media_url":"https:\/\/lasprimeras.com.do\/wp-content\/uploads\/2026\/03\/Feria-Inmobiliaria-Banreservas.jpg","jetpack-related-posts":[{"id":79174,"url":"https:\/\/lasprimeras.com.do\/index.php\/2024\/03\/24\/feria-inmobiliaria-banreservas-en-ny-y-lawrence-genera-solicitudes-por-mas-de-rd8500-millones\/","url_meta":{"origin":124304,"position":0},"title":"Feria Inmobiliaria Banreservas en NY y Lawrence genera solicitudes por m\u00e1s de RD$8,500 millones","author":"Nelson Feliz","date":"24 de marzo de 2024","format":false,"excerpt":"Samuel Pereyra dice que la primera Feria Internacional Inmobiliaria de Banreservas en NY y Lawrence, celebrada el fin de semana, fortalece el v\u00ednculo con los dominicanos residentes en el exterior. Nueva York. - La primera Feria Inmobiliaria celebrada por el Banco de Reservas en esta ciudad y Lawrence gener\u00f3 un\u2026","rel":"","context":"En \u00abECONOM\u00cdA\u00bb","block_context":{"text":"ECONOM\u00cdA","link":"https:\/\/lasprimeras.com.do\/index.php\/category\/economia\/"},"img":{"alt_text":"Feria Inmobiliaria Banreservas en NY","src":"https:\/\/i0.wp.com\/lasprimeras.com.do\/wp-content\/uploads\/2024\/03\/Feria-Inmobiliaria-Banreservas-en-NY-1.jpg?resize=350%2C200&ssl=1","width":350,"height":200,"srcset":"https:\/\/i0.wp.com\/lasprimeras.com.do\/wp-content\/uploads\/2024\/03\/Feria-Inmobiliaria-Banreservas-en-NY-1.jpg?resize=350%2C200&ssl=1 1x, https:\/\/i0.wp.com\/lasprimeras.com.do\/wp-content\/uploads\/2024\/03\/Feria-Inmobiliaria-Banreservas-en-NY-1.jpg?resize=525%2C300&ssl=1 1.5x, https:\/\/i0.wp.com\/lasprimeras.com.do\/wp-content\/uploads\/2024\/03\/Feria-Inmobiliaria-Banreservas-en-NY-1.jpg?resize=700%2C400&ssl=1 2x"},"classes":[]},{"id":124972,"url":"https:\/\/lasprimeras.com.do\/index.php\/2026\/03\/18\/banreservas-inaugura-tercera-feria-inmobiliaria-en-nueva-york-y-lawrence-con-tasas-desde-9-50\/","url_meta":{"origin":124304,"position":1},"title":"Banreservas inaugura tercera Feria Inmobiliaria en Nueva York y Lawrence con tasas desde 9.50%","author":"Nelson Feliz","date":"18 de marzo de 2026","format":false,"excerpt":"Leonardo Aguilera entrega las primeras llaves a clientes durante el evento, que se extender\u00e1 hasta el 22 de marzo Nueva York.\u2013 El Banco de Reservas de la Rep\u00fablica Dominicana inaugur\u00f3 este mi\u00e9rcoles su tercera Feria Inmobiliaria en Nueva York y Lawrence, con tasas desde 9.50%, con el objetivo de facilitar\u2026","rel":"","context":"En \u00abECONOM\u00cdA\u00bb","block_context":{"text":"ECONOM\u00cdA","link":"https:\/\/lasprimeras.com.do\/index.php\/category\/economia\/"},"img":{"alt_text":"","src":"https:\/\/i0.wp.com\/lasprimeras.com.do\/wp-content\/uploads\/2026\/03\/IMG-20260318-WA0557.jpg?resize=350%2C200&ssl=1","width":350,"height":200,"srcset":"https:\/\/i0.wp.com\/lasprimeras.com.do\/wp-content\/uploads\/2026\/03\/IMG-20260318-WA0557.jpg?resize=350%2C200&ssl=1 1x, https:\/\/i0.wp.com\/lasprimeras.com.do\/wp-content\/uploads\/2026\/03\/IMG-20260318-WA0557.jpg?resize=525%2C300&ssl=1 1.5x, https:\/\/i0.wp.com\/lasprimeras.com.do\/wp-content\/uploads\/2026\/03\/IMG-20260318-WA0557.jpg?resize=700%2C400&ssl=1 2x, https:\/\/i0.wp.com\/lasprimeras.com.do\/wp-content\/uploads\/2026\/03\/IMG-20260318-WA0557.jpg?resize=1050%2C600&ssl=1 3x"},"classes":[]},{"id":124142,"url":"https:\/\/lasprimeras.com.do\/index.php\/2026\/03\/08\/banreservas-realizara-su-tercera-feria-inmobiliaria-en-estados-unidos\/","url_meta":{"origin":124304,"position":2},"title":"Banreservas realizar\u00e1 su tercera feria inmobiliaria en Estados Unidos","author":"Nelson Feliz","date":"8 de marzo de 2026","format":false,"excerpt":"La instituci\u00f3n bancaria ofrecer\u00e1 atractivas tasas con financiamiento de hasta el 90 % del valor del inmueble y plazos de hasta 20 a\u00f1os El Banco de Reservas realizar\u00e1 su tercera feria inmobiliaria del 18 al 20 de marzo en Nueva York, y del 21 al 22 en Lawrence, Massachusetts, dirigida\u2026","rel":"","context":"En \u00abECONOM\u00cdA\u00bb","block_context":{"text":"ECONOM\u00cdA","link":"https:\/\/lasprimeras.com.do\/index.php\/category\/economia\/"},"img":{"alt_text":"Leonardo Aguilera","src":"https:\/\/i0.wp.com\/lasprimeras.com.do\/wp-content\/uploads\/2026\/03\/Leonardo-Aguilera.jpg?resize=350%2C200&ssl=1","width":350,"height":200,"srcset":"https:\/\/i0.wp.com\/lasprimeras.com.do\/wp-content\/uploads\/2026\/03\/Leonardo-Aguilera.jpg?resize=350%2C200&ssl=1 1x, https:\/\/i0.wp.com\/lasprimeras.com.do\/wp-content\/uploads\/2026\/03\/Leonardo-Aguilera.jpg?resize=525%2C300&ssl=1 1.5x, https:\/\/i0.wp.com\/lasprimeras.com.do\/wp-content\/uploads\/2026\/03\/Leonardo-Aguilera.jpg?resize=700%2C400&ssl=1 2x"},"classes":[]},{"id":123422,"url":"https:\/\/lasprimeras.com.do\/index.php\/2026\/02\/28\/banreservas-lanzara-feria-inmobiliaria-ny-2026\/","url_meta":{"origin":124304,"position":3},"title":"Banreservas lanzar\u00e1 Feria Inmobiliaria NY 2026","author":"Nelson Feliz","date":"28 de febrero de 2026","format":false,"excerpt":"NUEVA YORK. \u2013 Con el objetivo firme de estrechar los lazos con la comunidad dominicana en el exterior, el Banco de Reservas anunci\u00f3 la celebraci\u00f3n de la Feria Inmobiliaria Banreservas New York 2026. Esta iniciativa busca brindar a la di\u00e1spora y a inversionistas extranjeros la oportunidad de financiar la compra\u2026","rel":"","context":"En \u00abECONOM\u00cdA\u00bb","block_context":{"text":"ECONOM\u00cdA","link":"https:\/\/lasprimeras.com.do\/index.php\/category\/economia\/"},"img":{"alt_text":"","src":"https:\/\/i0.wp.com\/lasprimeras.com.do\/wp-content\/uploads\/2026\/02\/reservas-4.jpg?resize=350%2C200&ssl=1","width":350,"height":200,"srcset":"https:\/\/i0.wp.com\/lasprimeras.com.do\/wp-content\/uploads\/2026\/02\/reservas-4.jpg?resize=350%2C200&ssl=1 1x, https:\/\/i0.wp.com\/lasprimeras.com.do\/wp-content\/uploads\/2026\/02\/reservas-4.jpg?resize=525%2C300&ssl=1 1.5x, https:\/\/i0.wp.com\/lasprimeras.com.do\/wp-content\/uploads\/2026\/02\/reservas-4.jpg?resize=700%2C400&ssl=1 2x, https:\/\/i0.wp.com\/lasprimeras.com.do\/wp-content\/uploads\/2026\/02\/reservas-4.jpg?resize=1050%2C600&ssl=1 3x"},"classes":[]},{"id":99108,"url":"https:\/\/lasprimeras.com.do\/index.php\/2025\/05\/18\/alcalde-de-lawrence-afirma-que-esa-es-la-unica-ciudad-del-mundo-donde-los-dominicanos-son-mayoria\/","url_meta":{"origin":124304,"position":4},"title":"Alcalde de Lawrence afirma que esa es la \u00fanica ciudad del mundo donde los dominicanos son mayor\u00eda","author":"Nelson Feliz","date":"18 de mayo de 2025","format":false,"excerpt":"Dio la informaci\u00f3n en el marco de la feria inmobiliaria que desarrolla el Banco de Reservas en los Estados Unidos ORLANDO ARIAS Lawrence, Massachusetts. \u2013 El alcalde de la ciudad de Lawrence, Massachusetts, Brian De Pe\u00f1a, destac\u00f3 que su jurisdicci\u00f3n es la \u00fanica ciudad en el mundo, fuera de la\u2026","rel":"","context":"En \u00abINTERNACIONALES\u00bb","block_context":{"text":"INTERNACIONALES","link":"https:\/\/lasprimeras.com.do\/index.php\/category\/sin-categoria\/internacionales\/"},"img":{"alt_text":"Brian De Pe\u00f1a","src":"https:\/\/i0.wp.com\/lasprimeras.com.do\/wp-content\/uploads\/2025\/05\/Brian-De-Pena.jpg?resize=350%2C200&ssl=1","width":350,"height":200,"srcset":"https:\/\/i0.wp.com\/lasprimeras.com.do\/wp-content\/uploads\/2025\/05\/Brian-De-Pena.jpg?resize=350%2C200&ssl=1 1x, https:\/\/i0.wp.com\/lasprimeras.com.do\/wp-content\/uploads\/2025\/05\/Brian-De-Pena.jpg?resize=525%2C300&ssl=1 1.5x, https:\/\/i0.wp.com\/lasprimeras.com.do\/wp-content\/uploads\/2025\/05\/Brian-De-Pena.jpg?resize=700%2C400&ssl=1 2x"},"classes":[]},{"id":125396,"url":"https:\/\/lasprimeras.com.do\/index.php\/2026\/03\/22\/tercera-feria-inmobiliaria-banreservas-en-ny-y-lawrence-cierra-con-financiamientos-que-superan-los-rd5118-millones\/","url_meta":{"origin":124304,"position":5},"title":"Tercera Feria Inmobiliaria Banreservas en NY y Lawrence cierra con financiamientos que superan los RD$5,118 millones","author":"Nelson Feliz","date":"22 de marzo de 2026","format":false,"excerpt":"La edici\u00f3n 2026 alcanz\u00f3 un cierre hist\u00f3rico, con un crecimiento superior al 65 % en financiamientos en comparaci\u00f3n con el pasado a\u00f1o. Massachusetts.\u2013 La Tercera Feria Inmobiliaria del Banco de Reservas celebrada en Nueva York y Lawrence cerr\u00f3 con financiamientos que superan los RD$5,118 millones, evidenciando un crecimiento significativo en\u2026","rel":"","context":"En \u00abECONOM\u00cdA\u00bb","block_context":{"text":"ECONOM\u00cdA","link":"https:\/\/lasprimeras.com.do\/index.php\/category\/economia\/"},"img":{"alt_text":"Leonardo Aguilera","src":"https:\/\/i0.wp.com\/lasprimeras.com.do\/wp-content\/uploads\/2026\/03\/Leonardo-Aguilera-2.jpg?resize=350%2C200&ssl=1","width":350,"height":200,"srcset":"https:\/\/i0.wp.com\/lasprimeras.com.do\/wp-content\/uploads\/2026\/03\/Leonardo-Aguilera-2.jpg?resize=350%2C200&ssl=1 1x, https:\/\/i0.wp.com\/lasprimeras.com.do\/wp-content\/uploads\/2026\/03\/Leonardo-Aguilera-2.jpg?resize=525%2C300&ssl=1 1.5x, https:\/\/i0.wp.com\/lasprimeras.com.do\/wp-content\/uploads\/2026\/03\/Leonardo-Aguilera-2.jpg?resize=700%2C400&ssl=1 2x"},"classes":[]}],"jetpack_sharing_enabled":true,"_links":{"self":[{"href":"https:\/\/lasprimeras.com.do\/index.php\/wp-json\/wp\/v2\/posts\/124304","targetHints":{"allow":["GET"]}}],"collection":[{"href":"https:\/\/lasprimeras.com.do\/index.php\/wp-json\/wp\/v2\/posts"}],"about":[{"href":"https:\/\/lasprimeras.com.do\/index.php\/wp-json\/wp\/v2\/types\/post"}],"author":[{"embeddable":true,"href":"https:\/\/lasprimeras.com.do\/index.php\/wp-json\/wp\/v2\/users\/10"}],"replies":[{"embeddable":true,"href":"https:\/\/lasprimeras.com.do\/index.php\/wp-json\/wp\/v2\/comments?post=124304"}],"version-history":[{"count":1,"href":"https:\/\/lasprimeras.com.do\/index.php\/wp-json\/wp\/v2\/posts\/124304\/revisions"}],"predecessor-version":[{"id":124306,"href":"https:\/\/lasprimeras.com.do\/index.php\/wp-json\/wp\/v2\/posts\/124304\/revisions\/124306"}],"wp:featuredmedia":[{"embeddable":true,"href":"https:\/\/lasprimeras.com.do\/index.php\/wp-json\/wp\/v2\/media\/124305"}],"wp:attachment":[{"href":"https:\/\/lasprimeras.com.do\/index.php\/wp-json\/wp\/v2\/media?parent=124304"}],"wp:term":[{"taxonomy":"category","embeddable":true,"href":"https:\/\/lasprimeras.com.do\/index.php\/wp-json\/wp\/v2\/categories?post=124304"},{"taxonomy":"post_tag","embeddable":true,"href":"https:\/\/lasprimeras.com.do\/index.php\/wp-json\/wp\/v2\/tags?post=124304"}],"curies":[{"name":"wp","href":"https:\/\/api.w.org\/{rel}","templated":true}]}}