{"id":124308,"date":"2026-03-10T23:54:17","date_gmt":"2026-03-11T03:54:17","guid":{"rendered":"https:\/\/lasprimeras.com.do\/?p=124308"},"modified":"2026-03-10T23:54:19","modified_gmt":"2026-03-11T03:54:19","slug":"recluso-de-la-victoria-planeo-asalto-a-joyeria-en-cristo-rey","status":"publish","type":"post","link":"https:\/\/lasprimeras.com.do\/index.php\/2026\/03\/10\/recluso-de-la-victoria-planeo-asalto-a-joyeria-en-cristo-rey\/","title":{"rendered":"Recluso de La Victoria plane\u00f3 asalto a joyer\u00eda en Cristo Rey"},"content":{"rendered":"\n<p><strong>-Otro de los participantes result\u00f3 muerto en hecho violento ocurrido en discoteca de Hig\u00fcey, provincia La Altagracia.<\/strong><\/p>\n\n\n\n<p>La Polic\u00eda Nacional, en coordinaci\u00f3n con el Ministerio P\u00fablico, logr\u00f3 avances significativos en la investigaci\u00f3n del asalto a mano armada perpetrado contra la joyer\u00eda Popi Oro, ubicada en el sector Cristo Rey, Distrito Nacional.<\/p>\n\n\n\n<p>Con la detenci\u00f3n de dos de los presuntos autores, la identificaci\u00f3n de otros implicados y la recolecci\u00f3n de m\u00faltiples evidencias que fortalecen el proceso investigativo.<\/p>\n\n\n\n<p>Las autoridades indicaron que, como resultado de las diligencias realizadas, fue identificado el privado de libertad Juan Alexander G\u00e1lvez Marte, alias \u201cAlex Bronx\u201d, quien cumple condena de 30 a\u00f1os en el Centro de Correcci\u00f3n y Rehabilitaci\u00f3n La Victoria, se\u00f1alado como presunto coordinador del hecho delictivo.<\/p>\n\n\n\n<p>Con el acompa\u00f1amiento del Ministerio P\u00fablico, a \u00e9ste le fue ejecutado un allanamiento mediante el cual las autoridades actuantes le ocuparon un total de 28 celulares de distintas marcas y modelos.<\/p>\n\n\n\n<p>En ese sentido, el recluso fue trasladado hacia la sede de la Polic\u00eda Nacional, desde donde ser\u00e1 remitido ante la justicia por este hecho.<\/p>\n\n\n\n<p>Tambi\u00e9n fue detenido Hensy Yoel Reynoso Abreu (Hensy), lugarteniente de \u201cAlex Bronx\u201d, quien se encarg\u00f3 de vender una prenda y posteriormente comprar el veh\u00edculo utilizado para la comisi\u00f3n del asalto, en compa\u00f1\u00eda de otros integrantes de la banda.<\/p>\n\n\n\n<p>De igual forma, fueron identificados varios de los participantes en la ejecuci\u00f3n del asalto, uno de los cuales falleci\u00f3 posteriormente en medio de un conflicto social registrado la madrugada del d\u00eda siguiente al robo en un centro de diversi\u00f3n de Nisib\u00f3n, en la provincia La Altagracia.<\/p>\n\n\n\n<p>Se trata de Sebasti\u00e1n Ortiz Maldonado (Gilbert). Este incidente tambi\u00e9n falleci\u00f3 Wendrick Villegas Santana, propietario del centro de diversi\u00f3n donde ocurri\u00f3 el incidente que dej\u00f3 otras dos personas heridas.<\/p>\n\n\n\n<p>Bajo estricta coordinaci\u00f3n del Ministerio P\u00fablico contin\u00faan activas las labores de b\u00fasqueda y localizaci\u00f3n de los dem\u00e1s involucrados.<\/p>\n\n\n\n<p>Se trata de Wilmer Rafael Solano Garc\u00eda (a) \u201cEl Mello Sangriento\u201d; Wilner Rafael Solano Garc\u00eda (a) \u201cEl Mello Loco\u201d; Deiby (a) \u201cDeiby el Sicario\u201d; Lenin; \u201cEl Mocho\u201d; \u201cEl Grande\u201d y\/o \u201cEl Cojo\u201d, as\u00ed como tambi\u00e9n Justin Guerrero (a) El Boricua.<\/p>\n\n\n\n<p>En el marco del proceso investigativo, los equipos actuantes han colectado m\u00faltiples evidencias materiales y documentales, incluyendo la jeepeta Mitsubishi Endeavor, color gris, placa G185926, utilizada para la huida y posteriormente encontrada impactada contra un \u00e1rbol en la avenida Paseo de los Reyes Cat\u00f3licos. Tambi\u00e9n se ocup\u00f3 la jeepeta Mitsubishi Endeavor, color gris, placa G185926.<\/p>\n\n\n\n<p>Asimismo, fueron colectadas 10 cadenas color amarillo, una radio de comunicaci\u00f3n, siete exhibidores pl\u00e1sticos, tres m\u00e1scaras con caracter\u00edsticas de persona envejeciente, dos pasamonta\u00f1as, una peluca de mujer color rubio, herramientas utilizadas para violentar el establecimiento, un cargador para pistola Glock calibre .40 con c\u00e1psulas, adem\u00e1s de casquillos y otros elementos que forman parte de los an\u00e1lisis t\u00e9cnicos y periciales desarrollados por los organismos correspondientes.<\/p>\n\n\n\n<p>La Polic\u00eda Nacional exhorta a los pr\u00f3fugos a que se entreguen por la v\u00eda que entiendan id\u00f3nea, para que respondan por el hecho que se les imputa.<\/p>\n","protected":false},"excerpt":{"rendered":"<p>-Otro de los participantes result\u00f3 muerto en hecho violento ocurrido en discoteca de Hig\u00fcey, provincia La Altagracia. La Polic\u00eda Nacional, en coordinaci\u00f3n con el Ministerio P\u00fablico, logr\u00f3 avances significativos en&hellip;<\/p>\n","protected":false},"author":10,"featured_media":124309,"comment_status":"open","ping_status":"open","sticky":false,"template":"","format":"standard","meta":{"content-type":"","jetpack_post_was_ever_published":false,"_jetpack_newsletter_access":"","_jetpack_dont_email_post_to_subs":false,"_jetpack_newsletter_tier_id":0,"_jetpack_memberships_contains_paywalled_content":false,"_jetpack_memberships_contains_paid_content":false,"footnotes":""},"categories":[3057],"tags":[4928,31061,2166,11253,3316,48,1252],"class_list":["post-124308","post","type-post","status-publish","format-standard","has-post-thumbnail","hentry","category-militares","tag-asalto","tag-autor-intelectual","tag-cristo-rey","tag-joyeria","tag-la-victoria","tag-policia","tag-recluso"],"jetpack_featured_media_url":"https:\/\/lasprimeras.com.do\/wp-content\/uploads\/2026\/03\/preso.jpg","jetpack-related-posts":[{"id":124455,"url":"https:\/\/lasprimeras.com.do\/index.php\/2026\/03\/12\/mp-procesa-a-implicados-en-robo-a-joyeria-de-cristo-rey\/","url_meta":{"origin":124308,"position":0},"title":"MP procesa a implicados en robo a joyer\u00eda de Cristo Rey","author":"Nelson Feliz","date":"12 de marzo de 2026","format":false,"excerpt":"El Ministerio P\u00fablico solicitar\u00e1 medida de coerci\u00f3n contra dos hombres vinculados al asalto a mano armada perpetrado contra una joyer\u00eda ubicada en el sector Cristo Rey, en el Distrito Nacional. La solicitud ser\u00e1 presentada por el Departamento de Cr\u00edmenes y Delitos contra la Persona (Robo) de la Fiscal\u00eda del Distrito\u2026","rel":"","context":"En \u00abJUSTICIA\u00bb","block_context":{"text":"JUSTICIA","link":"https:\/\/lasprimeras.com.do\/index.php\/category\/justicia\/"},"img":{"alt_text":"","src":"","width":0,"height":0},"classes":[]},{"id":125106,"url":"https:\/\/lasprimeras.com.do\/index.php\/2026\/03\/19\/prision-preventiva-a-tres-hombres-imputados-por-asalto-a-joyeria-en-cristo-rey\/","url_meta":{"origin":124308,"position":1},"title":"Prisi\u00f3n preventiva a tres hombres imputados por asalto a joyer\u00eda en Cristo Rey","author":"Nelson Feliz","date":"19 de marzo de 2026","format":false,"excerpt":"A solicitud del Ministerio P\u00fablico, un tribunal del Distrito Nacional impuso tres meses de prisi\u00f3n preventiva, como medida de coerci\u00f3n, contra tres hombres imputados en el asalto a mano armada perpetrado contra una joyer\u00eda ubicada en el sector Cristo Rey. La Oficina Judicial de Servicios de Atenci\u00f3n Permanente del Distrito\u2026","rel":"","context":"En \u00abJUSTICIA\u00bb","block_context":{"text":"JUSTICIA","link":"https:\/\/lasprimeras.com.do\/index.php\/category\/justicia\/"},"img":{"alt_text":"","src":"","width":0,"height":0},"classes":[]},{"id":124594,"url":"https:\/\/lasprimeras.com.do\/index.php\/2026\/03\/13\/mp-deposita-solicitud-de-coercion-contra-intelectuales-del-asalto-a-joyeria-en-cristo-rey\/","url_meta":{"origin":124308,"position":2},"title":"MP deposita solicitud de coerci\u00f3n contra intelectuales del asalto a joyer\u00eda en Cristo Rey","author":"Nelson Feliz","date":"13 de marzo de 2026","format":false,"excerpt":"El \u00f3rgano persecutor pidi\u00f3 que se imponga prisi\u00f3n preventiva contra los imputados El Ministerio P\u00fablico deposit\u00f3 en la Oficina Judicial de Servicios de Atenci\u00f3n Permanente del Distrito Nacional la solicitud de medida de coerci\u00f3n, consistente en prisi\u00f3n preventiva, contra dos hombres vinculados al asalto a mano armada perpetrado contra una\u2026","rel":"","context":"En \u00abJUSTICIA\u00bb","block_context":{"text":"JUSTICIA","link":"https:\/\/lasprimeras.com.do\/index.php\/category\/justicia\/"},"img":{"alt_text":"","src":"https:\/\/i0.wp.com\/lasprimeras.com.do\/wp-content\/uploads\/2026\/03\/asalto.jpg?resize=350%2C200&ssl=1","width":350,"height":200,"srcset":"https:\/\/i0.wp.com\/lasprimeras.com.do\/wp-content\/uploads\/2026\/03\/asalto.jpg?resize=350%2C200&ssl=1 1x, https:\/\/i0.wp.com\/lasprimeras.com.do\/wp-content\/uploads\/2026\/03\/asalto.jpg?resize=525%2C300&ssl=1 1.5x, https:\/\/i0.wp.com\/lasprimeras.com.do\/wp-content\/uploads\/2026\/03\/asalto.jpg?resize=700%2C400&ssl=1 2x"},"classes":[]},{"id":88040,"url":"https:\/\/lasprimeras.com.do\/index.php\/2024\/08\/21\/capturan-en-el-dn-a-presunto-implicado-en-asalto-a-joyeria-de-santiago\/","url_meta":{"origin":124308,"position":3},"title":"Capturan en el DN a presunto implicado en asalto a joyer\u00eda de Santiago","author":"Nelson Feliz","date":"21 de agosto de 2024","format":false,"excerpt":"-Recuperan m\u00e1s de mil gramos de prendas en oro y plata, as\u00ed como tambi\u00e9n 201 mil pesos en efectivo. Agentes policiales adscritos a la Direcci\u00f3n Central de Investigaci\u00f3n (DICRIM) en Santiago capturaron a uno de los dos implicados en el asalto a mano armada a una joyer\u00eda ubicada en la\u2026","rel":"","context":"En \u00abMILITARES\u00bb","block_context":{"text":"MILITARES","link":"https:\/\/lasprimeras.com.do\/index.php\/category\/militares\/"},"img":{"alt_text":"Evidencias","src":"https:\/\/i0.wp.com\/lasprimeras.com.do\/wp-content\/uploads\/2024\/08\/evidencias-1.jpg?resize=350%2C200&ssl=1","width":350,"height":200,"srcset":"https:\/\/i0.wp.com\/lasprimeras.com.do\/wp-content\/uploads\/2024\/08\/evidencias-1.jpg?resize=350%2C200&ssl=1 1x, https:\/\/i0.wp.com\/lasprimeras.com.do\/wp-content\/uploads\/2024\/08\/evidencias-1.jpg?resize=525%2C300&ssl=1 1.5x, https:\/\/i0.wp.com\/lasprimeras.com.do\/wp-content\/uploads\/2024\/08\/evidencias-1.jpg?resize=700%2C400&ssl=1 2x"},"classes":[]},{"id":74606,"url":"https:\/\/lasprimeras.com.do\/index.php\/2024\/01\/24\/20-anos-de-prision-contra-dos-atracadores-que-asaltaron-una-joyeria-en-invivienda\/","url_meta":{"origin":124308,"position":4},"title":"20 a\u00f1os de prisi\u00f3n contra dos atracadores que asaltaron una joyer\u00eda en Invivienda","author":"Nelson Feliz","date":"24 de enero de 2024","format":false,"excerpt":"Por Martin Restituyo La Procuradur\u00eda Fiscal de Santo Domingo Este y Norte obtuvo dos condenas de 20 a\u00f1os prisi\u00f3n cada una, en contra de dos asaltantes, que a mano armada atracaron en una joyer\u00eda, logrando llevarse toda la mercanc\u00eda del lugar, en un suceso ocurrido en el a\u00f1o 2023, en\u2026","rel":"","context":"En \u00abJUSTICIA\u00bb","block_context":{"text":"JUSTICIA","link":"https:\/\/lasprimeras.com.do\/index.php\/category\/justicia\/"},"img":{"alt_text":"","src":"","width":0,"height":0},"classes":[]},{"id":97376,"url":"https:\/\/lasprimeras.com.do\/index.php\/2025\/04\/19\/sigue-cerrado-centro-diversion-ocean-de-cristo-rey\/","url_meta":{"origin":124308,"position":5},"title":"Sigue cerrado centro diversi\u00f3n \u00abOcean\u00bb de Cristo Rey","author":"Nelson Feliz","date":"19 de abril de 2025","format":false,"excerpt":"Por Fernando Suero El local \u201cOcean\u201d, en el sector Cristo Rey, permanece cerrado tras la intervenci\u00f3n policial de un evento masivo con piscina el pasado Viernes Santo. Un cartel del programa de Control de Bebidas Alcoh\u00f3licas (COBA) se\u00f1ala la clausura temporal del estacionamiento y la calle aparece desierta. La clausura\u2026","rel":"","context":"En \u00abNACIONALES\u00bb","block_context":{"text":"NACIONALES","link":"https:\/\/lasprimeras.com.do\/index.php\/category\/nacionales\/"},"img":{"alt_text":"","src":"https:\/\/i0.wp.com\/lasprimeras.com.do\/wp-content\/uploads\/2025\/04\/ocean-1.jpg?resize=350%2C200&ssl=1","width":350,"height":200,"srcset":"https:\/\/i0.wp.com\/lasprimeras.com.do\/wp-content\/uploads\/2025\/04\/ocean-1.jpg?resize=350%2C200&ssl=1 1x, https:\/\/i0.wp.com\/lasprimeras.com.do\/wp-content\/uploads\/2025\/04\/ocean-1.jpg?resize=525%2C300&ssl=1 1.5x, https:\/\/i0.wp.com\/lasprimeras.com.do\/wp-content\/uploads\/2025\/04\/ocean-1.jpg?resize=700%2C400&ssl=1 2x"},"classes":[]}],"jetpack_sharing_enabled":true,"_links":{"self":[{"href":"https:\/\/lasprimeras.com.do\/index.php\/wp-json\/wp\/v2\/posts\/124308","targetHints":{"allow":["GET"]}}],"collection":[{"href":"https:\/\/lasprimeras.com.do\/index.php\/wp-json\/wp\/v2\/posts"}],"about":[{"href":"https:\/\/lasprimeras.com.do\/index.php\/wp-json\/wp\/v2\/types\/post"}],"author":[{"embeddable":true,"href":"https:\/\/lasprimeras.com.do\/index.php\/wp-json\/wp\/v2\/users\/10"}],"replies":[{"embeddable":true,"href":"https:\/\/lasprimeras.com.do\/index.php\/wp-json\/wp\/v2\/comments?post=124308"}],"version-history":[{"count":1,"href":"https:\/\/lasprimeras.com.do\/index.php\/wp-json\/wp\/v2\/posts\/124308\/revisions"}],"predecessor-version":[{"id":124310,"href":"https:\/\/lasprimeras.com.do\/index.php\/wp-json\/wp\/v2\/posts\/124308\/revisions\/124310"}],"wp:featuredmedia":[{"embeddable":true,"href":"https:\/\/lasprimeras.com.do\/index.php\/wp-json\/wp\/v2\/media\/124309"}],"wp:attachment":[{"href":"https:\/\/lasprimeras.com.do\/index.php\/wp-json\/wp\/v2\/media?parent=124308"}],"wp:term":[{"taxonomy":"category","embeddable":true,"href":"https:\/\/lasprimeras.com.do\/index.php\/wp-json\/wp\/v2\/categories?post=124308"},{"taxonomy":"post_tag","embeddable":true,"href":"https:\/\/lasprimeras.com.do\/index.php\/wp-json\/wp\/v2\/tags?post=124308"}],"curies":[{"name":"wp","href":"https:\/\/api.w.org\/{rel}","templated":true}]}}