{"id":124311,"date":"2026-03-11T00:00:38","date_gmt":"2026-03-11T04:00:38","guid":{"rendered":"https:\/\/lasprimeras.com.do\/?p=124311"},"modified":"2026-03-11T00:00:40","modified_gmt":"2026-03-11T04:00:40","slug":"envian-a-la-justicia-a-cinco-menores-por-muerte-de-aleman","status":"publish","type":"post","link":"https:\/\/lasprimeras.com.do\/index.php\/2026\/03\/11\/envian-a-la-justicia-a-cinco-menores-por-muerte-de-aleman\/","title":{"rendered":"Env\u00edan a la justicia a cinco menores por muerte de alem\u00e1n"},"content":{"rendered":"\n<p>La Polic\u00eda Nacional envi\u00f3 a la justicia cinco menores de edad, quienes eran buscados por su presunta participaci\u00f3n en la muerte del ciudadano alem\u00e1n Shemmel Wolfgang Rudolf en La Romana.<\/p>\n\n\n<div class=\"wp-block-image\">\n<figure class=\"alignleft size-large is-resized\"><img decoding=\"async\" width=\"800\" height=\"1024\" src=\"https:\/\/lasprimeras.com.do\/wp-content\/uploads\/2026\/03\/derec-1-800x1024.jpg\" alt=\"\" class=\"wp-image-124313\" style=\"aspect-ratio:0.7812613066117132;width:299px;height:auto\" srcset=\"https:\/\/lasprimeras.com.do\/wp-content\/uploads\/2026\/03\/derec-1-800x1024.jpg 800w, https:\/\/lasprimeras.com.do\/wp-content\/uploads\/2026\/03\/derec-1-234x300.jpg 234w, https:\/\/lasprimeras.com.do\/wp-content\/uploads\/2026\/03\/derec-1-768x983.jpg 768w, https:\/\/lasprimeras.com.do\/wp-content\/uploads\/2026\/03\/derec-1.jpg 900w\" sizes=\"(max-width: 800px) 100vw, 800px\" \/><\/figure>\n<\/div>\n\n\n<p>De acuerdo con el informe preliminar, dos de los menores fueron entregados voluntariamente a las autoridades a trav\u00e9s de representantes de los Derechos Humanos, mientras que los dem\u00e1s fueron localizados mediante labores de inteligencia e investigaci\u00f3n realizadas por agentes policiales.<\/p>\n\n\n\n<p>Los detenidos ser\u00e1n puestos a disposici\u00f3n del Ministerio P\u00fablico para los fines legales correspondientes.<\/p>\n","protected":false},"excerpt":{"rendered":"<p>La Polic\u00eda Nacional envi\u00f3 a la justicia cinco menores de edad, quienes eran buscados por su presunta participaci\u00f3n en la muerte del ciudadano alem\u00e1n Shemmel Wolfgang Rudolf en La Romana.&hellip;<\/p>\n","protected":false},"author":10,"featured_media":124312,"comment_status":"open","ping_status":"open","sticky":false,"template":"","format":"standard","meta":{"content-type":"","jetpack_post_was_ever_published":false,"_jetpack_newsletter_access":"","_jetpack_dont_email_post_to_subs":false,"_jetpack_newsletter_tier_id":0,"_jetpack_memberships_contains_paywalled_content":false,"_jetpack_memberships_contains_paid_content":false,"footnotes":""},"categories":[35],"tags":[31062,31063,692,443,965,330,48],"class_list":["post-124311","post","type-post","status-publish","format-standard","has-post-thumbnail","hentry","category-nacionales","tag-aleman","tag-cinco-menores","tag-ciudadano","tag-justicia","tag-la-romana","tag-muerte","tag-policia"],"jetpack_featured_media_url":"https:\/\/lasprimeras.com.do\/wp-content\/uploads\/2026\/03\/derec.jpg","jetpack-related-posts":[{"id":54817,"url":"https:\/\/lasprimeras.com.do\/index.php\/2023\/07\/14\/muere-adolescente-baleado-por-policias-mientras-perseguian-a-supuesto-atracador\/","url_meta":{"origin":124311,"position":0},"title":"Muere adolescente baleado por polic\u00edas mientras persegu\u00edan a supuesto atracador","author":"Nelson Feliz","date":"14 de julio de 2023","format":false,"excerpt":"El adolescente hab\u00eda sido intervenido quir\u00fargicamente y present\u00f3 complicaciones. Muere adolescente que habr\u00eda sido baleado por agentes de la Polic\u00eda Nacional el pasado mi\u00e9rcoles 5 de julio en el barrio Los Tanquecitos, del municipio Boca Chica, mientras persegu\u00edan a un supuesto atracador en la zona. Alexander Mart\u00ednez Rond\u00f3n, de 17\u2026","rel":"","context":"En \u00abNACIONALES\u00bb","block_context":{"text":"NACIONALES","link":"https:\/\/lasprimeras.com.do\/index.php\/category\/nacionales\/"},"img":{"alt_text":"Alexander Mart\u00ednez Rond\u00f3n","src":"https:\/\/i0.wp.com\/lasprimeras.com.do\/wp-content\/uploads\/2023\/07\/Alexander-Martinez-Rondon.jpeg?resize=350%2C200&ssl=1","width":350,"height":200,"srcset":"https:\/\/i0.wp.com\/lasprimeras.com.do\/wp-content\/uploads\/2023\/07\/Alexander-Martinez-Rondon.jpeg?resize=350%2C200&ssl=1 1x, https:\/\/i0.wp.com\/lasprimeras.com.do\/wp-content\/uploads\/2023\/07\/Alexander-Martinez-Rondon.jpeg?resize=525%2C300&ssl=1 1.5x, https:\/\/i0.wp.com\/lasprimeras.com.do\/wp-content\/uploads\/2023\/07\/Alexander-Martinez-Rondon.jpeg?resize=700%2C400&ssl=1 2x"},"classes":[]},{"id":57124,"url":"https:\/\/lasprimeras.com.do\/index.php\/2023\/08\/09\/dos-muertos-y-cinco-heridos-deja-choque-dos-yipetas-la-vega\/","url_meta":{"origin":124311,"position":1},"title":"Dos muertos y cinco heridos deja choque dos yipetas La Vega","author":"Nelson Feliz","date":"9 de agosto de 2023","format":false,"excerpt":"Dos personas murieron y otras cinco resultaron heridas en un choque entre dos yipetas en la autopista Duarte, entre La Vega y Santiago. Los muertos son Anderson Joel Dom\u00ednguez, de 37 a\u00f1os, y la menor de cinco a\u00f1os G\u00e9nesis Pe\u00f1a L\u00f3pez. Entre los heridos figuran Bethania Trinidad Guzm\u00e1n, de 38;\u2026","rel":"","context":"En \u00abNACIONALES\u00bb","block_context":{"text":"NACIONALES","link":"https:\/\/lasprimeras.com.do\/index.php\/category\/nacionales\/"},"img":{"alt_text":"","src":"https:\/\/i0.wp.com\/lasprimeras.com.do\/wp-content\/uploads\/2023\/08\/Mueren-dos-personas-en-autopista-6-de-Noviembre.jpg?resize=350%2C200&ssl=1","width":350,"height":200,"srcset":"https:\/\/i0.wp.com\/lasprimeras.com.do\/wp-content\/uploads\/2023\/08\/Mueren-dos-personas-en-autopista-6-de-Noviembre.jpg?resize=350%2C200&ssl=1 1x, https:\/\/i0.wp.com\/lasprimeras.com.do\/wp-content\/uploads\/2023\/08\/Mueren-dos-personas-en-autopista-6-de-Noviembre.jpg?resize=525%2C300&ssl=1 1.5x"},"classes":[]},{"id":70778,"url":"https:\/\/lasprimeras.com.do\/index.php\/2023\/12\/14\/envian-a-juicio-policia-que-mato-al-nino-donelly-martinez-en-santiago\/","url_meta":{"origin":124311,"position":2},"title":"Env\u00edan a juicio polic\u00eda que mat\u00f3 al ni\u00f1o Donelly Mart\u00ednez en Santiago","author":"BIMARY DE JES\u00daS Matos","date":"14 de diciembre de 2023","format":false,"excerpt":".Santiago, RD. Un juez envi\u00f3 a juicio al agente de la Polic\u00eda Nacional al que imputanpor la muerte del ni\u00f1o Donelly Joel Mart\u00ednez, de 11 a\u00f1os. El hecho ocurri\u00f3 durante las festividades del carnaval de Santiago a principios de este a\u00f1o. El Tercer Juzgado de la Instrucci\u00f3n del distrito judicial\u2026","rel":"","context":"En \u00abNACIONALES\u00bb","block_context":{"text":"NACIONALES","link":"https:\/\/lasprimeras.com.do\/index.php\/category\/nacionales\/"},"img":{"alt_text":"","src":"https:\/\/i0.wp.com\/lasprimeras.com.do\/wp-content\/uploads\/2023\/12\/Paliza-juramenta-al-diputado-por-Independencia-y-al-alcalde-de-Duverge-abandonan-el-PLD-1-3.jpg?resize=350%2C200&ssl=1","width":350,"height":200,"srcset":"https:\/\/i0.wp.com\/lasprimeras.com.do\/wp-content\/uploads\/2023\/12\/Paliza-juramenta-al-diputado-por-Independencia-y-al-alcalde-de-Duverge-abandonan-el-PLD-1-3.jpg?resize=350%2C200&ssl=1 1x, https:\/\/i0.wp.com\/lasprimeras.com.do\/wp-content\/uploads\/2023\/12\/Paliza-juramenta-al-diputado-por-Independencia-y-al-alcalde-de-Duverge-abandonan-el-PLD-1-3.jpg?resize=525%2C300&ssl=1 1.5x"},"classes":[]},{"id":64098,"url":"https:\/\/lasprimeras.com.do\/index.php\/2023\/10\/18\/piden-justicia-por-menor-que-murio-en-conani\/","url_meta":{"origin":124311,"position":3},"title":"Piden justicia por menor que muri\u00f3 en Conani","author":"BIMARY DE JES\u00daS Matos","date":"18 de octubre de 2023","format":false,"excerpt":"Santiago. El tratarse de ni\u00f1os con condici\u00f3n especial dificultar\u00e1 investigar la muerte del adolescente, aparentemente golpeado en el hogar de paso Los \u00c1ngeles del Consejo Nacional de la Ni\u00f1ez (Conani). En tanto que los familiares del menor reclaman que se haga justicia y las pesquisas sean ampliadas hasta que salga\u2026","rel":"","context":"En \u00abPORTADA\u00bb","block_context":{"text":"PORTADA","link":"https:\/\/lasprimeras.com.do\/index.php\/category\/portada\/"},"img":{"alt_text":"","src":"https:\/\/i0.wp.com\/lasprimeras.com.do\/wp-content\/uploads\/2023\/10\/WhatsApp-Image-2023-09-16-at-4.14.02-PM-2.jpeg?resize=350%2C200&ssl=1","width":350,"height":200,"srcset":"https:\/\/i0.wp.com\/lasprimeras.com.do\/wp-content\/uploads\/2023\/10\/WhatsApp-Image-2023-09-16-at-4.14.02-PM-2.jpeg?resize=350%2C200&ssl=1 1x, https:\/\/i0.wp.com\/lasprimeras.com.do\/wp-content\/uploads\/2023\/10\/WhatsApp-Image-2023-09-16-at-4.14.02-PM-2.jpeg?resize=525%2C300&ssl=1 1.5x, https:\/\/i0.wp.com\/lasprimeras.com.do\/wp-content\/uploads\/2023\/10\/WhatsApp-Image-2023-09-16-at-4.14.02-PM-2.jpeg?resize=700%2C400&ssl=1 2x"},"classes":[]},{"id":57082,"url":"https:\/\/lasprimeras.com.do\/index.php\/2023\/08\/09\/tres-muertos-en-balacera-en-un-barrio-de-la-ciudad-de-la-romana\/","url_meta":{"origin":124311,"position":4},"title":"Tres muertos en balacera en un barrio de la ciudad de La Romana","author":"Nelson Feliz","date":"9 de agosto de 2023","format":false,"excerpt":"Dos hombres y un menor murieron en una balacera ocurrida en un barrio de La Romana, al del este de la Rep\u00fablica Dominicana. Los muertos son Emil Enmanuel Mart\u00ednez, de 22 anos, quien resid\u00eda en la calle Primera del Ensanche La Oz en esa ciudad; Williams Mas Sarda, de 33\u2026","rel":"","context":"En \u00abNACIONALES\u00bb","block_context":{"text":"NACIONALES","link":"https:\/\/lasprimeras.com.do\/index.php\/category\/nacionales\/"},"img":{"alt_text":"Williams Mas Sarda, Enmanuel Martinez y Hugo Antonio Cuevas Gonz\u00e1lez","src":"https:\/\/i0.wp.com\/lasprimeras.com.do\/wp-content\/uploads\/2023\/08\/Williams-Mas-Sarda-Enmanuel-Martinez-y-Hugo-Antonio-Cuevas-Gonzalez.jpg?resize=350%2C200&ssl=1","width":350,"height":200,"srcset":"https:\/\/i0.wp.com\/lasprimeras.com.do\/wp-content\/uploads\/2023\/08\/Williams-Mas-Sarda-Enmanuel-Martinez-y-Hugo-Antonio-Cuevas-Gonzalez.jpg?resize=350%2C200&ssl=1 1x, https:\/\/i0.wp.com\/lasprimeras.com.do\/wp-content\/uploads\/2023\/08\/Williams-Mas-Sarda-Enmanuel-Martinez-y-Hugo-Antonio-Cuevas-Gonzalez.jpg?resize=525%2C300&ssl=1 1.5x, https:\/\/i0.wp.com\/lasprimeras.com.do\/wp-content\/uploads\/2023\/08\/Williams-Mas-Sarda-Enmanuel-Martinez-y-Hugo-Antonio-Cuevas-Gonzalez.jpg?resize=700%2C400&ssl=1 2x"},"classes":[]},{"id":81857,"url":"https:\/\/lasprimeras.com.do\/index.php\/2024\/04\/25\/denuncian-expediente-sobre-el-asesinato-de-rafael-alcantara-carece-de-sustento\/","url_meta":{"origin":124311,"position":5},"title":"Denuncian expediente sobre el asesinato de Rafael Alc\u00e1ntara carece de sustento","author":"Nelson Feliz","date":"25 de abril de 2024","format":false,"excerpt":"El abogado Odalis Ram\u00edrez, y el comerciante Fidel Pe\u00f1a, denunciaron que el expediente preparado por el Ministerio P\u00fablico y la polic\u00eda de Barahona en el caso del asesinato de Rafael Alc\u00e1ntara (Papo El Menor), carece de sustento para mantener en prisi\u00f3n a los supuestos implicados. Afirmaron que no se ha\u2026","rel":"","context":"En \u00abJUSTICIA\u00bb","block_context":{"text":"JUSTICIA","link":"https:\/\/lasprimeras.com.do\/index.php\/category\/justicia\/"},"img":{"alt_text":"Odalis Ram\u00edrez y Fidel Pe\u00f1a","src":"https:\/\/i0.wp.com\/lasprimeras.com.do\/wp-content\/uploads\/2024\/04\/Odalis-Ramirez-y-Fidel-Pena.jpg?resize=350%2C200&ssl=1","width":350,"height":200,"srcset":"https:\/\/i0.wp.com\/lasprimeras.com.do\/wp-content\/uploads\/2024\/04\/Odalis-Ramirez-y-Fidel-Pena.jpg?resize=350%2C200&ssl=1 1x, https:\/\/i0.wp.com\/lasprimeras.com.do\/wp-content\/uploads\/2024\/04\/Odalis-Ramirez-y-Fidel-Pena.jpg?resize=525%2C300&ssl=1 1.5x"},"classes":[]}],"jetpack_sharing_enabled":true,"_links":{"self":[{"href":"https:\/\/lasprimeras.com.do\/index.php\/wp-json\/wp\/v2\/posts\/124311","targetHints":{"allow":["GET"]}}],"collection":[{"href":"https:\/\/lasprimeras.com.do\/index.php\/wp-json\/wp\/v2\/posts"}],"about":[{"href":"https:\/\/lasprimeras.com.do\/index.php\/wp-json\/wp\/v2\/types\/post"}],"author":[{"embeddable":true,"href":"https:\/\/lasprimeras.com.do\/index.php\/wp-json\/wp\/v2\/users\/10"}],"replies":[{"embeddable":true,"href":"https:\/\/lasprimeras.com.do\/index.php\/wp-json\/wp\/v2\/comments?post=124311"}],"version-history":[{"count":1,"href":"https:\/\/lasprimeras.com.do\/index.php\/wp-json\/wp\/v2\/posts\/124311\/revisions"}],"predecessor-version":[{"id":124314,"href":"https:\/\/lasprimeras.com.do\/index.php\/wp-json\/wp\/v2\/posts\/124311\/revisions\/124314"}],"wp:featuredmedia":[{"embeddable":true,"href":"https:\/\/lasprimeras.com.do\/index.php\/wp-json\/wp\/v2\/media\/124312"}],"wp:attachment":[{"href":"https:\/\/lasprimeras.com.do\/index.php\/wp-json\/wp\/v2\/media?parent=124311"}],"wp:term":[{"taxonomy":"category","embeddable":true,"href":"https:\/\/lasprimeras.com.do\/index.php\/wp-json\/wp\/v2\/categories?post=124311"},{"taxonomy":"post_tag","embeddable":true,"href":"https:\/\/lasprimeras.com.do\/index.php\/wp-json\/wp\/v2\/tags?post=124311"}],"curies":[{"name":"wp","href":"https:\/\/api.w.org\/{rel}","templated":true}]}}