{"id":124315,"date":"2026-03-11T00:06:36","date_gmt":"2026-03-11T04:06:36","guid":{"rendered":"https:\/\/lasprimeras.com.do\/?p=124315"},"modified":"2026-03-11T00:06:38","modified_gmt":"2026-03-11T04:06:38","slug":"educacion-socializa-propuesta-para-regular-celulares-en-las-aulas","status":"publish","type":"post","link":"https:\/\/lasprimeras.com.do\/index.php\/2026\/03\/11\/educacion-socializa-propuesta-para-regular-celulares-en-las-aulas\/","title":{"rendered":"Educaci\u00f3n socializa propuesta para regular celulares en las aulas"},"content":{"rendered":"\n<p><strong>La estrategia busca fortalecer el curr\u00edculo vigente y formar estudiantes con capacidades tecnolog\u00edas con criterios cognitivos y \u00e9ticos<\/strong><\/p>\n\n\n\n<p>El ministro de Educaci\u00f3n, Luis Miguel De Camps, encabez\u00f3 este martes la reuni\u00f3n del Consejo Nacional de Educaci\u00f3n (CNE) en la que fue socializada y aprobada la Estrategia Nacional de Educaci\u00f3n Digital, enfocada en el pensamiento computacional y la inteligencia artificial.<\/p>\n\n\n\n<p>Esta iniciativa, que se enmarca en la Hoja de Ruta de la gesti\u00f3n, est\u00e1 alinea con la Agenda Digital 2030 y tiene como objetivo principal conducir la transici\u00f3n de la escuela hacia un entorno social y cultural mediado por tecnolog\u00edas digitales, integrando de manera transversal el pensamiento computacional y las competencias en inteligencia artificial en el curr\u00edculo, en lugar de crear asignaturas espec\u00edficas.<\/p>\n\n\n\n<p>La estrategia busca enriquecer y fortalecer el curr\u00edculo vigente, elevando la calidad de las mediaciones pedag\u00f3gicas y formando estudiantes capaces de comprender, usar y cuestionar las tecnolog\u00edas digitales con criterios cognitivos y \u00e9ticos.<\/p>\n\n\n\n<p>La implementaci\u00f3n de la misma est\u00e1 dividida por fases, la primera, ideada para empezar en septiembre del presente a\u00f1o, comprende la preparaci\u00f3n b\u00e1sica para la implementaci\u00f3n, la segunda, la ejecuci\u00f3n progresiva y acompa\u00f1ada, y, finalmente, la fase de consolidaci\u00f3n, ajuste y escalamiento, con que se buscar\u00e1 la sostenibilidad, la mejora de la calidad del modelo y la expansi\u00f3n de la oferta educativa digital.<\/p>\n\n\n\n<p>Asimismo, se socializ\u00f3 una propuesta para regular el uso de dispositivos m\u00f3viles en los centros educativos p\u00fablicos y privados, basada en principios como el enfoque pedag\u00f3gico, el aprendizaje, el desarrollo integral, el uso regulado y proporcional, la \u00e9tica y protecci\u00f3n de datos, la inclusi\u00f3n y equidad, y la corresponsabilidad.<\/p>\n\n\n\n<p>El ministro Luis Miguel De Camps, explic\u00f3 que el objetivo fundamental de esta regulaci\u00f3n no es restringir la tecnolog\u00eda per se, sino gestionarla para proteger el aprendizaje de los estudiantes. Asimismo, indic\u00f3 que la iniciativa continuar\u00e1 siendo socializada con los diversos actores del sistema, y se abrir\u00e1n canales para recolectar sugerencias y recomendaciones que enriquezcan el documento.<\/p>\n\n\n\n<p>Otro punto importante de la agenda agotada este martes, fue la propuesta de modificar la orden departamental que regula el Premio Magisterial, en respuesta a una solicitud del CNE en 2024, para clarificar los criterios de selecci\u00f3n y considerar resultados de evaluaci\u00f3n de desempe\u00f1o y calificaciones de los estudiantes.<\/p>\n\n\n\n<p>El objetivo de esta modificaci\u00f3n es aclarar los criterios y los roles de las comisiones para un proceso de selecci\u00f3n m\u00e1s oportuno y justo. De igual forma, se espera recibir sugerencias y mejoras de los miembros del Consejo para integrar en la propuesta final.<\/p>\n\n\n\n<p>En la reuni\u00f3n celebrada este martes fueron juramentados los nuevos integrantes del Consejo Nacional de Educaci\u00f3n, Rafael E. Santos Bad\u00eda, ministro de Educaci\u00f3n Superior, Ciencia y Tecnolog\u00eda, Maira Morla Pineda, directora del Instituto Nacional de Educaci\u00f3n T\u00e9cnico Profesional (Infotep), y Franco de los Santos, director del Instituto Nacional de Bienestar Magisterial (Inabima).<\/p>\n\n\n\n<p>Tambi\u00e9n estuvo presente el ministro de Cultura, Roberto \u00c1ngel Salcedo, quien anunci\u00f3 que la Rep\u00fablica Dominicana ser\u00e1 anfitriona de la reuni\u00f3n ordinaria de ministros de Educaci\u00f3n y Cultura de la Coordinaci\u00f3n Educativa y Cultural Centroamericana (CECC-SICA), del 16 al 18 de junio del presente a\u00f1o.<\/p>\n","protected":false},"excerpt":{"rendered":"<p>La estrategia busca fortalecer el curr\u00edculo vigente y formar estudiantes con capacidades tecnolog\u00edas con criterios cognitivos y \u00e9ticos El ministro de Educaci\u00f3n, Luis Miguel De Camps, encabez\u00f3 este martes la&hellip;<\/p>\n","protected":false},"author":10,"featured_media":124316,"comment_status":"open","ping_status":"open","sticky":false,"template":"","format":"standard","meta":{"content-type":"","jetpack_post_was_ever_published":false,"_jetpack_newsletter_access":"","_jetpack_dont_email_post_to_subs":false,"_jetpack_newsletter_tier_id":0,"_jetpack_memberships_contains_paywalled_content":false,"_jetpack_memberships_contains_paid_content":false,"footnotes":""},"categories":[35],"tags":[1144,893,31064,658,3161,172,1274,10887,371,31065],"class_list":["post-124315","post","type-post","status-publish","format-standard","has-post-thumbnail","hentry","category-nacionales","tag-consejo","tag-educacion","tag-educacion-digital","tag-escuelas","tag-estrategia","tag-nacional","tag-propuesta","tag-regular","tag-socializa","tag-uso-de-celulares"],"jetpack_featured_media_url":"https:\/\/lasprimeras.com.do\/wp-content\/uploads\/2026\/03\/luis-miguel-decams.jpg","jetpack-related-posts":[{"id":125020,"url":"https:\/\/lasprimeras.com.do\/index.php\/2026\/03\/18\/de-camps-lanza-estrategia-para-digitalizar-la-educacion\/","url_meta":{"origin":124315,"position":0},"title":"De Camps lanza estrategia para digitalizar la educaci\u00f3n","author":"Nelson Feliz","date":"18 de marzo de 2026","format":false,"excerpt":"La iniciativa, aprobada por el Consejo Nacional de Educaci\u00f3n (CNE), integra pensamiento computacional e inteligencia artificial al curr\u00edculo escolar. El ministro de Educaci\u00f3n, Luis Miguel De Camps, impulsa la Estrategia Nacional de Educaci\u00f3n Digital, aprobada por el Consejo Nacional de Educaci\u00f3n (CNE), como una pol\u00edtica p\u00fablica orientada a modernizar el\u2026","rel":"","context":"En \u00abNACIONALES\u00bb","block_context":{"text":"NACIONALES","link":"https:\/\/lasprimeras.com.do\/index.php\/category\/nacionales\/"},"img":{"alt_text":"Luis Miguel De Camps","src":"https:\/\/i0.wp.com\/lasprimeras.com.do\/wp-content\/uploads\/2026\/03\/Luis-Miguel-De-Camps-3.jpg?resize=350%2C200&ssl=1","width":350,"height":200,"srcset":"https:\/\/i0.wp.com\/lasprimeras.com.do\/wp-content\/uploads\/2026\/03\/Luis-Miguel-De-Camps-3.jpg?resize=350%2C200&ssl=1 1x, https:\/\/i0.wp.com\/lasprimeras.com.do\/wp-content\/uploads\/2026\/03\/Luis-Miguel-De-Camps-3.jpg?resize=525%2C300&ssl=1 1.5x, https:\/\/i0.wp.com\/lasprimeras.com.do\/wp-content\/uploads\/2026\/03\/Luis-Miguel-De-Camps-3.jpg?resize=700%2C400&ssl=1 2x"},"classes":[]},{"id":125635,"url":"https:\/\/lasprimeras.com.do\/index.php\/2026\/03\/24\/ministro-de-educacion-destaca-en-la-unesco-la-estrategia-nacional-de-competencias-digitales\/","url_meta":{"origin":124315,"position":1},"title":"Ministro de Educaci\u00f3n destaca en la UNESCO la Estrategia Nacional de Competencias Digitales","author":"Nelson Feliz","date":"24 de marzo de 2026","format":false,"excerpt":"El ministro de Educaci\u00f3n, Luis Miguel De Camps, destac\u00f3 la reciente aprobaci\u00f3n de la Estrategia Nacional de Competencias Digitales como un paso clave para fortalecer el sistema educativo preuniversitario dominicano, durante su participaci\u00f3n en un panel de alto nivel celebrado en la sede de la UNESCO, en el marco de\u2026","rel":"","context":"En \u00abNACIONALES\u00bb","block_context":{"text":"NACIONALES","link":"https:\/\/lasprimeras.com.do\/index.php\/category\/nacionales\/"},"img":{"alt_text":"Luis Miguel De Camps","src":"https:\/\/i0.wp.com\/lasprimeras.com.do\/wp-content\/uploads\/2026\/03\/Luis-Miguel-De-Camps-3-1.jpg?resize=350%2C200&ssl=1","width":350,"height":200,"srcset":"https:\/\/i0.wp.com\/lasprimeras.com.do\/wp-content\/uploads\/2026\/03\/Luis-Miguel-De-Camps-3-1.jpg?resize=350%2C200&ssl=1 1x, https:\/\/i0.wp.com\/lasprimeras.com.do\/wp-content\/uploads\/2026\/03\/Luis-Miguel-De-Camps-3-1.jpg?resize=525%2C300&ssl=1 1.5x, https:\/\/i0.wp.com\/lasprimeras.com.do\/wp-content\/uploads\/2026\/03\/Luis-Miguel-De-Camps-3-1.jpg?resize=700%2C400&ssl=1 2x"},"classes":[]},{"id":104227,"url":"https:\/\/lasprimeras.com.do\/index.php\/2025\/07\/22\/ministro-de-educacion-presenta-estrategia-para-impulsar-empleo-etica-y-productividad-nacional\/","url_meta":{"origin":124315,"position":2},"title":"Ministro de Educaci\u00f3n presenta estrategia para impulsar empleo, \u00e9tica y productividad nacional","author":"Nelson Feliz","date":"22 de julio de 2025","format":false,"excerpt":"Luis Miguel De Camps enfatiz\u00f3 que el punto de partida para la innovaci\u00f3n y los empleos del ma\u00f1ana comienza en las escuelas. El ministro de Educaci\u00f3n, Luis Miguel De Camps, deline\u00f3 una ambiciosa estrategia que resalta c\u00f3mo la inversi\u00f3n en educaci\u00f3n es clave para potenciar la productividad, el empleo y\u2026","rel":"","context":"En \u00abNACIONALES\u00bb","block_context":{"text":"NACIONALES","link":"https:\/\/lasprimeras.com.do\/index.php\/category\/nacionales\/"},"img":{"alt_text":"","src":"https:\/\/i0.wp.com\/lasprimeras.com.do\/wp-content\/uploads\/2025\/07\/Luis-Miguel-De-Camps-1.jpg?resize=350%2C200&ssl=1","width":350,"height":200,"srcset":"https:\/\/i0.wp.com\/lasprimeras.com.do\/wp-content\/uploads\/2025\/07\/Luis-Miguel-De-Camps-1.jpg?resize=350%2C200&ssl=1 1x, https:\/\/i0.wp.com\/lasprimeras.com.do\/wp-content\/uploads\/2025\/07\/Luis-Miguel-De-Camps-1.jpg?resize=525%2C300&ssl=1 1.5x, https:\/\/i0.wp.com\/lasprimeras.com.do\/wp-content\/uploads\/2025\/07\/Luis-Miguel-De-Camps-1.jpg?resize=700%2C400&ssl=1 2x"},"classes":[]},{"id":127819,"url":"https:\/\/lasprimeras.com.do\/index.php\/2026\/04\/16\/itla-y-zoologico-nacional-exploran-alianza-para-transformar-la-educacion-mediante-tecnologia-e-innovacion\/","url_meta":{"origin":124315,"position":3},"title":"ITLA y Zool\u00f3gico Nacional exploran alianza para transformar la educaci\u00f3n mediante tecnolog\u00eda e innovaci\u00f3n","author":"Nelson Feliz","date":"16 de abril de 2026","format":false,"excerpt":"La propuesta busca transformar espacios p\u00fablicos en entornos de aprendizaje interactivo, donde la tecnolog\u00eda fortalezca la educaci\u00f3n cient\u00edfica y promueva la sostenibilidad. El rector del Instituto Tecnol\u00f3gico de las Am\u00e9ricas, Jimmy Rosario, sostuvo un encuentro con el director general del Parque Zool\u00f3gico Nacional, Nayib Emilio Aid\u00e9 D\u00edaz, con el prop\u00f3sito\u2026","rel":"","context":"En \u00abNACIONALES\u00bb","block_context":{"text":"NACIONALES","link":"https:\/\/lasprimeras.com.do\/index.php\/category\/nacionales\/"},"img":{"alt_text":"","src":"https:\/\/i0.wp.com\/lasprimeras.com.do\/wp-content\/uploads\/2026\/04\/IMG-20260416-WA0305.jpg?resize=350%2C200&ssl=1","width":350,"height":200,"srcset":"https:\/\/i0.wp.com\/lasprimeras.com.do\/wp-content\/uploads\/2026\/04\/IMG-20260416-WA0305.jpg?resize=350%2C200&ssl=1 1x, https:\/\/i0.wp.com\/lasprimeras.com.do\/wp-content\/uploads\/2026\/04\/IMG-20260416-WA0305.jpg?resize=525%2C300&ssl=1 1.5x, https:\/\/i0.wp.com\/lasprimeras.com.do\/wp-content\/uploads\/2026\/04\/IMG-20260416-WA0305.jpg?resize=700%2C400&ssl=1 2x, https:\/\/i0.wp.com\/lasprimeras.com.do\/wp-content\/uploads\/2026\/04\/IMG-20260416-WA0305.jpg?resize=1050%2C600&ssl=1 3x, https:\/\/i0.wp.com\/lasprimeras.com.do\/wp-content\/uploads\/2026\/04\/IMG-20260416-WA0305.jpg?resize=1400%2C800&ssl=1 4x"},"classes":[]},{"id":103471,"url":"https:\/\/lasprimeras.com.do\/index.php\/2025\/07\/15\/anje-recibe-al-titular-del-intrant-para-socializar-el-plan-integrado-de-movilidad-urbana-del-gsd\/","url_meta":{"origin":124315,"position":4},"title":"ANJE recibe al titular del Intrant para socializar el &#8220;Plan Integrado de Movilidad Urbana&#8221; del GSD","author":"Nelson Feliz","date":"15 de julio de 2025","format":false,"excerpt":"ANJE comparti\u00f3 su visi\u00f3n sobre los desaf\u00edos estructurales que enfrenta el sistema de transporte. La Asociaci\u00f3n Nacional de J\u00f3venes Empresarios (ANJE) recibi\u00f3 al director ejecutivo del Instituto Nacional de Tr\u00e1nsito y Transporte Terrestre (Intrant), para la presentaci\u00f3n del Plan Integrado de Movilidad Urbana Sostenible del Gran Santo Domingo. Durante la\u2026","rel":"","context":"En \u00abECONOM\u00cdA\u00bb","block_context":{"text":"ECONOM\u00cdA","link":"https:\/\/lasprimeras.com.do\/index.php\/category\/economia\/"},"img":{"alt_text":"","src":"https:\/\/i0.wp.com\/lasprimeras.com.do\/wp-content\/uploads\/2025\/07\/ANJE.jpeg?resize=350%2C200&ssl=1","width":350,"height":200,"srcset":"https:\/\/i0.wp.com\/lasprimeras.com.do\/wp-content\/uploads\/2025\/07\/ANJE.jpeg?resize=350%2C200&ssl=1 1x, https:\/\/i0.wp.com\/lasprimeras.com.do\/wp-content\/uploads\/2025\/07\/ANJE.jpeg?resize=525%2C300&ssl=1 1.5x, https:\/\/i0.wp.com\/lasprimeras.com.do\/wp-content\/uploads\/2025\/07\/ANJE.jpeg?resize=700%2C400&ssl=1 2x"},"classes":[]},{"id":101956,"url":"https:\/\/lasprimeras.com.do\/index.php\/2025\/06\/29\/expertos-analizan-desafios-y-perspectivas-de-la-ia-en-la-educacion-superior-de-america-latina\/","url_meta":{"origin":124315,"position":5},"title":"Expertos analizan desaf\u00edos y perspectivas de la IA en la Educaci\u00f3n Superior de Am\u00e9rica Latina","author":"Nelson Feliz","date":"29 de junio de 2025","format":false,"excerpt":"-RD se suma al debate regional sobre Inteligencia Artificial en la educaci\u00f3n superior con apoyo de Corea del Sur. -Rep\u00fablica Dominicana fue sede por primera vez del Congreso Regional de IA organizado por el KDI de Corea del Sur. El Ministerio de Educaci\u00f3n Superior, Ciencia y Tecnolog\u00eda (MESCyT), celebr\u00f3 el\u2026","rel":"","context":"En \u00abNACIONALES\u00bb","block_context":{"text":"NACIONALES","link":"https:\/\/lasprimeras.com.do\/index.php\/category\/nacionales\/"},"img":{"alt_text":"","src":"https:\/\/i0.wp.com\/lasprimeras.com.do\/wp-content\/uploads\/2025\/06\/Expertos.jpg?resize=350%2C200&ssl=1","width":350,"height":200,"srcset":"https:\/\/i0.wp.com\/lasprimeras.com.do\/wp-content\/uploads\/2025\/06\/Expertos.jpg?resize=350%2C200&ssl=1 1x, https:\/\/i0.wp.com\/lasprimeras.com.do\/wp-content\/uploads\/2025\/06\/Expertos.jpg?resize=525%2C300&ssl=1 1.5x, https:\/\/i0.wp.com\/lasprimeras.com.do\/wp-content\/uploads\/2025\/06\/Expertos.jpg?resize=700%2C400&ssl=1 2x"},"classes":[]}],"jetpack_sharing_enabled":true,"_links":{"self":[{"href":"https:\/\/lasprimeras.com.do\/index.php\/wp-json\/wp\/v2\/posts\/124315","targetHints":{"allow":["GET"]}}],"collection":[{"href":"https:\/\/lasprimeras.com.do\/index.php\/wp-json\/wp\/v2\/posts"}],"about":[{"href":"https:\/\/lasprimeras.com.do\/index.php\/wp-json\/wp\/v2\/types\/post"}],"author":[{"embeddable":true,"href":"https:\/\/lasprimeras.com.do\/index.php\/wp-json\/wp\/v2\/users\/10"}],"replies":[{"embeddable":true,"href":"https:\/\/lasprimeras.com.do\/index.php\/wp-json\/wp\/v2\/comments?post=124315"}],"version-history":[{"count":1,"href":"https:\/\/lasprimeras.com.do\/index.php\/wp-json\/wp\/v2\/posts\/124315\/revisions"}],"predecessor-version":[{"id":124317,"href":"https:\/\/lasprimeras.com.do\/index.php\/wp-json\/wp\/v2\/posts\/124315\/revisions\/124317"}],"wp:featuredmedia":[{"embeddable":true,"href":"https:\/\/lasprimeras.com.do\/index.php\/wp-json\/wp\/v2\/media\/124316"}],"wp:attachment":[{"href":"https:\/\/lasprimeras.com.do\/index.php\/wp-json\/wp\/v2\/media?parent=124315"}],"wp:term":[{"taxonomy":"category","embeddable":true,"href":"https:\/\/lasprimeras.com.do\/index.php\/wp-json\/wp\/v2\/categories?post=124315"},{"taxonomy":"post_tag","embeddable":true,"href":"https:\/\/lasprimeras.com.do\/index.php\/wp-json\/wp\/v2\/tags?post=124315"}],"curies":[{"name":"wp","href":"https:\/\/api.w.org\/{rel}","templated":true}]}}