{"id":124318,"date":"2026-03-11T00:13:42","date_gmt":"2026-03-11T04:13:42","guid":{"rendered":"https:\/\/lasprimeras.com.do\/?p=124318"},"modified":"2026-03-11T00:13:44","modified_gmt":"2026-03-11T04:13:44","slug":"mas-de-40-personas-denuncian-millonaria-estafa-inmobiliaria","status":"publish","type":"post","link":"https:\/\/lasprimeras.com.do\/index.php\/2026\/03\/11\/mas-de-40-personas-denuncian-millonaria-estafa-inmobiliaria\/","title":{"rendered":"M\u00e1s de 40 personas denuncian millonaria estafa inmobiliaria"},"content":{"rendered":"\n<p>M\u00e1s de 40 ciudadanos dominicanos y extranjeros denuncian haber sido v\u00edctimas de una presunta estafa inmobiliaria vinculada al proyecto \u201cWest Side Residences Punta Cana\u201d, promovido supuestamente por la empresa Grupo Paceo, S.R.L.. A m\u00e1s de tres a\u00f1os de iniciadas diversas acciones legales, los afectados afirman que el proceso investigativo a\u00fan no ha producido imputaciones formales ni medidas de coerci\u00f3n contra los se\u00f1alados responsables.<\/p>\n\n\n\n<p>Las querellas se\u00f1alan como principales implicados a Joan Fernando Gonz\u00e1lez Contreras, junto a Adela Mota Matos, Ana Miguelina de la Cruz y David Gregorio Negueruela Samaniego, conocido como \u201cEl Espa\u00f1ol\u201d.<\/p>\n\n\n\n<p>Seg\u00fan los denunciantes, estas personas habr\u00edan articulado un esquema de captaci\u00f3n de capital mediante la oferta de villas en Punta Cana que, seg\u00fan alegan las v\u00edctimas, nunca fueron construidas ni contaban con la titularidad legal de los terrenos.<\/p>\n\n\n\n<p>De acuerdo con la documentaci\u00f3n presentada por los querellantes, el modelo de negocio consist\u00eda en ofrecer contratos de opci\u00f3n de compra para viviendas dentro del proyecto inmobiliario.<\/p>\n\n\n\n<p>Una vez recibidos los pagos iniciales, las v\u00edctimas aseguran que comenzaron a recibir solicitudes de pagos adicionales y propuestas de adendas contractuales que extend\u00edan los plazos de construcci\u00f3n.<\/p>\n\n\n\n<p>Algunos denunciantes tambi\u00e9n afirman que se les solicit\u00f3 firmar desistimientos de acciones legales a cambio de promesas de devoluci\u00f3n de dinero que, seg\u00fan indican, no se concretaron.<\/p>\n\n\n\n<p>Las cifras aportadas por los afectados reflejan la dimensi\u00f3n del conflicto legal. Seg\u00fan certificaciones judiciales citadas por los querellantes, entre 2013 y 2024 se registraron 10 querellas penales relacionadas con Gonz\u00e1lez Contreras y Grupo Paceo, as\u00ed como 17 demandas civiles ante la C\u00e1mara Civil y Comercial del Juzgado de Primera Instancia del Distrito Nacional.<\/p>\n\n\n\n<p>Asimismo, entre 2024 y 2025 se habr\u00edan depositado 14 querellas adicionales con constituci\u00f3n en actor civil ante la Fiscal\u00eda del Distrito Nacional, representando v\u00edctimas de Rep\u00fablica Dominicana, Estados Unidos, M\u00e9xico, Chile y Bulgaria.<\/p>\n\n\n\n<p>El 31 de enero de 2025, autoridades ejecutaron un allanamiento simult\u00e1neo en las oficinas de Grupo Paceo.<\/p>\n\n\n\n<p>Sin embargo, los denunciantes sostienen que hasta la fecha no se han anunciado imputaciones formales ni medidas cautelares derivadas de dicha diligencia.<\/p>\n\n\n\n<p>Ante esta situaci\u00f3n, el 3 de marzo de 2026 fue entregada una intimaci\u00f3n formal de desapoderamiento a diversas autoridades del Ministerio P\u00fablico mediante el Acto No. 190\/2026, instrumentado por el alguacil Ismael Santana Adames.<\/p>\n\n\n\n<p>El documento solicita, entre otras medidas, la reasignaci\u00f3n del caso a la Procuradur\u00eda Especializada de Persecuci\u00f3n de la Corrupci\u00f3n Administrativa (PEPCA), as\u00ed como la realizaci\u00f3n de una auditor\u00eda interna sobre el manejo procesal de los expedientes vinculados al caso.<\/p>\n\n\n\n<p>El abogado de los querellantes, Jean Cristofer P\u00e9rez Lebr\u00f3n, manifest\u00f3 que las v\u00edctimas buscan que el proceso avance con mayor celeridad y transparencia.<\/p>\n\n\n\n<p>Entre las solicitudes planteadas se encuentran la imposici\u00f3n de medidas de coerci\u00f3n contra los imputados, la adopci\u00f3n de medidas cautelares sobre bienes y activos vinculados al caso, y el establecimiento de un cronograma procesal que permita garantizar el acceso efectivo a la justicia.<\/p>\n\n\n\n<p>Las v\u00edctimas sostienen que muchas de ellas invirtieron ahorros destinados a vivienda o retiro, por lo que esperan que las autoridades puedan esclarecer los hechos y determinar las responsabilidades correspondientes conforme al debido proceso.<\/p>\n","protected":false},"excerpt":{"rendered":"<p>M\u00e1s de 40 ciudadanos dominicanos y extranjeros denuncian haber sido v\u00edctimas de una presunta estafa inmobiliaria vinculada al proyecto \u201cWest Side Residences Punta Cana\u201d, promovido supuestamente por la empresa Grupo&hellip;<\/p>\n","protected":false},"author":10,"featured_media":124319,"comment_status":"open","ping_status":"open","sticky":false,"template":"","format":"standard","meta":{"content-type":"","jetpack_post_was_ever_published":false,"_jetpack_newsletter_access":"","_jetpack_dont_email_post_to_subs":false,"_jetpack_newsletter_tier_id":0,"_jetpack_memberships_contains_paywalled_content":false,"_jetpack_memberships_contains_paid_content":false,"footnotes":""},"categories":[289],"tags":[31066],"class_list":["post-124318","post","type-post","status-publish","format-standard","has-post-thumbnail","hentry","category-justicia","tag-jean-cristofer-perez-lebron"],"jetpack_featured_media_url":"https:\/\/lasprimeras.com.do\/wp-content\/uploads\/2026\/03\/Jean-Cristofer-Perez-Lebron.jpg","jetpack-related-posts":[{"id":55949,"url":"https:\/\/lasprimeras.com.do\/index.php\/2023\/07\/26\/mas-de-500-personas-denuncian-estafa-millonaria-por-la-agencia-de-viajes-lun-travel-en-santiago\/","url_meta":{"origin":124318,"position":0},"title":"M\u00e1s de 500 personas denuncian estafa millonaria por la agencia de viajes Lun Travel en Santiago","author":"Nelson Feliz","date":"26 de julio de 2023","format":false,"excerpt":"Los afectados manifestaron que agotar\u00e1n todos los recursos legales en contra de la propietaria hasta que reciba una condena por estafa. M\u00e1s de 500 personas han denunciado una estafa millonaria por parte la agencia Lun Travel, por medio a la cual se vendi\u00f3 un paquete de viajes familiares a Europa,\u2026","rel":"","context":"En \u00abNACIONALES\u00bb","block_context":{"text":"NACIONALES","link":"https:\/\/lasprimeras.com.do\/index.php\/category\/nacionales\/"},"img":{"alt_text":"Katherine Villa Cruz","src":"https:\/\/i0.wp.com\/lasprimeras.com.do\/wp-content\/uploads\/2023\/07\/Katherine-Villa-Cruz.jpg?resize=350%2C200&ssl=1","width":350,"height":200,"srcset":"https:\/\/i0.wp.com\/lasprimeras.com.do\/wp-content\/uploads\/2023\/07\/Katherine-Villa-Cruz.jpg?resize=350%2C200&ssl=1 1x, https:\/\/i0.wp.com\/lasprimeras.com.do\/wp-content\/uploads\/2023\/07\/Katherine-Villa-Cruz.jpg?resize=525%2C300&ssl=1 1.5x, https:\/\/i0.wp.com\/lasprimeras.com.do\/wp-content\/uploads\/2023\/07\/Katherine-Villa-Cruz.jpg?resize=700%2C400&ssl=1 2x"},"classes":[]},{"id":49707,"url":"https:\/\/lasprimeras.com.do\/index.php\/2023\/05\/13\/denuncian-estafa-con-billete-falso-en-negocio-de-barrio-mexico\/","url_meta":{"origin":124318,"position":1},"title":"Denuncian estafa con billete falso en negocio de Barrio M\u00e9xico","author":"prenxa100","date":"13 de mayo de 2023","format":false,"excerpt":"SAN PEDRO D\u00c9 MACOR\u00cdS.-. La comerciante Dulce Bello, denunci\u00f3 que la noche de este s\u00e1bado fue v\u00edctima de una estafa con un billete falso de $2000. El negocio Bello Multiusos, est\u00e1 ubicado en la Nit\u00edn Saso frente a la cancha Evangelina Rodr\u00edguez del sector de Barrio M\u00e9xico, en la Sultana\u2026","rel":"","context":"En \u00abNACIONALES\u00bb","block_context":{"text":"NACIONALES","link":"https:\/\/lasprimeras.com.do\/index.php\/category\/nacionales\/"},"img":{"alt_text":"","src":"","width":0,"height":0},"classes":[]},{"id":126132,"url":"https:\/\/lasprimeras.com.do\/index.php\/2026\/03\/30\/enterate-ny-36\/","url_meta":{"origin":124318,"position":2},"title":"Ent\u00e9rate NY","author":"Nelson Feliz","date":"30 de marzo de 2026","format":false,"excerpt":"PERIODISMO INFORMATIVO Y CR\u00cdTICO AL SERVICIO DE LA COMUNIDAD Por Ram\u00f3n Mercedes \u25baO\u00eddo en militancia PLD y sociedad RD: Desde que el l\u00edder del PLD y expresidente de la Rep\u00fablica, Danilo Medina, habl\u00f3 el pasado s\u00e1bado durante el concurrido \u201cEncuentro Nacional de Dirigentes Comunitarios\u201d en la Casa Nacional de la\u2026","rel":"","context":"En \u00abOPINI\u00d3N\u00bb","block_context":{"text":"OPINI\u00d3N","link":"https:\/\/lasprimeras.com.do\/index.php\/category\/opinion\/"},"img":{"alt_text":"","src":"https:\/\/i0.wp.com\/lasprimeras.com.do\/wp-content\/uploads\/2025\/03\/Ramon-Mercedes.jpeg?resize=350%2C200&ssl=1","width":350,"height":200},"classes":[]},{"id":98160,"url":"https:\/\/lasprimeras.com.do\/index.php\/2025\/05\/02\/defensor-del-pueblo-rd-trae-a-nyc-foro-sobre-estafas-inmobiliarias\/","url_meta":{"origin":124318,"position":3},"title":"Defensor del Pueblo RD trae a NYC foro sobre estafas inmobiliarias","author":"Nelson Feliz","date":"2 de mayo de 2025","format":false,"excerpt":"https:\/\/www.youtube.com\/watch?v=hq0I6RP_8Vc Por Ram\u00f3n Mercedes NUEVA YORK.- Con la asistencia de cientos de dominicanos se efectu\u00f3 la noche de este mi\u00e9rcoles el foro \u00abPrevenci\u00f3n de Estafas Inmobiliarias\u00bb, por iniciativa del Defensor del Pueblo de la Rep\u00fablica Dominicana, Pablo Ulloa. El Defensor del Pueblo denunci\u00f3 que entre un 5% y un 8%\u2026","rel":"","context":"En \u00abINTERNACIONALES\u00bb","block_context":{"text":"INTERNACIONALES","link":"https:\/\/lasprimeras.com.do\/index.php\/category\/sin-categoria\/internacionales\/"},"img":{"alt_text":"Defensor del Pueblo RD trae a NYC foro sobre estafas inmobiliarias","src":"https:\/\/i0.wp.com\/lasprimeras.com.do\/wp-content\/uploads\/2025\/05\/WhatsApp-Image-2025-05-02-at-6.11.53-AM-2.jpeg?resize=350%2C200&ssl=1","width":350,"height":200,"srcset":"https:\/\/i0.wp.com\/lasprimeras.com.do\/wp-content\/uploads\/2025\/05\/WhatsApp-Image-2025-05-02-at-6.11.53-AM-2.jpeg?resize=350%2C200&ssl=1 1x, https:\/\/i0.wp.com\/lasprimeras.com.do\/wp-content\/uploads\/2025\/05\/WhatsApp-Image-2025-05-02-at-6.11.53-AM-2.jpeg?resize=525%2C300&ssl=1 1.5x, https:\/\/i0.wp.com\/lasprimeras.com.do\/wp-content\/uploads\/2025\/05\/WhatsApp-Image-2025-05-02-at-6.11.53-AM-2.jpeg?resize=700%2C400&ssl=1 2x"},"classes":[]},{"id":97940,"url":"https:\/\/lasprimeras.com.do\/index.php\/2025\/04\/29\/dominicanos-nyc-valoran-foro-prevencion-de-estafas-inmobiliarias-ofrecera-defensor-del-pueblo-rd\/","url_meta":{"origin":124318,"position":4},"title":"Dominicanos NYC valoran foro \u00abPrevenci\u00f3n de estafas Inmobiliarias\u00bb ofrecer\u00e1 Defensor del Pueblo RD","author":"Nelson Feliz","date":"29 de abril de 2025","format":false,"excerpt":"Por Ram\u00f3n Mercedes NUEVA YORK.- Dominicanos residentes en esta ciudad valoran la iniciativa del Defensor del Pueblo de la Rep\u00fablica Dominicana, Pablo Ulloa, que ofrecer\u00e1 detalles pormenorizados durante el foro \u00abPrevenci\u00f3n de estafas Inmobiliarias\u00bb a efectuarse este mi\u00e9rcoles en el Alto Manhattan. Durante el mismo, a celebrarse en la escuela\u2026","rel":"","context":"En \u00abINTERNACIONALES\u00bb","block_context":{"text":"INTERNACIONALES","link":"https:\/\/lasprimeras.com.do\/index.php\/category\/sin-categoria\/internacionales\/"},"img":{"alt_text":"Dominicanos NYC valoran foro \u00abPrevenci\u00f3n de estafas Inmobiliarias\u00bb ofrecer\u00e1 Defensor del Pueblo RD","src":"https:\/\/i0.wp.com\/lasprimeras.com.do\/wp-content\/uploads\/2025\/04\/WhatsApp-Image-2025-04-29-at-5.43.40-AM-1.jpeg?resize=350%2C200&ssl=1","width":350,"height":200,"srcset":"https:\/\/i0.wp.com\/lasprimeras.com.do\/wp-content\/uploads\/2025\/04\/WhatsApp-Image-2025-04-29-at-5.43.40-AM-1.jpeg?resize=350%2C200&ssl=1 1x, https:\/\/i0.wp.com\/lasprimeras.com.do\/wp-content\/uploads\/2025\/04\/WhatsApp-Image-2025-04-29-at-5.43.40-AM-1.jpeg?resize=525%2C300&ssl=1 1.5x, https:\/\/i0.wp.com\/lasprimeras.com.do\/wp-content\/uploads\/2025\/04\/WhatsApp-Image-2025-04-29-at-5.43.40-AM-1.jpeg?resize=700%2C400&ssl=1 2x"},"classes":[]},{"id":98122,"url":"https:\/\/lasprimeras.com.do\/index.php\/2025\/05\/01\/index-participa-foro-prevencion-de-estafas-inmobiliarias-reafirma-compromisos-con-dominicanos-exterior\/","url_meta":{"origin":124318,"position":5},"title":"Index participa foro Prevenci\u00f3n de Estafas Inmobiliarias; reafirma compromisos con dominicanos exterior","author":"Nelson Feliz","date":"1 de mayo de 2025","format":false,"excerpt":"https:\/\/www.youtube.com\/watch?v=fJT6En-QwQw Por Ram\u00f3n Mercedes NUEVA YORK.- La viceministra de Relaciones Exteriores para las Comunidades Dominicanas en el Exterior y directora ejecutiva del Instituto de Dominicanos(as) en el Exterior (INDEX), Celin\u00e9s Toribio, al participar y apoyar el foro \u00abPrevenci\u00f3n de Estafas Inmobiliarias\u00bb celebrado en esta ciudad, reafirm\u00f3 sus compromisos a favor\u2026","rel":"","context":"En \u00abINTERNACIONALES\u00bb","block_context":{"text":"INTERNACIONALES","link":"https:\/\/lasprimeras.com.do\/index.php\/category\/sin-categoria\/internacionales\/"},"img":{"alt_text":"","src":"https:\/\/i0.wp.com\/lasprimeras.com.do\/wp-content\/uploads\/2025\/05\/Estafas-Inmobiliarias.jpg?resize=350%2C200&ssl=1","width":350,"height":200,"srcset":"https:\/\/i0.wp.com\/lasprimeras.com.do\/wp-content\/uploads\/2025\/05\/Estafas-Inmobiliarias.jpg?resize=350%2C200&ssl=1 1x, https:\/\/i0.wp.com\/lasprimeras.com.do\/wp-content\/uploads\/2025\/05\/Estafas-Inmobiliarias.jpg?resize=525%2C300&ssl=1 1.5x, https:\/\/i0.wp.com\/lasprimeras.com.do\/wp-content\/uploads\/2025\/05\/Estafas-Inmobiliarias.jpg?resize=700%2C400&ssl=1 2x"},"classes":[]}],"jetpack_sharing_enabled":true,"_links":{"self":[{"href":"https:\/\/lasprimeras.com.do\/index.php\/wp-json\/wp\/v2\/posts\/124318","targetHints":{"allow":["GET"]}}],"collection":[{"href":"https:\/\/lasprimeras.com.do\/index.php\/wp-json\/wp\/v2\/posts"}],"about":[{"href":"https:\/\/lasprimeras.com.do\/index.php\/wp-json\/wp\/v2\/types\/post"}],"author":[{"embeddable":true,"href":"https:\/\/lasprimeras.com.do\/index.php\/wp-json\/wp\/v2\/users\/10"}],"replies":[{"embeddable":true,"href":"https:\/\/lasprimeras.com.do\/index.php\/wp-json\/wp\/v2\/comments?post=124318"}],"version-history":[{"count":1,"href":"https:\/\/lasprimeras.com.do\/index.php\/wp-json\/wp\/v2\/posts\/124318\/revisions"}],"predecessor-version":[{"id":124320,"href":"https:\/\/lasprimeras.com.do\/index.php\/wp-json\/wp\/v2\/posts\/124318\/revisions\/124320"}],"wp:featuredmedia":[{"embeddable":true,"href":"https:\/\/lasprimeras.com.do\/index.php\/wp-json\/wp\/v2\/media\/124319"}],"wp:attachment":[{"href":"https:\/\/lasprimeras.com.do\/index.php\/wp-json\/wp\/v2\/media?parent=124318"}],"wp:term":[{"taxonomy":"category","embeddable":true,"href":"https:\/\/lasprimeras.com.do\/index.php\/wp-json\/wp\/v2\/categories?post=124318"},{"taxonomy":"post_tag","embeddable":true,"href":"https:\/\/lasprimeras.com.do\/index.php\/wp-json\/wp\/v2\/tags?post=124318"}],"curies":[{"name":"wp","href":"https:\/\/api.w.org\/{rel}","templated":true}]}}