{"id":124321,"date":"2026-03-11T17:32:24","date_gmt":"2026-03-11T21:32:24","guid":{"rendered":"https:\/\/lasprimeras.com.do\/?p=124321"},"modified":"2026-03-11T17:32:25","modified_gmt":"2026-03-11T21:32:25","slug":"senador-moises-ayala-anuncia-aspiraciones-a-presidir-el-prm-en-la-provincia-barahona","status":"publish","type":"post","link":"https:\/\/lasprimeras.com.do\/index.php\/2026\/03\/11\/senador-moises-ayala-anuncia-aspiraciones-a-presidir-el-prm-en-la-provincia-barahona\/","title":{"rendered":"Senador Mois\u00e9s Ayala anuncia aspiraciones a presidir el PRM en la provincia Barahona"},"content":{"rendered":"\n<p>El senador del Partido Revolucionario Moderno (PRM) por la provincia de Barahona, Mois\u00e9s Ayala, anunci\u00f3 oficialmente sus aspiraciones a presidir esa organizaci\u00f3n pol\u00edtica en la Perla del Sur, destacando la importancia de la unidad partidaria para continuar fortaleciendo el proyecto pol\u00edtico de la organizaci\u00f3n.<\/p>\n\n\n\n<p>Al hacer el anuncio, el legislador expres\u00f3 que la cohesi\u00f3n interna del partido es clave para seguir consolidando los logros alcanzados y mantener la confianza de la ciudadan\u00eda.<\/p>\n\n\n\n<p>\u201cLa unidad es la fortaleza de todo partido pol\u00edtico. En el Partido Revolucionario Moderno (PRM) estamos conscientes de que unidos somos m\u00e1s fuertes. Con la unidad de nuestra organizaci\u00f3n y el respaldo del pueblo dominicano, estamos comprometidos a seguir trabajando por el pa\u00eds que todos merecemos\u201d, manifest\u00f3 Ayala.<\/p>\n\n\n\n<p>El congresista afirm\u00f3 que su decisi\u00f3n de aspirar a la presidencia municipal del PRM en Barahona responde al compromiso de continuar fortaleciendo la estructura del partido, promover la participaci\u00f3n de sus dirigentes y militantes, y seguir impulsando el desarrollo pol\u00edtico y social de la provincia.<\/p>\n\n\n\n<p>Asimismo, asegur\u00f3 que asume este nuevo reto con entusiasmo y un profundo sentido de responsabilidad, confiado en que el trabajo conjunto permitir\u00e1 seguir consolidando el liderazgo del PRM en el municipio y en toda la provincia Santa Cruz de Barahona.<\/p>\n\n\n\n<p>\u201cHoy, con mucho entusiasmo y sentido de responsabilidad, anuncio mis aspiraciones a presidir el PRM en el municipio de Barahona\u201d, concluy\u00f3 Mois\u00e9s Ayala.<\/p>\n","protected":false},"excerpt":{"rendered":"<p>El senador del Partido Revolucionario Moderno (PRM) por la provincia de Barahona, Mois\u00e9s Ayala, anunci\u00f3 oficialmente sus aspiraciones a presidir esa organizaci\u00f3n pol\u00edtica en la Perla del Sur, destacando la&hellip;<\/p>\n","protected":false},"author":10,"featured_media":124322,"comment_status":"open","ping_status":"open","sticky":false,"template":"","format":"standard","meta":{"content-type":"","jetpack_post_was_ever_published":false,"_jetpack_newsletter_access":"","_jetpack_dont_email_post_to_subs":false,"_jetpack_newsletter_tier_id":0,"_jetpack_memberships_contains_paywalled_content":false,"_jetpack_memberships_contains_paid_content":false,"footnotes":""},"categories":[16559,25],"tags":[2133,265,16900,31,1101],"class_list":["post-124321","post","type-post","status-publish","format-standard","has-post-thumbnail","hentry","category-politica","category-portada","tag-aspiraciones","tag-barahona","tag-moises-ayala","tag-prm","tag-senador"],"jetpack_featured_media_url":"https:\/\/lasprimeras.com.do\/wp-content\/uploads\/2026\/03\/Moises-Ayala.jpg","jetpack-related-posts":[{"id":108457,"url":"https:\/\/lasprimeras.com.do\/index.php\/2025\/09\/07\/senador-moises-ayala-rinde-cuentas-de-su-primer-ano-de-gestion-2024-2025\/","url_meta":{"origin":124321,"position":0},"title":"Senador Mois\u00e9s Ayala rinde cuentas de su primer a\u00f1o de gesti\u00f3n 2024-2025","author":"Nelson Feliz","date":"7 de septiembre de 2025","format":false,"excerpt":"Por Ofra Rodr\u00edguez\u00a0Barahona.- Con el lema \u201cUn a\u00f1o de resultados\u201d, el senador Mois\u00e9s Ayala, representante de la provincia Barahona, realiz\u00f3 su rendici\u00f3n de cuentas correspondiente al primer a\u00f1o de gesti\u00f3n 2024-2025, en cumplimiento al art\u00edculo 92 de la Constituci\u00f3n Dominicana que establece que, los legisladores deber\u00e1n ofrecer cada a\u00f1o un\u2026","rel":"","context":"En \u00abPOLITICA\u00bb","block_context":{"text":"POLITICA","link":"https:\/\/lasprimeras.com.do\/index.php\/category\/politica\/"},"img":{"alt_text":"","src":"https:\/\/i0.wp.com\/lasprimeras.com.do\/wp-content\/uploads\/2025\/09\/Moises-Ayala.jpg?resize=350%2C200&ssl=1","width":350,"height":200,"srcset":"https:\/\/i0.wp.com\/lasprimeras.com.do\/wp-content\/uploads\/2025\/09\/Moises-Ayala.jpg?resize=350%2C200&ssl=1 1x, https:\/\/i0.wp.com\/lasprimeras.com.do\/wp-content\/uploads\/2025\/09\/Moises-Ayala.jpg?resize=525%2C300&ssl=1 1.5x, https:\/\/i0.wp.com\/lasprimeras.com.do\/wp-content\/uploads\/2025\/09\/Moises-Ayala.jpg?resize=700%2C400&ssl=1 2x"},"classes":[]},{"id":73552,"url":"https:\/\/lasprimeras.com.do\/index.php\/2024\/01\/13\/el-ministro-daniel-rivera-sera-el-candidato-a-senador-del-prm-de-santiago\/","url_meta":{"origin":124321,"position":1},"title":"El ministro Daniel Rivera ser\u00e1 el candidato a senador del PRM de Santiago","author":"BIMARY DE JES\u00daS Matos","date":"13 de enero de 2024","format":false,"excerpt":"Santiago.-Este viernes, el Partido Revolucionario Moderno (PRM) dio a conocer las candidaturas reservadas para el cargo de senador en la provincia de Santiago, designando a Daniel Rivera como su candidato. De manera simult\u00e1nea, en la provincia de Barahona, la nominaci\u00f3n recae en Mois\u00e9s Ayala. Recordar que en agosto del a\u00f1o\u2026","rel":"","context":"En \u00abSin categor\u00eda\u00bb","block_context":{"text":"Sin categor\u00eda","link":"https:\/\/lasprimeras.com.do\/index.php\/category\/sin-categoria\/"},"img":{"alt_text":"","src":"https:\/\/i0.wp.com\/lasprimeras.com.do\/wp-content\/uploads\/2024\/01\/Denuncian-supuestas-irregularidades-en-el-ayuntamiento-de-Yamasa.jpg?resize=350%2C200&ssl=1","width":350,"height":200,"srcset":"https:\/\/i0.wp.com\/lasprimeras.com.do\/wp-content\/uploads\/2024\/01\/Denuncian-supuestas-irregularidades-en-el-ayuntamiento-de-Yamasa.jpg?resize=350%2C200&ssl=1 1x, https:\/\/i0.wp.com\/lasprimeras.com.do\/wp-content\/uploads\/2024\/01\/Denuncian-supuestas-irregularidades-en-el-ayuntamiento-de-Yamasa.jpg?resize=525%2C300&ssl=1 1.5x, https:\/\/i0.wp.com\/lasprimeras.com.do\/wp-content\/uploads\/2024\/01\/Denuncian-supuestas-irregularidades-en-el-ayuntamiento-de-Yamasa.jpg?resize=700%2C400&ssl=1 2x, https:\/\/i0.wp.com\/lasprimeras.com.do\/wp-content\/uploads\/2024\/01\/Denuncian-supuestas-irregularidades-en-el-ayuntamiento-de-Yamasa.jpg?resize=1050%2C600&ssl=1 3x"},"classes":[]},{"id":107623,"url":"https:\/\/lasprimeras.com.do\/index.php\/2025\/08\/28\/senador-moises-ayala-presentara-su-rendicion-de-cuentas-un-ano-de-resultados\/","url_meta":{"origin":124321,"position":2},"title":"Senador Mois\u00e9s Ayala presentar\u00e1 su Rendici\u00f3n de Cuentas: \u201cUn A\u00f1o de Resultados\u201d","author":"Nelson Feliz","date":"28 de agosto de 2025","format":false,"excerpt":"La Oficina Senatorial de Barahona anunci\u00f3 la presentaci\u00f3n formal de la Rendici\u00f3n de Cuentas 2024 \u2013 2025, bajo el lema \u201cUn A\u00f1o de Resultados\u201d, encabezada por el senador Mois\u00e9s Ayala P\u00e9rez. El acto se celebrar\u00e1 el pr\u00f3ximo viernes 5 de septiembre, a las 4:00 de la tarde, en el Centro\u2026","rel":"","context":"En \u00abPOLITICA\u00bb","block_context":{"text":"POLITICA","link":"https:\/\/lasprimeras.com.do\/index.php\/category\/politica\/"},"img":{"alt_text":"","src":"https:\/\/i0.wp.com\/lasprimeras.com.do\/wp-content\/uploads\/2025\/08\/WhatsApp-Image-2025-08-28-at-12.30.28-PM.jpeg?resize=350%2C200&ssl=1","width":350,"height":200,"srcset":"https:\/\/i0.wp.com\/lasprimeras.com.do\/wp-content\/uploads\/2025\/08\/WhatsApp-Image-2025-08-28-at-12.30.28-PM.jpeg?resize=350%2C200&ssl=1 1x, https:\/\/i0.wp.com\/lasprimeras.com.do\/wp-content\/uploads\/2025\/08\/WhatsApp-Image-2025-08-28-at-12.30.28-PM.jpeg?resize=525%2C300&ssl=1 1.5x, https:\/\/i0.wp.com\/lasprimeras.com.do\/wp-content\/uploads\/2025\/08\/WhatsApp-Image-2025-08-28-at-12.30.28-PM.jpeg?resize=700%2C400&ssl=1 2x, https:\/\/i0.wp.com\/lasprimeras.com.do\/wp-content\/uploads\/2025\/08\/WhatsApp-Image-2025-08-28-at-12.30.28-PM.jpeg?resize=1050%2C600&ssl=1 3x, https:\/\/i0.wp.com\/lasprimeras.com.do\/wp-content\/uploads\/2025\/08\/WhatsApp-Image-2025-08-28-at-12.30.28-PM.jpeg?resize=1400%2C800&ssl=1 4x"},"classes":[]},{"id":129190,"url":"https:\/\/lasprimeras.com.do\/index.php\/2026\/04\/30\/robert-polanco-se-perfila-favorito-para-presidir-el-prm-en-la-provincia-santo-domingo\/","url_meta":{"origin":124321,"position":3},"title":"Robert Polanco se perfila favorito para presidir el PRM en la provincia Santo Domingo","author":"Nelson Feliz","date":"30 de abril de 2026","format":false,"excerpt":"Aunque el Partido Revolucionario Moderno (PRM) no ha oficializado la fecha para la renovaci\u00f3n de su dirigencia provincial, Robert Polanco se perfila como uno de los aspirantes mejor posicionados en la carrera por la presidencia de esa organizaci\u00f3n pol\u00edtica en la provincia Santo Domingo, al consolidar una amplia estructura de\u2026","rel":"","context":"En \u00abPOLITICA\u00bb","block_context":{"text":"POLITICA","link":"https:\/\/lasprimeras.com.do\/index.php\/category\/politica\/"},"img":{"alt_text":"","src":"https:\/\/i0.wp.com\/lasprimeras.com.do\/wp-content\/uploads\/2026\/04\/IMG-20260430-WA0367.jpg?resize=350%2C200&ssl=1","width":350,"height":200,"srcset":"https:\/\/i0.wp.com\/lasprimeras.com.do\/wp-content\/uploads\/2026\/04\/IMG-20260430-WA0367.jpg?resize=350%2C200&ssl=1 1x, https:\/\/i0.wp.com\/lasprimeras.com.do\/wp-content\/uploads\/2026\/04\/IMG-20260430-WA0367.jpg?resize=525%2C300&ssl=1 1.5x, https:\/\/i0.wp.com\/lasprimeras.com.do\/wp-content\/uploads\/2026\/04\/IMG-20260430-WA0367.jpg?resize=700%2C400&ssl=1 2x, https:\/\/i0.wp.com\/lasprimeras.com.do\/wp-content\/uploads\/2026\/04\/IMG-20260430-WA0367.jpg?resize=1050%2C600&ssl=1 3x"},"classes":[]},{"id":69601,"url":"https:\/\/lasprimeras.com.do\/index.php\/2023\/12\/04\/procuraduria-allana-oficina-de-fundacion-que-dirige-trajano-santana-por-lavado-de-acitivo-en-barahona\/","url_meta":{"origin":124321,"position":4},"title":"Procuradur\u00eda allana oficina de fundaci\u00f3n que dirige Trajano Santana por lavado de acitivo en Barahona","author":"Nelson Feliz","date":"4 de diciembre de 2023","format":false,"excerpt":"Representantes de la Procuradur\u00eda General de la Rep\u00fablica (PGR), apoyada por miembros de la Direcci\u00f3n Nacional de Control de Drogas (DNCD), efectivos del Ej\u00e9rcito de Rep\u00fablica Dominicana (ERD), allana en estos momentos varias residencias y negocios la ma\u00f1ana de este lunes, sin que se permita a la prensa acercarse al\u2026","rel":"","context":"En \u00abJUSTICIA\u00bb","block_context":{"text":"JUSTICIA","link":"https:\/\/lasprimeras.com.do\/index.php\/category\/justicia\/"},"img":{"alt_text":"Trajano Santana","src":"https:\/\/i0.wp.com\/lasprimeras.com.do\/wp-content\/uploads\/2023\/12\/Trajano-Santana.jpg?resize=350%2C200&ssl=1","width":350,"height":200,"srcset":"https:\/\/i0.wp.com\/lasprimeras.com.do\/wp-content\/uploads\/2023\/12\/Trajano-Santana.jpg?resize=350%2C200&ssl=1 1x, https:\/\/i0.wp.com\/lasprimeras.com.do\/wp-content\/uploads\/2023\/12\/Trajano-Santana.jpg?resize=525%2C300&ssl=1 1.5x, https:\/\/i0.wp.com\/lasprimeras.com.do\/wp-content\/uploads\/2023\/12\/Trajano-Santana.jpg?resize=700%2C400&ssl=1 2x"},"classes":[]},{"id":106529,"url":"https:\/\/lasprimeras.com.do\/index.php\/2025\/08\/16\/senado-de-la-republica-juramenta-bufete-directivo-para-el-periodo-legislativo-2025-2026\/","url_meta":{"origin":124321,"position":5},"title":"Senado de la Rep\u00fablica juramenta Bufete Directivo para el periodo legislativo 2025-2026","author":"Nelson Feliz","date":"16 de agosto de 2025","format":false,"excerpt":"El presidente del Senado, Ricardo de los Santos, reafirm\u00f3 su compromiso con la sociedad dominicana de llevar a cabo un congreso con una alta productividad legislativa en beneficio del pa\u00eds. El Senado de la Rep\u00fablica dej\u00f3 juramentado su Bufete Directivo para el per\u00edodo legislativo 2025-2026, y dio apertura a los\u2026","rel":"","context":"En \u00abPOLITICA\u00bb","block_context":{"text":"POLITICA","link":"https:\/\/lasprimeras.com.do\/index.php\/category\/politica\/"},"img":{"alt_text":"","src":"https:\/\/i0.wp.com\/lasprimeras.com.do\/wp-content\/uploads\/2025\/08\/SENADORES.jpg?resize=350%2C200&ssl=1","width":350,"height":200,"srcset":"https:\/\/i0.wp.com\/lasprimeras.com.do\/wp-content\/uploads\/2025\/08\/SENADORES.jpg?resize=350%2C200&ssl=1 1x, https:\/\/i0.wp.com\/lasprimeras.com.do\/wp-content\/uploads\/2025\/08\/SENADORES.jpg?resize=525%2C300&ssl=1 1.5x, https:\/\/i0.wp.com\/lasprimeras.com.do\/wp-content\/uploads\/2025\/08\/SENADORES.jpg?resize=700%2C400&ssl=1 2x"},"classes":[]}],"jetpack_sharing_enabled":true,"_links":{"self":[{"href":"https:\/\/lasprimeras.com.do\/index.php\/wp-json\/wp\/v2\/posts\/124321","targetHints":{"allow":["GET"]}}],"collection":[{"href":"https:\/\/lasprimeras.com.do\/index.php\/wp-json\/wp\/v2\/posts"}],"about":[{"href":"https:\/\/lasprimeras.com.do\/index.php\/wp-json\/wp\/v2\/types\/post"}],"author":[{"embeddable":true,"href":"https:\/\/lasprimeras.com.do\/index.php\/wp-json\/wp\/v2\/users\/10"}],"replies":[{"embeddable":true,"href":"https:\/\/lasprimeras.com.do\/index.php\/wp-json\/wp\/v2\/comments?post=124321"}],"version-history":[{"count":1,"href":"https:\/\/lasprimeras.com.do\/index.php\/wp-json\/wp\/v2\/posts\/124321\/revisions"}],"predecessor-version":[{"id":124323,"href":"https:\/\/lasprimeras.com.do\/index.php\/wp-json\/wp\/v2\/posts\/124321\/revisions\/124323"}],"wp:featuredmedia":[{"embeddable":true,"href":"https:\/\/lasprimeras.com.do\/index.php\/wp-json\/wp\/v2\/media\/124322"}],"wp:attachment":[{"href":"https:\/\/lasprimeras.com.do\/index.php\/wp-json\/wp\/v2\/media?parent=124321"}],"wp:term":[{"taxonomy":"category","embeddable":true,"href":"https:\/\/lasprimeras.com.do\/index.php\/wp-json\/wp\/v2\/categories?post=124321"},{"taxonomy":"post_tag","embeddable":true,"href":"https:\/\/lasprimeras.com.do\/index.php\/wp-json\/wp\/v2\/tags?post=124321"}],"curies":[{"name":"wp","href":"https:\/\/api.w.org\/{rel}","templated":true}]}}