{"id":124324,"date":"2026-03-11T17:39:04","date_gmt":"2026-03-11T21:39:04","guid":{"rendered":"https:\/\/lasprimeras.com.do\/?p=124324"},"modified":"2026-03-11T17:39:05","modified_gmt":"2026-03-11T21:39:05","slug":"ricardo-de-los-santos-resalta-importancia-de-la-familia-en-congreso-iberoamericano","status":"publish","type":"post","link":"https:\/\/lasprimeras.com.do\/index.php\/2026\/03\/11\/ricardo-de-los-santos-resalta-importancia-de-la-familia-en-congreso-iberoamericano\/","title":{"rendered":"Ricardo de los Santos resalta importancia de la familia en Congreso Iberoamericano"},"content":{"rendered":"\n<p>Por: Adalgisa S\u00e1nchez<\/p>\n\n\n\n<p>El presidente del Senado, Ricardo de los Santos, reafirm\u00f3 su compromiso con el di\u00e1logo plural y constructivo que contribuya a la promoci\u00f3n del bienestar de la familia en las diferentes naciones del mundo y al respeto por la vida.<\/p>\n\n\n\n<p>Ricardo de los Santos pronunci\u00f3 el discurso de bienvenida durante la apertura del Congreso Iberoamericano por la Vida y la Familia, que encabez\u00f3 junto a la vicepresidenta de la Rep\u00fablica, Raquel Pe\u00f1a, y el presidente de la C\u00e1mara de Diputados, Alfredo Pacheco.<\/p>\n\n\n\n<p>El evento, que lleva por lema \u201cCon la Biblia en el Centro\u201d, es un esfuerzo conjunto de ciudadanos de 21 pa\u00edses del continente americano y de Espa\u00f1a, comprometidos con la defensa de la vida, la familia y las libertades.<\/p>\n\n\n\n<p>En el acto, Ricardo de los Santos reafirm\u00f3 su compromiso con la construcci\u00f3n de espacios para la promoci\u00f3n de los valores esenciales para el fortalecimiento de la familia.<\/p>\n\n\n\n<p>\u201cLa familia es el pilar fundamental de nuestra sociedad, siendo el primer espacio donde aprendemos valores como el respeto, la responsabilidad, la solidaridad y la sana convivencia\u201d, expres\u00f3.<\/p>\n\n\n\n<p>Asimismo, asegur\u00f3 que se hace necesario fortalecer estos espacios de intercambio donde se pueda dialogar de forma respetuosa \u201cpara construir juntos el futuro de nuestras naciones, en un mundo marcado por cambios sociales, tecnol\u00f3gicos y culturales cada vez m\u00e1s acelerados\u201d.<\/p>\n\n\n\n<p>Enfatiz\u00f3, adem\u00e1s, que estas cumbres legislativas son una oportunidad para el intercambio de ideas, reflexiones y desaf\u00edos entre legisladores y representantes de distintos sectores comprometidos con los valores familiares.<\/p>\n\n\n\n<p>Por su parte, el presidente de la C\u00e1mara de Diputados, Alfredo Pacheco, destac\u00f3 que la familia es el baluarte donde se transmiten las ense\u00f1anzas que forman a ciudadanos \u00edntegros. Se\u00f1al\u00f3 que la Constituci\u00f3n dominicana es clara al reconocer a la familia como el n\u00facleo esencial de la sociedad.<\/p>\n\n\n\n<p>La vicepresidenta de la Rep\u00fablica, Raquel Pe\u00f1a, destac\u00f3 que desde el gobierno que preside Luis Abinader se crean pol\u00edticas para impulsar el Gabinete de Familia como un espacio de articulaci\u00f3n institucional para proteger y fortalecer el n\u00facleo familiar.<\/p>\n\n\n\n<p>De su lado, el presidente y creador del Congreso Iberoamericano, Jos\u00e9 Luis Lara, enfatiz\u00f3 que este evento se enfoca en la defensa de la vida, la protecci\u00f3n de la dignidad humana y el fortalecimiento de la familia.<\/p>\n\n\n\n<p>En el encuentro participar\u00e1n como panelistas nacionales el senador Ram\u00f3n Rogelio Genao y la diputada Soraya Su\u00e1rez. Como panelistas internacionales estar\u00e1n los congresistas \u00c1lvaro Dastugue, Walter Ghione, Fabricio Alvarado, Lissi Cano, Gerardo Villarreal, Luis Antonio Castillo, Alejandro Mu\u00f1ante, Joan Rodr\u00edguez Veve y Fred Garc\u00eda, entre otros.<\/p>\n\n\n\n<p>El acto inaugural, realizado en el Sal\u00f3n de la Asamblea Nacional, cont\u00f3 con la presencia de la vicepresidenta Raquel Pe\u00f1a; el presidente del Congreso Iberoamericano, Jos\u00e9 Luis Lora; y el diputado por Uruguay, \u00c1lvaro Dastugue. Asistieron, adem\u00e1s, senadores y diputados nacionales y extranjeros, as\u00ed como funcionarios y directores legislativos.<\/p>\n","protected":false},"excerpt":{"rendered":"<p>Por: Adalgisa S\u00e1nchez El presidente del Senado, Ricardo de los Santos, reafirm\u00f3 su compromiso con el di\u00e1logo plural y constructivo que contribuya a la promoci\u00f3n del bienestar de la familia&hellip;<\/p>\n","protected":false},"author":10,"featured_media":124325,"comment_status":"open","ping_status":"open","sticky":false,"template":"","format":"standard","meta":{"content-type":"","jetpack_post_was_ever_published":false,"_jetpack_newsletter_access":"","_jetpack_dont_email_post_to_subs":false,"_jetpack_newsletter_tier_id":0,"_jetpack_memberships_contains_paywalled_content":false,"_jetpack_memberships_contains_paid_content":false,"footnotes":""},"categories":[16559,25],"tags":[8244,2649,2545,935,2107,413,31067],"class_list":["post-124324","post","type-post","status-publish","format-standard","has-post-thumbnail","hentry","category-politica","category-portada","tag-congreso-iberoamericano","tag-familia","tag-importancia","tag-presidente","tag-ricardo-de-los-santos","tag-senado","tag-vida-y-la-familia"],"jetpack_featured_media_url":"https:\/\/lasprimeras.com.do\/wp-content\/uploads\/2026\/03\/Ricardo-de-los-Santos-2.jpg","jetpack-related-posts":[{"id":82808,"url":"https:\/\/lasprimeras.com.do\/index.php\/2024\/05\/07\/senado-y-oei-firman-acuerdo-para-capacitar-nuevos-senadores-y-formar-a-sus-colaboradores\/","url_meta":{"origin":124324,"position":0},"title":"Senado y OEI firman acuerdo para capacitar nuevos senadores y formar a sus colaboradores","author":"Esteffany Vargas","date":"7 de mayo de 2024","format":false,"excerpt":"El Senado de la Rep\u00fablica y la Organizaci\u00f3n de los Estados Iberoamericanos para la Educaci\u00f3n, la Ciencia y la Cultura (OEI), firmaron un acuerdo para desarrollar iniciativas de fortalecimiento y asesoramiento t\u00e9cnico en \u00e1reas como democracia, derechos humanos, educaci\u00f3n, ciencia y cultura, para la capacitaci\u00f3n de los nuevos legisladores y\u2026","rel":"","context":"En \u00abNACIONALES\u00bb","block_context":{"text":"NACIONALES","link":"https:\/\/lasprimeras.com.do\/index.php\/category\/nacionales\/"},"img":{"alt_text":"Ricardo de los Santos y Mariano Jabonero","src":"https:\/\/i0.wp.com\/lasprimeras.com.do\/wp-content\/uploads\/2024\/05\/Ricardo-de-los-Santos-y-Mariano-Jabonero-1.jpg?resize=350%2C200&ssl=1","width":350,"height":200,"srcset":"https:\/\/i0.wp.com\/lasprimeras.com.do\/wp-content\/uploads\/2024\/05\/Ricardo-de-los-Santos-y-Mariano-Jabonero-1.jpg?resize=350%2C200&ssl=1 1x, https:\/\/i0.wp.com\/lasprimeras.com.do\/wp-content\/uploads\/2024\/05\/Ricardo-de-los-Santos-y-Mariano-Jabonero-1.jpg?resize=525%2C300&ssl=1 1.5x"},"classes":[]},{"id":85995,"url":"https:\/\/lasprimeras.com.do\/index.php\/2024\/07\/14\/ricardo-de-los-santos-desafio-poder-legislativo-es-administrar-con-humildad-y-respaldo-popular\/","url_meta":{"origin":124324,"position":1},"title":"Ricardo de los Santos: Desaf\u00edo Poder Legislativo es administrar con humildad y respaldo popular","author":"Nelson Feliz","date":"14 de julio de 2024","format":false,"excerpt":"El\u00a0 presidente del Senado de la Rep\u00fablica, Ricardo de los Santos, consider\u00f3 que el principal desaf\u00edo de los legisladores que se juramentar\u00e1n el pr\u00f3ximo 16 de agosto,\u00a0 es saber administrar con humildad el amplio apoyo popular obtenido en las urnas por el Partido Revolucionario Moderno (PRM). \u201cSi no sabemos administrar\u2026","rel":"","context":"En \u00abPORTADA\u00bb","block_context":{"text":"PORTADA","link":"https:\/\/lasprimeras.com.do\/index.php\/category\/portada\/"},"img":{"alt_text":"Ricardo de los Santos","src":"https:\/\/i0.wp.com\/lasprimeras.com.do\/wp-content\/uploads\/2024\/07\/Ricardo-de-los-Santos-3.jpg?resize=350%2C200&ssl=1","width":350,"height":200,"srcset":"https:\/\/i0.wp.com\/lasprimeras.com.do\/wp-content\/uploads\/2024\/07\/Ricardo-de-los-Santos-3.jpg?resize=350%2C200&ssl=1 1x, https:\/\/i0.wp.com\/lasprimeras.com.do\/wp-content\/uploads\/2024\/07\/Ricardo-de-los-Santos-3.jpg?resize=525%2C300&ssl=1 1.5x, https:\/\/i0.wp.com\/lasprimeras.com.do\/wp-content\/uploads\/2024\/07\/Ricardo-de-los-Santos-3.jpg?resize=700%2C400&ssl=1 2x"},"classes":[]},{"id":126399,"url":"https:\/\/lasprimeras.com.do\/index.php\/2026\/04\/01\/ricardo-de-los-santos-exhorta-a-vivir-la-semana-santa-con-fe-prudencia-y-sentido-de-unidad-nacional\/","url_meta":{"origin":124324,"position":2},"title":"Ricardo de los Santos exhorta a vivir la Semana Santa con fe, prudencia y sentido de unidad nacional","author":"Nelson Feliz","date":"1 de abril de 2026","format":false,"excerpt":"El presidente del Senado de la Rep\u00fablica, Ricardo de los Santos, dirigi\u00f3 un mensaje a la ciudadan\u00eda con motivo de la Semana Santa, destacando el valor espiritual y reflexivo de este per\u00edodo para el pueblo dominicano. En sus palabras, se\u00f1al\u00f3 que la Semana Santa representa, ante todo, una oportunidad para\u2026","rel":"","context":"En \u00abNACIONALES\u00bb","block_context":{"text":"NACIONALES","link":"https:\/\/lasprimeras.com.do\/index.php\/category\/nacionales\/"},"img":{"alt_text":"Ricardo de los Santos","src":"https:\/\/i0.wp.com\/lasprimeras.com.do\/wp-content\/uploads\/2026\/03\/Ricardo-de-los-Santos-2.jpg?resize=350%2C200&ssl=1","width":350,"height":200,"srcset":"https:\/\/i0.wp.com\/lasprimeras.com.do\/wp-content\/uploads\/2026\/03\/Ricardo-de-los-Santos-2.jpg?resize=350%2C200&ssl=1 1x, https:\/\/i0.wp.com\/lasprimeras.com.do\/wp-content\/uploads\/2026\/03\/Ricardo-de-los-Santos-2.jpg?resize=525%2C300&ssl=1 1.5x, https:\/\/i0.wp.com\/lasprimeras.com.do\/wp-content\/uploads\/2026\/03\/Ricardo-de-los-Santos-2.jpg?resize=700%2C400&ssl=1 2x"},"classes":[]},{"id":123557,"url":"https:\/\/lasprimeras.com.do\/index.php\/2026\/03\/02\/ricardo-de-los-santos-valora-politica-anticorrupcion-implementada-por-el-presidente-abinader\/","url_meta":{"origin":124324,"position":3},"title":"Ricardo de los Santos valora pol\u00edtica anticorrupci\u00f3n implementada por el presidente Abinader","author":"Nelson Feliz","date":"2 de marzo de 2026","format":false,"excerpt":"Por Elvis Castro Hern\u00e1ndez El presidente del Senado, Ricardo de los Santos, destac\u00f3 la coherencia que ha demostrado el presidente de la Rep\u00fablica, Luis Abinader, al transformar sus promesas en acciones concretas en torno a su lucha contra la corrupci\u00f3n gubernamental, tal y como destac\u00f3 en el discurso de rendici\u00f3n\u2026","rel":"","context":"En \u00abPOLITICA\u00bb","block_context":{"text":"POLITICA","link":"https:\/\/lasprimeras.com.do\/index.php\/category\/politica\/"},"img":{"alt_text":"Ricardo de los Santos","src":"https:\/\/i0.wp.com\/lasprimeras.com.do\/wp-content\/uploads\/2026\/03\/Ricardo-de-los-Santos-1.jpg?resize=350%2C200&ssl=1","width":350,"height":200,"srcset":"https:\/\/i0.wp.com\/lasprimeras.com.do\/wp-content\/uploads\/2026\/03\/Ricardo-de-los-Santos-1.jpg?resize=350%2C200&ssl=1 1x, https:\/\/i0.wp.com\/lasprimeras.com.do\/wp-content\/uploads\/2026\/03\/Ricardo-de-los-Santos-1.jpg?resize=525%2C300&ssl=1 1.5x, https:\/\/i0.wp.com\/lasprimeras.com.do\/wp-content\/uploads\/2026\/03\/Ricardo-de-los-Santos-1.jpg?resize=700%2C400&ssl=1 2x, https:\/\/i0.wp.com\/lasprimeras.com.do\/wp-content\/uploads\/2026\/03\/Ricardo-de-los-Santos-1.jpg?resize=1050%2C600&ssl=1 3x, https:\/\/i0.wp.com\/lasprimeras.com.do\/wp-content\/uploads\/2026\/03\/Ricardo-de-los-Santos-1.jpg?resize=1400%2C800&ssl=1 4x"},"classes":[]},{"id":108585,"url":"https:\/\/lasprimeras.com.do\/index.php\/2025\/09\/08\/centrales-sindicales-suspenden-llamado-a-vigilia-tras-dialogo-con-el-presidente-del-senado\/","url_meta":{"origin":124324,"position":4},"title":"Centrales Sindicales suspenden llamado a Vigilia tras di\u00e1logo con el presidente del Senado","author":"Nelson Feliz","date":"8 de septiembre de 2025","format":false,"excerpt":"Tras un encuentro con el presidente del Senado, Ricardo de los Santos con miembros de la comisi\u00f3n negociadora de las centrales sindicales, Rafael (Pepe) Abreu anunci\u00f3 la suspensi\u00f3n del llamado a Vigilia frente al Congreso Nacional y de la marcha pac\u00edfica en San Pedro de Macor\u00eds, pautadas para el pr\u00f3ximo\u2026","rel":"","context":"En \u00abECONOM\u00cdA\u00bb","block_context":{"text":"ECONOM\u00cdA","link":"https:\/\/lasprimeras.com.do\/index.php\/category\/economia\/"},"img":{"alt_text":"","src":"https:\/\/i0.wp.com\/lasprimeras.com.do\/wp-content\/uploads\/2025\/09\/ricardo.jpg?resize=350%2C200&ssl=1","width":350,"height":200,"srcset":"https:\/\/i0.wp.com\/lasprimeras.com.do\/wp-content\/uploads\/2025\/09\/ricardo.jpg?resize=350%2C200&ssl=1 1x, https:\/\/i0.wp.com\/lasprimeras.com.do\/wp-content\/uploads\/2025\/09\/ricardo.jpg?resize=525%2C300&ssl=1 1.5x, https:\/\/i0.wp.com\/lasprimeras.com.do\/wp-content\/uploads\/2025\/09\/ricardo.jpg?resize=700%2C400&ssl=1 2x"},"classes":[]},{"id":63276,"url":"https:\/\/lasprimeras.com.do\/index.php\/2023\/10\/11\/senado-realiza-operativo-medico-sobre-el-cancer-de-mama\/","url_meta":{"origin":124324,"position":5},"title":"Senado realiza operativo m\u00e9dico sobre el c\u00e1ncer de mama","author":"Nelson Feliz","date":"11 de octubre de 2023","format":false,"excerpt":"La jornada m\u00e9dica se llevar\u00e1 a cabo los d\u00edas 11, 12 y 13 de octubre y se ofrecer\u00e1n servicios de sonograf\u00eda, mamograf\u00eda, cosmiatr\u00eda, y odontolog\u00eda, y vacuna contra la influenza. El presidente del Senado de la Rep\u00fablica, Ricardo de Los Santos encabez\u00f3 este mi\u00e9rcoles, la apertura de un operativo m\u00e9dico\u2026","rel":"","context":"En \u00abPORTADA\u00bb","block_context":{"text":"PORTADA","link":"https:\/\/lasprimeras.com.do\/index.php\/category\/portada\/"},"img":{"alt_text":"Ricardo de Los Santos","src":"https:\/\/i0.wp.com\/lasprimeras.com.do\/wp-content\/uploads\/2023\/10\/Ricardo-de-Los-Santos-1-1.jpg?resize=350%2C200&ssl=1","width":350,"height":200,"srcset":"https:\/\/i0.wp.com\/lasprimeras.com.do\/wp-content\/uploads\/2023\/10\/Ricardo-de-Los-Santos-1-1.jpg?resize=350%2C200&ssl=1 1x, https:\/\/i0.wp.com\/lasprimeras.com.do\/wp-content\/uploads\/2023\/10\/Ricardo-de-Los-Santos-1-1.jpg?resize=525%2C300&ssl=1 1.5x, https:\/\/i0.wp.com\/lasprimeras.com.do\/wp-content\/uploads\/2023\/10\/Ricardo-de-Los-Santos-1-1.jpg?resize=700%2C400&ssl=1 2x"},"classes":[]}],"jetpack_sharing_enabled":true,"_links":{"self":[{"href":"https:\/\/lasprimeras.com.do\/index.php\/wp-json\/wp\/v2\/posts\/124324","targetHints":{"allow":["GET"]}}],"collection":[{"href":"https:\/\/lasprimeras.com.do\/index.php\/wp-json\/wp\/v2\/posts"}],"about":[{"href":"https:\/\/lasprimeras.com.do\/index.php\/wp-json\/wp\/v2\/types\/post"}],"author":[{"embeddable":true,"href":"https:\/\/lasprimeras.com.do\/index.php\/wp-json\/wp\/v2\/users\/10"}],"replies":[{"embeddable":true,"href":"https:\/\/lasprimeras.com.do\/index.php\/wp-json\/wp\/v2\/comments?post=124324"}],"version-history":[{"count":1,"href":"https:\/\/lasprimeras.com.do\/index.php\/wp-json\/wp\/v2\/posts\/124324\/revisions"}],"predecessor-version":[{"id":124326,"href":"https:\/\/lasprimeras.com.do\/index.php\/wp-json\/wp\/v2\/posts\/124324\/revisions\/124326"}],"wp:featuredmedia":[{"embeddable":true,"href":"https:\/\/lasprimeras.com.do\/index.php\/wp-json\/wp\/v2\/media\/124325"}],"wp:attachment":[{"href":"https:\/\/lasprimeras.com.do\/index.php\/wp-json\/wp\/v2\/media?parent=124324"}],"wp:term":[{"taxonomy":"category","embeddable":true,"href":"https:\/\/lasprimeras.com.do\/index.php\/wp-json\/wp\/v2\/categories?post=124324"},{"taxonomy":"post_tag","embeddable":true,"href":"https:\/\/lasprimeras.com.do\/index.php\/wp-json\/wp\/v2\/tags?post=124324"}],"curies":[{"name":"wp","href":"https:\/\/api.w.org\/{rel}","templated":true}]}}