{"id":124327,"date":"2026-03-11T17:48:29","date_gmt":"2026-03-11T21:48:29","guid":{"rendered":"https:\/\/lasprimeras.com.do\/?p=124327"},"modified":"2026-03-11T17:48:30","modified_gmt":"2026-03-11T21:48:30","slug":"senado-aprueba-en-segunda-lectura-reforma-a-la-ley-organica-del-regimen-electoral","status":"publish","type":"post","link":"https:\/\/lasprimeras.com.do\/index.php\/2026\/03\/11\/senado-aprueba-en-segunda-lectura-reforma-a-la-ley-organica-del-regimen-electoral\/","title":{"rendered":"Senado aprueba en segunda lectura reforma a la Ley Org\u00e1nica del R\u00e9gimen Electoral"},"content":{"rendered":"\n<p><strong>La propuesta legislativa se\u00f1ala que se hace necesaria la intervenci\u00f3n del Congreso a los fines de proceder a suprimir el modelo de candidaturas independientes, lo que evitar\u00eda dificultades y contrariedades al sistema pol\u00edtico e institucional dominicano.<\/strong><\/p>\n\n\n\n<p>Por: Adalgisa S\u00e1nchez<\/p>\n\n\n\n<p>El Senado de la Rep\u00fablica aprob\u00f3 en segunda lectura el proyecto de ley org\u00e1nica que deroga los art\u00edculos 156, 157 y 158 de la Ley 20-23, Org\u00e1nica del R\u00e9gimen Electoral, con el objetivo de eliminar las candidaturas independientes en las cuales las personas que se postulan a un cargo de elecci\u00f3n popular lo hacen sin pertenecer a un partido, movimiento o agrupaci\u00f3n pol\u00edtica y sin que los mismos sirvan de plataforma para su propuesta electoral.<\/p>\n\n\n\n<p>La normativa electoral es autor\u00eda de los senadores Ram\u00f3n Rogelio Genao, Mois\u00e9s Ayala P\u00e9rez, Alexis Victoria Yeb, Eduard Alexis Espiritusanto, Antonio Marte, Aracelis Villanueva, L\u00eda Ynocencia D\u00edaz, Pedro Catrain, Julito Fulcar Encarnaci\u00f3n, Mar\u00eda Mercedes Ortiz y Johnson Encarnaci\u00f3n D\u00edaz.<\/p>\n\n\n\n<p>En su segundo considerando, la propuesta a la Ley Org\u00e1nica del R\u00e9gimen Electoral deroga la Ley n\u00fam. 15-19, Org\u00e1nica del R\u00e9gimen Electoral y sus modificaciones. <\/p>\n\n\n\n<p>El documento se\u00f1ala que las candidaturas independientes que puedan resultar gananciosas de una posici\u00f3n electoral pueden encontrar escollos y dificultades para la efectividad del ejercicio de los mandatos constitucionales, principalmente en lo concerniente a la suplencia, la institucionalizaci\u00f3n de bloques y otros modelos de participaci\u00f3n democr\u00e1tica.<\/p>\n\n\n\n<p>La propuesta legislativa indica que se hace necesaria la intervenci\u00f3n del Congreso a los fines de proceder a suprimir el modelo de candidaturas independientes, lo que evitar\u00eda las dificultades y contrariedades al sistema pol\u00edtico e institucional dominicano, el cual concentra en los partidos pol\u00edticos los principales procesos de participaci\u00f3n.<\/p>\n\n\n<div class=\"wp-block-image\">\n<figure class=\"alignleft size-full is-resized\"><img decoding=\"async\" width=\"900\" height=\"599\" src=\"https:\/\/lasprimeras.com.do\/wp-content\/uploads\/2026\/03\/Ricardo-de-los-Santos-1-2.jpg\" alt=\"\" class=\"wp-image-124329\" style=\"aspect-ratio:1.5025110425364554;width:454px;height:auto\" srcset=\"https:\/\/lasprimeras.com.do\/wp-content\/uploads\/2026\/03\/Ricardo-de-los-Santos-1-2.jpg 900w, https:\/\/lasprimeras.com.do\/wp-content\/uploads\/2026\/03\/Ricardo-de-los-Santos-1-2-300x200.jpg 300w, https:\/\/lasprimeras.com.do\/wp-content\/uploads\/2026\/03\/Ricardo-de-los-Santos-1-2-768x511.jpg 768w\" sizes=\"(max-width: 900px) 100vw, 900px\" \/><\/figure>\n<\/div>\n\n\n<p><strong>En primera lectura<\/strong><\/p>\n\n\n\n<p>En primera lectura, el Pleno del Senado aprob\u00f3 el proyecto de ley que modifica los art\u00edculos 5, 12 y 14 de la Ley 339-22, que habilita y regula el uso de medios digitales para los procesos judiciales y procedimientos administrativos del Poder Judicial.<\/p>\n\n\n\n<p>La iniciativa, presentada por la Suprema Corte de Justicia, tiene el prop\u00f3sito de establecer que la tramitaci\u00f3n ante el Poder Judicial se realice de manera digital, manteniendo la garant\u00eda del acceso presencial en las sedes de la instituci\u00f3n.<\/p>\n\n\n\n<p>En la pieza se afirma que estas reformas ampl\u00edan las facilidades tecnol\u00f3gicas y normativas para el uso de la firma digital por parte de los auxiliares de la justicia y otros actores activos y pasivos del sistema.<\/p>\n\n\n\n<p>\u201cEsto es vital para asegurar la autenticidad, integridad y validez. Adem\u00e1s, busca implementar un sistema georreferenciado para documentar el lugar, la fecha y la hora de las diligencias de los alguaciles, a fin de mejorar la seguridad jur\u00eddica a trav\u00e9s de la trazabilidad y la certeza en la ejecuci\u00f3n de sus actos procesales\u201d, se\u00f1ala el proyecto.<\/p>\n\n\n\n<p>El Pleno del Senado tambi\u00e9n aprob\u00f3 el proyecto de ley que crea el Colegio de Contadores P\u00fablicos Autorizados de la Rep\u00fablica Dominicana, iniciativa propuesta por los senadores Crist\u00f3bal Venerado Castillo, Pedro Catrain y Julito Fulcar.<\/p>\n\n\n\n<p>Tambi\u00e9n se aprob\u00f3 el proyecto de ley que establece los actos correspondientes a los Poderes Ejecutivo y Legislativo a ser publicados en la Gaceta Oficial, propuesta del senador F\u00e9lix Bautista.<\/p>\n\n\n\n<p>De igual manera, se aprobaron los siguientes proyectos de ley: el que modifica los art\u00edculos 14 y 21 de la Ley 631-16 para el control y regulaci\u00f3n de armas, municiones y materiales relacionados, del senador Alexis Victoria Yeb; y el proyecto que designa con el nombre de \u201cProfesor Elpidio Encarnaci\u00f3n\u201d la pista de atletismo ubicada en el complejo deportivo de la provincia La Romana, del senador Eduard Alexis Espiritusanto.<\/p>\n\n\n\n<p>En los trabajos legislativos de este mi\u00e9rcoles, los asamble\u00edstas aprobaron el proyecto de ley que ordena la colocaci\u00f3n del valor energ\u00e9tico de los alimentos en restaurantes y otros lugares de expendio, iniciativa del senador por la provincia Mar\u00eda Trinidad S\u00e1nchez, Alexis Victoria Yeb. <\/p>\n\n\n\n<p>Tambi\u00e9n conocieron el proyecto que declara Patrimonio Cultural Inmaterial de la Naci\u00f3n Dominicana la Hermandad de los Toreros de la Virgen de la Altagracia, presentado por el senador Rafael Bar\u00f3n Duluc.<\/p>\n\n\n\n<p><strong>Resoluciones aprobadas<\/strong><\/p>\n\n\n\n<p>Los senadores sancionaron el proyecto de resoluci\u00f3n que solicita que el Pleno del Senado sea trasladado a la provincia Monse\u00f1or Nouel en su 44.\u00ba aniversario de haber sido fundada como provincia, el 22 de septiembre del a\u00f1o en curso.<\/p>\n\n\n\n<p>Esta es una iniciativa presentada por el senador de esa demarcaci\u00f3n, H\u00e9ctor Acosta. Tambi\u00e9n se aprob\u00f3 la resoluci\u00f3n que solicita al ministro de Educaci\u00f3n, \u00c1ngel Hern\u00e1ndez (o el incumbente actual), autorizar un aumento salarial al personal administrativo y de apoyo de los centros educativos p\u00fablicos del Ministerio de Educaci\u00f3n (MINERD).<\/p>\n\n\n\n<p><strong>Contrato de Permuta<\/strong><\/p>\n\n\n\n<p>En la sesi\u00f3n fue sancionado el contrato de permuta del 22 de octubre de 2025 y su adenda del 18 de noviembre de 2025, mediante el cual el Ingenio Consuelo, representado por el Consejo Estatal del Az\u00facar (CEA), transfiere en calidad de permuta a favor de la Compa\u00f1\u00eda An\u00f3nima de Explotaciones Industriales, S. A. (CAEI), debidamente representada por Dionisio Buitrago, una cantidad de 2,909,498.00 metros cuadrados de terreno en la provincia de Hato Mayor, a cambio de recibir la misma cantidad de terreno de CAEI, ubicados en distintas porciones en las provincias Peravia y San Crist\u00f3bal.<\/p>\n\n\n\n<p>El presidente del Senado, Ricardo de los Santos, convoc\u00f3 a sus pares a sesi\u00f3n para el pr\u00f3ximo mi\u00e9rcoles 18 a las 2:00 p. m.<\/p>\n","protected":false},"excerpt":{"rendered":"<p>La propuesta legislativa se\u00f1ala que se hace necesaria la intervenci\u00f3n del Congreso a los fines de proceder a suprimir el modelo de candidaturas independientes, lo que evitar\u00eda dificultades y contrariedades&hellip;<\/p>\n","protected":false},"author":10,"featured_media":124328,"comment_status":"open","ping_status":"open","sticky":false,"template":"","format":"standard","meta":{"content-type":"","jetpack_post_was_ever_published":false,"_jetpack_newsletter_access":"","_jetpack_dont_email_post_to_subs":false,"_jetpack_newsletter_tier_id":0,"_jetpack_memberships_contains_paywalled_content":false,"_jetpack_memberships_contains_paid_content":false,"footnotes":""},"categories":[16559],"tags":[408,31068,820,7265,413],"class_list":["post-124327","post","type-post","status-publish","format-standard","has-post-thumbnail","hentry","category-politica","tag-aprueba","tag-ley-organica-del-regimen-electoral","tag-reforma","tag-segunda-lectura","tag-senado"],"jetpack_featured_media_url":"https:\/\/lasprimeras.com.do\/wp-content\/uploads\/2026\/03\/Ricardo-de-los-Santos-3.jpg","jetpack-related-posts":[{"id":123762,"url":"https:\/\/lasprimeras.com.do\/index.php\/2026\/03\/04\/senado-aprueba-en-primera-lectura-reforma-a-la-ley-electoral-20-23\/","url_meta":{"origin":124327,"position":0},"title":"Senado aprueba en primera lectura reforma a la Ley Electoral 20-23","author":"Nelson Feliz","date":"4 de marzo de 2026","format":false,"excerpt":"El Senado de la Rep\u00fablica aprob\u00f3 en primera lectura el Proyecto de Ley Org\u00e1nica que deroga los art\u00edculos 156, 157 y 158 de la Ley 20-23, Org\u00e1nica del R\u00e9gimen Electoral. La normativa establece que las candidaturas independientes, en las cuales las personas que se postulan a un cargo de elecci\u00f3n\u2026","rel":"","context":"En \u00abNACIONALES\u00bb","block_context":{"text":"NACIONALES","link":"https:\/\/lasprimeras.com.do\/index.php\/category\/nacionales\/"},"img":{"alt_text":"","src":"https:\/\/i0.wp.com\/lasprimeras.com.do\/wp-content\/uploads\/2026\/03\/ricardo-de-los-santos.jpg?resize=350%2C200&ssl=1","width":350,"height":200,"srcset":"https:\/\/i0.wp.com\/lasprimeras.com.do\/wp-content\/uploads\/2026\/03\/ricardo-de-los-santos.jpg?resize=350%2C200&ssl=1 1x, https:\/\/i0.wp.com\/lasprimeras.com.do\/wp-content\/uploads\/2026\/03\/ricardo-de-los-santos.jpg?resize=525%2C300&ssl=1 1.5x, https:\/\/i0.wp.com\/lasprimeras.com.do\/wp-content\/uploads\/2026\/03\/ricardo-de-los-santos.jpg?resize=700%2C400&ssl=1 2x"},"classes":[]},{"id":100691,"url":"https:\/\/lasprimeras.com.do\/index.php\/2025\/06\/10\/senado-aprueba-con-modificaciones-proyecto-de-ley-organica-del-tse\/","url_meta":{"origin":124327,"position":1},"title":"Senado aprueba con modificaciones Proyecto de Ley Org\u00e1nica del TSE","author":"Nelson Feliz","date":"10 de junio de 2025","format":false,"excerpt":"El Senado de la Rep\u00fablica aprob\u00f3 en \u00fanica lectura y acogi\u00f3 las modificaciones observadas por el Poder Ejecutivo, al Proyecto de Ley Org\u00e1nica del Tribunal Superior Electoral, presentada por los senadores F\u00e9lix Bautista y Pedro Catrain. Esta iniciativa tiene por objeto regular el funcionamiento del Tribunal Superior Electoral, definir su\u2026","rel":"","context":"En \u00abNACIONALES\u00bb","block_context":{"text":"NACIONALES","link":"https:\/\/lasprimeras.com.do\/index.php\/category\/nacionales\/"},"img":{"alt_text":"","src":"https:\/\/i0.wp.com\/lasprimeras.com.do\/wp-content\/uploads\/2025\/06\/senado-7.jpg?resize=350%2C200&ssl=1","width":350,"height":200,"srcset":"https:\/\/i0.wp.com\/lasprimeras.com.do\/wp-content\/uploads\/2025\/06\/senado-7.jpg?resize=350%2C200&ssl=1 1x, https:\/\/i0.wp.com\/lasprimeras.com.do\/wp-content\/uploads\/2025\/06\/senado-7.jpg?resize=525%2C300&ssl=1 1.5x, https:\/\/i0.wp.com\/lasprimeras.com.do\/wp-content\/uploads\/2025\/06\/senado-7.jpg?resize=700%2C400&ssl=1 2x"},"classes":[]},{"id":93235,"url":"https:\/\/lasprimeras.com.do\/index.php\/2025\/01\/28\/presidente-del-senado-afirma-congreso-nacional-legislara-sobre-candidaturas-independientes\/","url_meta":{"origin":124327,"position":2},"title":"Presidente del Senado afirma Congreso Nacional legislar\u00e1 sobre candidaturas independientes","author":"Nelson Feliz","date":"28 de enero de 2025","format":false,"excerpt":"El presidente del Senado, Ricardo de los Santos, afirm\u00f3 este martes que el Congreso Nacional est\u00e1 abierto y se abocar\u00e1 a crear las normas necesarias para regular y debatir leyes pendientes durante la pr\u00f3xima legislatura que iniciar\u00e1 a partir del 27 de febrero. Entre estas se\u00f1al\u00f3, crear normas para regular\u2026","rel":"","context":"En \u00abPOLITICA\u00bb","block_context":{"text":"POLITICA","link":"https:\/\/lasprimeras.com.do\/index.php\/category\/politica\/"},"img":{"alt_text":"","src":"https:\/\/i0.wp.com\/lasprimeras.com.do\/wp-content\/uploads\/2024\/12\/RICARDO-DE-LOS-SANTOS-Pres.jpg?resize=350%2C200&ssl=1","width":350,"height":200,"srcset":"https:\/\/i0.wp.com\/lasprimeras.com.do\/wp-content\/uploads\/2024\/12\/RICARDO-DE-LOS-SANTOS-Pres.jpg?resize=350%2C200&ssl=1 1x, https:\/\/i0.wp.com\/lasprimeras.com.do\/wp-content\/uploads\/2024\/12\/RICARDO-DE-LOS-SANTOS-Pres.jpg?resize=525%2C300&ssl=1 1.5x, https:\/\/i0.wp.com\/lasprimeras.com.do\/wp-content\/uploads\/2024\/12\/RICARDO-DE-LOS-SANTOS-Pres.jpg?resize=700%2C400&ssl=1 2x"},"classes":[]},{"id":99653,"url":"https:\/\/lasprimeras.com.do\/index.php\/2025\/05\/23\/senado-aprueba-ley-que-dispone-fusion-de-los-ministerios-de-hacienda-y-economia\/","url_meta":{"origin":124327,"position":3},"title":"Senado aprueba ley que dispone fusi\u00f3n de los ministerios de Hacienda y Econom\u00eda","author":"Nelson Feliz","date":"23 de mayo de 2025","format":false,"excerpt":"El Senado de la Rep\u00fablica aprob\u00f3 en dos lecturas consecutivas y declar\u00f3 de urgencia, el proyecto de ley que dispone la fusi\u00f3n del Ministerio de Hacienda y el Ministerio de Econom\u00eda, Planificaci\u00f3n y Desarrollo e instituye el Ministerio de Hacienda y Econom\u00eda. El vicepresidente de la Comisi\u00f3n Especial que tuvo\u2026","rel":"","context":"En \u00abECONOM\u00cdA\u00bb","block_context":{"text":"ECONOM\u00cdA","link":"https:\/\/lasprimeras.com.do\/index.php\/category\/economia\/"},"img":{"alt_text":"","src":"https:\/\/i0.wp.com\/lasprimeras.com.do\/wp-content\/uploads\/2025\/05\/Ricardo-de-los-Santos-5.jpg?resize=350%2C200&ssl=1","width":350,"height":200,"srcset":"https:\/\/i0.wp.com\/lasprimeras.com.do\/wp-content\/uploads\/2025\/05\/Ricardo-de-los-Santos-5.jpg?resize=350%2C200&ssl=1 1x, https:\/\/i0.wp.com\/lasprimeras.com.do\/wp-content\/uploads\/2025\/05\/Ricardo-de-los-Santos-5.jpg?resize=525%2C300&ssl=1 1.5x, https:\/\/i0.wp.com\/lasprimeras.com.do\/wp-content\/uploads\/2025\/05\/Ricardo-de-los-Santos-5.jpg?resize=700%2C400&ssl=1 2x"},"classes":[]},{"id":91207,"url":"https:\/\/lasprimeras.com.do\/index.php\/2024\/11\/13\/senado-declara-de-urgencia-y-aprueba-modificacion-a-ley-que-crea-el-cnm\/","url_meta":{"origin":124327,"position":4},"title":"Senado declara de urgencia y aprueba modificaci\u00f3n a Ley que crea el CNM","author":"Nelson Feliz","date":"13 de noviembre de 2024","format":false,"excerpt":"El Senado de la Rep\u00fablica aprob\u00f3 en primera lectura el Proyecto de Ley que crea el Consejo Nacional de la Magistratura con el prop\u00f3sito de abordar dos art\u00edculos de la referida ley, a los fine de su adecuaci\u00f3n para la regulaci\u00f3n de la escogencia del Procurador General de la Rep\u00fablica\u2026","rel":"","context":"En \u00abNACIONALES\u00bb","block_context":{"text":"NACIONALES","link":"https:\/\/lasprimeras.com.do\/index.php\/category\/nacionales\/"},"img":{"alt_text":"","src":"https:\/\/i0.wp.com\/lasprimeras.com.do\/wp-content\/uploads\/2024\/11\/senado-cnm.jpg?resize=350%2C200&ssl=1","width":350,"height":200,"srcset":"https:\/\/i0.wp.com\/lasprimeras.com.do\/wp-content\/uploads\/2024\/11\/senado-cnm.jpg?resize=350%2C200&ssl=1 1x, https:\/\/i0.wp.com\/lasprimeras.com.do\/wp-content\/uploads\/2024\/11\/senado-cnm.jpg?resize=525%2C300&ssl=1 1.5x, https:\/\/i0.wp.com\/lasprimeras.com.do\/wp-content\/uploads\/2024\/11\/senado-cnm.jpg?resize=700%2C400&ssl=1 2x"},"classes":[]},{"id":55220,"url":"https:\/\/lasprimeras.com.do\/index.php\/2023\/07\/18\/senado-aprueba-en-segunda-lectura-proyecto-de-ley-organica-de-la-camara-de-cuentas\/","url_meta":{"origin":124327,"position":5},"title":"Senado aprueba en segunda lectura proyecto de Ley Org\u00e1nica de la C\u00e1mara de Cuentas","author":"Nelson Feliz","date":"18 de julio de 2023","format":false,"excerpt":"El Senado de la Rep\u00fablica aprob\u00f3 en segunda lectura el proyecto de Ley Org\u00e1nica de C\u00e1mara de Cuentas, que contiene nuevas atribuciones y competencias para el organismo fiscalizador. La pieza, presentada por el senador de la provincia de San Juan, F\u00e9lix Bautista, fue sancionada con una votaci\u00f3n de 22 votos\u2026","rel":"","context":"En \u00abNACIONALES\u00bb","block_context":{"text":"NACIONALES","link":"https:\/\/lasprimeras.com.do\/index.php\/category\/nacionales\/"},"img":{"alt_text":"Senado RD","src":"https:\/\/i0.wp.com\/lasprimeras.com.do\/wp-content\/uploads\/2023\/07\/Senado-RD.jpeg?resize=350%2C200&ssl=1","width":350,"height":200,"srcset":"https:\/\/i0.wp.com\/lasprimeras.com.do\/wp-content\/uploads\/2023\/07\/Senado-RD.jpeg?resize=350%2C200&ssl=1 1x, https:\/\/i0.wp.com\/lasprimeras.com.do\/wp-content\/uploads\/2023\/07\/Senado-RD.jpeg?resize=525%2C300&ssl=1 1.5x, https:\/\/i0.wp.com\/lasprimeras.com.do\/wp-content\/uploads\/2023\/07\/Senado-RD.jpeg?resize=700%2C400&ssl=1 2x"},"classes":[]}],"jetpack_sharing_enabled":true,"_links":{"self":[{"href":"https:\/\/lasprimeras.com.do\/index.php\/wp-json\/wp\/v2\/posts\/124327","targetHints":{"allow":["GET"]}}],"collection":[{"href":"https:\/\/lasprimeras.com.do\/index.php\/wp-json\/wp\/v2\/posts"}],"about":[{"href":"https:\/\/lasprimeras.com.do\/index.php\/wp-json\/wp\/v2\/types\/post"}],"author":[{"embeddable":true,"href":"https:\/\/lasprimeras.com.do\/index.php\/wp-json\/wp\/v2\/users\/10"}],"replies":[{"embeddable":true,"href":"https:\/\/lasprimeras.com.do\/index.php\/wp-json\/wp\/v2\/comments?post=124327"}],"version-history":[{"count":1,"href":"https:\/\/lasprimeras.com.do\/index.php\/wp-json\/wp\/v2\/posts\/124327\/revisions"}],"predecessor-version":[{"id":124330,"href":"https:\/\/lasprimeras.com.do\/index.php\/wp-json\/wp\/v2\/posts\/124327\/revisions\/124330"}],"wp:featuredmedia":[{"embeddable":true,"href":"https:\/\/lasprimeras.com.do\/index.php\/wp-json\/wp\/v2\/media\/124328"}],"wp:attachment":[{"href":"https:\/\/lasprimeras.com.do\/index.php\/wp-json\/wp\/v2\/media?parent=124327"}],"wp:term":[{"taxonomy":"category","embeddable":true,"href":"https:\/\/lasprimeras.com.do\/index.php\/wp-json\/wp\/v2\/categories?post=124327"},{"taxonomy":"post_tag","embeddable":true,"href":"https:\/\/lasprimeras.com.do\/index.php\/wp-json\/wp\/v2\/tags?post=124327"}],"curies":[{"name":"wp","href":"https:\/\/api.w.org\/{rel}","templated":true}]}}