{"id":124331,"date":"2026-03-11T18:04:11","date_gmt":"2026-03-11T22:04:11","guid":{"rendered":"https:\/\/lasprimeras.com.do\/?p=124331"},"modified":"2026-03-11T18:04:13","modified_gmt":"2026-03-11T22:04:13","slug":"julito-fulcar-llevara-exito-del-plan-estrategico-de-peravia-a-san-juan","status":"publish","type":"post","link":"https:\/\/lasprimeras.com.do\/index.php\/2026\/03\/11\/julito-fulcar-llevara-exito-del-plan-estrategico-de-peravia-a-san-juan\/","title":{"rendered":"Julito Fulcar llevar\u00e1 \u00e9xito del Plan Estrat\u00e9gico de Peravia a San Juan"},"content":{"rendered":"\n<p>El Senador por Peravia, Julito Fulcar Encarnaci\u00f3n, encabezar\u00e1 este jueves un encuentro especial en San Juan de la Maguana, para exponer los logros y metodolog\u00edas del Plan de Desarrollo Estrat\u00e9gico y Sostenible de la provincia Peravia 2025-2050.<\/p>\n\n\n\n<p>El legislador estar\u00e1 acompa\u00f1ado por una comitiva t\u00e9cnica integrada por Juan Carlos Guzm\u00e1n, Francis P\u00e9rez y Flady Cordero, quienes han sido piezas claves en la articulaci\u00f3n de proyectos de impacto para la provincia Peravia.<\/p>\n\n\n\n<p>La actividad, a desarrollarse este jueves 12 en el Sal\u00f3n del Colegio Padre Guido, de San Juan de la Maguana, tiene como objetivo principal servir de gu\u00eda y referente para la implementaci\u00f3n del Plan de Desarrollo Estrat\u00e9gico y Sostenible de esa provincia del sur lejano.<\/p>\n\n\n\n<p>El Senador Fulcar detallar\u00e1 c\u00f3mo la unidad de los sectores productivos, sociales y pol\u00edticos de Peravia ha logrado establecer una hoja de ruta clara para el crecimiento econ\u00f3mico y la sostenibilidad de su provincia.<\/p>\n\n\n\n<p>La convocatoria est\u00e1 liderada por destacadas figuras de la provincia, entre ellos Mons. Tom\u00e1s Alejo Concepci\u00f3n, Obispo de la Di\u00f3cesis de San Juan; la Dra. Ana Mar\u00eda Castillo, Gobernadora Provincial; y el Mtro. Alberto Ram\u00edrez Cabral, Rector Nacional de la Universidad UFHEC.<\/p>\n\n\n\n<p>Este encuentro representa un hito en la colaboraci\u00f3n interprovincial, buscando replicar el modelo de \u00e9xito de Peravia, para impulsar el potencial agr\u00edcola, educativo y social de la provincia de San Juan de la Maguana, \u201cEl Granero del Sur&#8221;.<\/p>\n","protected":false},"excerpt":{"rendered":"<p>El Senador por Peravia, Julito Fulcar Encarnaci\u00f3n, encabezar\u00e1 este jueves un encuentro especial en San Juan de la Maguana, para exponer los logros y metodolog\u00edas del Plan de Desarrollo Estrat\u00e9gico&hellip;<\/p>\n","protected":false},"author":10,"featured_media":124332,"comment_status":"open","ping_status":"open","sticky":false,"template":"","format":"standard","meta":{"content-type":"","jetpack_post_was_ever_published":false,"_jetpack_newsletter_access":"","_jetpack_dont_email_post_to_subs":false,"_jetpack_newsletter_tier_id":0,"_jetpack_memberships_contains_paywalled_content":false,"_jetpack_memberships_contains_paid_content":false,"footnotes":""},"categories":[16559],"tags":[31070,12061,9520,31069,3282,1101],"class_list":["post-124331","post","type-post","status-publish","format-standard","has-post-thumbnail","hentry","category-politica","tag-encuentro-especial","tag-exito-2","tag-julito-fulcar","tag-plan-estrategico-de-peravia","tag-san-juan-de-la-maguana","tag-senador"],"jetpack_featured_media_url":"https:\/\/lasprimeras.com.do\/wp-content\/uploads\/2026\/03\/Julito-Fulcar.jpg","jetpack-related-posts":[{"id":113184,"url":"https:\/\/lasprimeras.com.do\/index.php\/2025\/10\/30\/julito-fulcar-rinde-cuentas-ante-multitudinario-acto-en-bani\/","url_meta":{"origin":124331,"position":0},"title":"Julito Fulcar rinde cuentas ante multitudinario acto en Ban\u00ed","author":"Nelson Feliz","date":"30 de octubre de 2025","format":false,"excerpt":"Con la presencia del presidente del Senado, Ricardo de los Santos, y de otros senadores, junto a autoridades civiles, religiosas, empresariales y comunitarias, el legislador peraviano destac\u00f3 los logros de su primer a\u00f1o de gesti\u00f3n. El senador Julito Fulcar Encarnaci\u00f3n present\u00f3 este mi\u00e9rcoles su Memoria de Gesti\u00f3n 2024-2025, donde rindi\u00f3\u2026","rel":"","context":"En \u00abECONOM\u00cdA\u00bb","block_context":{"text":"ECONOM\u00cdA","link":"https:\/\/lasprimeras.com.do\/index.php\/category\/economia\/"},"img":{"alt_text":"","src":"https:\/\/i0.wp.com\/lasprimeras.com.do\/wp-content\/uploads\/2025\/10\/Julito-Fulcar-3.jpg?resize=350%2C200&ssl=1","width":350,"height":200,"srcset":"https:\/\/i0.wp.com\/lasprimeras.com.do\/wp-content\/uploads\/2025\/10\/Julito-Fulcar-3.jpg?resize=350%2C200&ssl=1 1x, https:\/\/i0.wp.com\/lasprimeras.com.do\/wp-content\/uploads\/2025\/10\/Julito-Fulcar-3.jpg?resize=525%2C300&ssl=1 1.5x, https:\/\/i0.wp.com\/lasprimeras.com.do\/wp-content\/uploads\/2025\/10\/Julito-Fulcar-3.jpg?resize=700%2C400&ssl=1 2x"},"classes":[]},{"id":91845,"url":"https:\/\/lasprimeras.com.do\/index.php\/2024\/12\/03\/julito-fulcar-encabeza-encuentro-del-plan-estrategico-de-desarrollo-de-peravia\/","url_meta":{"origin":124331,"position":1},"title":"Julito Fulcar encabeza encuentro del Plan Estrat\u00e9gico de Desarrollo de Peravia","author":"Nelson Feliz","date":"3 de diciembre de 2024","format":false,"excerpt":"Fulcar destac\u00f3 el entusiasmo e inter\u00e9s que se vive en la provincia entre los grupos organizados. El senador Julito Fulcar afirm\u00f3 que los trabajos relacionados con la propuesta de la formulaci\u00f3n del Plan Estrat\u00e9gico de Desarrollo Sostenible para la provincia Peravia, marchan a buen ritmo y que dicha iniciativa no\u2026","rel":"","context":"En \u00abNACIONALES\u00bb","block_context":{"text":"NACIONALES","link":"https:\/\/lasprimeras.com.do\/index.php\/category\/nacionales\/"},"img":{"alt_text":"","src":"https:\/\/i0.wp.com\/lasprimeras.com.do\/wp-content\/uploads\/2024\/11\/Julito-Fulcar.jpg?resize=350%2C200&ssl=1","width":350,"height":200,"srcset":"https:\/\/i0.wp.com\/lasprimeras.com.do\/wp-content\/uploads\/2024\/11\/Julito-Fulcar.jpg?resize=350%2C200&ssl=1 1x, https:\/\/i0.wp.com\/lasprimeras.com.do\/wp-content\/uploads\/2024\/11\/Julito-Fulcar.jpg?resize=525%2C300&ssl=1 1.5x, https:\/\/i0.wp.com\/lasprimeras.com.do\/wp-content\/uploads\/2024\/11\/Julito-Fulcar.jpg?resize=700%2C400&ssl=1 2x"},"classes":[]},{"id":125484,"url":"https:\/\/lasprimeras.com.do\/index.php\/2026\/03\/23\/julito-fulcar-ratifica-apoyo-a-ciudadano-modelo-rd-en-su-2do-aniversario\/","url_meta":{"origin":124331,"position":2},"title":"Julito Fulcar ratifica apoyo a \u201cCiudadano Modelo RD\u201d en su 2do aniversario","author":"Nelson Feliz","date":"23 de marzo de 2026","format":false,"excerpt":"En el marco de la presentaci\u00f3n de las memorias de gesti\u00f3n 2024-2025 del programa \u201cCiudadano Modelo RD\u201d, el senador por la provincia Peravia, Julito Fulcar, destac\u00f3 el crecimiento exponencial de esta iniciativa y record\u00f3 los inicios de lo que hoy es un referente de civismo para todo el pa\u00eds. Durante\u2026","rel":"","context":"En \u00abPOLITICA\u00bb","block_context":{"text":"POLITICA","link":"https:\/\/lasprimeras.com.do\/index.php\/category\/politica\/"},"img":{"alt_text":"Julito Fulcar","src":"https:\/\/i0.wp.com\/lasprimeras.com.do\/wp-content\/uploads\/2026\/03\/Julito-Fulcar-1.jpg?resize=350%2C200&ssl=1","width":350,"height":200,"srcset":"https:\/\/i0.wp.com\/lasprimeras.com.do\/wp-content\/uploads\/2026\/03\/Julito-Fulcar-1.jpg?resize=350%2C200&ssl=1 1x, https:\/\/i0.wp.com\/lasprimeras.com.do\/wp-content\/uploads\/2026\/03\/Julito-Fulcar-1.jpg?resize=525%2C300&ssl=1 1.5x, https:\/\/i0.wp.com\/lasprimeras.com.do\/wp-content\/uploads\/2026\/03\/Julito-Fulcar-1.jpg?resize=700%2C400&ssl=1 2x"},"classes":[]},{"id":92972,"url":"https:\/\/lasprimeras.com.do\/index.php\/2025\/01\/21\/demandaran-obras-sobre-plan-estrategico-de-desarrollo-sostenible-en-peravia\/","url_meta":{"origin":124331,"position":3},"title":"Demandaran obras sobre Plan Estrat\u00e9gico de Desarrollo Sostenible en Peravia","author":"Nelson Feliz","date":"21 de enero de 2025","format":false,"excerpt":"Autoridades civiles y representantes de diversos sectores sociales, econ\u00f3micos, educativos, agropecuarios, tur\u00edsticos, empresariales, comerciantes y religiosos de Peravia impulsaran un plan estrat\u00e9gico de desarrollo sostenible en procura de demandar obras e infraestructuras. La iniciativa, impulsada por el senador Julito Fulcar, fue asumida por los alcaldes de los municipios de Ban\u00ed,\u2026","rel":"","context":"En \u00abNACIONALES\u00bb","block_context":{"text":"NACIONALES","link":"https:\/\/lasprimeras.com.do\/index.php\/category\/nacionales\/"},"img":{"alt_text":"","src":"https:\/\/i0.wp.com\/lasprimeras.com.do\/wp-content\/uploads\/2025\/01\/fulcar.jpg?resize=350%2C200&ssl=1","width":350,"height":200,"srcset":"https:\/\/i0.wp.com\/lasprimeras.com.do\/wp-content\/uploads\/2025\/01\/fulcar.jpg?resize=350%2C200&ssl=1 1x, https:\/\/i0.wp.com\/lasprimeras.com.do\/wp-content\/uploads\/2025\/01\/fulcar.jpg?resize=525%2C300&ssl=1 1.5x, https:\/\/i0.wp.com\/lasprimeras.com.do\/wp-content\/uploads\/2025\/01\/fulcar.jpg?resize=700%2C400&ssl=1 2x"},"classes":[]},{"id":90471,"url":"https:\/\/lasprimeras.com.do\/index.php\/2024\/10\/22\/julito-fulcar-convoca-a-alcaldes-y-directores-de-junta-para-socializar-plan-estrategico-de-desarrollo-de-peravia\/","url_meta":{"origin":124331,"position":4},"title":"Julito Fulcar convoca a Alcaldes y Directores de Junta para socializar Plan Estrat\u00e9gico de Desarrollo de Peravia","author":"Nelson Feliz","date":"22 de octubre de 2024","format":false,"excerpt":"Aclara debe ser un plan de Consenso de todos los sectores El Senador Julito Fulcar convoc\u00f3 a todos los Alcaldes y Directores de Juntas Minicipales, para socializar entre todos el Plan Estrat\u00e9gico de Desarrollo de la Provincia. La reuni\u00f3n fue realizada en la oficina Senatorial de Ban\u00ed del legislador Julito\u2026","rel":"","context":"En \u00abSin categor\u00eda\u00bb","block_context":{"text":"Sin categor\u00eda","link":"https:\/\/lasprimeras.com.do\/index.php\/category\/sin-categoria\/"},"img":{"alt_text":"","src":"https:\/\/i0.wp.com\/lasprimeras.com.do\/wp-content\/uploads\/2024\/10\/julito.jpg?resize=350%2C200&ssl=1","width":350,"height":200,"srcset":"https:\/\/i0.wp.com\/lasprimeras.com.do\/wp-content\/uploads\/2024\/10\/julito.jpg?resize=350%2C200&ssl=1 1x, https:\/\/i0.wp.com\/lasprimeras.com.do\/wp-content\/uploads\/2024\/10\/julito.jpg?resize=525%2C300&ssl=1 1.5x, https:\/\/i0.wp.com\/lasprimeras.com.do\/wp-content\/uploads\/2024\/10\/julito.jpg?resize=700%2C400&ssl=1 2x"},"classes":[]},{"id":103646,"url":"https:\/\/lasprimeras.com.do\/index.php\/2025\/07\/17\/senador-julito-fulcar-canaliza-apertura-de-aulas-inclusivas-para-ninos-con-autismo-en-peravia\/","url_meta":{"origin":124331,"position":5},"title":"Senador Julito Fulcar canaliza apertura de aulas inclusivas para ni\u00f1os con autismo en Peravia","author":"Nelson Feliz","date":"17 de julio de 2025","format":false,"excerpt":"El senador Julito Fulcar de Peravia solicitud al Ministerio de Educaci\u00f3n (MINERD), la directora de Educaci\u00f3n Especial, Licda. Luc\u00eda V\u00e1squez Esp\u00ednola, visit\u00f3 las instalaciones del Distrito Educativo 03-04 en Ban\u00ed para coordinar la apertura de aulas inclusivas destinadas a ni\u00f1os dentro del espectro autista y con otras condiciones de discapacidad.\u2026","rel":"","context":"En \u00abNACIONALES\u00bb","block_context":{"text":"NACIONALES","link":"https:\/\/lasprimeras.com.do\/index.php\/category\/nacionales\/"},"img":{"alt_text":"","src":"https:\/\/i0.wp.com\/lasprimeras.com.do\/wp-content\/uploads\/2025\/07\/Julito-Fulcar-1.jpg?resize=350%2C200&ssl=1","width":350,"height":200,"srcset":"https:\/\/i0.wp.com\/lasprimeras.com.do\/wp-content\/uploads\/2025\/07\/Julito-Fulcar-1.jpg?resize=350%2C200&ssl=1 1x, https:\/\/i0.wp.com\/lasprimeras.com.do\/wp-content\/uploads\/2025\/07\/Julito-Fulcar-1.jpg?resize=525%2C300&ssl=1 1.5x, https:\/\/i0.wp.com\/lasprimeras.com.do\/wp-content\/uploads\/2025\/07\/Julito-Fulcar-1.jpg?resize=700%2C400&ssl=1 2x"},"classes":[]}],"jetpack_sharing_enabled":true,"_links":{"self":[{"href":"https:\/\/lasprimeras.com.do\/index.php\/wp-json\/wp\/v2\/posts\/124331","targetHints":{"allow":["GET"]}}],"collection":[{"href":"https:\/\/lasprimeras.com.do\/index.php\/wp-json\/wp\/v2\/posts"}],"about":[{"href":"https:\/\/lasprimeras.com.do\/index.php\/wp-json\/wp\/v2\/types\/post"}],"author":[{"embeddable":true,"href":"https:\/\/lasprimeras.com.do\/index.php\/wp-json\/wp\/v2\/users\/10"}],"replies":[{"embeddable":true,"href":"https:\/\/lasprimeras.com.do\/index.php\/wp-json\/wp\/v2\/comments?post=124331"}],"version-history":[{"count":1,"href":"https:\/\/lasprimeras.com.do\/index.php\/wp-json\/wp\/v2\/posts\/124331\/revisions"}],"predecessor-version":[{"id":124333,"href":"https:\/\/lasprimeras.com.do\/index.php\/wp-json\/wp\/v2\/posts\/124331\/revisions\/124333"}],"wp:featuredmedia":[{"embeddable":true,"href":"https:\/\/lasprimeras.com.do\/index.php\/wp-json\/wp\/v2\/media\/124332"}],"wp:attachment":[{"href":"https:\/\/lasprimeras.com.do\/index.php\/wp-json\/wp\/v2\/media?parent=124331"}],"wp:term":[{"taxonomy":"category","embeddable":true,"href":"https:\/\/lasprimeras.com.do\/index.php\/wp-json\/wp\/v2\/categories?post=124331"},{"taxonomy":"post_tag","embeddable":true,"href":"https:\/\/lasprimeras.com.do\/index.php\/wp-json\/wp\/v2\/tags?post=124331"}],"curies":[{"name":"wp","href":"https:\/\/api.w.org\/{rel}","templated":true}]}}