{"id":124334,"date":"2026-03-11T18:21:27","date_gmt":"2026-03-11T22:21:27","guid":{"rendered":"https:\/\/lasprimeras.com.do\/?p=124334"},"modified":"2026-03-11T18:21:28","modified_gmt":"2026-03-11T22:21:28","slug":"luis-miguel-de-camps-fortalece-formacion-tecnica-hacia-la-meta-2036","status":"publish","type":"post","link":"https:\/\/lasprimeras.com.do\/index.php\/2026\/03\/11\/luis-miguel-de-camps-fortalece-formacion-tecnica-hacia-la-meta-2036\/","title":{"rendered":"Luis Miguel De Camps fortalece formaci\u00f3n t\u00e9cnica hacia la Meta 2036"},"content":{"rendered":"\n<p><strong>La actualizaci\u00f3n de t\u00edtulos t\u00e9cnicos, la expansi\u00f3n de talleres y la formaci\u00f3n en centros de trabajo buscan alinear la educaci\u00f3n con la demanda del mercado laboral.<\/strong><\/p>\n\n\n\n<p>El ministro de Educaci\u00f3n, Luis Miguel De Camps, asegur\u00f3 que su gesti\u00f3n impulsa el fortalecimiento de la educaci\u00f3n t\u00e9cnico-profesional como pilar para mejorar la empleabilidad de los j\u00f3venes y apoyar la meta nacional planteada por el presidente Luis Abinader de duplicar el tama\u00f1o de la econom\u00eda dominicana para el a\u00f1o 2036 a trav\u00e9s del mercado laboral.<\/p>\n\n\n\n<p>Durante su intervenci\u00f3n en el Primer Congreso de Educaci\u00f3n T\u00e9cnico-Profesional, De Camps subray\u00f3 que el pa\u00eds apuesta por una transformaci\u00f3n de esta modalidad formativa para alinear la educaci\u00f3n con las necesidades productivas y tecnol\u00f3gicas del mercado laboral.<\/p>\n\n\n\n<p>De Camps indic\u00f3 que el fortalecimiento de la educaci\u00f3n t\u00e9cnico-profesional se inserta en la visi\u00f3n de formar la \u201cGeneraci\u00f3n 2036\u201d, es decir, los j\u00f3venes que actualmente se encuentran en las aulas y que deber\u00e1n liderar el crecimiento econ\u00f3mico, la innovaci\u00f3n y la productividad del pa\u00eds en las pr\u00f3ximas d\u00e9cadas.<\/p>\n\n\n\n<p>\u201cEl desarrollo econ\u00f3mico comienza en la escuela\u201d, afirm\u00f3 el ministro, quien sostuvo que los centros educativos deben convertirse en espacios de desarrollo de capacidades, habilidades y talento, m\u00e1s all\u00e1 de la transmisi\u00f3n tradicional de conocimientos.<\/p>\n\n\n\n<p>Como parte de esta expansi\u00f3n, enfatiz\u00f3 que el \u00f3rgano rector del sistema preuniversitario ha actualizado 23 t\u00edtulos t\u00e9cnicos, incorporado cinco nuevas familias profesionales y equipado m\u00e1s de 360 talleres t\u00e9cnicos en distintos centros educativos del pa\u00eds.<\/p>\n\n\n<div class=\"wp-block-image\">\n<figure class=\"alignleft size-full is-resized\"><img decoding=\"async\" width=\"900\" height=\"598\" src=\"https:\/\/lasprimeras.com.do\/wp-content\/uploads\/2026\/03\/dona.jpg\" alt=\"\" class=\"wp-image-124336\" style=\"aspect-ratio:1.505060912782593;width:476px;height:auto\" srcset=\"https:\/\/lasprimeras.com.do\/wp-content\/uploads\/2026\/03\/dona.jpg 900w, https:\/\/lasprimeras.com.do\/wp-content\/uploads\/2026\/03\/dona-300x199.jpg 300w, https:\/\/lasprimeras.com.do\/wp-content\/uploads\/2026\/03\/dona-768x510.jpg 768w\" sizes=\"(max-width: 900px) 100vw, 900px\" \/><\/figure>\n<\/div>\n\n\n<p>El ministro tambi\u00e9n destac\u00f3 el fortalecimiento de la formaci\u00f3n en centros de trabajo, con el objetivo de acercar la educaci\u00f3n al entorno productivo y mejorar las oportunidades de inserci\u00f3n laboral de los estudiantes.<\/p>\n\n\n\n<p>Solo el a\u00f1o pasado, m\u00e1s de 26,000 j\u00f3venes realizaron pr\u00e1cticas formativas directamente en empresas y espacios productivos.<\/p>\n\n\n\n<p>El titular de la cartera educativa se\u00f1al\u00f3 que el proceso de modernizaci\u00f3n de la educaci\u00f3n t\u00e9cnica incluye una agenda de innovaci\u00f3n educativa para responder a los cambios que vive el mundo del trabajo, marcado por la digitalizaci\u00f3n, la inteligencia artificial y la automatizaci\u00f3n.<\/p>\n\n\n\n<p>En este sentido, el ministro impulsa la incorporaci\u00f3n de competencias tecnol\u00f3gicas y cient\u00edficas en el sistema educativo sometido recientemente en el Consejo Nacional de Educaci\u00f3n, as\u00ed como en el desarrollo de nuevas herramientas de aprendizaje, entre ellas las microcredenciales, que permitir\u00e1n a los estudiantes adquirir habilidades espec\u00edficas y actualizarlas a lo largo de su vida profesional.<\/p>\n\n\n\n<p>\u201cEl talento no se forma en un solo espacio. Se forma en un ecosistema donde la escuela, la formaci\u00f3n t\u00e9cnica, la innovaci\u00f3n y el sector productivo trabajan de manera articulada\u201d, se\u00f1al\u00f3.<\/p>\n\n\n\n<p>Para el ministro, la apuesta por la educaci\u00f3n t\u00e9cnico-profesional forma parte de una estrategia nacional para consolidar una econom\u00eda m\u00e1s innovadora, productiva y competitiva.<\/p>\n\n\n\n<p>\u201cEl futuro econ\u00f3mico, social e institucional de la Rep\u00fablica Dominicana se est\u00e1 formando hoy en nuestras aulas\u201d, asegur\u00f3. \u201cLa generaci\u00f3n que hoy se educa en nuestras escuelas ser\u00e1 la generaci\u00f3n que har\u00e1 posible esa Rep\u00fablica Dominicana del 2036\u201d.<\/p>\n\n\n\n<p>El congreso, organizado por el Departamento de Educaci\u00f3n T\u00e9cnico Profesional del Ministerio, busca difundir experiencias y buenas pr\u00e1cticas educativas que han transformado la formaci\u00f3n t\u00e9cnica en distintos contextos, analizar los retos y oportunidades que enfrenta esta modalidad frente a la transformaci\u00f3n digital y las nuevas econom\u00edas, as\u00ed como debatir propuestas innovadoras para la actualizaci\u00f3n curricular y el dise\u00f1o de perfiles profesionales m\u00e1s pertinentes.<\/p>\n\n\n\n<p>El evento se realizar\u00e1 durante dos d\u00edas y contar\u00e1 con siete conferencistas, 18 panelistas, y 22 presentaciones de buenas pr\u00e1cticas educativas.<\/p>\n","protected":false},"excerpt":{"rendered":"<p>La actualizaci\u00f3n de t\u00edtulos t\u00e9cnicos, la expansi\u00f3n de talleres y la formaci\u00f3n en centros de trabajo buscan alinear la educaci\u00f3n con la demanda del mercado laboral. El ministro de Educaci\u00f3n,&hellip;<\/p>\n","protected":false},"author":10,"featured_media":124335,"comment_status":"open","ping_status":"open","sticky":false,"template":"","format":"standard","meta":{"content-type":"","jetpack_post_was_ever_published":false,"_jetpack_newsletter_access":"","_jetpack_dont_email_post_to_subs":false,"_jetpack_newsletter_tier_id":0,"_jetpack_memberships_contains_paywalled_content":false,"_jetpack_memberships_contains_paid_content":false,"footnotes":""},"categories":[35,25],"tags":[16497,3648,3588,31071],"class_list":["post-124334","post","type-post","status-publish","format-standard","has-post-thumbnail","hentry","category-nacionales","category-portada","tag-formacion-tecnica","tag-fortalece","tag-luis-miguel-de-camps","tag-meta-2036"],"jetpack_featured_media_url":"https:\/\/lasprimeras.com.do\/wp-content\/uploads\/2026\/03\/Luis-Miguel-De-Camps-1.jpg","jetpack-related-posts":[{"id":122818,"url":"https:\/\/lasprimeras.com.do\/index.php\/2026\/02\/22\/ministro-de-camps-destaca-inversion-en-capacitacion-docente\/","url_meta":{"origin":124334,"position":0},"title":"Ministro De Camps destaca inversi\u00f3n en capacitaci\u00f3n docente","author":"Nelson Feliz","date":"22 de febrero de 2026","format":false,"excerpt":"Ministro destaca fortalecimiento de la educaci\u00f3n t\u00e9cnico-profesional. El ministro de Educaci\u00f3n, Luis Miguel De Camps, afirm\u00f3 que la instituci\u00f3n impulsa una estrategia integral orientada a fortalecer la capacitaci\u00f3n de los docentes, promover el empoderamiento de las familias y consolidar la educaci\u00f3n t\u00e9cnico-profesional como pilares fundamentales del proceso formativo. El funcionario\u2026","rel":"","context":"En \u00abNACIONALES\u00bb","block_context":{"text":"NACIONALES","link":"https:\/\/lasprimeras.com.do\/index.php\/category\/nacionales\/"},"img":{"alt_text":"","src":"https:\/\/i0.wp.com\/lasprimeras.com.do\/wp-content\/uploads\/2026\/02\/Luis-Miguel-De-Camps-1.jpg?resize=350%2C200&ssl=1","width":350,"height":200,"srcset":"https:\/\/i0.wp.com\/lasprimeras.com.do\/wp-content\/uploads\/2026\/02\/Luis-Miguel-De-Camps-1.jpg?resize=350%2C200&ssl=1 1x, https:\/\/i0.wp.com\/lasprimeras.com.do\/wp-content\/uploads\/2026\/02\/Luis-Miguel-De-Camps-1.jpg?resize=525%2C300&ssl=1 1.5x, https:\/\/i0.wp.com\/lasprimeras.com.do\/wp-content\/uploads\/2026\/02\/Luis-Miguel-De-Camps-1.jpg?resize=700%2C400&ssl=1 2x"},"classes":[]},{"id":104227,"url":"https:\/\/lasprimeras.com.do\/index.php\/2025\/07\/22\/ministro-de-educacion-presenta-estrategia-para-impulsar-empleo-etica-y-productividad-nacional\/","url_meta":{"origin":124334,"position":1},"title":"Ministro de Educaci\u00f3n presenta estrategia para impulsar empleo, \u00e9tica y productividad nacional","author":"Nelson Feliz","date":"22 de julio de 2025","format":false,"excerpt":"Luis Miguel De Camps enfatiz\u00f3 que el punto de partida para la innovaci\u00f3n y los empleos del ma\u00f1ana comienza en las escuelas. El ministro de Educaci\u00f3n, Luis Miguel De Camps, deline\u00f3 una ambiciosa estrategia que resalta c\u00f3mo la inversi\u00f3n en educaci\u00f3n es clave para potenciar la productividad, el empleo y\u2026","rel":"","context":"En \u00abNACIONALES\u00bb","block_context":{"text":"NACIONALES","link":"https:\/\/lasprimeras.com.do\/index.php\/category\/nacionales\/"},"img":{"alt_text":"","src":"https:\/\/i0.wp.com\/lasprimeras.com.do\/wp-content\/uploads\/2025\/07\/Luis-Miguel-De-Camps-1.jpg?resize=350%2C200&ssl=1","width":350,"height":200,"srcset":"https:\/\/i0.wp.com\/lasprimeras.com.do\/wp-content\/uploads\/2025\/07\/Luis-Miguel-De-Camps-1.jpg?resize=350%2C200&ssl=1 1x, https:\/\/i0.wp.com\/lasprimeras.com.do\/wp-content\/uploads\/2025\/07\/Luis-Miguel-De-Camps-1.jpg?resize=525%2C300&ssl=1 1.5x, https:\/\/i0.wp.com\/lasprimeras.com.do\/wp-content\/uploads\/2025\/07\/Luis-Miguel-De-Camps-1.jpg?resize=700%2C400&ssl=1 2x"},"classes":[]},{"id":106287,"url":"https:\/\/lasprimeras.com.do\/index.php\/2025\/08\/12\/ministro-luis-miguel-de-camps-y-sociedad-dominicana-de-diarios-sostienen-encuentro-para-fortalecer-lazos\/","url_meta":{"origin":124334,"position":2},"title":"Ministro Luis Miguel De Camps y Sociedad Dominicana de Diarios sostienen encuentro para fortalecer lazos","author":"Nelson Feliz","date":"12 de agosto de 2025","format":false,"excerpt":"El ministro de Educaci\u00f3n, Luis Miguel De Camps, sostuvo ayer un encuentro con directivos de la Sociedad Dominicana de Diarios (SDD) en el que se intercambiaron ideas sobre los principales avances del sistema educativo y se exploraron v\u00edas de colaboraci\u00f3n para fortalecer la formaci\u00f3n integral de los estudiantes. Durante la\u2026","rel":"","context":"En \u00abNACIONALES\u00bb","block_context":{"text":"NACIONALES","link":"https:\/\/lasprimeras.com.do\/index.php\/category\/nacionales\/"},"img":{"alt_text":"","src":"https:\/\/i0.wp.com\/lasprimeras.com.do\/wp-content\/uploads\/2025\/08\/Luis-Miguel-De-Camps.jpg?resize=350%2C200&ssl=1","width":350,"height":200,"srcset":"https:\/\/i0.wp.com\/lasprimeras.com.do\/wp-content\/uploads\/2025\/08\/Luis-Miguel-De-Camps.jpg?resize=350%2C200&ssl=1 1x, https:\/\/i0.wp.com\/lasprimeras.com.do\/wp-content\/uploads\/2025\/08\/Luis-Miguel-De-Camps.jpg?resize=525%2C300&ssl=1 1.5x, https:\/\/i0.wp.com\/lasprimeras.com.do\/wp-content\/uploads\/2025\/08\/Luis-Miguel-De-Camps.jpg?resize=700%2C400&ssl=1 2x"},"classes":[]},{"id":115965,"url":"https:\/\/lasprimeras.com.do\/index.php\/2025\/11\/26\/de-camps-busca-transformar-la-educacion-dominicana-en-qatar\/","url_meta":{"origin":124334,"position":3},"title":"De Camps busca transformar la educaci\u00f3n dominicana en Qatar","author":"Nelson Feliz","date":"26 de noviembre de 2025","format":false,"excerpt":"El ministro desarroll\u00f3 una agenda bilateral con entidades globales y autoridades de Qatar para impulsar iniciativas de innovaci\u00f3n, cobertura y educaci\u00f3n t\u00e9cnico-profesional. El ministro de Educaci\u00f3n, Luis Miguel De Camps, comparti\u00f3 en el WISE 12 \u2013 World Innovation Summit for Education, en Qatar, la visi\u00f3n del gobierno dominicano sobre c\u00f3mo\u2026","rel":"","context":"En \u00abNACIONALES\u00bb","block_context":{"text":"NACIONALES","link":"https:\/\/lasprimeras.com.do\/index.php\/category\/nacionales\/"},"img":{"alt_text":"Luis Miguel De Camps","src":"https:\/\/i0.wp.com\/lasprimeras.com.do\/wp-content\/uploads\/2025\/11\/Luis-Miguel-De-Camps-1.jpg?resize=350%2C200&ssl=1","width":350,"height":200,"srcset":"https:\/\/i0.wp.com\/lasprimeras.com.do\/wp-content\/uploads\/2025\/11\/Luis-Miguel-De-Camps-1.jpg?resize=350%2C200&ssl=1 1x, https:\/\/i0.wp.com\/lasprimeras.com.do\/wp-content\/uploads\/2025\/11\/Luis-Miguel-De-Camps-1.jpg?resize=525%2C300&ssl=1 1.5x, https:\/\/i0.wp.com\/lasprimeras.com.do\/wp-content\/uploads\/2025\/11\/Luis-Miguel-De-Camps-1.jpg?resize=700%2C400&ssl=1 2x"},"classes":[]},{"id":99112,"url":"https:\/\/lasprimeras.com.do\/index.php\/2025\/05\/18\/ministro-de-camps-declara-prioritaria-la-evaluacion-de-desempeno-docente-e-inicia-proceso-para-ejecutarla\/","url_meta":{"origin":124334,"position":4},"title":"Ministro De Camps declara prioritaria la &#8221;Evaluaci\u00f3n de Desempe\u00f1o Docente&#8221; e inicia proceso para ejecutarla","author":"Nelson Feliz","date":"18 de mayo de 2025","format":false,"excerpt":"El Ministerio de Educaci\u00f3n, bajo el liderazgo del ministro Luis Miguel De Camps, emiti\u00f3 la Orden Departamental N\u00fam. 50\/2025 que declara de alta prioridad la ejecuci\u00f3n de la Evaluaci\u00f3n de Desempe\u00f1o Docente, un instrumento clave para impulsar la mejora continua del sistema educativo preuniversitario y fortalecer la carrera docente. La\u2026","rel":"","context":"En \u00abNACIONALES\u00bb","block_context":{"text":"NACIONALES","link":"https:\/\/lasprimeras.com.do\/index.php\/category\/nacionales\/"},"img":{"alt_text":"Ministerio de Educaci\u00f3n","src":"https:\/\/i0.wp.com\/lasprimeras.com.do\/wp-content\/uploads\/2025\/05\/Ministerio-de-Educacion.jpg?resize=350%2C200&ssl=1","width":350,"height":200,"srcset":"https:\/\/i0.wp.com\/lasprimeras.com.do\/wp-content\/uploads\/2025\/05\/Ministerio-de-Educacion.jpg?resize=350%2C200&ssl=1 1x, https:\/\/i0.wp.com\/lasprimeras.com.do\/wp-content\/uploads\/2025\/05\/Ministerio-de-Educacion.jpg?resize=525%2C300&ssl=1 1.5x, https:\/\/i0.wp.com\/lasprimeras.com.do\/wp-content\/uploads\/2025\/05\/Ministerio-de-Educacion.jpg?resize=700%2C400&ssl=1 2x"},"classes":[]},{"id":106757,"url":"https:\/\/lasprimeras.com.do\/index.php\/2025\/08\/19\/ministro-de-educacion-garantiza-un-inicio-de-ano-escolar-exitoso\/","url_meta":{"origin":124334,"position":5},"title":"Ministro de Educaci\u00f3n garantiza un inicio de a\u00f1o escolar exitoso","author":"Nelson Feliz","date":"19 de agosto de 2025","format":false,"excerpt":"El ministro de Educaci\u00f3n, Luis Miguel De Camps, se re\u00fane con los directores de las 18 Direcciones Regionales y 122 Distritos Educativos del sistema preuniversitario, con el objetivo de coordinar y redoblar los esfuerzos previo al regreso a clases este lunes 25 de agosto. De Camps reiter\u00f3 el compromiso del\u2026","rel":"","context":"En \u00abNACIONALES\u00bb","block_context":{"text":"NACIONALES","link":"https:\/\/lasprimeras.com.do\/index.php\/category\/nacionales\/"},"img":{"alt_text":"","src":"https:\/\/i0.wp.com\/lasprimeras.com.do\/wp-content\/uploads\/2025\/08\/Luis-Miguel-De-Camps-1.jpg?resize=350%2C200&ssl=1","width":350,"height":200,"srcset":"https:\/\/i0.wp.com\/lasprimeras.com.do\/wp-content\/uploads\/2025\/08\/Luis-Miguel-De-Camps-1.jpg?resize=350%2C200&ssl=1 1x, https:\/\/i0.wp.com\/lasprimeras.com.do\/wp-content\/uploads\/2025\/08\/Luis-Miguel-De-Camps-1.jpg?resize=525%2C300&ssl=1 1.5x, https:\/\/i0.wp.com\/lasprimeras.com.do\/wp-content\/uploads\/2025\/08\/Luis-Miguel-De-Camps-1.jpg?resize=700%2C400&ssl=1 2x"},"classes":[]}],"jetpack_sharing_enabled":true,"_links":{"self":[{"href":"https:\/\/lasprimeras.com.do\/index.php\/wp-json\/wp\/v2\/posts\/124334","targetHints":{"allow":["GET"]}}],"collection":[{"href":"https:\/\/lasprimeras.com.do\/index.php\/wp-json\/wp\/v2\/posts"}],"about":[{"href":"https:\/\/lasprimeras.com.do\/index.php\/wp-json\/wp\/v2\/types\/post"}],"author":[{"embeddable":true,"href":"https:\/\/lasprimeras.com.do\/index.php\/wp-json\/wp\/v2\/users\/10"}],"replies":[{"embeddable":true,"href":"https:\/\/lasprimeras.com.do\/index.php\/wp-json\/wp\/v2\/comments?post=124334"}],"version-history":[{"count":1,"href":"https:\/\/lasprimeras.com.do\/index.php\/wp-json\/wp\/v2\/posts\/124334\/revisions"}],"predecessor-version":[{"id":124337,"href":"https:\/\/lasprimeras.com.do\/index.php\/wp-json\/wp\/v2\/posts\/124334\/revisions\/124337"}],"wp:featuredmedia":[{"embeddable":true,"href":"https:\/\/lasprimeras.com.do\/index.php\/wp-json\/wp\/v2\/media\/124335"}],"wp:attachment":[{"href":"https:\/\/lasprimeras.com.do\/index.php\/wp-json\/wp\/v2\/media?parent=124334"}],"wp:term":[{"taxonomy":"category","embeddable":true,"href":"https:\/\/lasprimeras.com.do\/index.php\/wp-json\/wp\/v2\/categories?post=124334"},{"taxonomy":"post_tag","embeddable":true,"href":"https:\/\/lasprimeras.com.do\/index.php\/wp-json\/wp\/v2\/tags?post=124334"}],"curies":[{"name":"wp","href":"https:\/\/api.w.org\/{rel}","templated":true}]}}