{"id":124338,"date":"2026-03-11T18:26:48","date_gmt":"2026-03-11T22:26:48","guid":{"rendered":"https:\/\/lasprimeras.com.do\/?p=124338"},"modified":"2026-03-11T18:26:50","modified_gmt":"2026-03-11T22:26:50","slug":"yvan-lorenzo-pide-al-gobierno-procesar-a-funcionarios-acusados-de-violacion-sexual-y-acoso-laboral","status":"publish","type":"post","link":"https:\/\/lasprimeras.com.do\/index.php\/2026\/03\/11\/yvan-lorenzo-pide-al-gobierno-procesar-a-funcionarios-acusados-de-violacion-sexual-y-acoso-laboral\/","title":{"rendered":"Yv\u00e1n Lorenzo pide al Gobierno procesar a funcionarios acusados de violaci\u00f3n sexual y acoso laboral"},"content":{"rendered":"\n<p>El vicepresidente del Partido de la Liberaci\u00f3n Dominicana, Yv\u00e1n Lorenzo, solicit\u00f3 este mi\u00e9rcoles al Gobierno formalizar ante el Ministerio P\u00fablico la solicitud de procesar a funcionarios acusados de supuesta violaci\u00f3n sexual y acoso laboral.<\/p>\n\n\n\n<p>&#8220;Pido al gobierno procesar a funcionarios acusados de violaci\u00f3n sexual y acoso laboral&#8221;, expres\u00f3.<\/p>\n\n\n\n<p>Asimismo asegur\u00f3, que el gobierno del PRM que encabeza el presidente de la Rep\u00fablica, Luis Abinader, evitan enviar ante el Ministerio P\u00fablico a los que acosan sexual y laboralmente.<\/p>\n\n\n\n<p>Por otra el exsenador de la provincia de El\u00edas Pi\u00f1a, dijo que en principio esas denuncia debieron llevarla al Ministerio P\u00fablico para que tengan sanciones ejemplares. Sin embargo hoy vemos el tratamiento que se le da desde el gobierno a las personas que acosan sexual y laboralmente.<\/p>\n\n\n\n<p>Lorenzo cit\u00f3 como ejemplo los 276 casos de corrupci\u00f3n que envi\u00f3 Milagros Ortiz Bosch al Ministerio de Administraci\u00f3n P\u00fablica hay nueve casos que son de acoso sexual y acoso laboral.<\/p>\n\n\n\n<p>&#8220;Como si se tratara de que el Ministerio de Administraci\u00f3n P\u00fablica ahora es la procuradur\u00eda o son representantes del Ministerio P\u00fablico. Lo mismo ocurri\u00f3 en el pasado con varios casos, incluyendo al exdirector del Instituto T\u00e9cnico Superior Comunitario (ITSC), Jos\u00e9 S\u00e1nchez&#8221;, indic\u00f3.<\/p>\n\n\n\n<p>&#8220;El presente gobierno que encabeza el PRM ha cambiado la configuraci\u00f3n jur\u00eddica del acoso sexual y el acoso laboral y de los abusos sexuales&#8221;, indic\u00f3.<\/p>\n\n\n\n<p>Yv\u00e1n Lorenzo reaccion\u00f3 a la solicitud de Guido G\u00f3mez Mazara, qui\u00e9n pidi\u00f3 al Partido Revolucionario Moderno la expulsi\u00f3n del regidor por la provincia San Crist\u00f3bal,&nbsp;\u00c1ngel Mar\u00eda&nbsp;\u00c1lvarez Peguero, acusado de la presunta agresi\u00f3n sexual a su nieta durante cuatro a\u00f1os.<\/p>\n","protected":false},"excerpt":{"rendered":"<p>El vicepresidente del Partido de la Liberaci\u00f3n Dominicana, Yv\u00e1n Lorenzo, solicit\u00f3 este mi\u00e9rcoles al Gobierno formalizar ante el Ministerio P\u00fablico la solicitud de procesar a funcionarios acusados de supuesta violaci\u00f3n&hellip;<\/p>\n","protected":false},"author":10,"featured_media":59213,"comment_status":"open","ping_status":"open","sticky":false,"template":"","format":"standard","meta":{"content-type":"","jetpack_post_was_ever_published":false,"_jetpack_newsletter_access":"","_jetpack_dont_email_post_to_subs":false,"_jetpack_newsletter_tier_id":0,"_jetpack_memberships_contains_paywalled_content":false,"_jetpack_memberships_contains_paid_content":false,"footnotes":""},"categories":[16559,25],"tags":[31073,713,170,171,31072,3365,1070],"class_list":["post-124338","post","type-post","status-publish","format-standard","has-post-thumbnail","hentry","category-politica","category-portada","tag-acoso-laboral","tag-acusados","tag-funcionarios","tag-gobierno","tag-procesar","tag-violacion-sexual","tag-yvan-lorenzo-2"],"jetpack_featured_media_url":"https:\/\/lasprimeras.com.do\/wp-content\/uploads\/2023\/08\/Yvan-Lorenzo-1.jpeg","jetpack-related-posts":[{"id":124435,"url":"https:\/\/lasprimeras.com.do\/index.php\/2026\/03\/12\/yvan-lorenzo-reclama-del-gobierno-procesar-a-funcionarios-acusados-de-abuso-sexual-y-acoso\/","url_meta":{"origin":124338,"position":0},"title":"Yv\u00e1n Lorenzo reclama del Gobierno procesar a funcionarios acusados de abuso sexual y acoso","author":"Nelson Feliz","date":"12 de marzo de 2026","format":false,"excerpt":"El vicepresidente del Partido de la Liberaci\u00f3n Dominicana, Yv\u00e1n Lorenzo, reclam\u00f3 al Gobierno formalizar ante el Ministerio P\u00fablico la solicitud de procesar a funcionarios acusados de supuesta violaci\u00f3n sexual y acoso laboral. \u00abPido al Gobierno procesar a funcionarios acusados de violaci\u00f3n sexual y acoso laboral\u00bb, expreso tras denunciar que desde\u2026","rel":"","context":"En \u00abPOLITICA\u00bb","block_context":{"text":"POLITICA","link":"https:\/\/lasprimeras.com.do\/index.php\/category\/politica\/"},"img":{"alt_text":"Iv\u00e1n Lorenzo","src":"https:\/\/i0.wp.com\/lasprimeras.com.do\/wp-content\/uploads\/2025\/05\/Ivan-Lorenzo.jpg?resize=350%2C200&ssl=1","width":350,"height":200,"srcset":"https:\/\/i0.wp.com\/lasprimeras.com.do\/wp-content\/uploads\/2025\/05\/Ivan-Lorenzo.jpg?resize=350%2C200&ssl=1 1x, https:\/\/i0.wp.com\/lasprimeras.com.do\/wp-content\/uploads\/2025\/05\/Ivan-Lorenzo.jpg?resize=525%2C300&ssl=1 1.5x, https:\/\/i0.wp.com\/lasprimeras.com.do\/wp-content\/uploads\/2025\/05\/Ivan-Lorenzo.jpg?resize=700%2C400&ssl=1 2x"},"classes":[]},{"id":56695,"url":"https:\/\/lasprimeras.com.do\/index.php\/2023\/08\/03\/claudia-rita-reclama-investigar-a-docentes-acusados-de-acoso-sexual\/","url_meta":{"origin":124338,"position":1},"title":"Claudia Rita reclama investigar a docentes acusados de acoso sexual","author":"Nelson Feliz","date":"3 de agosto de 2023","format":false,"excerpt":"La secretaria de Igualdad y equidad y g\u00e9nero del Partido de la Liberaci\u00f3n Dominicana (PLD), Claudia Rita Abreu, llam\u00f3 al Ministerio P\u00fablico a investigar sobre los docentes que han sido acusados de acoso y violaciones sexuales que luego han logrado descargos y limpieza de expedientes, para ser reincorporados al sistema\u2026","rel":"","context":"En \u00abSin categor\u00eda\u00bb","block_context":{"text":"Sin categor\u00eda","link":"https:\/\/lasprimeras.com.do\/index.php\/category\/sin-categoria\/"},"img":{"alt_text":"Claudia Rita","src":"https:\/\/i0.wp.com\/lasprimeras.com.do\/wp-content\/uploads\/2023\/08\/Claudia-Rita.jpeg?resize=350%2C200&ssl=1","width":350,"height":200,"srcset":"https:\/\/i0.wp.com\/lasprimeras.com.do\/wp-content\/uploads\/2023\/08\/Claudia-Rita.jpeg?resize=350%2C200&ssl=1 1x, https:\/\/i0.wp.com\/lasprimeras.com.do\/wp-content\/uploads\/2023\/08\/Claudia-Rita.jpeg?resize=525%2C300&ssl=1 1.5x, https:\/\/i0.wp.com\/lasprimeras.com.do\/wp-content\/uploads\/2023\/08\/Claudia-Rita.jpeg?resize=700%2C400&ssl=1 2x"},"classes":[]},{"id":117177,"url":"https:\/\/lasprimeras.com.do\/index.php\/2025\/12\/08\/pld-acusa-al-ministerio-publico-de-favoritismo-en-caso-de-corrupcion\/","url_meta":{"origin":124338,"position":2},"title":"PLD acusa al Ministerio P\u00fablico de favoritismo en caso de corrupci\u00f3n","author":"Nelson Feliz","date":"8 de diciembre de 2025","format":false,"excerpt":"El Partido de la Liberaci\u00f3n Dominicana (PLD) acus\u00f3 al Ministerio P\u00fablico de utilizar pr\u00e1cticas \u201cselectivas pol\u00edticamente orientadas\u201d en los casos de corrupci\u00f3n detectados en la administraci\u00f3n p\u00fablica. El vicepresidente del PLD, Yv\u00e1n Lorenzo, afirm\u00f3 que el tratamiento a los implicados es diferente si se trata de funcionarios del Partido Revolucionario\u2026","rel":"","context":"En \u00abPOLITICA\u00bb","block_context":{"text":"POLITICA","link":"https:\/\/lasprimeras.com.do\/index.php\/category\/politica\/"},"img":{"alt_text":"Yv\u00e1n Lorenzo","src":"https:\/\/i0.wp.com\/lasprimeras.com.do\/wp-content\/uploads\/2025\/04\/Yvan-Lorenzo.jpg?resize=350%2C200&ssl=1","width":350,"height":200,"srcset":"https:\/\/i0.wp.com\/lasprimeras.com.do\/wp-content\/uploads\/2025\/04\/Yvan-Lorenzo.jpg?resize=350%2C200&ssl=1 1x, https:\/\/i0.wp.com\/lasprimeras.com.do\/wp-content\/uploads\/2025\/04\/Yvan-Lorenzo.jpg?resize=525%2C300&ssl=1 1.5x, https:\/\/i0.wp.com\/lasprimeras.com.do\/wp-content\/uploads\/2025\/04\/Yvan-Lorenzo.jpg?resize=700%2C400&ssl=1 2x"},"classes":[]},{"id":77861,"url":"https:\/\/lasprimeras.com.do\/index.php\/2024\/02\/26\/unidad-sindical-de-mujeres-activas-pide-justicia-en-caso-paula-santana\/","url_meta":{"origin":124338,"position":3},"title":"Unidad Sindical de Mujeres Activas pide justicia en caso Paula Santana","author":"BIMARY DE JES\u00daS Matos","date":"26 de febrero de 2024","format":false,"excerpt":"Santo Domingo.-La Unidad Sindical de Mujeres Activas de la Confederaci\u00f3n Nacional de Unidad Sindical (Unisimas\/CNUS) demanda ante las autoridades de investigaci\u00f3n, en especial la Procuradur\u00eda General de la Rep\u00fablica y someter a la justicia y aplicar todo el peso de la ley contra los responsable de los actos de violencia\u2026","rel":"","context":"En \u00abPORTADA\u00bb","block_context":{"text":"PORTADA","link":"https:\/\/lasprimeras.com.do\/index.php\/category\/portada\/"},"img":{"alt_text":"","src":"https:\/\/i0.wp.com\/lasprimeras.com.do\/wp-content\/uploads\/2024\/02\/IMG-20240226-WA0066.jpg?resize=350%2C200&ssl=1","width":350,"height":200,"srcset":"https:\/\/i0.wp.com\/lasprimeras.com.do\/wp-content\/uploads\/2024\/02\/IMG-20240226-WA0066.jpg?resize=350%2C200&ssl=1 1x, https:\/\/i0.wp.com\/lasprimeras.com.do\/wp-content\/uploads\/2024\/02\/IMG-20240226-WA0066.jpg?resize=525%2C300&ssl=1 1.5x"},"classes":[]},{"id":55495,"url":"https:\/\/lasprimeras.com.do\/index.php\/2023\/07\/21\/legisladores-opinan-sobre-decision-de-la-pgr-de-archivar-expediente-contra-janel-ramirez\/","url_meta":{"origin":124338,"position":4},"title":"Legisladores opinan sobre decisi\u00f3n de la PGR de archivar expediente contra Janel Ram\u00edrez","author":"Nelson Feliz","date":"21 de julio de 2023","format":false,"excerpt":"Varios legisladores de diferentes partidos pol\u00edticos no tienen la misma opini\u00f3n sobre la decisi\u00f3n de la Procuradur\u00eda General de la Rep\u00fablica, de archivar el expediente de acoso laboral y sexual contra el presidente de la C\u00e1mara de Cuentas, Janel Ram\u00edrez. El diputado reformista, M\u00e1ximo Castro, aprovech\u00f3 lo que decidi\u00f3 el\u2026","rel":"","context":"En \u00abJUSTICIA\u00bb","block_context":{"text":"JUSTICIA","link":"https:\/\/lasprimeras.com.do\/index.php\/category\/justicia\/"},"img":{"alt_text":"Janel Andr\u00e9s Ram\u00edrez S\u00e1nchez","src":"https:\/\/i0.wp.com\/lasprimeras.com.do\/wp-content\/uploads\/2023\/07\/Janel-Andres-Ramirez-Sanchez.jpg?resize=350%2C200&ssl=1","width":350,"height":200,"srcset":"https:\/\/i0.wp.com\/lasprimeras.com.do\/wp-content\/uploads\/2023\/07\/Janel-Andres-Ramirez-Sanchez.jpg?resize=350%2C200&ssl=1 1x, https:\/\/i0.wp.com\/lasprimeras.com.do\/wp-content\/uploads\/2023\/07\/Janel-Andres-Ramirez-Sanchez.jpg?resize=525%2C300&ssl=1 1.5x"},"classes":[]},{"id":111820,"url":"https:\/\/lasprimeras.com.do\/index.php\/2025\/10\/13\/yvan-lorenzo-camara-de-cuentas-genera-suspicacia-y-desconfianza\/","url_meta":{"origin":124338,"position":5},"title":"Yvan Lorenzo: C\u00e1mara de Cuentas genera suspicacia y desconfianza","author":"Nelson Feliz","date":"13 de octubre de 2025","format":false,"excerpt":"El PLD deplora que el rol de control y fiscalizaci\u00f3n de la C\u00e1mara de Cuentas ha sido desplazado por la mala pr\u00e1ctica de filtrar investigaciones sobre funcionarios del gobierno anterior El Partido de la Liberaci\u00f3n Dominicana (PLD) cuestion\u00f3 la inercia de la C\u00e1mara de Cuentas como \u00f3rgano de control y\u2026","rel":"","context":"En \u00abPOLITICA\u00bb","block_context":{"text":"POLITICA","link":"https:\/\/lasprimeras.com.do\/index.php\/category\/politica\/"},"img":{"alt_text":"","src":"https:\/\/i0.wp.com\/lasprimeras.com.do\/wp-content\/uploads\/2025\/10\/Yvan-Lorenzo.jpg?resize=350%2C200&ssl=1","width":350,"height":200,"srcset":"https:\/\/i0.wp.com\/lasprimeras.com.do\/wp-content\/uploads\/2025\/10\/Yvan-Lorenzo.jpg?resize=350%2C200&ssl=1 1x, https:\/\/i0.wp.com\/lasprimeras.com.do\/wp-content\/uploads\/2025\/10\/Yvan-Lorenzo.jpg?resize=525%2C300&ssl=1 1.5x, https:\/\/i0.wp.com\/lasprimeras.com.do\/wp-content\/uploads\/2025\/10\/Yvan-Lorenzo.jpg?resize=700%2C400&ssl=1 2x"},"classes":[]}],"jetpack_sharing_enabled":true,"_links":{"self":[{"href":"https:\/\/lasprimeras.com.do\/index.php\/wp-json\/wp\/v2\/posts\/124338","targetHints":{"allow":["GET"]}}],"collection":[{"href":"https:\/\/lasprimeras.com.do\/index.php\/wp-json\/wp\/v2\/posts"}],"about":[{"href":"https:\/\/lasprimeras.com.do\/index.php\/wp-json\/wp\/v2\/types\/post"}],"author":[{"embeddable":true,"href":"https:\/\/lasprimeras.com.do\/index.php\/wp-json\/wp\/v2\/users\/10"}],"replies":[{"embeddable":true,"href":"https:\/\/lasprimeras.com.do\/index.php\/wp-json\/wp\/v2\/comments?post=124338"}],"version-history":[{"count":1,"href":"https:\/\/lasprimeras.com.do\/index.php\/wp-json\/wp\/v2\/posts\/124338\/revisions"}],"predecessor-version":[{"id":124339,"href":"https:\/\/lasprimeras.com.do\/index.php\/wp-json\/wp\/v2\/posts\/124338\/revisions\/124339"}],"wp:featuredmedia":[{"embeddable":true,"href":"https:\/\/lasprimeras.com.do\/index.php\/wp-json\/wp\/v2\/media\/59213"}],"wp:attachment":[{"href":"https:\/\/lasprimeras.com.do\/index.php\/wp-json\/wp\/v2\/media?parent=124338"}],"wp:term":[{"taxonomy":"category","embeddable":true,"href":"https:\/\/lasprimeras.com.do\/index.php\/wp-json\/wp\/v2\/categories?post=124338"},{"taxonomy":"post_tag","embeddable":true,"href":"https:\/\/lasprimeras.com.do\/index.php\/wp-json\/wp\/v2\/tags?post=124338"}],"curies":[{"name":"wp","href":"https:\/\/api.w.org\/{rel}","templated":true}]}}