{"id":124340,"date":"2026-03-11T18:35:15","date_gmt":"2026-03-11T22:35:15","guid":{"rendered":"https:\/\/lasprimeras.com.do\/?p=124340"},"modified":"2026-03-11T18:35:17","modified_gmt":"2026-03-11T22:35:17","slug":"trump-le-sigue-diciendo-a-estados-unidos-que-va-ganando-en-iran-en-una-guerra-sin-un-final-claro","status":"publish","type":"post","link":"https:\/\/lasprimeras.com.do\/index.php\/2026\/03\/11\/trump-le-sigue-diciendo-a-estados-unidos-que-va-ganando-en-iran-en-una-guerra-sin-un-final-claro\/","title":{"rendered":"Trump le sigue diciendo a Estados Unidos que va ganando en Ir\u00e1n en una guerra sin un final claro"},"content":{"rendered":"\n<p>POR AAMER MADHANI<\/p>\n\n\n\n<p>WASHINGTON (AP) \u2014 Ante unos mercados mundiales nerviosos y unas cifras en las encuestas a la baja desde que inici\u00f3 la guerra contra Ir\u00e1n, el presidente Donald Trump ha pasado de pedir una \u201crendici\u00f3n incondicional\u201d a mostrarse dispuesto a aceptar un desenlace en el que la Rep\u00fablica Isl\u00e1mica cambie a un ayatol\u00e1 de l\u00ednea dura por otro.<\/p>\n\n\n\n<p>Los cambiantes comentarios del presidente republicano y de sus principales asesores aumentan la precariedad del conflicto, que ya lleva 12 d\u00edas, afecta a casi todos los rincones de Oriente Medio y provoca sacudidas econ\u00f3micas en todo el mundo.<\/p>\n\n\n\n<p>Como ninguna de las partes cede, la guerra avanza ahora por un camino impredecible, en el que a\u00fan no est\u00e1 claro un final cre\u00edble.<\/p>\n\n\n\n<p>El secretario de Defensa, Pete Hegseth, dijo a los periodistas el martes que depende de Trump \u201csi es el comienzo, la mitad o el final\u201d de la guerra.<\/p>\n\n\n\n<p>En un discurso pronunciado el lunes en una reuni\u00f3n de republicanos de la C\u00e1mara de Representantes, el mandatario pas\u00f3 de calificar la guerra como una \u201cincursi\u00f3n a corto plazo\u201d que podr\u00eda terminar pronto a proclamar: \u201cno hemos ganado lo suficiente\u201d.<\/p>\n\n\n\n<p>La vacilaci\u00f3n ha alimentado las cr\u00edticas de quienes sostienen que Trump carece de un objetivo claro. El senador dem\u00f3crata por Arizona, Mark Kelly, dijo a los periodistas: \u201cNo ten\u00edan un plan. No tienen un calendario. Y por eso, no tienen una estrategia de salida\u201d.<\/p>\n\n\n\n<p>Una meta en constante cambio<\/p>\n\n\n\n<p>Desde que orden\u00f3 el bombardeo sobre Ir\u00e1n, Trump ha cambiado continuamente sus plazos y objetivos para su guerra contra la Rep\u00fablica Isl\u00e1mica, una ret\u00f3rica cruzada que ha generado m\u00e1s preguntas que respuestas.<\/p>\n\n\n\n<p>En los \u00faltimos d\u00edas, el presidente republicano ha exigido la \u201crendici\u00f3n incondicional\u201d de los l\u00edderes de Ir\u00e1n, al tiempo que ha sugerido que ya logr\u00f3 su objetivo de diezmar al ej\u00e9rcito iran\u00ed.<\/p>\n\n\n\n<p>Al mismo tiempo, su equipo ha intentado tranquilizar a los nerviosos estadounidenses asegurando que este no ser\u00e1 un conflicto largo y prolongado, aun cuando el presidente ha insistido en que no ha descartado la opci\u00f3n de desplegar tropas de Estados Unidos en tierra.<\/p>\n\n\n\n<p>El Ej\u00e9rcito de Estados Unidos afirma que casi ha destruido la marina iran\u00ed y ha logrado grandes avances para neutralizar la capacidad de Ir\u00e1n de lanzar misiles y drones contra sus vecinos en toda la regi\u00f3n.<\/p>\n\n\n\n<p>Y, sin embargo, el crucial estrecho de Ormuz, por el que, en un d\u00eda t\u00edpico, pasa aproximadamente el 20% del petr\u00f3leo mundial, sigue pr\u00e1cticamente cerrado al comercio, y los l\u00edderes iran\u00edes no se han doblegado.<\/p>\n\n\n\n<p>La Guardia Revolucionaria prometi\u00f3 que Ir\u00e1n no permitir\u00eda el paso de \u201cni un solo litro de petr\u00f3leo\u201d por esa v\u00eda mar\u00edtima vital hasta que Estados Unidos detenga su campa\u00f1a de bombardeos.<\/p>\n\n\n\n<p>Y Ali Larijani, el principal responsable de seguridad nacional de Ir\u00e1n, lanz\u00f3 un mensaje de intimidaci\u00f3n el martes despu\u00e9s de que Trump hubiera amenazado con atacar a Ir\u00e1n \u201cVEINTE VECES M\u00c1S FUERTE\u201d si Teher\u00e1n deten\u00eda el flujo de petr\u00f3leo a trav\u00e9s del estrecho.<\/p>\n\n\n\n<p>\u201cLa sacrificada naci\u00f3n de Ir\u00e1n no teme sus amenazas vac\u00edas\u201d, escribi\u00f3 Larijani en X. \u201cNi siquiera quienes eran m\u00e1s grandes que usted pudieron eliminar a Ir\u00e1n. Tenga cuidado de no ser eliminado usted mismo\u201d.<\/p>\n\n\n\n<p>Convencer a los estadounidenses<\/p>\n\n\n\n<p>Trump no ha logrado persuadir del todo a los estadounidenses sobre la necesidad de una acci\u00f3n preventiva contra Ir\u00e1n y c\u00f3mo encaja con su promesa de mantener a Estados Unidos fuera de las \u201cguerras eternas\u201d de las \u00faltimas dos d\u00e9cadas, a las que ha criticado por costar demasiado dinero y demasiadas vidas estadounidenses.<br>Hasta ahora, 7 soldados de Estados Unidos han muerto y unos 140 han resultado heridos en las andanadas de represalia de Ir\u00e1n en toda la regi\u00f3n.<\/p>\n\n\n\n<p>Una de las razones que Trump ha ofrecido para justificar el inicio de la guerra es que tuvo el \u201cpresentimiento\u201d de que Ir\u00e1n se estaba preparando para atacar a Estados Unidos.<\/p>\n\n\n\n<p>La secretaria de prensa de la Casa Blanca, Karoline Leavitt, matiz\u00f3 ligeramente esa postura al decir a los periodistas que el presidente \u201ctuvo un presentimiento\u201d que estaba \u201cbasado en hechos\u201d.<\/p>\n\n\n\n<p>Sin embargo, funcionarios del Pent\u00e1gono, en sesiones informativas privadas, han dicho a asesores del Congreso que Estados Unidos no tiene informaci\u00f3n de inteligencia que indique que Ir\u00e1n estuviera planeando atacar preventivamente a Estados Unidos.<\/p>\n\n\n\n<p>Encuestas recientes muestran que la decisi\u00f3n de Trump de atacar a Ir\u00e1n no se ha acompa\u00f1ada del efecto de \u201ccerrar filas en torno a la bandera\u201d que t\u00edpicamente se ha producido al inicio de otras guerras recientes de Estados Unidos.<\/p>\n\n\n\n<p>Cerca de la mitad de los votantes en encuestas de Quinnipiac y Fox News dijeron que la acci\u00f3n militar de Estados Unidos en Ir\u00e1n hace que Estados Unidos sea \u201cmenos seguro\u201d, mientras que solo alrededor de 3 de cada 10 en ambas encuestas dijeron que hizo al pa\u00eds m\u00e1s seguro.<\/p>\n\n\n\n<p>En una encuesta de CNN se encontr\u00f3 que alrededor de la mitad de los adultos de Estados Unidos pensaba que la acci\u00f3n militar har\u00eda que Ir\u00e1n fuera \u201cuna amenaza mayor\u201d para Estados Unidos, mientras que solo alrededor de 3 de cada 10 cre\u00eda que reducir\u00eda el peligro.<\/p>\n\n\n\n<p>En esa encuesta de CNN, cerca de 6 de cada 10 adultos de Estados Unidos dijeron que confiaban \u201cpoco\u201d o \u201cnada\u201d en que Trump tomar\u00eda las decisiones correctas sobre el uso de la fuerza de Estados Unidos en Ir\u00e1n.<\/p>\n\n\n\n<p>Los aliados europeos act\u00faan con cautela despu\u00e9s de que el primer ministro brit\u00e1nico Keir Starmer y el presidente del Gobierno de Espa\u00f1a, Pedro S\u00e1nchez, enfrentaran la ira de Trump, quien consider\u00f3 que no lo apoyaban lo suficiente en su guerra elegida.<\/p>\n\n\n\n<p>Pero incluso el canciller alem\u00e1n Friedrich Merz, que ha apoyado ampliamente la campa\u00f1a de Estados Unidos e Israel contra Ir\u00e1n, dijo el martes que \u201csurgen m\u00e1s preguntas con cada d\u00eda de guerra\u201d.<\/p>\n\n\n\n<p>\u201cSobre todo, nos preocupa que aparentemente no exista un plan conjunto sobre c\u00f3mo se puede llevar esta guerra r\u00e1pidamente a un final convincente\u201d, afirm\u00f3.<\/p>\n\n\n\n<p>Merz subray\u00f3 que \u201cAlemania y Europa no tienen inter\u00e9s en una guerra interminable\u201d ni en que se desintegre la integridad territorial de Ir\u00e1n.<\/p>\n\n\n\n<p>Desviar la responsabilidad por el bombardeo a una escuela<\/p>\n\n\n\n<p>El presidente ha optado por desviar la responsabilidad por el bombardeo de una escuela de ni\u00f1as en el sur de Ir\u00e1n el primer d\u00eda del conflicto, un ataque en el que murieron al menos a 165 personas.<\/p>\n\n\n\n<p>El s\u00e1bado, Trump culp\u00f3 a Ir\u00e1n del ataque al afirmar que sus fuerzas de seguridad son \u201cmuy imprecisas\u201d con las municiones.<\/p>\n\n\n\n<p>El lunes, despu\u00e9s de que el grupo de investigaci\u00f3n Bellingcat publicara un video verificado que mostraba un misil de crucero Tomahawk de Estados Unidos impactando una instalaci\u00f3n de la Guardia Revolucionaria cerca de la escuela y provocando la explosi\u00f3n, Trump volvi\u00f3 a insistir en que podr\u00eda haber sido culpa de Ir\u00e1n, pero dijo que aceptar\u00eda lo que determinara una investigaci\u00f3n en curso de Estados Unidos sobre el asunto.<\/p>\n\n\n\n<p>El presidente afirm\u00f3 err\u00f3neamente que Teher\u00e1n ten\u00eda acceso a Tomahawks, un sistema de armas fabricado en Estados Unidos que solo est\u00e1 disponible para el pa\u00eds y unos pocos aliados cercanos.<\/p>\n\n\n\n<p>A la pregunta de un reportero, Leavitt no respondi\u00f3 directamente por qu\u00e9 Trump asegur\u00f3 falsamente que Ir\u00e1n tiene acceso al misil fabricado en Estados Unidos.<\/p>\n\n\n\n<p>En cambio, respondi\u00f3 en parte que \u201cel presidente tiene derecho a compartir sus opiniones con el p\u00fablico estadounidense\u201d, al tiempo que se\u00f1al\u00f3 que \u201cha dicho que aceptar\u00e1 la conclusi\u00f3n de esa investigaci\u00f3n\u201d.<\/p>\n\n\n\n<p>El l\u00edder de la minor\u00eda del Senado, Chuck Schumer, representante dem\u00f3crata por Nueva York, dijo a los periodistas que la afirmaci\u00f3n de Trump \u201cva m\u00e1s all\u00e1 de lo absurdo\u201d.<\/p>\n\n\n\n<p>\u201cDe nuevo, dice lo que se le viene a la cabeza sin importar cu\u00e1l sea la verdad\u201d, afirm\u00f3. \u201cY todos sabemos que miente, pero en algo tan formidable como esto, es espantoso\u201d.<\/p>\n\n\n\n<p>El senador republicano de Dakota del Norte, Kevin Cramer, fue uno de los aliados de Trump que, con suavidad, defendieron la idea de que era importante que el gobierno de Trump aclarara qu\u00e9 ocurri\u00f3 con la escuela.<\/p>\n\n\n\n<p>Cramer dijo que el ej\u00e9rcito debe \u201chacer todo lo que pueda para eliminar esos errores en el futuro\u201d. \u201cPero tampoco se puede deshacer\u201d, a\u00f1adi\u00f3.<\/p>\n","protected":false},"excerpt":{"rendered":"<p>POR AAMER MADHANI WASHINGTON (AP) \u2014 Ante unos mercados mundiales nerviosos y unas cifras en las encuestas a la baja desde que inici\u00f3 la guerra contra Ir\u00e1n, el presidente Donald&hellip;<\/p>\n","protected":false},"author":10,"featured_media":124341,"comment_status":"open","ping_status":"open","sticky":false,"template":"","format":"standard","meta":{"content-type":"","jetpack_post_was_ever_published":false,"_jetpack_newsletter_access":"","_jetpack_dont_email_post_to_subs":false,"_jetpack_newsletter_tier_id":0,"_jetpack_memberships_contains_paywalled_content":false,"_jetpack_memberships_contains_paid_content":false,"footnotes":""},"categories":[16289],"tags":[978,98,31075,6186,31074],"class_list":["post-124340","post","type-post","status-publish","format-standard","has-post-thumbnail","hentry","category-internacionales","tag-donald-trump","tag-estados-unidos","tag-guerra-sin-un-final-claro","tag-iran","tag-va-ganando"],"jetpack_featured_media_url":"https:\/\/lasprimeras.com.do\/wp-content\/uploads\/2026\/03\/Donald-Trump-1.jpg","jetpack-related-posts":[{"id":98803,"url":"https:\/\/lasprimeras.com.do\/index.php\/2025\/05\/13\/trump-inicia-su-gira-internacional-con-numerosos-problemas-y-la-certeza-de-tener-las-respuestas\/","url_meta":{"origin":124340,"position":0},"title":"Trump inicia su gira internacional con numerosos problemas y la certeza de tener las respuestas","author":"Nelson Feliz","date":"13 de mayo de 2025","format":false,"excerpt":"POR AAMER MADHANI and DARLENE SUPERVILLE WASHINGTON (AP) \u2014 El presidente de Estados Unidos, Donald Trump, emprendi\u00f3 el lunes una visita a tres naciones en Oriente Medio, un viaje que originalmente planeaba centrar en sus esfuerzos por presionar a las ricas naciones del Golfo para que inviertan miles de millones\u2026","rel":"","context":"En \u00abINTERNACIONALES\u00bb","block_context":{"text":"INTERNACIONALES","link":"https:\/\/lasprimeras.com.do\/index.php\/category\/sin-categoria\/internacionales\/"},"img":{"alt_text":"","src":"https:\/\/i0.wp.com\/lasprimeras.com.do\/wp-content\/uploads\/2025\/05\/Donald-Trump-2.jpg?resize=350%2C200&ssl=1","width":350,"height":200,"srcset":"https:\/\/i0.wp.com\/lasprimeras.com.do\/wp-content\/uploads\/2025\/05\/Donald-Trump-2.jpg?resize=350%2C200&ssl=1 1x, https:\/\/i0.wp.com\/lasprimeras.com.do\/wp-content\/uploads\/2025\/05\/Donald-Trump-2.jpg?resize=525%2C300&ssl=1 1.5x, https:\/\/i0.wp.com\/lasprimeras.com.do\/wp-content\/uploads\/2025\/05\/Donald-Trump-2.jpg?resize=700%2C400&ssl=1 2x"},"classes":[]},{"id":98721,"url":"https:\/\/lasprimeras.com.do\/index.php\/2025\/05\/12\/trump-visita-estados-arabes-del-golfo-mientras-continuan-las-crisis-en-gaza-e-iran\/","url_meta":{"origin":124340,"position":1},"title":"Trump visita estados \u00e1rabes del Golfo mientras contin\u00faan las crisis en Gaza e Ir\u00e1n","author":"Nelson Feliz","date":"12 de mayo de 2025","format":false,"excerpt":"POR JON GAMBRELL and TIA GOLDENBERG DUB\u00c1I, Emiratos \u00c1rabes Unidos (AP) \u2014 En su viaje esta semana al Oriente Medio, el presidente de Estados Unidos, Donald Trump, visitar\u00e1 Arabia Saud\u00ed, Qatar y Emiratos \u00c1rabes Unidos, aunque sus desaf\u00edos regionales m\u00e1s urgentes conciernen a otros dos pa\u00edses: Israel e Ir\u00e1n. Despu\u00e9s\u2026","rel":"","context":"En \u00abINTERNACIONALES\u00bb","block_context":{"text":"INTERNACIONALES","link":"https:\/\/lasprimeras.com.do\/index.php\/category\/sin-categoria\/internacionales\/"},"img":{"alt_text":"","src":"https:\/\/i0.wp.com\/lasprimeras.com.do\/wp-content\/uploads\/2025\/05\/Donald-Trump-1.jpg?resize=350%2C200&ssl=1","width":350,"height":200,"srcset":"https:\/\/i0.wp.com\/lasprimeras.com.do\/wp-content\/uploads\/2025\/05\/Donald-Trump-1.jpg?resize=350%2C200&ssl=1 1x, https:\/\/i0.wp.com\/lasprimeras.com.do\/wp-content\/uploads\/2025\/05\/Donald-Trump-1.jpg?resize=525%2C300&ssl=1 1.5x, https:\/\/i0.wp.com\/lasprimeras.com.do\/wp-content\/uploads\/2025\/05\/Donald-Trump-1.jpg?resize=700%2C400&ssl=1 2x"},"classes":[]},{"id":99005,"url":"https:\/\/lasprimeras.com.do\/index.php\/2025\/05\/15\/trump-resta-importancia-a-la-ausencia-de-putin-en-las-conversaciones-de-estambul-con-zelenskyy\/","url_meta":{"origin":124340,"position":2},"title":"Trump resta importancia a la ausencia de Putin en las conversaciones de Estambul con Zelenskyy","author":"Nelson Feliz","date":"15 de mayo de 2025","format":false,"excerpt":"POR ZEKE MILLER and AAMER MADHANI DOHA, Qatar (AP) \u2014 El presidente de Estados Unidos, Donald Trump, dijo el jueves que no le sorprendi\u00f3 que el presidente ruso, Vlad\u00edmir Putin, no asistiera a las esperadas conversaciones de paz con Ucrania en Turqu\u00eda esta semana. Trump hab\u00eda presionado para que Putin\u2026","rel":"","context":"En \u00abINTERNACIONALES\u00bb","block_context":{"text":"INTERNACIONALES","link":"https:\/\/lasprimeras.com.do\/index.php\/category\/sin-categoria\/internacionales\/"},"img":{"alt_text":"","src":"https:\/\/i0.wp.com\/lasprimeras.com.do\/wp-content\/uploads\/2025\/05\/TRUMP.jpg?resize=350%2C200&ssl=1","width":350,"height":200,"srcset":"https:\/\/i0.wp.com\/lasprimeras.com.do\/wp-content\/uploads\/2025\/05\/TRUMP.jpg?resize=350%2C200&ssl=1 1x, https:\/\/i0.wp.com\/lasprimeras.com.do\/wp-content\/uploads\/2025\/05\/TRUMP.jpg?resize=525%2C300&ssl=1 1.5x, https:\/\/i0.wp.com\/lasprimeras.com.do\/wp-content\/uploads\/2025\/05\/TRUMP.jpg?resize=700%2C400&ssl=1 2x"},"classes":[]},{"id":98806,"url":"https:\/\/lasprimeras.com.do\/index.php\/2025\/05\/13\/el-principe-heredero-saudi-recibe-a-trump-en-el-reino-al-iniciar-su-gira-de-4-dias-por-oriente-medio\/","url_meta":{"origin":124340,"position":3},"title":"El pr\u00edncipe heredero saud\u00ed recibe a Trump en el reino al iniciar su gira de 4 d\u00edas por Oriente Medio","author":"Nelson Feliz","date":"13 de mayo de 2025","format":false,"excerpt":"POR AAMER MADHANI and ZEKE MILLER RIAD, Arabia Saud\u00ed (AP) \u2014 El presidente de Estados Unidos, Donald Trump, comenz\u00f3 el martes su viaje de cuatro d\u00edas por Oriente Medio visitando al gobernante de facto de Arabia Saud\u00ed, el pr\u00edncipe heredero Mohammed bin Salman, para conversar sobre los esfuerzos de Estados\u2026","rel":"","context":"En \u00abINTERNACIONALES\u00bb","block_context":{"text":"INTERNACIONALES","link":"https:\/\/lasprimeras.com.do\/index.php\/category\/sin-categoria\/internacionales\/"},"img":{"alt_text":"","src":"https:\/\/i0.wp.com\/lasprimeras.com.do\/wp-content\/uploads\/2025\/05\/Donald-Trump-1-1.jpg?resize=350%2C200&ssl=1","width":350,"height":200,"srcset":"https:\/\/i0.wp.com\/lasprimeras.com.do\/wp-content\/uploads\/2025\/05\/Donald-Trump-1-1.jpg?resize=350%2C200&ssl=1 1x, https:\/\/i0.wp.com\/lasprimeras.com.do\/wp-content\/uploads\/2025\/05\/Donald-Trump-1-1.jpg?resize=525%2C300&ssl=1 1.5x, https:\/\/i0.wp.com\/lasprimeras.com.do\/wp-content\/uploads\/2025\/05\/Donald-Trump-1-1.jpg?resize=700%2C400&ssl=1 2x"},"classes":[]},{"id":98844,"url":"https:\/\/lasprimeras.com.do\/index.php\/2025\/05\/13\/principe-heredero-saudi-recibe-a-trump-quien-inicia-gira-de-cuatro-dias-por-oriente-medio\/","url_meta":{"origin":124340,"position":4},"title":"Pr\u00edncipe heredero saud\u00ed recibe a Trump quien inicia gira de cuatro d\u00edas por Oriente Medio","author":"Nelson Feliz","date":"13 de mayo de 2025","format":false,"excerpt":"POR AAMER MADHANI,ZEKE MILLER and JON GAMBRELL RIAD, Arabia Saud\u00ed (AP) \u2014 El presidente estadounidense Donald Trump comenz\u00f3 el martes su viaje de cuatro d\u00edas por Oriente Medio en Arabia Saud\u00ed, centrando la atenci\u00f3n en sellar acuerdos econ\u00f3micos con un aliado clave de Oriente Medio en medio de preocupaciones compartidas\u2026","rel":"","context":"En \u00abINTERNACIONALES\u00bb","block_context":{"text":"INTERNACIONALES","link":"https:\/\/lasprimeras.com.do\/index.php\/category\/sin-categoria\/internacionales\/"},"img":{"alt_text":"","src":"https:\/\/i0.wp.com\/lasprimeras.com.do\/wp-content\/uploads\/2025\/05\/Donald-Trump-2-1.jpg?resize=350%2C200&ssl=1","width":350,"height":200,"srcset":"https:\/\/i0.wp.com\/lasprimeras.com.do\/wp-content\/uploads\/2025\/05\/Donald-Trump-2-1.jpg?resize=350%2C200&ssl=1 1x, https:\/\/i0.wp.com\/lasprimeras.com.do\/wp-content\/uploads\/2025\/05\/Donald-Trump-2-1.jpg?resize=525%2C300&ssl=1 1.5x, https:\/\/i0.wp.com\/lasprimeras.com.do\/wp-content\/uploads\/2025\/05\/Donald-Trump-2-1.jpg?resize=700%2C400&ssl=1 2x"},"classes":[]},{"id":99197,"url":"https:\/\/lasprimeras.com.do\/index.php\/2025\/05\/19\/trump-espera-avanzar-en-un-alto-el-fuego-en-ucrania-en-llamadas-con-putin-y-zelenskyy\/","url_meta":{"origin":124340,"position":5},"title":"Trump espera avanzar en un alto el fuego en Ucrania en llamadas con Putin y Zelenskyy","author":"Nelson Feliz","date":"19 de mayo de 2025","format":false,"excerpt":"POR JOSH BOAK WASHINGTON (AP) \u2014 El presidente de Estados Unidos, Donald Trump, espera que las llamadas telef\u00f3nicas separadas el lunes con el l\u00edder ruso, Vlad\u00edmir Putin, y el presidente ucraniano, Volodymyr Zelenskyy, logren avances hacia un alto el fuego en la guerra en Ucrania. Trump expres\u00f3 sus esperanzas de\u2026","rel":"","context":"En \u00abINTERNACIONALES\u00bb","block_context":{"text":"INTERNACIONALES","link":"https:\/\/lasprimeras.com.do\/index.php\/category\/sin-categoria\/internacionales\/"},"img":{"alt_text":"Donald Trump vs Vlad\u00edmir Putin","src":"https:\/\/i0.wp.com\/lasprimeras.com.do\/wp-content\/uploads\/2025\/05\/Donald-Trump-vs-Vladimir-Putin.jpg?resize=350%2C200&ssl=1","width":350,"height":200,"srcset":"https:\/\/i0.wp.com\/lasprimeras.com.do\/wp-content\/uploads\/2025\/05\/Donald-Trump-vs-Vladimir-Putin.jpg?resize=350%2C200&ssl=1 1x, https:\/\/i0.wp.com\/lasprimeras.com.do\/wp-content\/uploads\/2025\/05\/Donald-Trump-vs-Vladimir-Putin.jpg?resize=525%2C300&ssl=1 1.5x, https:\/\/i0.wp.com\/lasprimeras.com.do\/wp-content\/uploads\/2025\/05\/Donald-Trump-vs-Vladimir-Putin.jpg?resize=700%2C400&ssl=1 2x"},"classes":[]}],"jetpack_sharing_enabled":true,"_links":{"self":[{"href":"https:\/\/lasprimeras.com.do\/index.php\/wp-json\/wp\/v2\/posts\/124340","targetHints":{"allow":["GET"]}}],"collection":[{"href":"https:\/\/lasprimeras.com.do\/index.php\/wp-json\/wp\/v2\/posts"}],"about":[{"href":"https:\/\/lasprimeras.com.do\/index.php\/wp-json\/wp\/v2\/types\/post"}],"author":[{"embeddable":true,"href":"https:\/\/lasprimeras.com.do\/index.php\/wp-json\/wp\/v2\/users\/10"}],"replies":[{"embeddable":true,"href":"https:\/\/lasprimeras.com.do\/index.php\/wp-json\/wp\/v2\/comments?post=124340"}],"version-history":[{"count":1,"href":"https:\/\/lasprimeras.com.do\/index.php\/wp-json\/wp\/v2\/posts\/124340\/revisions"}],"predecessor-version":[{"id":124342,"href":"https:\/\/lasprimeras.com.do\/index.php\/wp-json\/wp\/v2\/posts\/124340\/revisions\/124342"}],"wp:featuredmedia":[{"embeddable":true,"href":"https:\/\/lasprimeras.com.do\/index.php\/wp-json\/wp\/v2\/media\/124341"}],"wp:attachment":[{"href":"https:\/\/lasprimeras.com.do\/index.php\/wp-json\/wp\/v2\/media?parent=124340"}],"wp:term":[{"taxonomy":"category","embeddable":true,"href":"https:\/\/lasprimeras.com.do\/index.php\/wp-json\/wp\/v2\/categories?post=124340"},{"taxonomy":"post_tag","embeddable":true,"href":"https:\/\/lasprimeras.com.do\/index.php\/wp-json\/wp\/v2\/tags?post=124340"}],"curies":[{"name":"wp","href":"https:\/\/api.w.org\/{rel}","templated":true}]}}