{"id":124349,"date":"2026-03-11T19:04:52","date_gmt":"2026-03-11T23:04:52","guid":{"rendered":"https:\/\/lasprimeras.com.do\/?p=124349"},"modified":"2026-03-11T19:04:54","modified_gmt":"2026-03-11T23:04:54","slug":"el-ultraderechista-jose-antonio-kast-jura-como-presidente-de-chile-ante-el-congreso","status":"publish","type":"post","link":"https:\/\/lasprimeras.com.do\/index.php\/2026\/03\/11\/el-ultraderechista-jose-antonio-kast-jura-como-presidente-de-chile-ante-el-congreso\/","title":{"rendered":"El ultraderechista Jos\u00e9 Antonio Kast jura como presidente de Chile ante el Congreso"},"content":{"rendered":"\n<p>POR NAYARA BATSCHKE<\/p>\n\n\n\n<p>VALPARA\u00cdSO, Chile (AP) \u2014 El ultraconservador Jos\u00e9 Antonio Kast jur\u00f3 el mi\u00e9rcoles como nuevo presidente de Chile en una ceremonia celebrada en el Congreso Nacional de la costera ciudad de Valpara\u00edso, lo que marca el giro m\u00e1s pronunciado hacia la derecha en la naci\u00f3n latinoamericana desde el regreso de la democracia en 1990.<\/p>\n\n\n\n<p>En el acto oficial estuvieron decenas de presidentes y l\u00edderes de Estado, entre ellos el ecuatoriano Daniel Noboa, el argentino Javier Milei y el rey Felipe VI de Espa\u00f1a.<\/p>\n\n\n\n<p>Pero su investidura se vio marcada tambi\u00e9n por notables ausencias, como la del presidente brasile\u00f1o Luiz In\u00e1cio Lula da Silva y el de El Salvador, Nayib Bukele, as\u00ed como el env\u00edo de una delegaci\u00f3n de bajo perfil desde Estados Unidos encabezada por el subsecretario de Estado, Christopher Landau.<\/p>\n\n\n\n<p>\u201cS\u00ed, juro\u201d, dijo Kast ante la presidenta del Senado, Paulina N\u00fa\u00f1ez Urrutia al asumir el mando.<\/p>\n\n\n\n<p>Fundador del Partido Republicano, Kast se impuso a la candidata oficialista Jeannette Jara con casi el 60% de los votos de un electorado atra\u00eddo por sus promesas de implementar un gobierno de emergencia para dar batalla al crimen organizado, el aumento de la delincuencia y la crisis migratoria que ha azotado a Chile en los \u00faltimos a\u00f1os.<\/p>\n\n\n\n<p>La llegada al poder de Kast, un abogado cat\u00f3lico de 60 a\u00f1os y uno de los principales rostros de la extrema derecha latinoamericana, marca el giro m\u00e1s acentuado hacia la derecha en Chile desde el fin de la dictadura militar del general Augusto Pinochet (1973-1990) y pone fin a la tendencia de gobiernos de centroderecha y centroizquierda que se han alternado en el poder desde entonces.<\/p>\n\n\n\n<p>En las inmediaciones del Congreso, se registraron diversas manifestaciones tanto en contra como a favor del nuevo mandatario, bajo un fuerte refuerzo policial.<\/p>\n\n\n\n<p>\u201cPoli amigo, el pueblo est\u00e1 contigo\u201d, dec\u00edan a coro simpatizantes de Kast portando banderas y pancartas en las que se le\u00eda \u201cViva Chile\u201d y \u201cPresidente del cambio\u201d. A pocos metros, un grupo de detractores promet\u00eda \u201cresistencia\u201d al nuevo gobierno, vociferando que \u201cel pueblo unido jam\u00e1s ser\u00e1 vencido\u201d.<\/p>\n\n\n\n<p>En otra zona de la ciudad, manifestantes marcharon en contra de Kast al paso que protestaron tambi\u00e9n contra el \u201cimperialismo\u201d norteamericano y quemaron un mu\u00f1eco que emulaba al presidente estadounidense Donald Trump.<\/p>\n\n\n\n<p>A diferencia de las otras dos ocasiones en la que disput\u00f3 la presidencia en 2017 y 2021 \u2014\u00e9sta \u00faltima cuando fue derrotado en el balotaje por el saliente mandatario Gabriel Boric\u2014 en los comicios del a\u00f1o pasado Kast dej\u00f3 a un lado su oposici\u00f3n al aborto, a la ideolog\u00eda de g\u00e9nero y al matrimonio igualitario y centr\u00f3 su discurso en los temas de contingencia.<\/p>\n\n\n\n<p>\u201cEsperamos junto a un gran equipo\u2026 ir recuperando la institucionalidad para que cada chileno sienta m\u00e1s paz y orden\u201d, reafirm\u00f3 Kast a v\u00edsperas de su investidura.<\/p>\n\n\n\n<p>Inspirado en las pol\u00edticas del presidente estadounidense Donald Trump y del salvadore\u00f1o Nayib Bukele, ha abogado por una pol\u00edtica de tolerancia cero con el crimen organizado y los migrantes indocumentados, prometiendo desde incursiones militares contra los narcos hasta la expulsi\u00f3n masiva de extranjeros y el refuerzo de las fronteras con muros y vallas.<\/p>\n\n\n\n<p>En el plano econ\u00f3mico Kast ha propuesto una dr\u00e1stica reducci\u00f3n del gasto p\u00fablico, con recortes de hasta 6.000 millones de d\u00f3lares, disminuci\u00f3n de impuestos y una reforma del aparato estatal para reducir los ministerios desde los 25 actuales a 12.<\/p>\n\n\n\n<p>Entre el miedo y la desilusi\u00f3n<\/p>\n\n\n\n<p>\u201cObvio que hay varios temas pendientes, pero lo \u00fanico que nos importa ahora es volver a caminar tranquilos en la calle. Hasta eso nos han robado\u201d, dijo la profesora jubilada Mar\u00eda Teresa Castro, de 61 a\u00f1os.<\/p>\n\n\n\n<p>Boric, quien en 2022 se convirti\u00f3 en el presidente m\u00e1s joven de la historia de Chile, dejar\u00e1 el cargo con un baj\u00edsimo nivel de aprobaci\u00f3n y como el peor evaluado desde 1990, seg\u00fan una encuesta publicada por la firma Cadem esta semana.<\/p>\n\n\n\n<p>Asimismo, m\u00e1s de la mitad de los consultados (53%) consider\u00f3 que su gobierno fue el peor desde el retorno de la democracia.<\/p>\n\n\n\n<p>\u201cNos prometi\u00f3 muchas cosas y despu\u00e9s fueron cuatro a\u00f1os de desilusi\u00f3n\u201d, asever\u00f3 la asistente de bodega Yamila Mart\u00ednez, de 31 a\u00f1os.<\/p>\n\n\n\n<p>Interrogantes abiertas<\/p>\n\n\n\n<p>En su primer discurso como presidente electo en diciembre Kast adopt\u00f3 una postura m\u00e1s moderada y conciliatoria, aunque en las \u00faltimas semanas subi\u00f3 el tono contra la administraci\u00f3n saliente.<\/p>\n\n\n\n<p>Las repetidas cr\u00edticas culminaron en la suspensi\u00f3n de las reuniones y actividades contempladas en el proceso de transici\u00f3n, algo in\u00e9dito en las \u00faltimas tres d\u00e9cadas.<\/p>\n\n\n\n<p>La conducta fue vista por la oposici\u00f3n y cr\u00edticos como una se\u00f1al de alerta sobre la capacidad de di\u00e1logo y negociaci\u00f3n del nuevo gobierno, que se enfrentar\u00e1 a un Congreso fragmentado y del que necesitar\u00e1 apoyo para sacar adelante sus proyectos.<\/p>\n\n\n\n<p>Mientras, movimientos sociales han manifestado preocupaci\u00f3n ante la falta de claridad sobre cu\u00e1l ser\u00e1 la postura de la entrante administraci\u00f3n acerca de propuestas que siguen estancadas en el Parlamento como la ampliaci\u00f3n del aborto legal, la ley de eutanasia y proyectos de derechos laborales.<\/p>\n\n\n\n<p>\u201cTengo miedo de lo que va a pasar con los proyectos sociales que se han avanzado hasta el momento\u201d, afirm\u00f3 la asistente social Celeste Sanzhueza, de 21 a\u00f1os. \u201cSiento que va a cambiar mucho Chile a partir de ahora\u201d.<\/p>\n","protected":false},"excerpt":{"rendered":"<p>POR NAYARA BATSCHKE VALPARA\u00cdSO, Chile (AP) \u2014 El ultraconservador Jos\u00e9 Antonio Kast jur\u00f3 el mi\u00e9rcoles como nuevo presidente de Chile en una ceremonia celebrada en el Congreso Nacional de la&hellip;<\/p>\n","protected":false},"author":10,"featured_media":124350,"comment_status":"open","ping_status":"open","sticky":false,"template":"","format":"standard","meta":{"content-type":"","jetpack_post_was_ever_published":false,"_jetpack_newsletter_access":"","_jetpack_dont_email_post_to_subs":false,"_jetpack_newsletter_tier_id":0,"_jetpack_memberships_contains_paywalled_content":false,"_jetpack_memberships_contains_paid_content":false,"footnotes":""},"categories":[16289],"tags":[530,31082,18523],"class_list":["post-124349","post","type-post","status-publish","format-standard","has-post-thumbnail","hentry","category-internacionales","tag-congreso","tag-jose-antonio-kast-jura-como-presidente-de-chile","tag-ultraderechista"],"jetpack_featured_media_url":"https:\/\/lasprimeras.com.do\/wp-content\/uploads\/2026\/03\/Jose-Antonio-Kast.jpg","jetpack-related-posts":[{"id":124287,"url":"https:\/\/lasprimeras.com.do\/index.php\/2026\/03\/10\/abinader-viaja-a-chile-para-transmision-de-mando-del-mandatario-electo-jose-antonio-kast-rist\/","url_meta":{"origin":124349,"position":0},"title":"Abinader viaja a Chile para transmisi\u00f3n de mando del mandatario electo Jos\u00e9 Antonio Kast Rist","author":"Nelson Feliz","date":"10 de marzo de 2026","format":false,"excerpt":"El presidente Luis Abinader sali\u00f3 este martes a la Rep\u00fablica de Chile para participar en los actos oficiales de la transmisi\u00f3n de mando presidencial de esa naci\u00f3n sudamericana, donde asumir\u00e1 el nuevo mandatario chileno, Jos\u00e9 Antonio Kast Rist. A su llegada a territorio chileno como parte de la agenda oficial,\u2026","rel":"","context":"En \u00abNACIONALES\u00bb","block_context":{"text":"NACIONALES","link":"https:\/\/lasprimeras.com.do\/index.php\/category\/nacionales\/"},"img":{"alt_text":"Luis Abinader","src":"https:\/\/i0.wp.com\/lasprimeras.com.do\/wp-content\/uploads\/2026\/03\/Luis-Abinader-7.jpg?resize=350%2C200&ssl=1","width":350,"height":200,"srcset":"https:\/\/i0.wp.com\/lasprimeras.com.do\/wp-content\/uploads\/2026\/03\/Luis-Abinader-7.jpg?resize=350%2C200&ssl=1 1x, https:\/\/i0.wp.com\/lasprimeras.com.do\/wp-content\/uploads\/2026\/03\/Luis-Abinader-7.jpg?resize=525%2C300&ssl=1 1.5x, https:\/\/i0.wp.com\/lasprimeras.com.do\/wp-content\/uploads\/2026\/03\/Luis-Abinader-7.jpg?resize=700%2C400&ssl=1 2x"},"classes":[]},{"id":124382,"url":"https:\/\/lasprimeras.com.do\/index.php\/2026\/03\/11\/abinader-regresa-a-rd-tras-investidura-de-jose-antonio-kast\/","url_meta":{"origin":124349,"position":1},"title":"Abinader regresa a RD tras investidura de Jos\u00e9 Antonio Kast","author":"Nelson Feliz","date":"11 de marzo de 2026","format":false,"excerpt":"El mandatario dominicano tambi\u00e9n se reuni\u00f3 con representantes de la comunidad dominicana en Chile Santiago de Chile. El presidente Luis Abinader viaj\u00f3 hacia la Rep\u00fablica Dominicana tras participar en los actos oficiales de investidura de Jos\u00e9 Antonio Kast Rist como presidente de la Rep\u00fablica de Chile, realizados este mi\u00e9rcoles 11\u2026","rel":"","context":"En \u00abNACIONALES\u00bb","block_context":{"text":"NACIONALES","link":"https:\/\/lasprimeras.com.do\/index.php\/category\/nacionales\/"},"img":{"alt_text":"","src":"https:\/\/i0.wp.com\/lasprimeras.com.do\/wp-content\/uploads\/2023\/06\/Luis-Abinader-regresa-SICA.jpg?resize=350%2C200&ssl=1","width":350,"height":200,"srcset":"https:\/\/i0.wp.com\/lasprimeras.com.do\/wp-content\/uploads\/2023\/06\/Luis-Abinader-regresa-SICA.jpg?resize=350%2C200&ssl=1 1x, https:\/\/i0.wp.com\/lasprimeras.com.do\/wp-content\/uploads\/2023\/06\/Luis-Abinader-regresa-SICA.jpg?resize=525%2C300&ssl=1 1.5x, https:\/\/i0.wp.com\/lasprimeras.com.do\/wp-content\/uploads\/2023\/06\/Luis-Abinader-regresa-SICA.jpg?resize=700%2C400&ssl=1 2x"},"classes":[]},{"id":124379,"url":"https:\/\/lasprimeras.com.do\/index.php\/2026\/03\/11\/presidente-abinader-participo-de-la-investidura-de-su-homologo-chileno-jose-antonio-kast\/","url_meta":{"origin":124349,"position":2},"title":"Presidente Abinader particip\u00f3 de la investidura de su hom\u00f3logo chileno Jos\u00e9 Antonio Kast","author":"Nelson Feliz","date":"11 de marzo de 2026","format":false,"excerpt":"El mandatario estuvo junto a la primera dama, Raquel Arbaje, y comparti\u00f3 con presidentes, el Rey Felipe VI Santiago de Chile. El presidente Luis Abinader particip\u00f3 de los actos oficiales de investidura de Jos\u00e9 Antonio Kast Rist como presidente de la Rep\u00fablica de Chile este mi\u00e9rcoles 11 en el Sal\u00f3n\u2026","rel":"","context":"En \u00abNACIONALES\u00bb","block_context":{"text":"NACIONALES","link":"https:\/\/lasprimeras.com.do\/index.php\/category\/nacionales\/"},"img":{"alt_text":"Presidente Abinader particip\u00f3 de la investidura de su hom\u00f3logo chileno Jos\u00e9 Antonio Kast","src":"https:\/\/i0.wp.com\/lasprimeras.com.do\/wp-content\/uploads\/2026\/03\/Presidente-Abinader-participo-de-la-investidura-de-su-homologo-chileno-Jose-Antonio-Kast.jpg?resize=350%2C200&ssl=1","width":350,"height":200,"srcset":"https:\/\/i0.wp.com\/lasprimeras.com.do\/wp-content\/uploads\/2026\/03\/Presidente-Abinader-participo-de-la-investidura-de-su-homologo-chileno-Jose-Antonio-Kast.jpg?resize=350%2C200&ssl=1 1x, https:\/\/i0.wp.com\/lasprimeras.com.do\/wp-content\/uploads\/2026\/03\/Presidente-Abinader-participo-de-la-investidura-de-su-homologo-chileno-Jose-Antonio-Kast.jpg?resize=525%2C300&ssl=1 1.5x, https:\/\/i0.wp.com\/lasprimeras.com.do\/wp-content\/uploads\/2026\/03\/Presidente-Abinader-participo-de-la-investidura-de-su-homologo-chileno-Jose-Antonio-Kast.jpg?resize=700%2C400&ssl=1 2x"},"classes":[]},{"id":124301,"url":"https:\/\/lasprimeras.com.do\/index.php\/2026\/03\/10\/presidente-abinader-llego-a-chile-para-la-investidura-del-presidente-jose-antonio-kast\/","url_meta":{"origin":124349,"position":3},"title":"Presidente Abinader lleg\u00f3 a Chile para la investidura del presidente Jos\u00e9 Antonio Kast","author":"Nelson Feliz","date":"10 de marzo de 2026","format":false,"excerpt":"Participar\u00e1 de actos oficiales junto a otros jefes de Estado y de Gobierno Santiago de Chile.- El presidente Luis Abinader arrib\u00f3 este martes a las 6:30 P.M., hora de Chile, al Aeropuerto Arturo Merino Ben\u00edtez, de Santiago de Chile, para asistir a la investidura como nuevo mandatario chileno, Jos\u00e9 Antonio\u2026","rel":"","context":"En \u00abINTERNACIONALES\u00bb","block_context":{"text":"INTERNACIONALES","link":"https:\/\/lasprimeras.com.do\/index.php\/category\/sin-categoria\/internacionales\/"},"img":{"alt_text":"","src":"https:\/\/i0.wp.com\/lasprimeras.com.do\/wp-content\/uploads\/2026\/03\/Abinader-llego-a-Chile-1.jpg?resize=350%2C200&ssl=1","width":350,"height":200,"srcset":"https:\/\/i0.wp.com\/lasprimeras.com.do\/wp-content\/uploads\/2026\/03\/Abinader-llego-a-Chile-1.jpg?resize=350%2C200&ssl=1 1x, https:\/\/i0.wp.com\/lasprimeras.com.do\/wp-content\/uploads\/2026\/03\/Abinader-llego-a-Chile-1.jpg?resize=525%2C300&ssl=1 1.5x, https:\/\/i0.wp.com\/lasprimeras.com.do\/wp-content\/uploads\/2026\/03\/Abinader-llego-a-Chile-1.jpg?resize=700%2C400&ssl=1 2x"},"classes":[]},{"id":119489,"url":"https:\/\/lasprimeras.com.do\/index.php\/2026\/01\/13\/abinader-felicita-a-jose-antonio-kast-por-su-triunfo-en-las-presidenciales-de-chile\/","url_meta":{"origin":124349,"position":4},"title":"Abinader felicita a Jos\u00e9 Antonio Kast por su triunfo en las presidenciales de Chile","author":"Nelson Feliz","date":"13 de enero de 2026","format":false,"excerpt":"El mandatario inform\u00f3, a trav\u00e9s de su cuenta en la red social X, que sostuvo una conversaci\u00f3n telef\u00f3nica con Kast. El presidente de la Rep\u00fablica, Luis Abinader, felicit\u00f3 la noche de este martes al mandatario electo de Chile, Jos\u00e9 Antonio Kast, tras su victoria en la segunda vuelta de las\u2026","rel":"","context":"En \u00abNACIONALES\u00bb","block_context":{"text":"NACIONALES","link":"https:\/\/lasprimeras.com.do\/index.php\/category\/nacionales\/"},"img":{"alt_text":"El presidente Luis Abinader y su hom\u00f3logo electro de Chile, Jos\u00e9 Antonio Kast.","src":"https:\/\/i0.wp.com\/lasprimeras.com.do\/wp-content\/uploads\/2026\/01\/felicita.jpg?resize=350%2C200&ssl=1","width":350,"height":200,"srcset":"https:\/\/i0.wp.com\/lasprimeras.com.do\/wp-content\/uploads\/2026\/01\/felicita.jpg?resize=350%2C200&ssl=1 1x, https:\/\/i0.wp.com\/lasprimeras.com.do\/wp-content\/uploads\/2026\/01\/felicita.jpg?resize=525%2C300&ssl=1 1.5x, https:\/\/i0.wp.com\/lasprimeras.com.do\/wp-content\/uploads\/2026\/01\/felicita.jpg?resize=700%2C400&ssl=1 2x"},"classes":[]},{"id":124358,"url":"https:\/\/lasprimeras.com.do\/index.php\/2026\/03\/11\/kast-asume-el-cargo-mientras-chile-marca-su-giro-mas-pronunciado-hacia-la-derecha-desde-la-dictadura\/","url_meta":{"origin":124349,"position":5},"title":"Kast asume el cargo mientras Chile marca su giro m\u00e1s pronunciado hacia la derecha desde la dictadura","author":"Nelson Feliz","date":"11 de marzo de 2026","format":false,"excerpt":"Por NAYARA BATSCHKE VALPARA\u00cdSO, Chile (AP) \u2014 El l\u00edder de extrema derecha Jos\u00e9 Antonio Kast prest\u00f3 juramento como nuevo presidente de Chile el mi\u00e9rcoles, lo que marca el giro m\u00e1s pronunciado hacia la derecha en la naci\u00f3n latinoamericana desde el regreso de la democracia en 1990. En una ceremonia en\u2026","rel":"","context":"En \u00abINTERNACIONALES\u00bb","block_context":{"text":"INTERNACIONALES","link":"https:\/\/lasprimeras.com.do\/index.php\/category\/sin-categoria\/internacionales\/"},"img":{"alt_text":"Jos\u00e9 Antonio Kast","src":"https:\/\/i0.wp.com\/lasprimeras.com.do\/wp-content\/uploads\/2026\/03\/Jose-Antonio-Kast-1.jpg?resize=350%2C200&ssl=1","width":350,"height":200,"srcset":"https:\/\/i0.wp.com\/lasprimeras.com.do\/wp-content\/uploads\/2026\/03\/Jose-Antonio-Kast-1.jpg?resize=350%2C200&ssl=1 1x, https:\/\/i0.wp.com\/lasprimeras.com.do\/wp-content\/uploads\/2026\/03\/Jose-Antonio-Kast-1.jpg?resize=525%2C300&ssl=1 1.5x, https:\/\/i0.wp.com\/lasprimeras.com.do\/wp-content\/uploads\/2026\/03\/Jose-Antonio-Kast-1.jpg?resize=700%2C400&ssl=1 2x"},"classes":[]}],"jetpack_sharing_enabled":true,"_links":{"self":[{"href":"https:\/\/lasprimeras.com.do\/index.php\/wp-json\/wp\/v2\/posts\/124349","targetHints":{"allow":["GET"]}}],"collection":[{"href":"https:\/\/lasprimeras.com.do\/index.php\/wp-json\/wp\/v2\/posts"}],"about":[{"href":"https:\/\/lasprimeras.com.do\/index.php\/wp-json\/wp\/v2\/types\/post"}],"author":[{"embeddable":true,"href":"https:\/\/lasprimeras.com.do\/index.php\/wp-json\/wp\/v2\/users\/10"}],"replies":[{"embeddable":true,"href":"https:\/\/lasprimeras.com.do\/index.php\/wp-json\/wp\/v2\/comments?post=124349"}],"version-history":[{"count":1,"href":"https:\/\/lasprimeras.com.do\/index.php\/wp-json\/wp\/v2\/posts\/124349\/revisions"}],"predecessor-version":[{"id":124351,"href":"https:\/\/lasprimeras.com.do\/index.php\/wp-json\/wp\/v2\/posts\/124349\/revisions\/124351"}],"wp:featuredmedia":[{"embeddable":true,"href":"https:\/\/lasprimeras.com.do\/index.php\/wp-json\/wp\/v2\/media\/124350"}],"wp:attachment":[{"href":"https:\/\/lasprimeras.com.do\/index.php\/wp-json\/wp\/v2\/media?parent=124349"}],"wp:term":[{"taxonomy":"category","embeddable":true,"href":"https:\/\/lasprimeras.com.do\/index.php\/wp-json\/wp\/v2\/categories?post=124349"},{"taxonomy":"post_tag","embeddable":true,"href":"https:\/\/lasprimeras.com.do\/index.php\/wp-json\/wp\/v2\/tags?post=124349"}],"curies":[{"name":"wp","href":"https:\/\/api.w.org\/{rel}","templated":true}]}}