{"id":124352,"date":"2026-03-11T19:12:34","date_gmt":"2026-03-11T23:12:34","guid":{"rendered":"https:\/\/lasprimeras.com.do\/?p=124352"},"modified":"2026-03-11T19:12:36","modified_gmt":"2026-03-11T23:12:36","slug":"estatua-gigante-del-nino-jesus-visita-el-barrio-de-tepito-en-ciudad-de-mexico-con-mensaje-de-paz","status":"publish","type":"post","link":"https:\/\/lasprimeras.com.do\/index.php\/2026\/03\/11\/estatua-gigante-del-nino-jesus-visita-el-barrio-de-tepito-en-ciudad-de-mexico-con-mensaje-de-paz\/","title":{"rendered":"Estatua gigante del Ni\u00f1o Jes\u00fas visita el barrio de Tepito en Ciudad de M\u00e9xico con mensaje de paz"},"content":{"rendered":"\n<p>Por MAR\u00cdA TERESA HERN\u00c1NDEZ<\/p>\n\n\n\n<p>CIUDAD DE M\u00c9XICO (AP) \u2014 Su rostro y cuerpo se asemejan a los de un reci\u00e9n nacido. Sin embargo, la estatua del Ni\u00f1o Jes\u00fas se eleva 5 metros (16 pies) y recorre el centro de M\u00e9xico difundiendo un mensaje de paz .<\/p>\n\n\n\n<p>La figura gigante lleg\u00f3 esta semana al barrio de Tepito de la Ciudad de M\u00e9xico , conocido por sus animados mercados callejeros y su fuerte identidad local, pero tambi\u00e9n por sus antiguos problemas de delincuencia . A continuaci\u00f3n, se ofrecieron oraciones, ofrendas y una misa.<\/p>\n\n\n\n<p>\u201cEl Ni\u00f1o Jes\u00fas lo es todo para m\u00ed y mi familia, porque somos muy cat\u00f3licos\u201d, dijo Guillermo Ram\u00edrez, residente local que coordin\u00f3 la log\u00edstica de la visita de la estatua. \u201cAl traerla aqu\u00ed, quiero demostrar que hay buena gente en Tepito\u201d.<\/p>\n\n\n\n<p>El m\u00fasico de 49 a\u00f1os vio por primera vez al Ni\u00f1o Jes\u00fas gigante en 2024 en un barrio cercano.<\/p>\n\n\n\n<p>Al ver la devoci\u00f3n que despertaba entre los fieles, pens\u00f3 que su propia comunidad tambi\u00e9n podr\u00eda beneficiarse. As\u00ed que contact\u00f3 a la familia propietaria de la estatua, que visit\u00f3 Tepito por primera vez ese mismo a\u00f1o.<\/p>\n\n\n\n<p>\u201cComo representa la paz, esperamos que haya paz en nuestro barrio, en nuestra familia\u201d, dijo la esposa de Ram\u00edrez, Alma Cravioto.<\/p>\n\n\n\n<p>Una estatua en una misi\u00f3n<\/p>\n\n\n\n<p>El artista mexicano Abraham G\u00f3mez cre\u00f3 la figura del Ni\u00f1o Jes\u00fas junto a su hermano en 2013.<\/p>\n\n\n\n<p>\u201cEsto empez\u00f3 como un proyecto llamado Caminata por la Paz y el Bien, que buscaba promover y difundir valores en familias, pueblos y barrios a trav\u00e9s del arte sacro\u201d, explic\u00f3 G\u00f3mez.<\/p>\n\n\n\n<p>La estatua ha viajado a comunidades de los estados mexicanos de Puebla, Tlaxcala y Jalisco, incluidos lugares donde la violencia derivada del narcotr\u00e1fico afecta a las comunidades locales .<\/p>\n\n\n\n<p>\u201c\u00daltimamente, la inseguridad ha complicado nuestras visitas\u201d, dijo G\u00f3mez. \u201cPero por eso creemos que estas actividades son m\u00e1s necesarias que nunca\u201d.<\/p>\n\n\n\n<p>Fabricada con una estructura de acero y capas de espuma de poliuretano y resina reforzada con fibra de vidrio, la estatua pesa aproximadamente media tonelada.<br>G\u00f3mez coment\u00f3 que se inspir\u00f3 en las peque\u00f1as figuras del Ni\u00f1o Jes\u00fas, tan apreciadas por los cat\u00f3licos mexicanos, quienes tradicionalmente las visten antes de la Candelaria, el 2 de febrero.<\/p>\n\n\n\n<p>\u00c9l y su hermano transportan la imagen en una enorme cesta colocada sobre un cami\u00f3n de plataforma. En cada viaje del Ni\u00f1o Jes\u00fas, encabezan una procesi\u00f3n que se dirige a una iglesia local o punto de encuentro, donde los devotos pueden hacer ofrendas y un sacerdote celebra la misa.<\/p>\n\n\n\n<p>Tras su llegada a Tepito el lunes por la noche, decenas de residentes se congregaron alrededor de la imponente estatua mientras la m\u00fasica y las oraciones inundaban la calle. Los vecinos tambi\u00e9n compartieron atole, una bebida tradicional de ma\u00edz caliente.<\/p>\n\n\n\n<p>\u201cPara nosotros, lo importante no es solo traer la estatua para que los visitantes puedan tomar fotos\u201d, dijo G\u00f3mez. \u201cSino que se lleven un mensaje que les quede grabado en el coraz\u00f3n\u201d.<\/p>\n\n\n\n<p>La fe en el barrio<\/p>\n\n\n\n<p>El gigante Ni\u00f1o Jes\u00fas dej\u00f3 su postura de dormir el martes y se sent\u00f3 erguido. Siguiendo la costumbre mexicana de vestirlo, los lugare\u00f1os vistieron la estatua con textiles tradicionales inspirados en el arte huichol, una colorida tradici\u00f3n ind\u00edgena del oeste de M\u00e9xico.<\/p>\n\n\n\n<p>\u201cQueremos rescatar las tradiciones de nuestras comunidades ancestrales\u201d, dijo G\u00f3mez. \u201cPara demostrar que M\u00e9xico es una mezcla de culturas, moldeada tanto por la herencia espa\u00f1ola como por las ra\u00edces ind\u00edgenas\u201d.<\/p>\n\n\n\n<p>Mar\u00eda Concepci\u00f3n Franco, residente de Tepito, coment\u00f3 que ya hab\u00eda visto la figura y que estaba emocionada de que visitara su colonia.<\/p>\n\n\n\n<p>\u201cEsto es una bendici\u00f3n para m\u00ed\u201d, dijo. \u201cMe ha concedido milagros y le he pedido mucho\u201d.<\/p>\n\n\n\n<p>Amigos y seres queridos le han regalado im\u00e1genes del Ni\u00f1o Jes\u00fas a lo largo de los a\u00f1os. Guarda algunas en casa y lleva una en su bolso.<\/p>\n\n\n\n<p>\u201cMe ayuda a mantenerme fuerte a pesar de todas las dificultades\u201d, dijo Franco. \u201cNo tengo hijos, pero le tengo un gran cari\u00f1o\u201d.<\/p>\n","protected":false},"excerpt":{"rendered":"<p>Por MAR\u00cdA TERESA HERN\u00c1NDEZ CIUDAD DE M\u00c9XICO (AP) \u2014 Su rostro y cuerpo se asemejan a los de un reci\u00e9n nacido. Sin embargo, la estatua del Ni\u00f1o Jes\u00fas se eleva&hellip;<\/p>\n","protected":false},"author":10,"featured_media":124353,"comment_status":"open","ping_status":"open","sticky":false,"template":"","format":"standard","meta":{"content-type":"","jetpack_post_was_ever_published":false,"_jetpack_newsletter_access":"","_jetpack_dont_email_post_to_subs":false,"_jetpack_newsletter_tier_id":0,"_jetpack_memberships_contains_paywalled_content":false,"_jetpack_memberships_contains_paid_content":false,"footnotes":""},"categories":[16289],"tags":[31085,13324,31083,28831,31084,843],"class_list":["post-124352","post","type-post","status-publish","format-standard","has-post-thumbnail","hentry","category-internacionales","tag-barrio-de-tepito","tag-ciudad-de-mexico","tag-estatua-gigante","tag-mensaje-de-paz","tag-nino-jesus","tag-visita"],"jetpack_featured_media_url":"https:\/\/lasprimeras.com.do\/wp-content\/uploads\/2026\/03\/Nino-Jesus.jpg","jetpack-related-posts":[{"id":118248,"url":"https:\/\/lasprimeras.com.do\/index.php\/2025\/12\/25\/el-papa-en-navidad-no-seamos-indiferentes-ante-el-sufrimiento\/","url_meta":{"origin":124352,"position":0},"title":"El papa en Navidad: No seamos indiferentes ante el sufrimiento","author":"Nelson Feliz","date":"25 de diciembre de 2025","format":false,"excerpt":"POR SILVIA STELLACCIand COLLEEN BARRY CIUDAD DEL VATICANO (AP) \u2014 Durante su primer mensaje del d\u00eda de Navidad, el papa Le\u00f3n XIV inst\u00f3 a los fieles a abandonar la indiferencia ante aquellos que lo han perdido todo, como en Gaza, aquellos que est\u00e1n empobrecidos, como en Yemen, y los muchos\u2026","rel":"","context":"En \u00abINTERNACIONALES\u00bb","block_context":{"text":"INTERNACIONALES","link":"https:\/\/lasprimeras.com.do\/index.php\/category\/sin-categoria\/internacionales\/"},"img":{"alt_text":"papa Le\u00f3n XIV","src":"https:\/\/i0.wp.com\/lasprimeras.com.do\/wp-content\/uploads\/2025\/12\/Papa-Leon-XIV.jpg?resize=350%2C200&ssl=1","width":350,"height":200,"srcset":"https:\/\/i0.wp.com\/lasprimeras.com.do\/wp-content\/uploads\/2025\/12\/Papa-Leon-XIV.jpg?resize=350%2C200&ssl=1 1x, https:\/\/i0.wp.com\/lasprimeras.com.do\/wp-content\/uploads\/2025\/12\/Papa-Leon-XIV.jpg?resize=525%2C300&ssl=1 1.5x, https:\/\/i0.wp.com\/lasprimeras.com.do\/wp-content\/uploads\/2025\/12\/Papa-Leon-XIV.jpg?resize=700%2C400&ssl=1 2x"},"classes":[]},{"id":72112,"url":"https:\/\/lasprimeras.com.do\/index.php\/2023\/12\/27\/rinden-homenaje-a-shakira-con-estatua-de-bronce-en-colombia\/","url_meta":{"origin":124352,"position":1},"title":"Rinden homenaje a Shakira con estatua de bronce en Colombia","author":"BIMARY DE JES\u00daS Matos","date":"27 de diciembre de 2023","format":false,"excerpt":"Colombia.- Una estatua de Shakira, hecha en bronce y de 6,5 metros de altura, fue develada este martes en el Gran Malec\u00f3n de su natal Barranquilla como un homenaje a su carrera art\u00edstica y a su legado para esa ciudad del Caribe colombiano. \u00abMe siento honrada y conmovida por este\u2026","rel":"","context":"En \u00abENTRETENIMIENTO\u00bb","block_context":{"text":"ENTRETENIMIENTO","link":"https:\/\/lasprimeras.com.do\/index.php\/category\/entretenimiento\/"},"img":{"alt_text":"","src":"https:\/\/i0.wp.com\/lasprimeras.com.do\/wp-content\/uploads\/2023\/12\/LIDOM-anuncia-reduccion-en-tiempo-de-juegos-3.webp?resize=350%2C200&ssl=1","width":350,"height":200,"srcset":"https:\/\/i0.wp.com\/lasprimeras.com.do\/wp-content\/uploads\/2023\/12\/LIDOM-anuncia-reduccion-en-tiempo-de-juegos-3.webp?resize=350%2C200&ssl=1 1x, https:\/\/i0.wp.com\/lasprimeras.com.do\/wp-content\/uploads\/2023\/12\/LIDOM-anuncia-reduccion-en-tiempo-de-juegos-3.webp?resize=525%2C300&ssl=1 1.5x"},"classes":[]},{"id":86689,"url":"https:\/\/lasprimeras.com.do\/index.php\/2024\/07\/30\/estatuas-de-hugo-chavez-en-venezuela-son-blanco-de-ataques-tras-elecciones\/","url_meta":{"origin":124352,"position":2},"title":"Estatuas de Hugo Ch\u00e1vez en Venezuela son blanco de ataques tras elecciones","author":"Nelson Feliz","date":"30 de julio de 2024","format":false,"excerpt":"By JOSHUA GOODMAN LA GUAIRA, Venezuela (AP) \u2014 Activistas antigubernamentales han hecho blanco de ataques y comenzaron a derribar esta semana algunas estatuas gigantes del expresidente venezolano Hugo Ch\u00e1vez en Venezuela, en un reflejo de su molestia luego de que las autoridades electorales dieran el triunfo de las elecciones al\u2026","rel":"","context":"En \u00abSin categor\u00eda\u00bb","block_context":{"text":"Sin categor\u00eda","link":"https:\/\/lasprimeras.com.do\/index.php\/category\/sin-categoria\/"},"img":{"alt_text":"","src":"https:\/\/i0.wp.com\/lasprimeras.com.do\/wp-content\/uploads\/2024\/07\/Estatuas.png?resize=350%2C200&ssl=1","width":350,"height":200,"srcset":"https:\/\/i0.wp.com\/lasprimeras.com.do\/wp-content\/uploads\/2024\/07\/Estatuas.png?resize=350%2C200&ssl=1 1x, https:\/\/i0.wp.com\/lasprimeras.com.do\/wp-content\/uploads\/2024\/07\/Estatuas.png?resize=525%2C300&ssl=1 1.5x, https:\/\/i0.wp.com\/lasprimeras.com.do\/wp-content\/uploads\/2024\/07\/Estatuas.png?resize=700%2C400&ssl=1 2x"},"classes":[]},{"id":56261,"url":"https:\/\/lasprimeras.com.do\/index.php\/2023\/07\/30\/asde-dedica-estatua-monumental-a-omar-torrijos-en-paseo-de-la-historia\/","url_meta":{"origin":124352,"position":3},"title":"ASDE dedica estatua monumental a Omar Torrijos en Paseo de la Historia","author":"Nelson Feliz","date":"30 de julio de 2023","format":false,"excerpt":"Por Martin Restituyo El alcalde Manuel Jim\u00e9nez y representantes del Gobierno de la Rep\u00fablica de Panam\u00e1, develizaron este domingo una estatua dedicada al general Omar Torrijos en el Paseo de la Historia de Santo Domingo Este, al lado de la efigie dedicada a Jos\u00e9 Francisco Pe\u00f1a G\u00f3mez. El acto solemne\u2026","rel":"","context":"En \u00abNACIONALES\u00bb","block_context":{"text":"NACIONALES","link":"https:\/\/lasprimeras.com.do\/index.php\/category\/nacionales\/"},"img":{"alt_text":"Manuel Jimenez","src":"https:\/\/i0.wp.com\/lasprimeras.com.do\/wp-content\/uploads\/2023\/07\/Manuel-Jimenez-8.jpg?resize=350%2C200&ssl=1","width":350,"height":200,"srcset":"https:\/\/i0.wp.com\/lasprimeras.com.do\/wp-content\/uploads\/2023\/07\/Manuel-Jimenez-8.jpg?resize=350%2C200&ssl=1 1x, https:\/\/i0.wp.com\/lasprimeras.com.do\/wp-content\/uploads\/2023\/07\/Manuel-Jimenez-8.jpg?resize=525%2C300&ssl=1 1.5x, https:\/\/i0.wp.com\/lasprimeras.com.do\/wp-content\/uploads\/2023\/07\/Manuel-Jimenez-8.jpg?resize=700%2C400&ssl=1 2x"},"classes":[]},{"id":117188,"url":"https:\/\/lasprimeras.com.do\/index.php\/2025\/12\/08\/el-papa-leon-xiv-pide-por-la-paz-cerca-de-la-plaza-de-espana\/","url_meta":{"origin":124352,"position":4},"title":"El papa Le\u00f3n XIV pide por la paz cerca de la Plaza de Espa\u00f1a","author":"Nelson Feliz","date":"8 de diciembre de 2025","format":false,"excerpt":"POR NICOLE WINFIELD ROMA (AP) \u2014 El papa Le\u00f3n XIV particip\u00f3 el lunes en una tradici\u00f3n papal muy de Roma: rezar por la paz ante una estatua de la Virgen Mar\u00eda cerca de la Plaza de Espa\u00f1a en el d\u00eda de la Inmaculada Concepci\u00f3n. El pont\u00edfice salud\u00f3 a miles de\u2026","rel":"","context":"En \u00abINTERNACIONALES\u00bb","block_context":{"text":"INTERNACIONALES","link":"https:\/\/lasprimeras.com.do\/index.php\/category\/sin-categoria\/internacionales\/"},"img":{"alt_text":"","src":"https:\/\/i0.wp.com\/lasprimeras.com.do\/wp-content\/uploads\/2025\/12\/El-papa-Leon-XIV-1.jpg?resize=350%2C200&ssl=1","width":350,"height":200,"srcset":"https:\/\/i0.wp.com\/lasprimeras.com.do\/wp-content\/uploads\/2025\/12\/El-papa-Leon-XIV-1.jpg?resize=350%2C200&ssl=1 1x, https:\/\/i0.wp.com\/lasprimeras.com.do\/wp-content\/uploads\/2025\/12\/El-papa-Leon-XIV-1.jpg?resize=525%2C300&ssl=1 1.5x, https:\/\/i0.wp.com\/lasprimeras.com.do\/wp-content\/uploads\/2025\/12\/El-papa-Leon-XIV-1.jpg?resize=700%2C400&ssl=1 2x"},"classes":[]},{"id":68737,"url":"https:\/\/lasprimeras.com.do\/index.php\/2023\/11\/27\/asde-inaugura-estatua-monumental-dedicada-a-manolo-tavarez-justo\/","url_meta":{"origin":124352,"position":5},"title":"ASDE inaugura estatua monumental dedicada a Manolo Tav\u00e1rez Justo","author":"Nelson Feliz","date":"27 de noviembre de 2023","format":false,"excerpt":"EL ALCALDE MANUEL JIM\u00c9NEZ Y FAMILIARES DE MANOLO DEVELIZARON LA OBRA EN EL PASEO DE LA HISTORIA CREADO POR LA ACTUAL GESTI\u00d3N MUNICIPAL. El alcalde de Santo Domingo Este, Manuel Jim\u00e9nez, familiares y ex integrantes del Movimiento 14 de Junio develizaron una estatua monumental dedicada a Manuel Aurelio Tav\u00e1rez Justo\u2026","rel":"","context":"En \u00abNACIONALES\u00bb","block_context":{"text":"NACIONALES","link":"https:\/\/lasprimeras.com.do\/index.php\/category\/nacionales\/"},"img":{"alt_text":"Manolo Tav\u00e1rez Justo","src":"https:\/\/i0.wp.com\/lasprimeras.com.do\/wp-content\/uploads\/2023\/11\/Manolo-Tavarez-Justo.jpg?resize=350%2C200&ssl=1","width":350,"height":200,"srcset":"https:\/\/i0.wp.com\/lasprimeras.com.do\/wp-content\/uploads\/2023\/11\/Manolo-Tavarez-Justo.jpg?resize=350%2C200&ssl=1 1x, https:\/\/i0.wp.com\/lasprimeras.com.do\/wp-content\/uploads\/2023\/11\/Manolo-Tavarez-Justo.jpg?resize=525%2C300&ssl=1 1.5x, https:\/\/i0.wp.com\/lasprimeras.com.do\/wp-content\/uploads\/2023\/11\/Manolo-Tavarez-Justo.jpg?resize=700%2C400&ssl=1 2x"},"classes":[]}],"jetpack_sharing_enabled":true,"_links":{"self":[{"href":"https:\/\/lasprimeras.com.do\/index.php\/wp-json\/wp\/v2\/posts\/124352","targetHints":{"allow":["GET"]}}],"collection":[{"href":"https:\/\/lasprimeras.com.do\/index.php\/wp-json\/wp\/v2\/posts"}],"about":[{"href":"https:\/\/lasprimeras.com.do\/index.php\/wp-json\/wp\/v2\/types\/post"}],"author":[{"embeddable":true,"href":"https:\/\/lasprimeras.com.do\/index.php\/wp-json\/wp\/v2\/users\/10"}],"replies":[{"embeddable":true,"href":"https:\/\/lasprimeras.com.do\/index.php\/wp-json\/wp\/v2\/comments?post=124352"}],"version-history":[{"count":1,"href":"https:\/\/lasprimeras.com.do\/index.php\/wp-json\/wp\/v2\/posts\/124352\/revisions"}],"predecessor-version":[{"id":124354,"href":"https:\/\/lasprimeras.com.do\/index.php\/wp-json\/wp\/v2\/posts\/124352\/revisions\/124354"}],"wp:featuredmedia":[{"embeddable":true,"href":"https:\/\/lasprimeras.com.do\/index.php\/wp-json\/wp\/v2\/media\/124353"}],"wp:attachment":[{"href":"https:\/\/lasprimeras.com.do\/index.php\/wp-json\/wp\/v2\/media?parent=124352"}],"wp:term":[{"taxonomy":"category","embeddable":true,"href":"https:\/\/lasprimeras.com.do\/index.php\/wp-json\/wp\/v2\/categories?post=124352"},{"taxonomy":"post_tag","embeddable":true,"href":"https:\/\/lasprimeras.com.do\/index.php\/wp-json\/wp\/v2\/tags?post=124352"}],"curies":[{"name":"wp","href":"https:\/\/api.w.org\/{rel}","templated":true}]}}