{"id":124355,"date":"2026-03-11T19:18:20","date_gmt":"2026-03-11T23:18:20","guid":{"rendered":"https:\/\/lasprimeras.com.do\/?p=124355"},"modified":"2026-03-11T19:18:22","modified_gmt":"2026-03-11T23:18:22","slug":"se-abre-juicio-en-miami-contra-4-hombres-acusados-del-asesinato-del-presidente-haitiano-jovenel-moise","status":"publish","type":"post","link":"https:\/\/lasprimeras.com.do\/index.php\/2026\/03\/11\/se-abre-juicio-en-miami-contra-4-hombres-acusados-del-asesinato-del-presidente-haitiano-jovenel-moise\/","title":{"rendered":"Se abre juicio en Miami contra 4 hombres acusados \u200b\u200bdel asesinato del presidente haitiano Jovenel Mo\u00efse"},"content":{"rendered":"\n<p>Por David Fischer<\/p>\n\n\n\n<p>MIAMI (AP) \u2014 La codicia, la arrogancia y el poder fueron las fuerzas impulsoras detr\u00e1s de cuatro hombres acusados \u200b\u200ben Estados Unidos por el asesinato en 2021 del \u00faltimo presidente electo de Hait\u00ed, Jovenel Mo\u00efse , dijeron los fiscales el martes durante las declaraciones iniciales.<\/p>\n\n\n\n<p>Fiscales federales y abogados defensores comenzaron a presentar sus alegatos iniciales en el juicio en Miami contra Arc\u00e1ngel Pretel Ortiz, Antonio Intriago, Walter Veintemilla y James Solages.<\/p>\n\n\n\n<p>Est\u00e1n acusados \u200b\u200bde conspirar en el sur de Florida para secuestrar o asesinar al exl\u00edder de Hait\u00ed.<\/p>\n\n\n\n<p>El asesinato de Mo\u00efse provoc\u00f3 una agitaci\u00f3n sin precedentes en la naci\u00f3n caribe\u00f1a, donde los l\u00edderes de pandillas se han vuelto cada vez m\u00e1s violentos y poderosos.<\/p>\n\n\n\n<p>El fiscal federal adjunto Sean McLaughlin dijo al jurado que el caso contra los cuatro hombres no era complicado: quer\u00edan tomar el poder y enriquecerse.<\/p>\n\n\n\n<p>\u201cTan arrogantes y confiados en s\u00ed mismos, como lo demostrar\u00e1 la evidencia, y pensando tan poco en la Rep\u00fablica de Hait\u00ed y su gente, realmente creyeron que pod\u00edan lograrlo\u201d, dijo McLaughlin.<\/p>\n\n\n\n<p>Los abogados defensores argumentaron que la investigaci\u00f3n iniciada en Hait\u00ed fue un desastre y que sus clientes fueron manipulados para asumir la culpa de un golpe interno.<\/p>\n\n\n\n<p>\u201cUna vez que empiezas con el pie izquierdo, todo lo que viene despu\u00e9s es dif\u00edcil de confiar\u201d, dijo el abogado de Ortiz, Orlando do Campo.<\/p>\n\n\n\n<p>Mo\u00efse fue asesinado el 7 de julio de 2021, cuando unas dos docenas de mercenarios extranjeros, en su mayor\u00eda colombianos, atacaron su casa cerca de Puerto Pr\u00edncipe, seg\u00fan informaron las autoridades.<\/p>\n\n\n\n<p>Seg\u00fan documentos judiciales, el sur de Florida fue un punto clave para la planificaci\u00f3n y financiaci\u00f3n del complot para derrocar a Mo\u00efse y reemplazarlo por alguien elegido por los conspiradores.<\/p>\n\n\n\n<p>Los cuatro acusados \u200b\u200b\u200b\u200bse enfrentan a posibles cadenas perpetuas y se han declarado inocentes.<\/p>\n\n\n\n<p>Ortiz e Intriago fueron directores de la Academia Federal de la Unidad Antiterrorista y de la Unidad de Seguridad Antiterrorista, conocidas colectivamente como CTU, y Veintemilla fue director de Worldwide Capital Lending Group. Ambas empresas ten\u00edan su sede en el sur de Florida.<\/p>\n\n\n\n<p>Solages era un representante de la CTU en Hait\u00ed que, seg\u00fan los investigadores, se coordin\u00f3 con otros, incluido Christian Sanon, un ciudadano haitiano-estadounidense a quien los conspiradores inicialmente favorecieron para reemplazar a Mo\u00efse.<\/p>\n\n\n\n<p>Los conspiradores se reunieron en el sur de Florida en abril de 2021 y acordaron que, una vez en el poder, Sanon adjudicar\u00eda contratos a la CTU para proyectos de infraestructura, fuerzas de seguridad y equipo militar, seg\u00fan los investigadores.<br>Worldwide Capital acord\u00f3 ayudar a financiar el golpe, extendiendo una l\u00ednea de cr\u00e9dito de $175,000 a la CTU y enviando dinero a los c\u00f3mplices en Hait\u00ed para la compra de municiones, seg\u00fan las autoridades.<\/p>\n\n\n\n<p>La CTU inicialmente retuvo a unos 20 colombianos con entrenamiento militar para brindar seguridad a Sanon.<\/p>\n\n\n\n<p>Los conspiradores tambi\u00e9n pasaron meses obteniendo armas y chalecos antibalas e intentando forjar v\u00ednculos con pandillas haitianas, seg\u00fan informaron las autoridades.<\/p>\n\n\n\n<p>Para junio de 2021, los conspiradores se dieron cuenta de que Sanon no ten\u00eda las cualificaciones constitucionales ni el apoyo popular suficiente para ser presidente. Entonces respaldaron a Wendelle Coq Th\u00e9lot , exjueza del Tribunal Superior de Hait\u00ed. Ella falleci\u00f3 en enero de 2025 mientras a\u00fan estaba pr\u00f3fuga.<\/p>\n\n\n\n<p>Los abogados defensores dijeron a los jurados que Sanon se acerc\u00f3 a sus clientes a principios de 2021 con planes para liberar a Hait\u00ed de Mo\u00efse, quien hab\u00eda excedido su mandato como presidente y enfrentaba cr\u00edticas de ciudadanos haitianos, pol\u00edticos estadounidenses y funcionarios de las Naciones Unidas.<\/p>\n\n\n\n<p>Emmanuel P\u00e9rez, abogado de Intriago, dijo que el grupo estaba trabajando con agentes del FBI, funcionarios de la embajada de Estados Unidos y miembros del gobierno haitiano en lo que cre\u00edan que era el arresto legal de un presidente criminal.<\/p>\n\n\n\n<p>La defensa ha se\u00f1alado a Joseph F\u00e9lix Badio , exfuncionario del gobierno haitiano arrestado en Hait\u00ed en 2023, como el cerebro detr\u00e1s de un plan para usar el arresto del presidente para asesinar a Mo\u00efse.<\/p>\n\n\n\n<p>Los abogados defensores afirman que Mo\u00efse ya hab\u00eda sido asesinado por hombres vestidos de polic\u00edas haitianos cuando las fuerzas de seguridad colombianas llegaron para arrestarlo.<\/p>\n\n\n\n<p>El grupo ten\u00eda una orden de arresto real firmada por un juez, seg\u00fan declar\u00f3 el abogado de Solages, Jonathan Friedman. El juez posteriormente afirm\u00f3 que la orden se firm\u00f3 bajo coacci\u00f3n.<\/p>\n\n\n\n<p>\u201cNinguna de las personas que est\u00e1n siendo juzgadas aqu\u00ed sab\u00eda eso\u201d, dijo Friedman.<\/p>\n\n\n\n<p>Marissel Descalzo, abogada de Veintemilla, se reserv\u00f3 el derecho de presentar su alegato despu\u00e9s de que el gobierno presente su caso.<\/p>\n\n\n\n<p>Tras la apertura del juicio, la fiscal\u00eda cit\u00f3 a su primera testigo, la viuda de Mo\u00efse. Martine Mo\u00efse, quien result\u00f3 herida durante el ataque, testific\u00f3 durante aproximadamente una hora antes del receso del d\u00eda. Est\u00e1 previsto que regrese el mi\u00e9rcoles.<\/p>\n\n\n\n<p>La jueza federal de distrito Jacqueline Becerra ha bloqueado m\u00e1s de dos meses para el juicio.<\/p>\n\n\n\n<p>Otras cinco personas se declararon culpables previamente de cargos de conspiraci\u00f3n en Estados Unidos y cumplen cadena perpetua. Una sexta persona fue condenada a nueve a\u00f1os de prisi\u00f3n tras declararse culpable de proporcionar chalecos antibalas a los conspiradores. El juicio de Sanon se programar\u00e1 m\u00e1s adelante.<\/p>\n\n\n\n<p>Diecisiete soldados colombianos y tres funcionarios haitianos enfrentan cargos en Hait\u00ed. La violencia de pandillas, las amenazas de muerte y un sistema judicial en declive han paralizado la investigaci\u00f3n.<\/p>\n","protected":false},"excerpt":{"rendered":"<p>Por David Fischer MIAMI (AP) \u2014 La codicia, la arrogancia y el poder fueron las fuerzas impulsoras detr\u00e1s de cuatro hombres acusados \u200b\u200ben Estados Unidos por el asesinato en 2021&hellip;<\/p>\n","protected":false},"author":10,"featured_media":124356,"comment_status":"open","ping_status":"open","sticky":false,"template":"","format":"standard","meta":{"content-type":"","jetpack_post_was_ever_published":false,"_jetpack_newsletter_access":"","_jetpack_dont_email_post_to_subs":false,"_jetpack_newsletter_tier_id":0,"_jetpack_memberships_contains_paywalled_content":false,"_jetpack_memberships_contains_paid_content":false,"footnotes":""},"categories":[16289],"tags":[31086,771,2892,31087,31088],"class_list":["post-124355","post","type-post","status-publish","format-standard","has-post-thumbnail","hentry","category-internacionales","tag-4-hombres-acusados","tag-asesinato","tag-jovenel-moise","tag-presidente-haitiano","tag-se-abre-juicio-en-miami"],"jetpack_featured_media_url":"https:\/\/lasprimeras.com.do\/wp-content\/uploads\/2026\/03\/Jovenel-Moise.jpg","jetpack-related-posts":[{"id":51719,"url":"https:\/\/lasprimeras.com.do\/index.php\/2023\/06\/02\/condenan-a-prision-perpetua-empresario-por-participar-en-asesinato-de-jovenel-moise\/","url_meta":{"origin":124355,"position":0},"title":"Condenan a prisi\u00f3n perpetua empresario por participar en asesinato de Jovenel Mo\u00efse","author":"prenxa100","date":"2 de junio de 2023","format":false,"excerpt":"Miami, AP.-. Un empresario de doble nacionalidad haitiana y chilena que ayud\u00f3 a exsoldados colombianos a conseguir armas para asesinar al presidente haitiano Jovenel Mo\u00efse en 2021 fue condenado el viernes a prisi\u00f3n perpetua en Estados Unidos, casi dos meses despu\u00e9s de haber admitido su participaci\u00f3n en el magnicidio. Rodolphe\u2026","rel":"","context":"En \u00abSin categor\u00eda\u00bb","block_context":{"text":"Sin categor\u00eda","link":"https:\/\/lasprimeras.com.do\/index.php\/category\/sin-categoria\/"},"img":{"alt_text":"","src":"","width":0,"height":0},"classes":[]},{"id":77338,"url":"https:\/\/lasprimeras.com.do\/index.php\/2024\/02\/20\/imputacion-de-la-viuda-del-presidente-de-haiti-abre-nuevo-capitulo-en-caso-de-magnicidio\/","url_meta":{"origin":124355,"position":1},"title":"Imputaci\u00f3n de la viuda del presidente de Hait\u00ed abre nuevo cap\u00edtulo en caso de magnicidio","author":"BIMARY DE JES\u00daS Matos","date":"20 de febrero de 2024","format":false,"excerpt":"Hait\u00ed.-La imputaci\u00f3n por asesinato a\u00a0Martine Mo\u00efse,\u00a0viuda del presidente haitiano\u00a0Jovenel Mo\u00efse, abre un nuevo cap\u00edtulo en la investigaci\u00f3n de este\u00a0magnicidio,\u00a0un caso por el que cinco personas ya se han declarado culpables ante la justicia de Estados Unidos, donde se planific\u00f3 y financi\u00f3 el complot. Mo\u00efse fue\u00a0torturado y asesinado\u00a0la madrugada del 7\u2026","rel":"","context":"En \u00abNACIONALES\u00bb","block_context":{"text":"NACIONALES","link":"https:\/\/lasprimeras.com.do\/index.php\/category\/nacionales\/"},"img":{"alt_text":"","src":"https:\/\/i0.wp.com\/lasprimeras.com.do\/wp-content\/uploads\/2024\/02\/image_content_7844288_20170207152647-focus-0-0-375-240.jpg?resize=350%2C200&ssl=1","width":350,"height":200},"classes":[]},{"id":75413,"url":"https:\/\/lasprimeras.com.do\/index.php\/2024\/02\/01\/caso-de-jovenel-moise-cuantos-exmilitares-colombianos-estan-detendios-por-el-asesinato-presidencial-en-haiti\/","url_meta":{"origin":124355,"position":2},"title":"Caso de Jovenel Mo\u00efse: cu\u00e1ntos exmilitares colombianos est\u00e1n detendios por el asesinato presidencial en Hait\u00ed","author":"Nelson Feliz","date":"1 de febrero de 2024","format":false,"excerpt":"Las autoridades locales llevan a cabo la investigaci\u00f3n sobre el magnicidio, con el respaldo de Estados Unidos y Colombia, tras dos a\u00f1os y medio desde el tr\u00e1gico suceso. Por Katherine Lancheros El asesinato del presidente haitiano, Jovenel Mo\u00efse, ocurrido en julio de 2021, sigue generando titulares y captando la atenci\u00f3n\u2026","rel":"","context":"En \u00abSin categor\u00eda\u00bb","block_context":{"text":"Sin categor\u00eda","link":"https:\/\/lasprimeras.com.do\/index.php\/category\/sin-categoria\/"},"img":{"alt_text":"Jovenel Mo\u00efse","src":"https:\/\/i0.wp.com\/lasprimeras.com.do\/wp-content\/uploads\/2024\/02\/jovenel.jpg?resize=350%2C200&ssl=1","width":350,"height":200,"srcset":"https:\/\/i0.wp.com\/lasprimeras.com.do\/wp-content\/uploads\/2024\/02\/jovenel.jpg?resize=350%2C200&ssl=1 1x, https:\/\/i0.wp.com\/lasprimeras.com.do\/wp-content\/uploads\/2024\/02\/jovenel.jpg?resize=525%2C300&ssl=1 1.5x, https:\/\/i0.wp.com\/lasprimeras.com.do\/wp-content\/uploads\/2024\/02\/jovenel.jpg?resize=700%2C400&ssl=1 2x"},"classes":[]},{"id":62368,"url":"https:\/\/lasprimeras.com.do\/index.php\/2023\/10\/04\/martelly-es-interrogado-4-horas-por-juez-investiga-asesinato-moise\/","url_meta":{"origin":124355,"position":3},"title":"Martelly es interrogado 4 horas por juez investiga asesinato Moise","author":"BIMARY DE JES\u00daS Matos","date":"4 de octubre de 2023","format":false,"excerpt":"Puerto Pr\u00edncipe.- El expresidente de Hait\u00ed, Michel Martelly, acudi\u00f3 este martes ante el juez de la Instrucci\u00f3n Walther Wesser Voltaire, quien investiga el asesinato del presidente Jovenel Moise, y permaneci\u00f3 durante cuatro horas respondiendo las preguntas del magistrado. Martelly, quien no ofreci\u00f3 declaraciones a los medios tras salir del interrogatorio,\u2026","rel":"","context":"En \u00abPORTADA\u00bb","block_context":{"text":"PORTADA","link":"https:\/\/lasprimeras.com.do\/index.php\/category\/portada\/"},"img":{"alt_text":"","src":"https:\/\/i0.wp.com\/lasprimeras.com.do\/wp-content\/uploads\/2023\/10\/WhatsApp-Image-2023-10-04-at-7.55.08-AM-9.jpeg?resize=350%2C200&ssl=1","width":350,"height":200,"srcset":"https:\/\/i0.wp.com\/lasprimeras.com.do\/wp-content\/uploads\/2023\/10\/WhatsApp-Image-2023-10-04-at-7.55.08-AM-9.jpeg?resize=350%2C200&ssl=1 1x, https:\/\/i0.wp.com\/lasprimeras.com.do\/wp-content\/uploads\/2023\/10\/WhatsApp-Image-2023-10-04-at-7.55.08-AM-9.jpeg?resize=525%2C300&ssl=1 1.5x"},"classes":[]},{"id":65421,"url":"https:\/\/lasprimeras.com.do\/index.php\/2023\/10\/27\/cadena-perpetua-para-militar-colombiano-implicado-en-asesinato-del-presidente-de-haiti\/","url_meta":{"origin":124355,"position":4},"title":"Cadena perpetua para militar colombiano implicado en asesinato del presidente de Hait\u00ed","author":"Nelson Feliz","date":"27 de octubre de 2023","format":false,"excerpt":"Un militar colombiano retirado fue condenado este viernes a cadena perpetua, en un tribunal de Miami (Florida), por participar en el asesinato del presidente de Hait\u00ed Jovenel Mo\u00efse, el 7 de julio de 2021, un magnicidio que hundi\u00f3 el pa\u00eds caribe\u00f1o en el caos. Germ\u00e1n Rivera, considerado uno de los\u2026","rel":"","context":"En \u00abSin categor\u00eda\u00bb","block_context":{"text":"Sin categor\u00eda","link":"https:\/\/lasprimeras.com.do\/index.php\/category\/sin-categoria\/"},"img":{"alt_text":"","src":"https:\/\/i0.wp.com\/lasprimeras.com.do\/wp-content\/uploads\/2023\/10\/Jovenel-Moise.png?resize=350%2C200&ssl=1","width":350,"height":200,"srcset":"https:\/\/i0.wp.com\/lasprimeras.com.do\/wp-content\/uploads\/2023\/10\/Jovenel-Moise.png?resize=350%2C200&ssl=1 1x, https:\/\/i0.wp.com\/lasprimeras.com.do\/wp-content\/uploads\/2023\/10\/Jovenel-Moise.png?resize=525%2C300&ssl=1 1.5x"},"classes":[]},{"id":77335,"url":"https:\/\/lasprimeras.com.do\/index.php\/2024\/02\/20\/la-viuda-del-expresidente-haitiano-asesinado-es-acusada-en-ee-uu-de-complicidad\/","url_meta":{"origin":124355,"position":5},"title":"La viuda del expresidente haitiano asesinado es acusada en EE.UU. de complicidad","author":"BIMARY DE JES\u00daS Matos","date":"20 de febrero de 2024","format":false,"excerpt":"Hait\u00ed.-Un juez federal de Estados Unidos acus\u00f3 este lunes a Martine Mo\u00efse, viuda del asesinado presidente haitiano, Jovenel Mo\u00efse, de\u00a0complicidad y asociaci\u00f3n criminal\u00a0para cometer el magnicidio, ocurrido en 2021, seg\u00fan la acusaci\u00f3n obtenida por el diario Miami Herald. Junto con la viuda tambi\u00e9n fueron imputados el exprimer ministro\u00a0Claude Joseph\u00a0y el\u2026","rel":"","context":"En \u00abSin categor\u00eda\u00bb","block_context":{"text":"Sin categor\u00eda","link":"https:\/\/lasprimeras.com.do\/index.php\/category\/sin-categoria\/"},"img":{"alt_text":"","src":"https:\/\/i0.wp.com\/lasprimeras.com.do\/wp-content\/uploads\/2024\/02\/esposa-de-jovenel-moise-es-acusada-en-ee.uu_.-de-complicidad-focus-0.03-0.43-375-240.jpg?resize=350%2C200&ssl=1","width":350,"height":200},"classes":[]}],"jetpack_sharing_enabled":true,"_links":{"self":[{"href":"https:\/\/lasprimeras.com.do\/index.php\/wp-json\/wp\/v2\/posts\/124355","targetHints":{"allow":["GET"]}}],"collection":[{"href":"https:\/\/lasprimeras.com.do\/index.php\/wp-json\/wp\/v2\/posts"}],"about":[{"href":"https:\/\/lasprimeras.com.do\/index.php\/wp-json\/wp\/v2\/types\/post"}],"author":[{"embeddable":true,"href":"https:\/\/lasprimeras.com.do\/index.php\/wp-json\/wp\/v2\/users\/10"}],"replies":[{"embeddable":true,"href":"https:\/\/lasprimeras.com.do\/index.php\/wp-json\/wp\/v2\/comments?post=124355"}],"version-history":[{"count":1,"href":"https:\/\/lasprimeras.com.do\/index.php\/wp-json\/wp\/v2\/posts\/124355\/revisions"}],"predecessor-version":[{"id":124357,"href":"https:\/\/lasprimeras.com.do\/index.php\/wp-json\/wp\/v2\/posts\/124355\/revisions\/124357"}],"wp:featuredmedia":[{"embeddable":true,"href":"https:\/\/lasprimeras.com.do\/index.php\/wp-json\/wp\/v2\/media\/124356"}],"wp:attachment":[{"href":"https:\/\/lasprimeras.com.do\/index.php\/wp-json\/wp\/v2\/media?parent=124355"}],"wp:term":[{"taxonomy":"category","embeddable":true,"href":"https:\/\/lasprimeras.com.do\/index.php\/wp-json\/wp\/v2\/categories?post=124355"},{"taxonomy":"post_tag","embeddable":true,"href":"https:\/\/lasprimeras.com.do\/index.php\/wp-json\/wp\/v2\/tags?post=124355"}],"curies":[{"name":"wp","href":"https:\/\/api.w.org\/{rel}","templated":true}]}}