{"id":124358,"date":"2026-03-11T19:24:57","date_gmt":"2026-03-11T23:24:57","guid":{"rendered":"https:\/\/lasprimeras.com.do\/?p=124358"},"modified":"2026-03-11T19:24:59","modified_gmt":"2026-03-11T23:24:59","slug":"kast-asume-el-cargo-mientras-chile-marca-su-giro-mas-pronunciado-hacia-la-derecha-desde-la-dictadura","status":"publish","type":"post","link":"https:\/\/lasprimeras.com.do\/index.php\/2026\/03\/11\/kast-asume-el-cargo-mientras-chile-marca-su-giro-mas-pronunciado-hacia-la-derecha-desde-la-dictadura\/","title":{"rendered":"Kast asume el cargo mientras Chile marca su giro m\u00e1s pronunciado hacia la derecha desde la dictadura"},"content":{"rendered":"\n<p>Por NAYARA BATSCHKE<\/p>\n\n\n\n<p>VALPARA\u00cdSO, Chile (AP) \u2014 El l\u00edder de extrema derecha Jos\u00e9 Antonio Kast prest\u00f3 juramento como nuevo presidente de Chile el mi\u00e9rcoles, lo que marca el giro m\u00e1s pronunciado hacia la derecha en la naci\u00f3n latinoamericana desde el regreso de la democracia en 1990.<\/p>\n\n\n\n<p>En una ceremonia en el Congreso Nacional, en la costera ciudad de Valpara\u00edso, a la que asistieron decenas de jefes de Estado, Kast y su Gabinete tomaron juramento tras una aplastante victoria en las elecciones de 2025 .<\/p>\n\n\n\n<p>Entre los asistentes a la ceremonia se encontraban el presidente de Argentina, Javier Milei; el presidente de Panam\u00e1, Jos\u00e9 Ra\u00fal Mulino; el presidente de Ecuador, Daniel Noboa; y el rey Felipe VI de Espa\u00f1a . Entre otros invitados se encontraba la Premio Nobel de la Paz, Mar\u00eda Corina Machado .<\/p>\n\n\n\n<p>Hubo varias ausencias destacadas, como la de los presidentes Luiz In\u00e1cio Lula da Silva de Brasil y Nayib Bukele de El Salvador. Una modesta delegaci\u00f3n estadounidense estuvo encabezada por el subsecretario de Estado, Christopher Landau.<\/p>\n\n\n\n<p>Luego de que la reci\u00e9n designada presidenta del Senado, Paulina N\u00fa\u00f1ez, colocara la banda presidencial a Kast, se jurament\u00f3 el nuevo Gabinete.<\/p>\n\n\n\n<p>Jos\u00e9 Francisco P\u00e9rez Mackenna prest\u00f3 juramento como canciller, mientras que Mar\u00eda Trinidad Steinert asumi\u00f3 como ministra de Seguridad y Fernando Rabat asumi\u00f3 como ministro de Justicia y Derechos Humanos.<\/p>\n\n\n\n<p>Gabriel Boric , un izquierdista que en 2022 se convirti\u00f3 en el presidente m\u00e1s joven de Chile a los 36 a\u00f1os, ha dejado el cargo como el presidente peor valorado desde 1990, seg\u00fan una encuesta publicada esta semana por la firma Cadem.<\/p>\n\n\n\n<p>M\u00e1s de la mitad de los encuestados (53%) consider\u00f3 que su gobierno fue el peor desde el regreso de la democracia.<\/p>\n\n\n\n<p>Kast, un veterano pol\u00edtico inspirado por Trump , obtuvo una victoria aplastante en diciembre contra la candidata comunista respaldada por el gobierno Jeannette Jara, con la promesa de combatir el crimen y frenar la inmigraci\u00f3n ilegal, un proyecto que tiene similitudes con las pol\u00edticas adoptadas por su hom\u00f3logo estadounidense.<\/p>\n\n\n\n<p>Un amigo de Washington<\/p>\n\n\n\n<p>Chile es el \u00faltimo pa\u00eds latinoamericano en destituir a un gobierno en ejercicio, con los votantes apoyando a l\u00edderes de derecha desde Argentina hasta Bolivia, mientras el presidente Donald Trump busca afirmar el dominio de Estados Unidos en el hemisferio occidental, en muchos casos castigando a rivales y recompensando a aliados .<\/p>\n\n\n\n<p>Si bien Kast ha evitado hacer comentarios sobre temas controvertidos en el pa\u00eds y en el extranjero, ha hecho propuestas a la administraci\u00f3n Trump y elogiado la operaci\u00f3n estadounidense que culmin\u00f3 en la captura del expresidente venezolano Nicol\u00e1s Maduro .<\/p>\n\n\n\n<p>Estas se\u00f1ales se intensificaron recientemente cuando Kast puso fin abruptamente al proceso de transici\u00f3n tras un enfrentamiento con el saliente Boric por un proyecto para instalar un cable submarino que conectar\u00eda a Chile con China.<\/p>\n\n\n\n<p>El proyecto gener\u00f3 intensas cr\u00edticas de Estados Unidos y profundiz\u00f3 las tensiones diplom\u00e1ticas entre la administraci\u00f3n de Boric y Washington.<\/p>\n\n\n\n<p>Las relaciones entre Chile y Estados Unidos se han deteriorado significativamente durante el segundo gobierno de Trump.<\/p>\n\n\n\n<p>Boric critic\u00f3 abiertamente a su hom\u00f3logo estadounidense, llegando incluso a caracterizar el estilo de liderazgo del republicano como el de un &#8220;nuevo emperador&#8221;.<\/p>\n\n\n\n<p>Trump ha se\u00f1alado abiertamente su preferencia por Kast sobre Boric, en particular invitando a Kast, entonces presidente electo, a la cumbre \u201cEscudo de las Am\u00e9ricas\u201d del fin de semana pasado en Miami , que reuni\u00f3 a varios l\u00edderes de derecha de la regi\u00f3n, incluidos Bukele y Milei.<\/p>\n\n\n\n<p>El crimen organizado y la inmigraci\u00f3n en el punto de mira<\/p>\n\n\n\n<p>Kast perdi\u00f3 la presidencia por un estrecho margen en 2021 ante Boric en la segunda vuelta electoral. En aquel entonces, su oposici\u00f3n al aborto y al matrimonio igualitario, junto con su elogio del legado y la figura del exdictador general Augusto Pinochet , fueron ampliamente rechazados por los chilenos.<\/p>\n\n\n\n<p>Cuatro a\u00f1os despu\u00e9s, su l\u00ednea dura frente al crimen y la inmigraci\u00f3n gan\u00f3 el apoyo de alrededor del 60% de los votantes en un pa\u00eds afectado por un aumento del crimen organizado y decepcionado por las grandes expectativas que Boric gener\u00f3 pero no cumpli\u00f3.<\/p>\n\n\n\n<p>Kast ha elogiado las t\u00e1cticas de Bukele para combatir la delincuencia , e incluso visit\u00f3 la megac\u00e1rcel de El Salvador, con capacidad para 40.000 personas, el a\u00f1o pasado .<\/p>\n\n\n\n<p>Tambi\u00e9n ha prometido criminalizar la inmigraci\u00f3n ilegal, intensificar las deportaciones masivas e instalar &#8220;vallas y muros&#8221; a lo largo de las fronteras con Chile.<\/p>\n\n\n\n<p>Los primeros 100 d\u00edas son clave<\/p>\n\n\n\n<p>Los expertos indican que la capacidad de respuesta del nuevo gobierno ser\u00e1 clave para determinar el rumbo del gobierno durante los pr\u00f3ximos cuatro a\u00f1os, ya que tendr\u00e1 que lidiar con un Parlamento dividido para asegurar la gobernabilidad y avanzar en sus principales proyectos.<\/p>\n\n\n\n<p>\u201cSi hay volumen, impulso y una direcci\u00f3n clara en los primeros 100 d\u00edas, la clase pol\u00edtica generalmente busca alinearse o, al menos, evitar obstaculizar las prioridades de la administraci\u00f3n\u201d, dijo Mariano Machado, analista de la empresa de inteligencia de riesgos Verisk Maplecroft. \u201cSi esa claridad no se observa en los primeros 100 d\u00edas\u2026 ocurre lo contrario\u201d.<\/p>\n","protected":false},"excerpt":{"rendered":"<p>Por NAYARA BATSCHKE VALPARA\u00cdSO, Chile (AP) \u2014 El l\u00edder de extrema derecha Jos\u00e9 Antonio Kast prest\u00f3 juramento como nuevo presidente de Chile el mi\u00e9rcoles, lo que marca el giro m\u00e1s&hellip;<\/p>\n","protected":false},"author":10,"featured_media":124359,"comment_status":"open","ping_status":"open","sticky":false,"template":"","format":"standard","meta":{"content-type":"","jetpack_post_was_ever_published":false,"_jetpack_newsletter_access":"","_jetpack_dont_email_post_to_subs":false,"_jetpack_newsletter_tier_id":0,"_jetpack_memberships_contains_paywalled_content":false,"_jetpack_memberships_contains_paid_content":false,"footnotes":""},"categories":[16289],"tags":[763,765,2566,18857,31089,5400],"class_list":["post-124358","post","type-post","status-publish","format-standard","has-post-thumbnail","hentry","category-internacionales","tag-chile","tag-derecha","tag-dictadura","tag-giro","tag-jose-antonio-kast-asume-el-cargo","tag-marca"],"jetpack_featured_media_url":"https:\/\/lasprimeras.com.do\/wp-content\/uploads\/2026\/03\/Jose-Antonio-Kast-1.jpg","jetpack-related-posts":[{"id":124349,"url":"https:\/\/lasprimeras.com.do\/index.php\/2026\/03\/11\/el-ultraderechista-jose-antonio-kast-jura-como-presidente-de-chile-ante-el-congreso\/","url_meta":{"origin":124358,"position":0},"title":"El ultraderechista Jos\u00e9 Antonio Kast jura como presidente de Chile ante el Congreso","author":"Nelson Feliz","date":"11 de marzo de 2026","format":false,"excerpt":"POR NAYARA BATSCHKE VALPARA\u00cdSO, Chile (AP) \u2014 El ultraconservador Jos\u00e9 Antonio Kast jur\u00f3 el mi\u00e9rcoles como nuevo presidente de Chile en una ceremonia celebrada en el Congreso Nacional de la costera ciudad de Valpara\u00edso, lo que marca el giro m\u00e1s pronunciado hacia la derecha en la naci\u00f3n latinoamericana desde el\u2026","rel":"","context":"En \u00abINTERNACIONALES\u00bb","block_context":{"text":"INTERNACIONALES","link":"https:\/\/lasprimeras.com.do\/index.php\/category\/sin-categoria\/internacionales\/"},"img":{"alt_text":"Jos\u00e9 Antonio Kast","src":"https:\/\/i0.wp.com\/lasprimeras.com.do\/wp-content\/uploads\/2026\/03\/Jose-Antonio-Kast.jpg?resize=350%2C200&ssl=1","width":350,"height":200,"srcset":"https:\/\/i0.wp.com\/lasprimeras.com.do\/wp-content\/uploads\/2026\/03\/Jose-Antonio-Kast.jpg?resize=350%2C200&ssl=1 1x, https:\/\/i0.wp.com\/lasprimeras.com.do\/wp-content\/uploads\/2026\/03\/Jose-Antonio-Kast.jpg?resize=525%2C300&ssl=1 1.5x, https:\/\/i0.wp.com\/lasprimeras.com.do\/wp-content\/uploads\/2026\/03\/Jose-Antonio-Kast.jpg?resize=700%2C400&ssl=1 2x"},"classes":[]},{"id":124382,"url":"https:\/\/lasprimeras.com.do\/index.php\/2026\/03\/11\/abinader-regresa-a-rd-tras-investidura-de-jose-antonio-kast\/","url_meta":{"origin":124358,"position":1},"title":"Abinader regresa a RD tras investidura de Jos\u00e9 Antonio Kast","author":"Nelson Feliz","date":"11 de marzo de 2026","format":false,"excerpt":"El mandatario dominicano tambi\u00e9n se reuni\u00f3 con representantes de la comunidad dominicana en Chile Santiago de Chile. El presidente Luis Abinader viaj\u00f3 hacia la Rep\u00fablica Dominicana tras participar en los actos oficiales de investidura de Jos\u00e9 Antonio Kast Rist como presidente de la Rep\u00fablica de Chile, realizados este mi\u00e9rcoles 11\u2026","rel":"","context":"En \u00abNACIONALES\u00bb","block_context":{"text":"NACIONALES","link":"https:\/\/lasprimeras.com.do\/index.php\/category\/nacionales\/"},"img":{"alt_text":"","src":"https:\/\/i0.wp.com\/lasprimeras.com.do\/wp-content\/uploads\/2023\/06\/Luis-Abinader-regresa-SICA.jpg?resize=350%2C200&ssl=1","width":350,"height":200,"srcset":"https:\/\/i0.wp.com\/lasprimeras.com.do\/wp-content\/uploads\/2023\/06\/Luis-Abinader-regresa-SICA.jpg?resize=350%2C200&ssl=1 1x, https:\/\/i0.wp.com\/lasprimeras.com.do\/wp-content\/uploads\/2023\/06\/Luis-Abinader-regresa-SICA.jpg?resize=525%2C300&ssl=1 1.5x, https:\/\/i0.wp.com\/lasprimeras.com.do\/wp-content\/uploads\/2023\/06\/Luis-Abinader-regresa-SICA.jpg?resize=700%2C400&ssl=1 2x"},"classes":[]},{"id":124287,"url":"https:\/\/lasprimeras.com.do\/index.php\/2026\/03\/10\/abinader-viaja-a-chile-para-transmision-de-mando-del-mandatario-electo-jose-antonio-kast-rist\/","url_meta":{"origin":124358,"position":2},"title":"Abinader viaja a Chile para transmisi\u00f3n de mando del mandatario electo Jos\u00e9 Antonio Kast Rist","author":"Nelson Feliz","date":"10 de marzo de 2026","format":false,"excerpt":"El presidente Luis Abinader sali\u00f3 este martes a la Rep\u00fablica de Chile para participar en los actos oficiales de la transmisi\u00f3n de mando presidencial de esa naci\u00f3n sudamericana, donde asumir\u00e1 el nuevo mandatario chileno, Jos\u00e9 Antonio Kast Rist. A su llegada a territorio chileno como parte de la agenda oficial,\u2026","rel":"","context":"En \u00abNACIONALES\u00bb","block_context":{"text":"NACIONALES","link":"https:\/\/lasprimeras.com.do\/index.php\/category\/nacionales\/"},"img":{"alt_text":"Luis Abinader","src":"https:\/\/i0.wp.com\/lasprimeras.com.do\/wp-content\/uploads\/2026\/03\/Luis-Abinader-7.jpg?resize=350%2C200&ssl=1","width":350,"height":200,"srcset":"https:\/\/i0.wp.com\/lasprimeras.com.do\/wp-content\/uploads\/2026\/03\/Luis-Abinader-7.jpg?resize=350%2C200&ssl=1 1x, https:\/\/i0.wp.com\/lasprimeras.com.do\/wp-content\/uploads\/2026\/03\/Luis-Abinader-7.jpg?resize=525%2C300&ssl=1 1.5x, https:\/\/i0.wp.com\/lasprimeras.com.do\/wp-content\/uploads\/2026\/03\/Luis-Abinader-7.jpg?resize=700%2C400&ssl=1 2x"},"classes":[]},{"id":117713,"url":"https:\/\/lasprimeras.com.do\/index.php\/2025\/12\/14\/jose-antonio-kast-logra-rotundo-triunfo-en-balotaje-de-chile-y-promete-un-cambio-real\/","url_meta":{"origin":124358,"position":3},"title":"Jos\u00e9 Antonio Kast logra rotundo triunfo en balotaje de Chile y promete un \u201ccambio real\u201d","author":"Nelson Feliz","date":"14 de diciembre de 2025","format":false,"excerpt":"POR NAYARA BATSCHKE SANTIAGO (AP) \u2014 El opositor Jos\u00e9 Antonio Kast obtuvo un rotundo triunfo en la segunda vuelta presidencial del domingo en Chile marcando el regreso de la derecha m\u00e1s extrema desde el restablecimiento de la democracia en 1990. En sus primeras palabras como presidente electo, Kast prometi\u00f3 que\u2026","rel":"","context":"En \u00abINTERNACIONALES\u00bb","block_context":{"text":"INTERNACIONALES","link":"https:\/\/lasprimeras.com.do\/index.php\/category\/sin-categoria\/internacionales\/"},"img":{"alt_text":"Jos\u00e9 Antonio Kast","src":"https:\/\/i0.wp.com\/lasprimeras.com.do\/wp-content\/uploads\/2025\/12\/Jose-Antonio-Kast-1.jpg?resize=350%2C200&ssl=1","width":350,"height":200,"srcset":"https:\/\/i0.wp.com\/lasprimeras.com.do\/wp-content\/uploads\/2025\/12\/Jose-Antonio-Kast-1.jpg?resize=350%2C200&ssl=1 1x, https:\/\/i0.wp.com\/lasprimeras.com.do\/wp-content\/uploads\/2025\/12\/Jose-Antonio-Kast-1.jpg?resize=525%2C300&ssl=1 1.5x, https:\/\/i0.wp.com\/lasprimeras.com.do\/wp-content\/uploads\/2025\/12\/Jose-Antonio-Kast-1.jpg?resize=700%2C400&ssl=1 2x"},"classes":[]},{"id":124301,"url":"https:\/\/lasprimeras.com.do\/index.php\/2026\/03\/10\/presidente-abinader-llego-a-chile-para-la-investidura-del-presidente-jose-antonio-kast\/","url_meta":{"origin":124358,"position":4},"title":"Presidente Abinader lleg\u00f3 a Chile para la investidura del presidente Jos\u00e9 Antonio Kast","author":"Nelson Feliz","date":"10 de marzo de 2026","format":false,"excerpt":"Participar\u00e1 de actos oficiales junto a otros jefes de Estado y de Gobierno Santiago de Chile.- El presidente Luis Abinader arrib\u00f3 este martes a las 6:30 P.M., hora de Chile, al Aeropuerto Arturo Merino Ben\u00edtez, de Santiago de Chile, para asistir a la investidura como nuevo mandatario chileno, Jos\u00e9 Antonio\u2026","rel":"","context":"En \u00abINTERNACIONALES\u00bb","block_context":{"text":"INTERNACIONALES","link":"https:\/\/lasprimeras.com.do\/index.php\/category\/sin-categoria\/internacionales\/"},"img":{"alt_text":"","src":"https:\/\/i0.wp.com\/lasprimeras.com.do\/wp-content\/uploads\/2026\/03\/Abinader-llego-a-Chile-1.jpg?resize=350%2C200&ssl=1","width":350,"height":200,"srcset":"https:\/\/i0.wp.com\/lasprimeras.com.do\/wp-content\/uploads\/2026\/03\/Abinader-llego-a-Chile-1.jpg?resize=350%2C200&ssl=1 1x, https:\/\/i0.wp.com\/lasprimeras.com.do\/wp-content\/uploads\/2026\/03\/Abinader-llego-a-Chile-1.jpg?resize=525%2C300&ssl=1 1.5x, https:\/\/i0.wp.com\/lasprimeras.com.do\/wp-content\/uploads\/2026\/03\/Abinader-llego-a-Chile-1.jpg?resize=700%2C400&ssl=1 2x"},"classes":[]},{"id":117831,"url":"https:\/\/lasprimeras.com.do\/index.php\/2025\/12\/16\/presidenta-mexicana-objeta-que-kast-sea-complaciente-con-la-dictadura-militar-chilena\/","url_meta":{"origin":124358,"position":5},"title":"Presidenta mexicana objeta que Kast sea complaciente con la dictadura militar chilena","author":"Nelson Feliz","date":"16 de diciembre de 2025","format":false,"excerpt":"CIUDAD DE M\u00c9XICO (AP) \u2014 La mandataria mexicana Claudia Sheinbaum objet\u00f3 el martes que el presidente electo de Chile, Jos\u00e9 Antonio Kast, sea complaciente con la dictadura militar chilena y dijo que espera que tras asumir el gobierno en marzo \u201cact\u00fae democr\u00e1ticamente\u201d. Al ser interrogada sobre el tema, Sheinbaum expres\u00f3\u2026","rel":"","context":"En \u00abINTERNACIONALES\u00bb","block_context":{"text":"INTERNACIONALES","link":"https:\/\/lasprimeras.com.do\/index.php\/category\/sin-categoria\/internacionales\/"},"img":{"alt_text":"El presidente electo chileno Jos\u00e9 Antonio Kast saluda a sus partidarios en el Palacio de La Moneda despu\u00e9s de reunirse con el presidente saliente Gabriel Boric al d\u00eda siguiente de ganar la segunda vuelta de las elecciones presidenciales en Santiago, Chile, el lunes 15 de diciembre de 2025. (AP Foto\/Esteban F\u00e9lix)","src":"https:\/\/i0.wp.com\/lasprimeras.com.do\/wp-content\/uploads\/2025\/12\/Jose-Antonio-Kast-3.jpg?resize=350%2C200&ssl=1","width":350,"height":200,"srcset":"https:\/\/i0.wp.com\/lasprimeras.com.do\/wp-content\/uploads\/2025\/12\/Jose-Antonio-Kast-3.jpg?resize=350%2C200&ssl=1 1x, https:\/\/i0.wp.com\/lasprimeras.com.do\/wp-content\/uploads\/2025\/12\/Jose-Antonio-Kast-3.jpg?resize=525%2C300&ssl=1 1.5x, https:\/\/i0.wp.com\/lasprimeras.com.do\/wp-content\/uploads\/2025\/12\/Jose-Antonio-Kast-3.jpg?resize=700%2C400&ssl=1 2x"},"classes":[]}],"jetpack_sharing_enabled":true,"_links":{"self":[{"href":"https:\/\/lasprimeras.com.do\/index.php\/wp-json\/wp\/v2\/posts\/124358","targetHints":{"allow":["GET"]}}],"collection":[{"href":"https:\/\/lasprimeras.com.do\/index.php\/wp-json\/wp\/v2\/posts"}],"about":[{"href":"https:\/\/lasprimeras.com.do\/index.php\/wp-json\/wp\/v2\/types\/post"}],"author":[{"embeddable":true,"href":"https:\/\/lasprimeras.com.do\/index.php\/wp-json\/wp\/v2\/users\/10"}],"replies":[{"embeddable":true,"href":"https:\/\/lasprimeras.com.do\/index.php\/wp-json\/wp\/v2\/comments?post=124358"}],"version-history":[{"count":1,"href":"https:\/\/lasprimeras.com.do\/index.php\/wp-json\/wp\/v2\/posts\/124358\/revisions"}],"predecessor-version":[{"id":124360,"href":"https:\/\/lasprimeras.com.do\/index.php\/wp-json\/wp\/v2\/posts\/124358\/revisions\/124360"}],"wp:featuredmedia":[{"embeddable":true,"href":"https:\/\/lasprimeras.com.do\/index.php\/wp-json\/wp\/v2\/media\/124359"}],"wp:attachment":[{"href":"https:\/\/lasprimeras.com.do\/index.php\/wp-json\/wp\/v2\/media?parent=124358"}],"wp:term":[{"taxonomy":"category","embeddable":true,"href":"https:\/\/lasprimeras.com.do\/index.php\/wp-json\/wp\/v2\/categories?post=124358"},{"taxonomy":"post_tag","embeddable":true,"href":"https:\/\/lasprimeras.com.do\/index.php\/wp-json\/wp\/v2\/tags?post=124358"}],"curies":[{"name":"wp","href":"https:\/\/api.w.org\/{rel}","templated":true}]}}