{"id":124364,"date":"2026-03-11T19:43:49","date_gmt":"2026-03-11T23:43:49","guid":{"rendered":"https:\/\/lasprimeras.com.do\/?p=124364"},"modified":"2026-03-11T19:43:51","modified_gmt":"2026-03-11T23:43:51","slug":"veteranos-de-ff-aa-y-pn-estrechan-lazos-con-gremios-de-prensa","status":"publish","type":"post","link":"https:\/\/lasprimeras.com.do\/index.php\/2026\/03\/11\/veteranos-de-ff-aa-y-pn-estrechan-lazos-con-gremios-de-prensa\/","title":{"rendered":"Veteranos de FF.AA. y PN estrechan lazos con gremios de prensa"},"content":{"rendered":"\n<p><strong>El encuentro marca un paso para afianzar la cooperaci\u00f3n y el trabajo conjunto entre la Hermandad y los gremios de la prensa.<\/strong><\/p>\n\n\n\n<p>El presidente de la Hermandad de Veteranos Pensionados de las Fuerzas Armadas y la Polic\u00eda Nacional, el Mayor General (r) Valerio Garc\u00eda Reyes, encabez\u00f3 un encuentro-almuerzo con destacados miembros de la prensa nacional.<\/p>\n\n\n\n<p>Durante la actividad, el alto oficial retirado destac\u00f3 la importancia de mantener una comunicaci\u00f3n fluida con los medios de comunicaci\u00f3n, reconociendo el papel fundamental que desempe\u00f1an los periodistas en la difusi\u00f3n de las acciones y proyectos que desarrolla la Hermandad en favor de sus miembros.<\/p>\n\n\n\n<p>En el encuentro, presidido por el Mayor General Garc\u00eda Reyes, participaron el profesor Luis Perez, presidente del Colegio Dominicano de Periodistas; Mario Lara, presidente del Sindicato Nacional de Trabajadores de la Prensa filial Distrito Nacional; Rene Polanco, presidente del Circulo de Reporteros Graficos de Television; as\u00ed como Kaming Rosario Estevez, secretario de finanzas del CRGTV; Isidro Mejia, vicepresidente; Jose Ramon Santos, secretario de organizaci\u00f3n; y el expresidente Corpus Montero.<\/p>\n","protected":false},"excerpt":{"rendered":"<p>El encuentro marca un paso para afianzar la cooperaci\u00f3n y el trabajo conjunto entre la Hermandad y los gremios de la prensa. El presidente de la Hermandad de Veteranos Pensionados&hellip;<\/p>\n","protected":false},"author":10,"featured_media":124365,"comment_status":"open","ping_status":"open","sticky":false,"template":"","format":"standard","meta":{"content-type":"","jetpack_post_was_ever_published":false,"_jetpack_newsletter_access":"","_jetpack_dont_email_post_to_subs":false,"_jetpack_newsletter_tier_id":0,"_jetpack_memberships_contains_paywalled_content":false,"_jetpack_memberships_contains_paid_content":false,"footnotes":""},"categories":[35],"tags":[4926,31092,477,9384],"class_list":["post-124364","post","type-post","status-publish","format-standard","has-post-thumbnail","hentry","category-nacionales","tag-ff-aa","tag-gremios-de-prensa","tag-pn","tag-veteranos"],"jetpack_featured_media_url":"https:\/\/lasprimeras.com.do\/wp-content\/uploads\/2026\/03\/veteranos.jpg","jetpack-related-posts":[{"id":94780,"url":"https:\/\/lasprimeras.com.do\/index.php\/2025\/03\/05\/presidente-de-la-hermandad-dice-lideres-politicos-tienen-que-contar-con-los-veteranos\/","url_meta":{"origin":124364,"position":0},"title":"Presidente de la Hermandad dice l\u00edderes pol\u00edticos tienen que contar con los veteranos","author":"Nelson Feliz","date":"5 de marzo de 2025","format":false,"excerpt":"\u2063\u2063\u2063El Presidente de la Hermandad de Veteranos de las FF.AA. y la PN, Mayor General Valerio Antonio Garc\u00eda Reyes,dijo que los l\u00edderes pol\u00edticos tendr\u00e1n que contar con los veteranos pensionados de las Fuerzas Armadas y la Polic\u00eda Nacional si quieren lograr triunfar en sus prop\u00f3sitos electorales ya que ellos representan\u2026","rel":"","context":"En \u00abNACIONALES\u00bb","block_context":{"text":"NACIONALES","link":"https:\/\/lasprimeras.com.do\/index.php\/category\/nacionales\/"},"img":{"alt_text":"Valerio Antonio Garc\u00eda Reyes","src":"https:\/\/i0.wp.com\/lasprimeras.com.do\/wp-content\/uploads\/2025\/03\/Valerio-Antonio-Garcia-Reyes.jpg?resize=350%2C200&ssl=1","width":350,"height":200,"srcset":"https:\/\/i0.wp.com\/lasprimeras.com.do\/wp-content\/uploads\/2025\/03\/Valerio-Antonio-Garcia-Reyes.jpg?resize=350%2C200&ssl=1 1x, https:\/\/i0.wp.com\/lasprimeras.com.do\/wp-content\/uploads\/2025\/03\/Valerio-Antonio-Garcia-Reyes.jpg?resize=525%2C300&ssl=1 1.5x, https:\/\/i0.wp.com\/lasprimeras.com.do\/wp-content\/uploads\/2025\/03\/Valerio-Antonio-Garcia-Reyes.jpg?resize=700%2C400&ssl=1 2x"},"classes":[]},{"id":85733,"url":"https:\/\/lasprimeras.com.do\/index.php\/2024\/07\/07\/general-garcia-reyes-dice-se-acabaron-los-tiempos-de-comprar-a-los-veteranos-por-pica-pollo\/","url_meta":{"origin":124364,"position":1},"title":"General Garc\u00eda Reyes dice se acabaron los tiempos de comprar a los veteranos por pica pollo","author":"Nelson Feliz","date":"7 de julio de 2024","format":false,"excerpt":"El presidente de Los Legionarios con Dignidad, mayor general Valerio Garc\u00eda Reyes, expres\u00f3 que se acabaron los tiempos de comprar a los veteranos de las Fuerzas Armadas y la Polic\u00eda Nacional (FF.AA. y la P.N) por pica pollo. Garc\u00eda Reyes resalt\u00f3 que los veteranos deben ser tratados con dignidad y\u2026","rel":"","context":"En \u00abSin categor\u00eda\u00bb","block_context":{"text":"Sin categor\u00eda","link":"https:\/\/lasprimeras.com.do\/index.php\/category\/sin-categoria\/"},"img":{"alt_text":"Valerio Garc\u00eda Reyes","src":"https:\/\/i0.wp.com\/lasprimeras.com.do\/wp-content\/uploads\/2024\/07\/Valerio-Garcia-Reyes.jpg?resize=350%2C200&ssl=1","width":350,"height":200},"classes":[]},{"id":101071,"url":"https:\/\/lasprimeras.com.do\/index.php\/2025\/06\/15\/fard-obtiene-primer-lugar-en-los-juegos-deportivos-de-las-ff-aa-y-pn-2025\/","url_meta":{"origin":124364,"position":2},"title":"FARD obtiene primer lugar en los Juegos Deportivos de las FF.AA y PN 2025","author":"Nelson Feliz","date":"15 de junio de 2025","format":false,"excerpt":"Con una ceremonia celebrada en la sede del Ministerio de Defensa, concluyeron los Juegos Deportivos de las Fuerzas Armadas y la Polic\u00eda Nacional 2025, evento coordinado por la Confederaci\u00f3n Deportiva de las Fuerzas Armadas y la Polic\u00eda Nacional (CONFEDFAPNRD). El acto fue presidido por el teniente general Carlos Antonio Fern\u00e1ndez\u2026","rel":"","context":"En \u00abDEPORTES\u00bb","block_context":{"text":"DEPORTES","link":"https:\/\/lasprimeras.com.do\/index.php\/category\/deportes\/"},"img":{"alt_text":"","src":"https:\/\/i0.wp.com\/lasprimeras.com.do\/wp-content\/uploads\/2025\/06\/FARD.jpg?resize=350%2C200&ssl=1","width":350,"height":200,"srcset":"https:\/\/i0.wp.com\/lasprimeras.com.do\/wp-content\/uploads\/2025\/06\/FARD.jpg?resize=350%2C200&ssl=1 1x, https:\/\/i0.wp.com\/lasprimeras.com.do\/wp-content\/uploads\/2025\/06\/FARD.jpg?resize=525%2C300&ssl=1 1.5x, https:\/\/i0.wp.com\/lasprimeras.com.do\/wp-content\/uploads\/2025\/06\/FARD.jpg?resize=700%2C400&ssl=1 2x"},"classes":[]},{"id":53757,"url":"https:\/\/lasprimeras.com.do\/index.php\/2023\/06\/30\/federacion-de-comerciantes-respalda-trabajo-de-la-policia\/","url_meta":{"origin":124364,"position":3},"title":"Federaci\u00f3n de Comerciantes respalda trabajo de la Polic\u00eda","author":"Nelson Feliz","date":"30 de junio de 2023","format":false,"excerpt":"-El gremio comercial dice confiar en reporte sobre reducci\u00f3n de criminalidad.\u00a0 Una comisi\u00f3n encabezada por el presidente de la Federaci\u00f3n Dominicana de Comerciantes (FDC), Iv\u00e1n Garc\u00eda, reconoci\u00f3 este viernes la efectividad de las labores preventivas desplegadas por la Polic\u00eda Nacional contra el delito y la criminalidad. Garc\u00eda, dijo confiar en\u2026","rel":"","context":"En \u00abNACIONALES\u00bb","block_context":{"text":"NACIONALES","link":"https:\/\/lasprimeras.com.do\/index.php\/category\/nacionales\/"},"img":{"alt_text":"","src":"https:\/\/i0.wp.com\/lasprimeras.com.do\/wp-content\/uploads\/2023\/06\/Ivan-de-Jesus-Garcia.jpg?resize=350%2C200&ssl=1","width":350,"height":200,"srcset":"https:\/\/i0.wp.com\/lasprimeras.com.do\/wp-content\/uploads\/2023\/06\/Ivan-de-Jesus-Garcia.jpg?resize=350%2C200&ssl=1 1x, https:\/\/i0.wp.com\/lasprimeras.com.do\/wp-content\/uploads\/2023\/06\/Ivan-de-Jesus-Garcia.jpg?resize=525%2C300&ssl=1 1.5x, https:\/\/i0.wp.com\/lasprimeras.com.do\/wp-content\/uploads\/2023\/06\/Ivan-de-Jesus-Garcia.jpg?resize=700%2C400&ssl=1 2x"},"classes":[]},{"id":98103,"url":"https:\/\/lasprimeras.com.do\/index.php\/2025\/05\/01\/gremios-de-la-comunicacion-alertan-sobre-agresiones-y-violacion-a-la-libertad-de-expresion-en-rd\/","url_meta":{"origin":124364,"position":4},"title":"Gremios de la comunicaci\u00f3n alertan sobre agresiones y violaci\u00f3n a la libertad de expresi\u00f3n en RD","author":"Nelson Feliz","date":"1 de mayo de 2025","format":false,"excerpt":"El Colegio Dominicano de Periodistas (CDP), la Asociaci\u00f3n de Fotoperiodistas y el Sindicato Nacional de Trabajadores de la Prensa (SNTP) dan una alerta a las principales autoridades del pa\u00eds y a la sociedad dominicana sobre una serie de desvinculaciones, maltratos, amenazas, restricciones y agresiones a periodistas y otros trabajadores de\u2026","rel":"","context":"En \u00abNACIONALES\u00bb","block_context":{"text":"NACIONALES","link":"https:\/\/lasprimeras.com.do\/index.php\/category\/nacionales\/"},"img":{"alt_text":"","src":"https:\/\/i0.wp.com\/lasprimeras.com.do\/wp-content\/uploads\/2025\/05\/sntp.jpg?resize=350%2C200&ssl=1","width":350,"height":200,"srcset":"https:\/\/i0.wp.com\/lasprimeras.com.do\/wp-content\/uploads\/2025\/05\/sntp.jpg?resize=350%2C200&ssl=1 1x, https:\/\/i0.wp.com\/lasprimeras.com.do\/wp-content\/uploads\/2025\/05\/sntp.jpg?resize=525%2C300&ssl=1 1.5x, https:\/\/i0.wp.com\/lasprimeras.com.do\/wp-content\/uploads\/2025\/05\/sntp.jpg?resize=700%2C400&ssl=1 2x"},"classes":[]},{"id":108548,"url":"https:\/\/lasprimeras.com.do\/index.php\/2025\/09\/08\/adompretur-agradece-al-abinader-y-collado-entrega-de-casa-propia-para-su-filial-en-puerto-plata\/","url_meta":{"origin":124364,"position":5},"title":"Adompretur agradece al Abinader y Collado entrega de casa propia para su filial en Puerto Plata","author":"Nelson Feliz","date":"8 de septiembre de 2025","format":false,"excerpt":"Junior Garc\u00eda y Sarah Hern\u00e1ndez destacan el valor simb\u00f3lico de la nueva sede del gremio. El presidente Luis Abinader y el ministro de Turismo David Collado entregaron a la Asociaci\u00f3n Dominicana de Prensa Tur\u00edstica (Adompretur) su primera casa propia: una moderna edificaci\u00f3n de dos niveles que acoger\u00e1 la filial del\u2026","rel":"","context":"En \u00abTURISMO\u00bb","block_context":{"text":"TURISMO","link":"https:\/\/lasprimeras.com.do\/index.php\/category\/turismo\/"},"img":{"alt_text":"","src":"https:\/\/i0.wp.com\/lasprimeras.com.do\/wp-content\/uploads\/2025\/09\/Momento-de-corte-de-la-cinta-que-sella-formalmente-la-entrega-de-la-Casa-Adompretur-Puerto-Plata.jpg?resize=350%2C200&ssl=1","width":350,"height":200,"srcset":"https:\/\/i0.wp.com\/lasprimeras.com.do\/wp-content\/uploads\/2025\/09\/Momento-de-corte-de-la-cinta-que-sella-formalmente-la-entrega-de-la-Casa-Adompretur-Puerto-Plata.jpg?resize=350%2C200&ssl=1 1x, https:\/\/i0.wp.com\/lasprimeras.com.do\/wp-content\/uploads\/2025\/09\/Momento-de-corte-de-la-cinta-que-sella-formalmente-la-entrega-de-la-Casa-Adompretur-Puerto-Plata.jpg?resize=525%2C300&ssl=1 1.5x, https:\/\/i0.wp.com\/lasprimeras.com.do\/wp-content\/uploads\/2025\/09\/Momento-de-corte-de-la-cinta-que-sella-formalmente-la-entrega-de-la-Casa-Adompretur-Puerto-Plata.jpg?resize=700%2C400&ssl=1 2x"},"classes":[]}],"jetpack_sharing_enabled":true,"_links":{"self":[{"href":"https:\/\/lasprimeras.com.do\/index.php\/wp-json\/wp\/v2\/posts\/124364","targetHints":{"allow":["GET"]}}],"collection":[{"href":"https:\/\/lasprimeras.com.do\/index.php\/wp-json\/wp\/v2\/posts"}],"about":[{"href":"https:\/\/lasprimeras.com.do\/index.php\/wp-json\/wp\/v2\/types\/post"}],"author":[{"embeddable":true,"href":"https:\/\/lasprimeras.com.do\/index.php\/wp-json\/wp\/v2\/users\/10"}],"replies":[{"embeddable":true,"href":"https:\/\/lasprimeras.com.do\/index.php\/wp-json\/wp\/v2\/comments?post=124364"}],"version-history":[{"count":1,"href":"https:\/\/lasprimeras.com.do\/index.php\/wp-json\/wp\/v2\/posts\/124364\/revisions"}],"predecessor-version":[{"id":124366,"href":"https:\/\/lasprimeras.com.do\/index.php\/wp-json\/wp\/v2\/posts\/124364\/revisions\/124366"}],"wp:featuredmedia":[{"embeddable":true,"href":"https:\/\/lasprimeras.com.do\/index.php\/wp-json\/wp\/v2\/media\/124365"}],"wp:attachment":[{"href":"https:\/\/lasprimeras.com.do\/index.php\/wp-json\/wp\/v2\/media?parent=124364"}],"wp:term":[{"taxonomy":"category","embeddable":true,"href":"https:\/\/lasprimeras.com.do\/index.php\/wp-json\/wp\/v2\/categories?post=124364"},{"taxonomy":"post_tag","embeddable":true,"href":"https:\/\/lasprimeras.com.do\/index.php\/wp-json\/wp\/v2\/tags?post=124364"}],"curies":[{"name":"wp","href":"https:\/\/api.w.org\/{rel}","templated":true}]}}