{"id":124367,"date":"2026-03-11T19:51:59","date_gmt":"2026-03-11T23:51:59","guid":{"rendered":"https:\/\/lasprimeras.com.do\/?p=124367"},"modified":"2026-03-11T19:52:01","modified_gmt":"2026-03-11T23:52:01","slug":"mide-inicia-nuevo-ciclo-de-formacion-del-servicio-militar-voluntario","status":"publish","type":"post","link":"https:\/\/lasprimeras.com.do\/index.php\/2026\/03\/11\/mide-inicia-nuevo-ciclo-de-formacion-del-servicio-militar-voluntario\/","title":{"rendered":"MIDE inicia nuevo ciclo de formaci\u00f3n del Servicio Militar Voluntario"},"content":{"rendered":"\n<p>El Ministerio de Defensa (MIDE) dio apertura formal al ciclo de entrenamiento correspondiente al per\u00edodo marzo-mayo 2026 del Programa de Formaci\u00f3n en Valores del Servicio Militar Voluntario, mediante un solemne acto de izada de bandera celebrado en el Polit\u00e9cnico Evangelina Santos Berg\u00e9s, ubicado en Ciudad Juan Bosch, Santo Domingo Este.<\/p>\n\n\n\n<p>La actividad fue encabezada por el ministro de Defensa, teniente general Carlos Antonio Fern\u00e1ndez Onofre, quien estuvo acompa\u00f1ado por el general de brigada piloto Rafael Acosta Sena, director del Servicio Militar Voluntario, y por la licenciada Rut de los Santos, directora del Polit\u00e9cnico Evangelina Santos Berg\u00e9s.<\/p>\n\n\n\n<p>Durante el acto, el ministro de Defensa destac\u00f3 la importancia del Servicio Militar Voluntario como una iniciativa orientada a fortalecer los valores c\u00edvicos, patri\u00f3ticos y de disciplina entre la juventud dominicana, contribuyendo a la formaci\u00f3n de ciudadanos comprometidos con la naci\u00f3n.<\/p>\n\n\n\n<p>El programa impacta a j\u00f3venes de diferentes provincias del pa\u00eds, brind\u00e1ndoles orientaci\u00f3n en valores, formaci\u00f3n en liderazgo, disciplina, respeto a los s\u00edmbolos patrios y herramientas que contribuyen a su desarrollo personal y social, al tiempo que fomenta el sentido de responsabilidad y amor por la patria.<\/p>\n\n\n\n<p>Fern\u00e1ndez Onofre resalt\u00f3 que este tipo de iniciativas forman parte del compromiso del Ministerio de Defensa de contribuir con la educaci\u00f3n en valores y la formaci\u00f3n integral de la juventud, promoviendo una cultura de respeto, civismo y servicio a la sociedad.<\/p>\n\n\n\n<p>En la actividad tambi\u00e9n acompa\u00f1aron al ministro de Defensa el viceministro para Asuntos Militares, mayor general Miguel Rubio B\u00e1ez, el presidente de la Junta de Retiro y Fondo de Pensiones de las Fuerzas Armadas, el director de Planes y Entrenamientos del Ministerio de Defensa, el director general de las Escuelas Vocacionales de las Fuerzas Armadas y la Polic\u00eda Nacional, as\u00ed como autoridades del sector educativo y representantes municipales de la zona.<\/p>\n\n\n\n<p>El acto de izada de bandera marca el inicio de un nuevo per\u00edodo de formaci\u00f3n dentro del Programa de Servicio Militar Voluntario, una iniciativa que contin\u00faa consolid\u00e1ndose como un espacio de crecimiento y orientaci\u00f3n para la juventud dominicana, fortaleciendo los valores que sustentan la identidad nacional y el compromiso con el desarrollo del pa\u00eds.<\/p>\n","protected":false},"excerpt":{"rendered":"<p>El Ministerio de Defensa (MIDE) dio apertura formal al ciclo de entrenamiento correspondiente al per\u00edodo marzo-mayo 2026 del Programa de Formaci\u00f3n en Valores del Servicio Militar Voluntario, mediante un solemne&hellip;<\/p>\n","protected":false},"author":10,"featured_media":124368,"comment_status":"open","ping_status":"open","sticky":false,"template":"","format":"standard","meta":{"content-type":"","jetpack_post_was_ever_published":false,"_jetpack_newsletter_access":"","_jetpack_dont_email_post_to_subs":false,"_jetpack_newsletter_tier_id":0,"_jetpack_memberships_contains_paywalled_content":false,"_jetpack_memberships_contains_paid_content":false,"footnotes":""},"categories":[3057],"tags":[3368,7979,862,447,20838],"class_list":["post-124367","post","type-post","status-publish","format-standard","has-post-thumbnail","hentry","category-militares","tag-bandera","tag-ciclo","tag-formacion","tag-mide","tag-servicio-militar-voluntario"],"jetpack_featured_media_url":"https:\/\/lasprimeras.com.do\/wp-content\/uploads\/2026\/03\/onofre.jpg","jetpack-related-posts":[{"id":49180,"url":"https:\/\/lasprimeras.com.do\/index.php\/2023\/05\/08\/servicio-militar-voluntario-gradua-mas-de-2400-estudiantes-completaron-programa-de-formacion-en-valores\/","url_meta":{"origin":124367,"position":0},"title":"Servicio Militar Voluntario grad\u00faa m\u00e1s de 2,400 estudiantes completaron programa de formaci\u00f3n en valores\u00a0","author":"prenxa100","date":"8 de mayo de 2023","format":false,"excerpt":"Por Wilson Perez SANTO DOMINGO.-El Servicio Militar Voluntario (SMV), del Ministerio de Defensa (MIDE), gradu\u00f3 2,491 j\u00f3venes que completaron el Programa de Formaci\u00f3n en Valores para estudiantes de Educaci\u00f3n Secundaria, un acto encabezado por la Vicepresidenta Raquel Pe\u00f1a y el Ministro de Defensa Teniente General Carlos Luciano D\u00edaz Morfa, ERD.\u2026","rel":"","context":"En \u00abNACIONALES\u00bb","block_context":{"text":"NACIONALES","link":"https:\/\/lasprimeras.com.do\/index.php\/category\/nacionales\/"},"img":{"alt_text":"","src":"","width":0,"height":0},"classes":[]},{"id":108150,"url":"https:\/\/lasprimeras.com.do\/index.php\/2025\/09\/03\/jovenes-del-barrio-capotillo-inician-entrenamiento-del-servicio-militar-voluntario-del-mide\/","url_meta":{"origin":124367,"position":1},"title":"J\u00f3venes del barrio Capotillo inician entrenamiento del &#8220;Servicio Militar Voluntario&#8221; del MIDE","author":"Nelson Feliz","date":"3 de septiembre de 2025","format":false,"excerpt":"Decenas de j\u00f3venes del sector Capotillo, en el Distrito Nacional, iniciaron formalmente el ciclo de entrenamiento del Programa de Formaci\u00f3n en Valores del Servicio Militar Voluntario (SMV), que impulsa el Ministerio de Defensa (MIDE), reafirmando el compromiso de las Fuerzas Armadas con el desarrollo social y la formaci\u00f3n integral de\u2026","rel":"","context":"En \u00abMILITARES\u00bb","block_context":{"text":"MILITARES","link":"https:\/\/lasprimeras.com.do\/index.php\/category\/militares\/"},"img":{"alt_text":"","src":"https:\/\/i0.wp.com\/lasprimeras.com.do\/wp-content\/uploads\/2025\/09\/mide-1.jpg?resize=350%2C200&ssl=1","width":350,"height":200,"srcset":"https:\/\/i0.wp.com\/lasprimeras.com.do\/wp-content\/uploads\/2025\/09\/mide-1.jpg?resize=350%2C200&ssl=1 1x, https:\/\/i0.wp.com\/lasprimeras.com.do\/wp-content\/uploads\/2025\/09\/mide-1.jpg?resize=525%2C300&ssl=1 1.5x, https:\/\/i0.wp.com\/lasprimeras.com.do\/wp-content\/uploads\/2025\/09\/mide-1.jpg?resize=700%2C400&ssl=1 2x"},"classes":[]},{"id":101652,"url":"https:\/\/lasprimeras.com.do\/index.php\/2025\/06\/24\/abinader-encabezara-hoy-acto-de-graduacion-del-programa-de-servicio-militar-voluntario\/","url_meta":{"origin":124367,"position":2},"title":"Abinader encabezar\u00e1 hoy acto de graduaci\u00f3n del Programa de Servicio Militar Voluntario","author":"Nelson Feliz","date":"24 de junio de 2025","format":false,"excerpt":"El presidente Luis Abinader participar\u00e1 este mi\u00e9rcoles en el acto de graduaci\u00f3n del Programa de Formaci\u00f3n en Valores del Servicio Militar Voluntario en el Centro de Convenciones de Sans Souc\u00ed. El evento marca la culminaci\u00f3n de la formaci\u00f3n de j\u00f3venes en valores, disciplina y servicio a la naci\u00f3n. Se espera\u2026","rel":"","context":"En \u00abNACIONALES\u00bb","block_context":{"text":"NACIONALES","link":"https:\/\/lasprimeras.com.do\/index.php\/category\/nacionales\/"},"img":{"alt_text":"","src":"https:\/\/i0.wp.com\/lasprimeras.com.do\/wp-content\/uploads\/2025\/06\/Luis-Abinader-2-1.jpg?resize=350%2C200&ssl=1","width":350,"height":200,"srcset":"https:\/\/i0.wp.com\/lasprimeras.com.do\/wp-content\/uploads\/2025\/06\/Luis-Abinader-2-1.jpg?resize=350%2C200&ssl=1 1x, https:\/\/i0.wp.com\/lasprimeras.com.do\/wp-content\/uploads\/2025\/06\/Luis-Abinader-2-1.jpg?resize=525%2C300&ssl=1 1.5x, https:\/\/i0.wp.com\/lasprimeras.com.do\/wp-content\/uploads\/2025\/06\/Luis-Abinader-2-1.jpg?resize=700%2C400&ssl=1 2x"},"classes":[]},{"id":101724,"url":"https:\/\/lasprimeras.com.do\/index.php\/2025\/06\/25\/abinader-encabeza-graduacion-y-toma-juramento-de-mas-de-5-mil-jovenes-del-servicio-militar-voluntario\/","url_meta":{"origin":124367,"position":3},"title":"Abinader encabeza graduaci\u00f3n y toma juramento de m\u00e1s de 5 mil j\u00f3venes del Servicio Militar Voluntario","author":"Nelson Feliz","date":"25 de junio de 2025","format":false,"excerpt":"Ministro de Defensa califica este programa social y educativo como ejemplo regional de prevenci\u00f3n, superaci\u00f3n y civismo. No con armas, sino con educaci\u00f3n, valores y oportunidades. El presidente Luis Abinader encabez\u00f3 este martes la graduaci\u00f3n y tom\u00f3 el juramento de 5,536 j\u00f3venes de la Trig\u00e9sima S\u00e9ptima Promoci\u00f3n del Programa Formaci\u00f3n\u2026","rel":"","context":"En \u00abNACIONALES\u00bb","block_context":{"text":"NACIONALES","link":"https:\/\/lasprimeras.com.do\/index.php\/category\/nacionales\/"},"img":{"alt_text":"","src":"https:\/\/i0.wp.com\/lasprimeras.com.do\/wp-content\/uploads\/2025\/06\/abinader-1.jpg?resize=350%2C200&ssl=1","width":350,"height":200,"srcset":"https:\/\/i0.wp.com\/lasprimeras.com.do\/wp-content\/uploads\/2025\/06\/abinader-1.jpg?resize=350%2C200&ssl=1 1x, https:\/\/i0.wp.com\/lasprimeras.com.do\/wp-content\/uploads\/2025\/06\/abinader-1.jpg?resize=525%2C300&ssl=1 1.5x, https:\/\/i0.wp.com\/lasprimeras.com.do\/wp-content\/uploads\/2025\/06\/abinader-1.jpg?resize=700%2C400&ssl=1 2x"},"classes":[]},{"id":80251,"url":"https:\/\/lasprimeras.com.do\/index.php\/2024\/04\/05\/presentan-al-ministro-defensa-dominicano-el-primer-agregado-de-defensa-de-la-republica-popular-china-en-la-rd\/","url_meta":{"origin":124367,"position":4},"title":"Presentan al ministro defensa dominicano el primer agregado de Defensa de la Rep\u00fablica Popular China en la RD","author":"BIMARY DE JES\u00daS Matos","date":"5 de abril de 2024","format":false,"excerpt":"SANTO DOMINGO.- El embajador de la Rep\u00fablica Popular China en el pa\u00eds, Su Excelencia Chen Luning, present\u00f3 al ministro de Defensa dominicano, teniente general Carlos Luciano D\u00edaz Morfa, ERD., al coronel del Ej\u00e9rcito Gao Pemg, primer agregado de defensa de su pa\u00eds en la Rep\u00fablica Dominicana. En visita a la\u2026","rel":"","context":"En \u00abNACIONALES\u00bb","block_context":{"text":"NACIONALES","link":"https:\/\/lasprimeras.com.do\/index.php\/category\/nacionales\/"},"img":{"alt_text":"","src":"https:\/\/i0.wp.com\/lasprimeras.com.do\/wp-content\/uploads\/2024\/04\/IMG-20240405-WA0042.jpg?resize=350%2C200&ssl=1","width":350,"height":200,"srcset":"https:\/\/i0.wp.com\/lasprimeras.com.do\/wp-content\/uploads\/2024\/04\/IMG-20240405-WA0042.jpg?resize=350%2C200&ssl=1 1x, https:\/\/i0.wp.com\/lasprimeras.com.do\/wp-content\/uploads\/2024\/04\/IMG-20240405-WA0042.jpg?resize=525%2C300&ssl=1 1.5x, https:\/\/i0.wp.com\/lasprimeras.com.do\/wp-content\/uploads\/2024\/04\/IMG-20240405-WA0042.jpg?resize=700%2C400&ssl=1 2x, https:\/\/i0.wp.com\/lasprimeras.com.do\/wp-content\/uploads\/2024\/04\/IMG-20240405-WA0042.jpg?resize=1050%2C600&ssl=1 3x"},"classes":[]},{"id":111184,"url":"https:\/\/lasprimeras.com.do\/index.php\/2025\/10\/06\/mide-impulsa-cooperacion-internacional-en-formacion-digital-para-la-digev-junto-a-interlat-y-la-universidad-militar-nueva-granada\/","url_meta":{"origin":124367,"position":5},"title":"MIDE impulsa cooperaci\u00f3n internacional en formaci\u00f3n digital para la DIGEV junto a INTERLAT y la Universidad Militar Nueva Granada","author":"Nelson Feliz","date":"6 de octubre de 2025","format":false,"excerpt":"El Ministerio de Defensa de la Rep\u00fablica Dominicana (MIDE), a trav\u00e9s de la Direcci\u00f3n General de las Escuelas Vocacionales de las Fuerzas Armadas y de la Polic\u00eda Nacional (DIGEV), firm\u00f3 una carta de intenci\u00f3n de cooperaci\u00f3n con INTERLAT Colombia SAS y la Universidad Militar Nueva Granada (UMNG), con el prop\u00f3sito\u2026","rel":"","context":"En \u00abMILITARES\u00bb","block_context":{"text":"MILITARES","link":"https:\/\/lasprimeras.com.do\/index.php\/category\/militares\/"},"img":{"alt_text":"","src":"https:\/\/i0.wp.com\/lasprimeras.com.do\/wp-content\/uploads\/2025\/10\/cooperacion-internacional-1.jpg?resize=350%2C200&ssl=1","width":350,"height":200,"srcset":"https:\/\/i0.wp.com\/lasprimeras.com.do\/wp-content\/uploads\/2025\/10\/cooperacion-internacional-1.jpg?resize=350%2C200&ssl=1 1x, https:\/\/i0.wp.com\/lasprimeras.com.do\/wp-content\/uploads\/2025\/10\/cooperacion-internacional-1.jpg?resize=525%2C300&ssl=1 1.5x, https:\/\/i0.wp.com\/lasprimeras.com.do\/wp-content\/uploads\/2025\/10\/cooperacion-internacional-1.jpg?resize=700%2C400&ssl=1 2x"},"classes":[]}],"jetpack_sharing_enabled":true,"_links":{"self":[{"href":"https:\/\/lasprimeras.com.do\/index.php\/wp-json\/wp\/v2\/posts\/124367","targetHints":{"allow":["GET"]}}],"collection":[{"href":"https:\/\/lasprimeras.com.do\/index.php\/wp-json\/wp\/v2\/posts"}],"about":[{"href":"https:\/\/lasprimeras.com.do\/index.php\/wp-json\/wp\/v2\/types\/post"}],"author":[{"embeddable":true,"href":"https:\/\/lasprimeras.com.do\/index.php\/wp-json\/wp\/v2\/users\/10"}],"replies":[{"embeddable":true,"href":"https:\/\/lasprimeras.com.do\/index.php\/wp-json\/wp\/v2\/comments?post=124367"}],"version-history":[{"count":1,"href":"https:\/\/lasprimeras.com.do\/index.php\/wp-json\/wp\/v2\/posts\/124367\/revisions"}],"predecessor-version":[{"id":124369,"href":"https:\/\/lasprimeras.com.do\/index.php\/wp-json\/wp\/v2\/posts\/124367\/revisions\/124369"}],"wp:featuredmedia":[{"embeddable":true,"href":"https:\/\/lasprimeras.com.do\/index.php\/wp-json\/wp\/v2\/media\/124368"}],"wp:attachment":[{"href":"https:\/\/lasprimeras.com.do\/index.php\/wp-json\/wp\/v2\/media?parent=124367"}],"wp:term":[{"taxonomy":"category","embeddable":true,"href":"https:\/\/lasprimeras.com.do\/index.php\/wp-json\/wp\/v2\/categories?post=124367"},{"taxonomy":"post_tag","embeddable":true,"href":"https:\/\/lasprimeras.com.do\/index.php\/wp-json\/wp\/v2\/tags?post=124367"}],"curies":[{"name":"wp","href":"https:\/\/api.w.org\/{rel}","templated":true}]}}