{"id":124370,"date":"2026-03-11T20:00:00","date_gmt":"2026-03-12T00:00:00","guid":{"rendered":"https:\/\/lasprimeras.com.do\/?p=124370"},"modified":"2026-03-11T20:00:02","modified_gmt":"2026-03-12T00:00:02","slug":"buhoneros-de-la-duarte-denuncian-desalojos-y-exigen-modulos","status":"publish","type":"post","link":"https:\/\/lasprimeras.com.do\/index.php\/2026\/03\/11\/buhoneros-de-la-duarte-denuncian-desalojos-y-exigen-modulos\/","title":{"rendered":"Buhoneros de la Duarte denuncian desalojos y exigen m\u00f3dulos"},"content":{"rendered":"\n<p><strong>Buhoneros de la avenida Duarte denuncian desalojos y reclaman cumplimiento de promesa de construcci\u00f3n de m\u00f3dulos<\/strong><\/p>\n\n\n\n<p>La Asociaci\u00f3n de Buhoneros de la Avenida Duarte (ASOBUDUARTE), junto a la Federaci\u00f3n Nacional de Trabajadores del Comercio en la Econom\u00eda Informal (FENTE\u2013CASC) y el Comit\u00e9 Nacional de los Derechos Humanos (CNDH), denunci\u00f3 este mi\u00e9rcoles el inicio de un proceso de desalojo contra sus asociados por parte de la Alcald\u00eda del Distrito Nacional.<\/p>\n\n\n\n<p>Las organizaciones, afirmaron que existe el compromiso de las autoridades de construir m\u00f3dulos comerciales para los trabajadores informales que desarrollan sus actividades en la referida arteria comercial.<\/p>\n\n\n\n<p>Recordaron que durante la gesti\u00f3n del entonces alcalde David Collado se inici\u00f3 la construcci\u00f3n de m\u00f3dulos en la calle Par\u00eds como parte de un plan de organizaci\u00f3n del comercio informal, proceso que continu\u00f3 posteriormente en la actual administraci\u00f3n de la alcaldesa Carolina Mej\u00eda.<\/p>\n\n\n\n<p>Explicaron que el proyecto incluy\u00f3 el remozamiento del Paseo Comercial Duarte desde la calle Par\u00eds hasta la Ravelo, as\u00ed como la instalaci\u00f3n de nuevos m\u00f3dulos desde la Ravelo hasta la avenida M\u00e9xico, iniciativas que fueron planificadas y coordinadas con la Alcald\u00eda del Distrito Nacional y contaron con el respaldo del Gobierno central.<\/p>\n\n\n\n<p>Asimismo, se\u00f1alaron que el presidente de la Rep\u00fablica, Luis Abinader, se comprometi\u00f3 a la construcci\u00f3n de 100 m\u00f3dulos comerciales para los buhoneros ubicados en el tramo comprendido entre la calle Par\u00eds y el puente del Quinto Centenario.<\/p>\n\n\n\n<p>Los dirigentes indicaron adem\u00e1s que representantes de los buhoneros formaron parte de una comisi\u00f3n que viaj\u00f3 a Guayaquil, Ecuador, durante la gesti\u00f3n de Collado, con el objetivo de conocer la experiencia de organizaci\u00f3n del comercio informal en esa ciudad.<\/p>\n\n\n\n<p>\u201cEsa experiencia sirvi\u00f3 de base para implementar un plan piloto en la avenida Duarte y la calle Par\u00eds, el cual contribuy\u00f3 a mejorar el flujo vehicular y peatonal en la zona\u201d, se\u00f1alaron.<\/p>\n\n\n\n<p>Ante la situaci\u00f3n actual, las organizaciones expresaron su rechazo a la propuesta de indemnizaci\u00f3n y desalojo de los comerciantes informales de su \u00e1rea de trabajo.<\/p>\n\n\n\n<p>Finalmente, hicieron un llamado a la alcaldesa del Distrito Nacional para que se retome el compromiso de construir m\u00f3dulos destinados a los buhoneros de la importante arteria comercial.<\/p>\n\n\n\n<p>\u201cSolicitamos que se nos tome en cuenta en el proceso de adecuaci\u00f3n y construcci\u00f3n de los m\u00f3dulos, tal como fue prometido por la Alcald\u00eda del Distrito Nacional y el presidente de la Rep\u00fablica\u201d, expresaron.<\/p>\n","protected":false},"excerpt":{"rendered":"<p>Buhoneros de la avenida Duarte denuncian desalojos y reclaman cumplimiento de promesa de construcci\u00f3n de m\u00f3dulos La Asociaci\u00f3n de Buhoneros de la Avenida Duarte (ASOBUDUARTE), junto a la Federaci\u00f3n Nacional&hellip;<\/p>\n","protected":false},"author":10,"featured_media":124371,"comment_status":"open","ping_status":"open","sticky":false,"template":"","format":"standard","meta":{"content-type":"","jetpack_post_was_ever_published":false,"_jetpack_newsletter_access":"","_jetpack_dont_email_post_to_subs":false,"_jetpack_newsletter_tier_id":0,"_jetpack_memberships_contains_paywalled_content":false,"_jetpack_memberships_contains_paid_content":false,"footnotes":""},"categories":[35],"tags":[31094,31093,4920,20631,8435],"class_list":["post-124370","post","type-post","status-publish","format-standard","has-post-thumbnail","hentry","category-nacionales","tag-asobuduarte","tag-buhoneros-de-la-duarte","tag-casc","tag-desalojos","tag-modulos"],"jetpack_featured_media_url":"https:\/\/lasprimeras.com.do\/wp-content\/uploads\/2026\/03\/Buhoneros-de-la-avenida-Duarte.jpg","jetpack-related-posts":[{"id":71615,"url":"https:\/\/lasprimeras.com.do\/index.php\/2023\/12\/21\/udc-exige-proteccion-para-emprendedores-chiriperos-y-buhoneros\/","url_meta":{"origin":124370,"position":0},"title":"UDC exige protecci\u00f3n para emprendedores, chiriperos y buhoneros","author":"Nelson Feliz","date":"21 de diciembre de 2023","format":false,"excerpt":"El presidente de la Uni\u00f3n Dem\u00f3crata Cristiana \u2013UDC-, Luis Acosta Moreta, Luis \u201cEl Gallo\u201d, dijo hoy que los emprendedores, los chiriperos y los buhoneros, constituyen la espina dorsal de la econom\u00eda de los pobres, sosteniendo sus familias vendiendo en las calles o en peque\u00f1os negocios. Agreg\u00f3 que los inconvenientes para\u2026","rel":"","context":"En \u00abPORTADA\u00bb","block_context":{"text":"PORTADA","link":"https:\/\/lasprimeras.com.do\/index.php\/category\/portada\/"},"img":{"alt_text":"Luis Acosta Moreta","src":"https:\/\/i0.wp.com\/lasprimeras.com.do\/wp-content\/uploads\/2023\/12\/Luis-Acosta-Moreta-1-2.jpg?resize=350%2C200&ssl=1","width":350,"height":200,"srcset":"https:\/\/i0.wp.com\/lasprimeras.com.do\/wp-content\/uploads\/2023\/12\/Luis-Acosta-Moreta-1-2.jpg?resize=350%2C200&ssl=1 1x, https:\/\/i0.wp.com\/lasprimeras.com.do\/wp-content\/uploads\/2023\/12\/Luis-Acosta-Moreta-1-2.jpg?resize=525%2C300&ssl=1 1.5x"},"classes":[]},{"id":70343,"url":"https:\/\/lasprimeras.com.do\/index.php\/2023\/12\/11\/la-calle-paris-entro-ayer-en-etapa-de-modernidad\/","url_meta":{"origin":124370,"position":1},"title":"La calle Par\u00eds entr\u00f3 ayer en etapa de modernidad","author":"BIMARY DE JES\u00daS Matos","date":"11 de diciembre de 2023","format":false,"excerpt":"Santo Domingo.-La calle Duarte con Par\u00eds, en el Distrito Nacional, ha sido desde siempre el espacio con mayor impacto y dinamismo comercial de la ciudad de Santo Domingo y, a su vez, reconocida como un sin\u00f3nimo de caos, desorden y delincuencia; adjetivos a los que el gobierno busca ponerle fin\u2026","rel":"","context":"En \u00abPORTADA\u00bb","block_context":{"text":"PORTADA","link":"https:\/\/lasprimeras.com.do\/index.php\/category\/portada\/"},"img":{"alt_text":"","src":"https:\/\/i0.wp.com\/lasprimeras.com.do\/wp-content\/uploads\/2023\/12\/WhatsApp-Image-2023-12-10-at-11.56.33-AM.jpeg-1.jpg?resize=350%2C200&ssl=1","width":350,"height":200,"srcset":"https:\/\/i0.wp.com\/lasprimeras.com.do\/wp-content\/uploads\/2023\/12\/WhatsApp-Image-2023-12-10-at-11.56.33-AM.jpeg-1.jpg?resize=350%2C200&ssl=1 1x, https:\/\/i0.wp.com\/lasprimeras.com.do\/wp-content\/uploads\/2023\/12\/WhatsApp-Image-2023-12-10-at-11.56.33-AM.jpeg-1.jpg?resize=525%2C300&ssl=1 1.5x, https:\/\/i0.wp.com\/lasprimeras.com.do\/wp-content\/uploads\/2023\/12\/WhatsApp-Image-2023-12-10-at-11.56.33-AM.jpeg-1.jpg?resize=700%2C400&ssl=1 2x"},"classes":[]},{"id":70194,"url":"https:\/\/lasprimeras.com.do\/index.php\/2023\/12\/09\/presidente-abinader-y-carolina-mejia-entregaran-segunda-y-tercera-etapa-de-la-duarte-con-paris\/","url_meta":{"origin":124370,"position":2},"title":"Presidente Abinader y Carolina Mej\u00eda entregar\u00e1n segunda y tercera etapa de la Duarte con Par\u00eds","author":"BIMARY DE JES\u00daS Matos","date":"9 de diciembre de 2023","format":false,"excerpt":"Santo Domingo.-Con la presencia del presidente Luis Abinader, la alcaldesa del Distrito Nacional, Carolina Mej\u00eda, encabezar\u00e1 la inauguraci\u00f3n de la segunda y tercera etapa de la Par\u00eds y su entorno, un proyecto dise\u00f1ado para dignificar los espacios y transformar radicalmente la realidad de aquellos que comercian en este lugar. La\u2026","rel":"","context":"En \u00abNACIONALES\u00bb","block_context":{"text":"NACIONALES","link":"https:\/\/lasprimeras.com.do\/index.php\/category\/nacionales\/"},"img":{"alt_text":"","src":"https:\/\/i0.wp.com\/lasprimeras.com.do\/wp-content\/uploads\/2023\/12\/WhatsApp-Image-2023-12-07-at-7.22.09-PM-5-12.jpeg?resize=350%2C200&ssl=1","width":350,"height":200,"srcset":"https:\/\/i0.wp.com\/lasprimeras.com.do\/wp-content\/uploads\/2023\/12\/WhatsApp-Image-2023-12-07-at-7.22.09-PM-5-12.jpeg?resize=350%2C200&ssl=1 1x, https:\/\/i0.wp.com\/lasprimeras.com.do\/wp-content\/uploads\/2023\/12\/WhatsApp-Image-2023-12-07-at-7.22.09-PM-5-12.jpeg?resize=525%2C300&ssl=1 1.5x"},"classes":[]},{"id":70515,"url":"https:\/\/lasprimeras.com.do\/index.php\/2023\/12\/12\/el-transito-fluye-mejor-en-la-paris-y-su-entorno\/","url_meta":{"origin":124370,"position":3},"title":"El tr\u00e1nsito fluye mejor en la Par\u00eds y su entorno","author":"BIMARY DE JES\u00daS Matos","date":"12 de diciembre de 2023","format":false,"excerpt":"Santo Domingo.-El tr\u00e1nsito comenz\u00f3 a fluir ayer con normalidad, un a\u00f1o y medio despu\u00e9s de que fuera paralizado para dar paso a los trabajos de construcci\u00f3n de la \u00faltima fase de remozamiento de \u201cLa Par\u00eds y su Entorno\u201d. Aunque las reci\u00e9n inauguradas casetas para los buhoneros a\u00fan est\u00e1n cerradas en\u2026","rel":"","context":"En \u00abNACIONALES\u00bb","block_context":{"text":"NACIONALES","link":"https:\/\/lasprimeras.com.do\/index.php\/category\/nacionales\/"},"img":{"alt_text":"","src":"https:\/\/i0.wp.com\/lasprimeras.com.do\/wp-content\/uploads\/2023\/12\/juegos-sde-12.jpg?resize=350%2C200&ssl=1","width":350,"height":200,"srcset":"https:\/\/i0.wp.com\/lasprimeras.com.do\/wp-content\/uploads\/2023\/12\/juegos-sde-12.jpg?resize=350%2C200&ssl=1 1x, https:\/\/i0.wp.com\/lasprimeras.com.do\/wp-content\/uploads\/2023\/12\/juegos-sde-12.jpg?resize=525%2C300&ssl=1 1.5x"},"classes":[]},{"id":92842,"url":"https:\/\/lasprimeras.com.do\/index.php\/2025\/01\/17\/funcionarios-del-prm-siguen-desacreditando-el-gobierno-de-luis-abinader\/","url_meta":{"origin":124370,"position":4},"title":"Funcionarios del PRM siguen desacreditando el Gobierno de Luis Abinader","author":"Nelson Feliz","date":"17 de enero de 2025","format":false,"excerpt":"Burgos G\u00f3mez desaloja m\u00e1s de 600 en SD-Este y vende terrenos a la Constructora Bisono M\u00e1s de 600 familias residentes de Ala de la Libertad en el municipio Santo Domingo Este marcharon la noche de este viernes en contra de los atropellos, maltratos y desalojos desproporcionados que viene realizando el\u2026","rel":"","context":"En \u00abNACIONALES\u00bb","block_context":{"text":"NACIONALES","link":"https:\/\/lasprimeras.com.do\/index.php\/category\/nacionales\/"},"img":{"alt_text":"Rafael Burgos G\u00f3mez","src":"https:\/\/i0.wp.com\/lasprimeras.com.do\/wp-content\/uploads\/2025\/01\/Rafael-Burgos-Gomez.jpg?resize=350%2C200&ssl=1","width":350,"height":200,"srcset":"https:\/\/i0.wp.com\/lasprimeras.com.do\/wp-content\/uploads\/2025\/01\/Rafael-Burgos-Gomez.jpg?resize=350%2C200&ssl=1 1x, https:\/\/i0.wp.com\/lasprimeras.com.do\/wp-content\/uploads\/2025\/01\/Rafael-Burgos-Gomez.jpg?resize=525%2C300&ssl=1 1.5x"},"classes":[]},{"id":87859,"url":"https:\/\/lasprimeras.com.do\/index.php\/2024\/08\/18\/trabajadores-playeros-denuncian-supuestas-amenazas-del-alcalde-ramon-candelaria\/","url_meta":{"origin":124370,"position":5},"title":"Trabajadores playeros denuncian supuestas amenazas del Alcalde Ram\u00f3n Candelaria","author":"Nelson Feliz","date":"18 de agosto de 2024","format":false,"excerpt":"Miembros del Sindicato de Trabajadores Playeros de Boca Chica han denunciado que est\u00e1n siendo objeto de presuntas amenazas por parte del alcalde Ram\u00f3n Candelaria, quien, seg\u00fan alegan, busca desalojarlos de sus puestos de trabajo. Desde que el alcalde asumi\u00f3 el cargo el pasado 24 de abril, los trabajadores aseguran que\u2026","rel":"","context":"En \u00abNACIONALES\u00bb","block_context":{"text":"NACIONALES","link":"https:\/\/lasprimeras.com.do\/index.php\/category\/nacionales\/"},"img":{"alt_text":"Trabajadores playeros","src":"https:\/\/i0.wp.com\/lasprimeras.com.do\/wp-content\/uploads\/2024\/08\/Trabajadores-playeros-1.jpg?resize=350%2C200&ssl=1","width":350,"height":200,"srcset":"https:\/\/i0.wp.com\/lasprimeras.com.do\/wp-content\/uploads\/2024\/08\/Trabajadores-playeros-1.jpg?resize=350%2C200&ssl=1 1x, https:\/\/i0.wp.com\/lasprimeras.com.do\/wp-content\/uploads\/2024\/08\/Trabajadores-playeros-1.jpg?resize=525%2C300&ssl=1 1.5x, https:\/\/i0.wp.com\/lasprimeras.com.do\/wp-content\/uploads\/2024\/08\/Trabajadores-playeros-1.jpg?resize=700%2C400&ssl=1 2x"},"classes":[]}],"jetpack_sharing_enabled":true,"_links":{"self":[{"href":"https:\/\/lasprimeras.com.do\/index.php\/wp-json\/wp\/v2\/posts\/124370","targetHints":{"allow":["GET"]}}],"collection":[{"href":"https:\/\/lasprimeras.com.do\/index.php\/wp-json\/wp\/v2\/posts"}],"about":[{"href":"https:\/\/lasprimeras.com.do\/index.php\/wp-json\/wp\/v2\/types\/post"}],"author":[{"embeddable":true,"href":"https:\/\/lasprimeras.com.do\/index.php\/wp-json\/wp\/v2\/users\/10"}],"replies":[{"embeddable":true,"href":"https:\/\/lasprimeras.com.do\/index.php\/wp-json\/wp\/v2\/comments?post=124370"}],"version-history":[{"count":1,"href":"https:\/\/lasprimeras.com.do\/index.php\/wp-json\/wp\/v2\/posts\/124370\/revisions"}],"predecessor-version":[{"id":124372,"href":"https:\/\/lasprimeras.com.do\/index.php\/wp-json\/wp\/v2\/posts\/124370\/revisions\/124372"}],"wp:featuredmedia":[{"embeddable":true,"href":"https:\/\/lasprimeras.com.do\/index.php\/wp-json\/wp\/v2\/media\/124371"}],"wp:attachment":[{"href":"https:\/\/lasprimeras.com.do\/index.php\/wp-json\/wp\/v2\/media?parent=124370"}],"wp:term":[{"taxonomy":"category","embeddable":true,"href":"https:\/\/lasprimeras.com.do\/index.php\/wp-json\/wp\/v2\/categories?post=124370"},{"taxonomy":"post_tag","embeddable":true,"href":"https:\/\/lasprimeras.com.do\/index.php\/wp-json\/wp\/v2\/tags?post=124370"}],"curies":[{"name":"wp","href":"https:\/\/api.w.org\/{rel}","templated":true}]}}