{"id":124376,"date":"2026-03-11T20:18:18","date_gmt":"2026-03-12T00:18:18","guid":{"rendered":"https:\/\/lasprimeras.com.do\/?p=124376"},"modified":"2026-03-11T20:18:21","modified_gmt":"2026-03-12T00:18:21","slug":"prm-busca-fortalecer-controles-al-financiamiento-de-partidos","status":"publish","type":"post","link":"https:\/\/lasprimeras.com.do\/index.php\/2026\/03\/11\/prm-busca-fortalecer-controles-al-financiamiento-de-partidos\/","title":{"rendered":"PRM busca fortalecer controles al financiamiento de partidos"},"content":{"rendered":"\n<p><strong>La iniciativa propone modificar la Ley 33-18 para prevenir la infiltraci\u00f3n del crimen organizado y reforzar la transparencia en la actividad pol\u00edtica.<\/strong><\/p>\n\n\n\n<p><strong>Paliza: \u201cla democracia no se fortalece negando la realidad, sino enfrent\u00e1ndola\u201d.<\/strong><\/p>\n\n\n\n<p>El presidente del Partido Revolucionario Moderno (PRM), Jos\u00e9 Ignacio Paliza, present\u00f3 este mi\u00e9rcoles ante su bloque de legisladores un proyecto de ley que propone modificaciones a diversos art\u00edculos de la Ley n\u00fam. 33-18 de Partidos, Agrupaciones y Movimientos Pol\u00edticos, con el prop\u00f3sito de fortalecer la integridad del sistema de partidos, reforzar los mecanismos de control del financiamiento pol\u00edtico y prevenir la infiltraci\u00f3n de personas y recursos vinculados a actividades il\u00edcitas en la pol\u00edtica.<\/p>\n\n\n\n<p>Paliza explic\u00f3 que la propuesta busca establecer est\u00e1ndares m\u00e1s rigurosos de transparencia, debida diligencia y cumplimiento normativo dentro de las organizaciones pol\u00edticas.<\/p>\n\n\n\n<p>Durante su intervenci\u00f3n ante los legisladores del partido y la prensa, Paliza se\u00f1al\u00f3 que la pol\u00edtica debe responder con firmeza frente a los riesgos que representan las estructuras criminales para la democracia.<\/p>\n\n\n\n<p>\u201cHemos visto c\u00f3mo personas vinculadas a la actividad pol\u00edtica, a nuestro partido y a otros, han sido se\u00f1aladas o procesadas por presuntos v\u00ednculos con estructuras criminales. Es una realidad inc\u00f3moda. Pero la democracia no se fortalece negando la realidad, sino enfrent\u00e1ndola\u201d, expres\u00f3.<\/p>\n\n\n\n<p>El proyecto de ley introduce mecanismos orientados a fortalecer los controles internos de los partidos, incluyendo la implementaci\u00f3n de programas de cumplimiento normativo (compliance partidario) para prevenir el lavado de activos, el financiamiento del terrorismo, la corrupci\u00f3n y la infiltraci\u00f3n del crimen organizado en las estructuras dirigenciales y en los procesos de selecci\u00f3n de candidaturas.<\/p>\n\n\n\n<p>Asimismo, establece procedimientos de debida diligencia y verificaci\u00f3n del origen de los fondos que reciben las organizaciones pol\u00edticas, con mecanismos de trazabilidad para identificar a los aportantes y prevenir el uso de recursos provenientes de actividades il\u00edcitas.<\/p>\n\n\n\n<p>Entre las disposiciones propuestas se incluyen nuevos requisitos de integridad para aspirantes a candidaturas, como la presentaci\u00f3n de certificaciones de antecedentes penales, declaraci\u00f3n jurada de patrimonio, pruebas antidopaje y autorizaciones para la verificaci\u00f3n de la informaci\u00f3n presentada ante las autoridades partidarias.<\/p>\n\n\n\n<p>La iniciativa tambi\u00e9n fortalece las facultades de supervisi\u00f3n de la Junta Central Electoral sobre el financiamiento de los partidos y establece un r\u00e9gimen de consecuencias para los casos de incumplimiento de las normas relacionadas con la transparencia y el control de recursos en la actividad pol\u00edtica.<\/p>\n\n\n\n<p>Paliza record\u00f3 que esta propuesta responde al compromiso anunciado en su mensaje al pa\u00eds del 24 de noviembre de 2025 de impulsar reformas que fortalezcan la integridad del sistema democr\u00e1tico.<\/p>\n\n\n\n<p>\u201cLa pol\u00edtica debe ser un espacio de servicio p\u00fablico, no una puerta de entrada para intereses il\u00edcitos. La democracia debe ser un muro frente al crimen, no un refugio\u201d, afirm\u00f3.<\/p>\n\n\n\n<p>El presidente del PRM indic\u00f3 que la organizaci\u00f3n pol\u00edtica ha decidido asumir esta iniciativa con responsabilidad y coherencia, promoviendo reglas m\u00e1s claras y controles efectivos que fortalezcan la confianza ciudadana en la democracia.<\/p>\n\n\n\n<p>\u201cLa mejor respuesta frente a cualquier se\u00f1alamiento no es la ret\u00f3rica, sino la determinaci\u00f3n. No es la negaci\u00f3n, sino el fortalecimiento institucional\u201d.<\/p>\n\n\n\n<p>Paliza expres\u00f3 su expectativa de que la propuesta reciba el respaldo de los distintos sectores pol\u00edticos comprometidos con un pa\u00eds m\u00e1s transparente y con instituciones m\u00e1s s\u00f3lidas.<\/p>\n\n\n\n<p>El documento fue recibido por el presidente del Senado, Ricardo de los Santos, el presidente de la C\u00e1mara de Diputados, Alfredo Pacheco, y el vocero del PRM ante el senado, Mois\u00e9s Ayala.<\/p>\n","protected":false},"excerpt":{"rendered":"<p>La iniciativa propone modificar la Ley 33-18 para prevenir la infiltraci\u00f3n del crimen organizado y reforzar la transparencia en la actividad pol\u00edtica. Paliza: \u201cla democracia no se fortalece negando la&hellip;<\/p>\n","protected":false},"author":10,"featured_media":124377,"comment_status":"open","ping_status":"open","sticky":false,"template":"","format":"standard","meta":{"content-type":"","jetpack_post_was_ever_published":false,"_jetpack_newsletter_access":"","_jetpack_dont_email_post_to_subs":false,"_jetpack_newsletter_tier_id":0,"_jetpack_memberships_contains_paywalled_content":false,"_jetpack_memberships_contains_paid_content":false,"footnotes":""},"categories":[16559],"tags":[912,9723,1036,2887,6769,31,1992],"class_list":["post-124376","post","type-post","status-publish","format-standard","has-post-thumbnail","hentry","category-politica","tag-control","tag-financiamiento","tag-fortalecer","tag-integridad","tag-partidos-politicos","tag-prm","tag-proyecto-de-ley"],"jetpack_featured_media_url":"https:\/\/lasprimeras.com.do\/wp-content\/uploads\/2026\/03\/Jose-Ignacio-Paliza-1.jpg","jetpack-related-posts":[{"id":115795,"url":"https:\/\/lasprimeras.com.do\/index.php\/2025\/11\/24\/paliza-advierte-podrian-surgir-mas-casos-ligados-al-narcotrafico\/","url_meta":{"origin":124376,"position":0},"title":"Paliza advierte podr\u00edan surgir m\u00e1s casos ligados al narcotr\u00e1fico","author":"Nelson Feliz","date":"24 de noviembre de 2025","format":false,"excerpt":"El ministro administrativo de la Presidencia asegura que no es deterioro, sino fin de la impunidad. El ministro administrativo de la Presidencia y presidente del Partido Revolucionario Moderno (PRM), Jos\u00e9 Ignacio Paliza, advirti\u00f3 este lunes que podr\u00edan salir a la luz nuevos casos relacionados con el narcotr\u00e1fico y el crimen\u2026","rel":"","context":"En \u00abPOLITICA\u00bb","block_context":{"text":"POLITICA","link":"https:\/\/lasprimeras.com.do\/index.php\/category\/politica\/"},"img":{"alt_text":"","src":"https:\/\/i0.wp.com\/lasprimeras.com.do\/wp-content\/uploads\/2025\/11\/Jose-Ignacio-Paliza.jpg?resize=350%2C200&ssl=1","width":350,"height":200,"srcset":"https:\/\/i0.wp.com\/lasprimeras.com.do\/wp-content\/uploads\/2025\/11\/Jose-Ignacio-Paliza.jpg?resize=350%2C200&ssl=1 1x, https:\/\/i0.wp.com\/lasprimeras.com.do\/wp-content\/uploads\/2025\/11\/Jose-Ignacio-Paliza.jpg?resize=525%2C300&ssl=1 1.5x, https:\/\/i0.wp.com\/lasprimeras.com.do\/wp-content\/uploads\/2025\/11\/Jose-Ignacio-Paliza.jpg?resize=700%2C400&ssl=1 2x"},"classes":[]},{"id":115791,"url":"https:\/\/lasprimeras.com.do\/index.php\/2025\/11\/25\/jose-dantes-responde-a-paliza-escandalos-y-extradiciones-por-narcotrafico-provienen-de-dirigentes-y-allegados-al-prm\/","url_meta":{"origin":124376,"position":1},"title":"Jos\u00e9 Dant\u00e9s responde a Paliza: Esc\u00e1ndalos y extradiciones por narcotr\u00e1fico provienen de dirigentes y allegados al PRM","author":"Nelson Feliz","date":"25 de noviembre de 2025","format":false,"excerpt":"El miembro del Comit\u00e9 Pol\u00edtico del Partido de la Liberaci\u00f3n Dominicana (PLD), Jos\u00e9 Dant\u00e9s D\u00edaz, record\u00f3 que la docena de casos, esc\u00e1ndalos y extradiciones por el crimen de narcotr\u00e1fico provienen de dirigentes y allegados al PRM, \u201cno del sistema ni de otros partidos\u201d. El secretario de Asuntos Jur\u00eddicos del PLD,\u2026","rel":"","context":"En \u00abPOLITICA\u00bb","block_context":{"text":"POLITICA","link":"https:\/\/lasprimeras.com.do\/index.php\/category\/politica\/"},"img":{"alt_text":"","src":"https:\/\/i0.wp.com\/lasprimeras.com.do\/wp-content\/uploads\/2025\/11\/Jose-Dantes.jpg?resize=350%2C200&ssl=1","width":350,"height":200,"srcset":"https:\/\/i0.wp.com\/lasprimeras.com.do\/wp-content\/uploads\/2025\/11\/Jose-Dantes.jpg?resize=350%2C200&ssl=1 1x, https:\/\/i0.wp.com\/lasprimeras.com.do\/wp-content\/uploads\/2025\/11\/Jose-Dantes.jpg?resize=525%2C300&ssl=1 1.5x, https:\/\/i0.wp.com\/lasprimeras.com.do\/wp-content\/uploads\/2025\/11\/Jose-Dantes.jpg?resize=700%2C400&ssl=1 2x"},"classes":[]},{"id":115949,"url":"https:\/\/lasprimeras.com.do\/index.php\/2025\/11\/25\/infiltracion-del-narcotrafico-en-la-politica-no-puede-quedarse-en-discursos\/","url_meta":{"origin":124376,"position":2},"title":"Infiltraci\u00f3n del narcotr\u00e1fico en la pol\u00edtica \u201cno puede quedarse en discursos\u201d","author":"Nelson Feliz","date":"25 de noviembre de 2025","format":false,"excerpt":"Charles Mariotti a Paliza: \u201cHablemos de la silla vac\u00eda; el PRM tiene que asumir su responsabilidad\u201d El miembro del Comit\u00e9 Pol\u00edtico del Partido de la Liberaci\u00f3n Dominicana (PLD) Charles Mariotti, respondi\u00f3 las declaraciones del presidente del PRM, Jos\u00e9 Ignacio Paliza, afirmando que la lucha contra la infiltraci\u00f3n del narcotr\u00e1fico en\u2026","rel":"","context":"En \u00abPOLITICA\u00bb","block_context":{"text":"POLITICA","link":"https:\/\/lasprimeras.com.do\/index.php\/category\/politica\/"},"img":{"alt_text":"","src":"https:\/\/i0.wp.com\/lasprimeras.com.do\/wp-content\/uploads\/2025\/11\/Charles-Mariotti.jpg?resize=350%2C200&ssl=1","width":350,"height":200,"srcset":"https:\/\/i0.wp.com\/lasprimeras.com.do\/wp-content\/uploads\/2025\/11\/Charles-Mariotti.jpg?resize=350%2C200&ssl=1 1x, https:\/\/i0.wp.com\/lasprimeras.com.do\/wp-content\/uploads\/2025\/11\/Charles-Mariotti.jpg?resize=525%2C300&ssl=1 1.5x, https:\/\/i0.wp.com\/lasprimeras.com.do\/wp-content\/uploads\/2025\/11\/Charles-Mariotti.jpg?resize=700%2C400&ssl=1 2x"},"classes":[]},{"id":115811,"url":"https:\/\/lasprimeras.com.do\/index.php\/2025\/11\/25\/diputada-del-prm-pide-a-paliza-disculparse-con-el-pais-por-candidatos-vinculados-al-narco\/","url_meta":{"origin":124376,"position":3},"title":"Diputada del PRM pide a Paliza disculparse con el pa\u00eds por candidatos vinculados al narco","author":"Nelson Feliz","date":"25 de noviembre de 2025","format":false,"excerpt":"El presidente del PRM habl\u00f3 de los recientes casos de narcotr\u00e1fico en la pol\u00edtica. La diputada oficialista Soraya Su\u00e1rez consider\u00f3 este martes que el presidente del Partido Revolucionario Moderno (PRM), Jos\u00e9 Ignacio Paliza, debi\u00f3 pedir disculpas a la ciudadan\u00eda al referirse anoche a los casos de pol\u00edticos vinculados al narcotr\u00e1fico\u2026","rel":"","context":"En \u00abPOLITICA\u00bb","block_context":{"text":"POLITICA","link":"https:\/\/lasprimeras.com.do\/index.php\/category\/politica\/"},"img":{"alt_text":"","src":"https:\/\/i0.wp.com\/lasprimeras.com.do\/wp-content\/uploads\/2025\/11\/Soraya-Suarez.jpg?resize=350%2C200&ssl=1","width":350,"height":200,"srcset":"https:\/\/i0.wp.com\/lasprimeras.com.do\/wp-content\/uploads\/2025\/11\/Soraya-Suarez.jpg?resize=350%2C200&ssl=1 1x, https:\/\/i0.wp.com\/lasprimeras.com.do\/wp-content\/uploads\/2025\/11\/Soraya-Suarez.jpg?resize=525%2C300&ssl=1 1.5x"},"classes":[]},{"id":116027,"url":"https:\/\/lasprimeras.com.do\/index.php\/2025\/11\/26\/fp-exige-al-prm-revelar-nombres-de-funcionarios-vinculados-al-narcotrafico-a-los-que-hizo-alusion-paliza\/","url_meta":{"origin":124376,"position":4},"title":"FP exige al PRM revelar nombres de funcionarios vinculados al narcotr\u00e1fico, a los que hizo alusi\u00f3n Paliza","author":"Nelson Feliz","date":"26 de noviembre de 2025","format":false,"excerpt":"\u201cPaliza debe decir qui\u00e9nes son\u201d, afirma Ra\u00fal Mart\u00ednez. El partido Fuerza del Pueblo (FP) exigi\u00f3 al Partido Revolucionario Moderno (PRM) que revele los nombres de los funcionarios electos y dirigentes de su propia organizaci\u00f3n que estar\u00edan vinculados al narcotr\u00e1fico y al crimen organizado, como lo dio a entender recientemente su\u2026","rel":"","context":"En \u00abPOLITICA\u00bb","block_context":{"text":"POLITICA","link":"https:\/\/lasprimeras.com.do\/index.php\/category\/politica\/"},"img":{"alt_text":"","src":"https:\/\/i0.wp.com\/lasprimeras.com.do\/wp-content\/uploads\/2025\/11\/Raul-Martinez.jpg?resize=350%2C200&ssl=1","width":350,"height":200,"srcset":"https:\/\/i0.wp.com\/lasprimeras.com.do\/wp-content\/uploads\/2025\/11\/Raul-Martinez.jpg?resize=350%2C200&ssl=1 1x, https:\/\/i0.wp.com\/lasprimeras.com.do\/wp-content\/uploads\/2025\/11\/Raul-Martinez.jpg?resize=525%2C300&ssl=1 1.5x, https:\/\/i0.wp.com\/lasprimeras.com.do\/wp-content\/uploads\/2025\/11\/Raul-Martinez.jpg?resize=700%2C400&ssl=1 2x"},"classes":[]},{"id":122528,"url":"https:\/\/lasprimeras.com.do\/index.php\/2026\/02\/18\/paliza-considera-que-los-partidos-politicos-deben-ser-mas-transparentes\/","url_meta":{"origin":124376,"position":5},"title":"Paliza considera que los partidos pol\u00edticos deben ser m\u00e1s transparentes","author":"Nelson Feliz","date":"18 de febrero de 2026","format":false,"excerpt":"El ministro de la Presidencia y presidente del oficialista Partido Revolucionario Moderno (PRM), Jos\u00e9 Ignacio Paliza, plante\u00f3 este mi\u00e9rcoles que es necesario trabajar para que las organizaciones pol\u00edticas tengan m\u00e1s apoyo de la sociedad en general y en el proceso ser m\u00e1s transparentes. El dirigente expres\u00f3 que \"hay que cuidar\u2026","rel":"","context":"En \u00abPOLITICA\u00bb","block_context":{"text":"POLITICA","link":"https:\/\/lasprimeras.com.do\/index.php\/category\/politica\/"},"img":{"alt_text":"Jos\u00e9 Ignacio Paliza habla en el Palacio NacionalJOS\u00c9 ALBERTO MALDONADO","src":"https:\/\/i0.wp.com\/lasprimeras.com.do\/wp-content\/uploads\/2023\/08\/Jose-Ignacio-Paliza.jpeg?resize=350%2C200&ssl=1","width":350,"height":200,"srcset":"https:\/\/i0.wp.com\/lasprimeras.com.do\/wp-content\/uploads\/2023\/08\/Jose-Ignacio-Paliza.jpeg?resize=350%2C200&ssl=1 1x, https:\/\/i0.wp.com\/lasprimeras.com.do\/wp-content\/uploads\/2023\/08\/Jose-Ignacio-Paliza.jpeg?resize=525%2C300&ssl=1 1.5x, https:\/\/i0.wp.com\/lasprimeras.com.do\/wp-content\/uploads\/2023\/08\/Jose-Ignacio-Paliza.jpeg?resize=700%2C400&ssl=1 2x"},"classes":[]}],"jetpack_sharing_enabled":true,"_links":{"self":[{"href":"https:\/\/lasprimeras.com.do\/index.php\/wp-json\/wp\/v2\/posts\/124376","targetHints":{"allow":["GET"]}}],"collection":[{"href":"https:\/\/lasprimeras.com.do\/index.php\/wp-json\/wp\/v2\/posts"}],"about":[{"href":"https:\/\/lasprimeras.com.do\/index.php\/wp-json\/wp\/v2\/types\/post"}],"author":[{"embeddable":true,"href":"https:\/\/lasprimeras.com.do\/index.php\/wp-json\/wp\/v2\/users\/10"}],"replies":[{"embeddable":true,"href":"https:\/\/lasprimeras.com.do\/index.php\/wp-json\/wp\/v2\/comments?post=124376"}],"version-history":[{"count":1,"href":"https:\/\/lasprimeras.com.do\/index.php\/wp-json\/wp\/v2\/posts\/124376\/revisions"}],"predecessor-version":[{"id":124378,"href":"https:\/\/lasprimeras.com.do\/index.php\/wp-json\/wp\/v2\/posts\/124376\/revisions\/124378"}],"wp:featuredmedia":[{"embeddable":true,"href":"https:\/\/lasprimeras.com.do\/index.php\/wp-json\/wp\/v2\/media\/124377"}],"wp:attachment":[{"href":"https:\/\/lasprimeras.com.do\/index.php\/wp-json\/wp\/v2\/media?parent=124376"}],"wp:term":[{"taxonomy":"category","embeddable":true,"href":"https:\/\/lasprimeras.com.do\/index.php\/wp-json\/wp\/v2\/categories?post=124376"},{"taxonomy":"post_tag","embeddable":true,"href":"https:\/\/lasprimeras.com.do\/index.php\/wp-json\/wp\/v2\/tags?post=124376"}],"curies":[{"name":"wp","href":"https:\/\/api.w.org\/{rel}","templated":true}]}}