{"id":124379,"date":"2026-03-11T18:00:00","date_gmt":"2026-03-11T22:00:00","guid":{"rendered":"https:\/\/lasprimeras.com.do\/?p=124379"},"modified":"2026-03-11T20:42:19","modified_gmt":"2026-03-12T00:42:19","slug":"presidente-abinader-participo-de-la-investidura-de-su-homologo-chileno-jose-antonio-kast","status":"publish","type":"post","link":"https:\/\/lasprimeras.com.do\/index.php\/2026\/03\/11\/presidente-abinader-participo-de-la-investidura-de-su-homologo-chileno-jose-antonio-kast\/","title":{"rendered":"Presidente Abinader particip\u00f3 de la investidura de su hom\u00f3logo chileno Jos\u00e9 Antonio Kast"},"content":{"rendered":"\n<p><strong>El mandatario estuvo junto a la primera dama, Raquel Arbaje, y comparti\u00f3 con presidentes, el Rey Felipe VI<\/strong><\/p>\n\n\n\n<p><strong>Santiago de Chile.<\/strong> El presidente Luis Abinader particip\u00f3 de los actos oficiales de investidura de Jos\u00e9 Antonio Kast Rist como presidente de la Rep\u00fablica de Chile este mi\u00e9rcoles 11 en el Sal\u00f3n de Honor del Congreso Nacional, en Valpara\u00edso.<\/p>\n\n\n\n<p>El jefe de Estado dominicano, junto a la primera dama, Raquel Arbaje; su hija Adriana Abinader Arbaje y el ministro de Relaciones Exteriores, Roberto \u00c1lvarez, llegaron al Congreso Nacional Chileno donde les recibi\u00f3 una comisi\u00f3n de senadores y diputados del pa\u00eds sudamericano.<\/p>\n\n\n\n<p>Tambi\u00e9n particip\u00f3 como invitado especial el ministro de Vivienda y Edificaciones, V\u00edctor-Ito- Bison\u00f3.<\/p>\n\n\n\n<p>Tras los honores de estilo, el gobernante dominicano y su comitiva ingresaron al Sal\u00f3n de Honor, donde se produjo la investidura de Kast.<\/p>\n\n\n\n<p>Luego, asistieron al almuerzo ofrecido por el gobernante y la primera dama, Mar\u00eda P\u00eda Adriasola de Kast, en honor de los jefes de Estado y de Gobierno, vicepresidentes y\/o primeros ministros e invitados especiales a la investidura en el Palacio Cerro Castillo, Vi\u00f1a del Mar.<\/p>\n\n\n\n<p>Durante estas actividades, Abinader salud\u00f3 al Rey Felipe VI de Espa\u00f1a y otros jefes de Estado y\/o de Gobierno que participaron de los actos de investidura del nuevo presidente de Chile.<\/p>\n\n\n\n<p>Concluidas las actividades oficiales, Abinader viajar\u00e1 a la Rep\u00fablica Dominicana este 11 de marzo para reintegrarse a sus obligaciones de Estado.<\/p>\n","protected":false},"excerpt":{"rendered":"<p>El mandatario estuvo junto a la primera dama, Raquel Arbaje, y comparti\u00f3 con presidentes, el Rey Felipe VI Santiago de Chile. El presidente Luis Abinader particip\u00f3 de los actos oficiales&hellip;<\/p>\n","protected":false},"author":10,"featured_media":124380,"comment_status":"open","ping_status":"open","sticky":false,"template":"","format":"standard","meta":{"content-type":"","jetpack_post_was_ever_published":false,"_jetpack_newsletter_access":"","_jetpack_dont_email_post_to_subs":false,"_jetpack_newsletter_tier_id":0,"_jetpack_memberships_contains_paywalled_content":false,"_jetpack_memberships_contains_paid_content":false,"footnotes":""},"categories":[35,25],"tags":[31096,10174,27356,67,13447],"class_list":["post-124379","post","type-post","status-publish","format-standard","has-post-thumbnail","hentry","category-nacionales","category-portada","tag-homologo-chileno","tag-investidura","tag-jose-antonio-kast","tag-luis-abinader","tag-participo"],"jetpack_featured_media_url":"https:\/\/lasprimeras.com.do\/wp-content\/uploads\/2026\/03\/Presidente-Abinader-participo-de-la-investidura-de-su-homologo-chileno-Jose-Antonio-Kast.jpg","jetpack-related-posts":[{"id":124301,"url":"https:\/\/lasprimeras.com.do\/index.php\/2026\/03\/10\/presidente-abinader-llego-a-chile-para-la-investidura-del-presidente-jose-antonio-kast\/","url_meta":{"origin":124379,"position":0},"title":"Presidente Abinader lleg\u00f3 a Chile para la investidura del presidente Jos\u00e9 Antonio Kast","author":"Nelson Feliz","date":"10 de marzo de 2026","format":false,"excerpt":"Participar\u00e1 de actos oficiales junto a otros jefes de Estado y de Gobierno Santiago de Chile.- El presidente Luis Abinader arrib\u00f3 este martes a las 6:30 P.M., hora de Chile, al Aeropuerto Arturo Merino Ben\u00edtez, de Santiago de Chile, para asistir a la investidura como nuevo mandatario chileno, Jos\u00e9 Antonio\u2026","rel":"","context":"En \u00abINTERNACIONALES\u00bb","block_context":{"text":"INTERNACIONALES","link":"https:\/\/lasprimeras.com.do\/index.php\/category\/sin-categoria\/internacionales\/"},"img":{"alt_text":"","src":"https:\/\/i0.wp.com\/lasprimeras.com.do\/wp-content\/uploads\/2026\/03\/Abinader-llego-a-Chile-1.jpg?resize=350%2C200&ssl=1","width":350,"height":200,"srcset":"https:\/\/i0.wp.com\/lasprimeras.com.do\/wp-content\/uploads\/2026\/03\/Abinader-llego-a-Chile-1.jpg?resize=350%2C200&ssl=1 1x, https:\/\/i0.wp.com\/lasprimeras.com.do\/wp-content\/uploads\/2026\/03\/Abinader-llego-a-Chile-1.jpg?resize=525%2C300&ssl=1 1.5x, https:\/\/i0.wp.com\/lasprimeras.com.do\/wp-content\/uploads\/2026\/03\/Abinader-llego-a-Chile-1.jpg?resize=700%2C400&ssl=1 2x"},"classes":[]},{"id":124382,"url":"https:\/\/lasprimeras.com.do\/index.php\/2026\/03\/11\/abinader-regresa-a-rd-tras-investidura-de-jose-antonio-kast\/","url_meta":{"origin":124379,"position":1},"title":"Abinader regresa a RD tras investidura de Jos\u00e9 Antonio Kast","author":"Nelson Feliz","date":"11 de marzo de 2026","format":false,"excerpt":"El mandatario dominicano tambi\u00e9n se reuni\u00f3 con representantes de la comunidad dominicana en Chile Santiago de Chile. El presidente Luis Abinader viaj\u00f3 hacia la Rep\u00fablica Dominicana tras participar en los actos oficiales de investidura de Jos\u00e9 Antonio Kast Rist como presidente de la Rep\u00fablica de Chile, realizados este mi\u00e9rcoles 11\u2026","rel":"","context":"En \u00abNACIONALES\u00bb","block_context":{"text":"NACIONALES","link":"https:\/\/lasprimeras.com.do\/index.php\/category\/nacionales\/"},"img":{"alt_text":"","src":"https:\/\/i0.wp.com\/lasprimeras.com.do\/wp-content\/uploads\/2023\/06\/Luis-Abinader-regresa-SICA.jpg?resize=350%2C200&ssl=1","width":350,"height":200,"srcset":"https:\/\/i0.wp.com\/lasprimeras.com.do\/wp-content\/uploads\/2023\/06\/Luis-Abinader-regresa-SICA.jpg?resize=350%2C200&ssl=1 1x, https:\/\/i0.wp.com\/lasprimeras.com.do\/wp-content\/uploads\/2023\/06\/Luis-Abinader-regresa-SICA.jpg?resize=525%2C300&ssl=1 1.5x, https:\/\/i0.wp.com\/lasprimeras.com.do\/wp-content\/uploads\/2023\/06\/Luis-Abinader-regresa-SICA.jpg?resize=700%2C400&ssl=1 2x"},"classes":[]},{"id":124287,"url":"https:\/\/lasprimeras.com.do\/index.php\/2026\/03\/10\/abinader-viaja-a-chile-para-transmision-de-mando-del-mandatario-electo-jose-antonio-kast-rist\/","url_meta":{"origin":124379,"position":2},"title":"Abinader viaja a Chile para transmisi\u00f3n de mando del mandatario electo Jos\u00e9 Antonio Kast Rist","author":"Nelson Feliz","date":"10 de marzo de 2026","format":false,"excerpt":"El presidente Luis Abinader sali\u00f3 este martes a la Rep\u00fablica de Chile para participar en los actos oficiales de la transmisi\u00f3n de mando presidencial de esa naci\u00f3n sudamericana, donde asumir\u00e1 el nuevo mandatario chileno, Jos\u00e9 Antonio Kast Rist. A su llegada a territorio chileno como parte de la agenda oficial,\u2026","rel":"","context":"En \u00abNACIONALES\u00bb","block_context":{"text":"NACIONALES","link":"https:\/\/lasprimeras.com.do\/index.php\/category\/nacionales\/"},"img":{"alt_text":"Luis Abinader","src":"https:\/\/i0.wp.com\/lasprimeras.com.do\/wp-content\/uploads\/2026\/03\/Luis-Abinader-7.jpg?resize=350%2C200&ssl=1","width":350,"height":200,"srcset":"https:\/\/i0.wp.com\/lasprimeras.com.do\/wp-content\/uploads\/2026\/03\/Luis-Abinader-7.jpg?resize=350%2C200&ssl=1 1x, https:\/\/i0.wp.com\/lasprimeras.com.do\/wp-content\/uploads\/2026\/03\/Luis-Abinader-7.jpg?resize=525%2C300&ssl=1 1.5x, https:\/\/i0.wp.com\/lasprimeras.com.do\/wp-content\/uploads\/2026\/03\/Luis-Abinader-7.jpg?resize=700%2C400&ssl=1 2x"},"classes":[]},{"id":119489,"url":"https:\/\/lasprimeras.com.do\/index.php\/2026\/01\/13\/abinader-felicita-a-jose-antonio-kast-por-su-triunfo-en-las-presidenciales-de-chile\/","url_meta":{"origin":124379,"position":3},"title":"Abinader felicita a Jos\u00e9 Antonio Kast por su triunfo en las presidenciales de Chile","author":"Nelson Feliz","date":"13 de enero de 2026","format":false,"excerpt":"El mandatario inform\u00f3, a trav\u00e9s de su cuenta en la red social X, que sostuvo una conversaci\u00f3n telef\u00f3nica con Kast. El presidente de la Rep\u00fablica, Luis Abinader, felicit\u00f3 la noche de este martes al mandatario electo de Chile, Jos\u00e9 Antonio Kast, tras su victoria en la segunda vuelta de las\u2026","rel":"","context":"En \u00abNACIONALES\u00bb","block_context":{"text":"NACIONALES","link":"https:\/\/lasprimeras.com.do\/index.php\/category\/nacionales\/"},"img":{"alt_text":"El presidente Luis Abinader y su hom\u00f3logo electro de Chile, Jos\u00e9 Antonio Kast.","src":"https:\/\/i0.wp.com\/lasprimeras.com.do\/wp-content\/uploads\/2026\/01\/felicita.jpg?resize=350%2C200&ssl=1","width":350,"height":200,"srcset":"https:\/\/i0.wp.com\/lasprimeras.com.do\/wp-content\/uploads\/2026\/01\/felicita.jpg?resize=350%2C200&ssl=1 1x, https:\/\/i0.wp.com\/lasprimeras.com.do\/wp-content\/uploads\/2026\/01\/felicita.jpg?resize=525%2C300&ssl=1 1.5x, https:\/\/i0.wp.com\/lasprimeras.com.do\/wp-content\/uploads\/2026\/01\/felicita.jpg?resize=700%2C400&ssl=1 2x"},"classes":[]},{"id":122097,"url":"https:\/\/lasprimeras.com.do\/index.php\/2026\/02\/13\/luis-abinader-desarrollara-agenda-internacional-en-marzo\/","url_meta":{"origin":124379,"position":4},"title":"Luis Abinader desarrollar\u00e1 agenda internacional en marzo","author":"Nelson Feliz","date":"13 de febrero de 2026","format":false,"excerpt":"El director de Prensa del Presidente, Carlos Alberto Caminero, inform\u00f3 que el presidente Luis Abinader agotar\u00e1 una agenda internacional en el mes de marzo que incluye tres encuentros de alto nivel, en los que sostendr\u00e1 reuniones con los presidentes de Estados Unidos, Donald Trump; de Chile, Jos\u00e9 Antonio Kast; y\u2026","rel":"","context":"En \u00abNACIONALES\u00bb","block_context":{"text":"NACIONALES","link":"https:\/\/lasprimeras.com.do\/index.php\/category\/nacionales\/"},"img":{"alt_text":"","src":"https:\/\/i0.wp.com\/lasprimeras.com.do\/wp-content\/uploads\/2026\/01\/Luis-Abinader-2.jpg?resize=350%2C200&ssl=1","width":350,"height":200,"srcset":"https:\/\/i0.wp.com\/lasprimeras.com.do\/wp-content\/uploads\/2026\/01\/Luis-Abinader-2.jpg?resize=350%2C200&ssl=1 1x, https:\/\/i0.wp.com\/lasprimeras.com.do\/wp-content\/uploads\/2026\/01\/Luis-Abinader-2.jpg?resize=525%2C300&ssl=1 1.5x, https:\/\/i0.wp.com\/lasprimeras.com.do\/wp-content\/uploads\/2026\/01\/Luis-Abinader-2.jpg?resize=700%2C400&ssl=1 2x"},"classes":[]},{"id":124373,"url":"https:\/\/lasprimeras.com.do\/index.php\/2026\/03\/11\/presidente-abinader-se-reune-con-lideres-dominicanos-en-chile\/","url_meta":{"origin":124379,"position":5},"title":"Presidente Abinader se re\u00fane con l\u00edderes dominicanos en Chile","author":"Nelson Feliz","date":"11 de marzo de 2026","format":false,"excerpt":"El mandatario llama a dominicanos mantener el alto nombre de la Patria y a aprovechar las ventajas que le ofrece el pais sudamericano Santiago de Chile.- El presidente Luis Abinader se reuni\u00f3 con representantes y l\u00edderes de distintas organizaciones de dominicanos residentes en Chile, a quienes les resalt\u00f3 las nuevas\u2026","rel":"","context":"En \u00abNACIONALES\u00bb","block_context":{"text":"NACIONALES","link":"https:\/\/lasprimeras.com.do\/index.php\/category\/nacionales\/"},"img":{"alt_text":"Luis Abinader","src":"https:\/\/i0.wp.com\/lasprimeras.com.do\/wp-content\/uploads\/2026\/03\/Luis-Abinader.jpg?resize=350%2C200&ssl=1","width":350,"height":200,"srcset":"https:\/\/i0.wp.com\/lasprimeras.com.do\/wp-content\/uploads\/2026\/03\/Luis-Abinader.jpg?resize=350%2C200&ssl=1 1x, https:\/\/i0.wp.com\/lasprimeras.com.do\/wp-content\/uploads\/2026\/03\/Luis-Abinader.jpg?resize=525%2C300&ssl=1 1.5x, https:\/\/i0.wp.com\/lasprimeras.com.do\/wp-content\/uploads\/2026\/03\/Luis-Abinader.jpg?resize=700%2C400&ssl=1 2x"},"classes":[]}],"jetpack_sharing_enabled":true,"_links":{"self":[{"href":"https:\/\/lasprimeras.com.do\/index.php\/wp-json\/wp\/v2\/posts\/124379","targetHints":{"allow":["GET"]}}],"collection":[{"href":"https:\/\/lasprimeras.com.do\/index.php\/wp-json\/wp\/v2\/posts"}],"about":[{"href":"https:\/\/lasprimeras.com.do\/index.php\/wp-json\/wp\/v2\/types\/post"}],"author":[{"embeddable":true,"href":"https:\/\/lasprimeras.com.do\/index.php\/wp-json\/wp\/v2\/users\/10"}],"replies":[{"embeddable":true,"href":"https:\/\/lasprimeras.com.do\/index.php\/wp-json\/wp\/v2\/comments?post=124379"}],"version-history":[{"count":1,"href":"https:\/\/lasprimeras.com.do\/index.php\/wp-json\/wp\/v2\/posts\/124379\/revisions"}],"predecessor-version":[{"id":124381,"href":"https:\/\/lasprimeras.com.do\/index.php\/wp-json\/wp\/v2\/posts\/124379\/revisions\/124381"}],"wp:featuredmedia":[{"embeddable":true,"href":"https:\/\/lasprimeras.com.do\/index.php\/wp-json\/wp\/v2\/media\/124380"}],"wp:attachment":[{"href":"https:\/\/lasprimeras.com.do\/index.php\/wp-json\/wp\/v2\/media?parent=124379"}],"wp:term":[{"taxonomy":"category","embeddable":true,"href":"https:\/\/lasprimeras.com.do\/index.php\/wp-json\/wp\/v2\/categories?post=124379"},{"taxonomy":"post_tag","embeddable":true,"href":"https:\/\/lasprimeras.com.do\/index.php\/wp-json\/wp\/v2\/tags?post=124379"}],"curies":[{"name":"wp","href":"https:\/\/api.w.org\/{rel}","templated":true}]}}