{"id":124384,"date":"2026-03-11T23:26:45","date_gmt":"2026-03-12T03:26:45","guid":{"rendered":"https:\/\/lasprimeras.com.do\/?p=124384"},"modified":"2026-03-11T23:27:05","modified_gmt":"2026-03-12T03:27:05","slug":"radhames-jimenez-cuestiona-al-prm-dice-es-una-plaga-y-nunca-bajo-combustibles","status":"publish","type":"post","link":"https:\/\/lasprimeras.com.do\/index.php\/2026\/03\/11\/radhames-jimenez-cuestiona-al-prm-dice-es-una-plaga-y-nunca-bajo-combustibles\/","title":{"rendered":"Radham\u00e9s Jim\u00e9nez cuestiona al PRM dice es una \u201cplaga\u201d y nunca baj\u00f3 combustibles"},"content":{"rendered":"\n<p>El vicepresidente del partido Fuerza del Pueblo, Radham\u00e9s Jim\u00e9nez Pe\u00f1a, afirm\u00f3 que el gobierno del Partido Revolucionario Moderno se ha convertido en una \u201cplaga\u201d para la Rep\u00fablica Dominicana, al tiempo que cuestion\u00f3 que durante los \u00faltimos a\u00f1os, aun comprando petr\u00f3leo a precios internacionales m\u00e1s bajos, nunca redujeran el precio de los combustibles.<\/p>\n\n\n\n<p>Jim\u00e9nez se\u00f1al\u00f3 que el pueblo dominicano ha observado con preocupaci\u00f3n c\u00f3mo el costo de la vida contin\u00faa aumentando, mientras el gobierno mantiene elevados los precios de los combustibles pese a que el petr\u00f3leo internacional ha estado durante largos per\u00edodos por debajo de los niveles hist\u00f3ricos registrados anteriormente.<\/p>\n\n\n\n<p>El dirigente pol\u00edtico record\u00f3 que durante los gobiernos del expresidente Leonel Fern\u00e1ndez el precio del barril de petr\u00f3leo lleg\u00f3 a alcanzar niveles hist\u00f3ricos de hasta 147 d\u00f3lares, situaci\u00f3n que impact\u00f3 a las econom\u00edas de todo el mundo.<\/p>\n\n\n\n<p>Sin embargo, explic\u00f3 que en ese per\u00edodo el precio m\u00e1s alto que alcanz\u00f3 la gasolina premium fue de aproximadamente 210 pesos por gal\u00f3n.<\/p>\n\n\n\n<p>En contraste, indic\u00f3 que cuando el PRM asumi\u00f3 el gobierno en el a\u00f1o 2020 el precio del petr\u00f3leo se encontraba en niveles considerablemente m\u00e1s bajos, situ\u00e1ndose durante largos per\u00edodos entre 60 y 70 d\u00f3lares por barril, pero a pesar de ello los precios de los combustibles no fueron reducidos.<\/p>\n\n\n\n<p>El dirigente de la Fuerza del Pueblo sostuvo que esta situaci\u00f3n demuestra una contradicci\u00f3n en la gesti\u00f3n econ\u00f3mica del actual gobierno, al tiempo que advirti\u00f3 que no se puede utilizar como excusa el aumento del petr\u00f3leo para incrementar nuevamente los combustibles cuando durante varios a\u00f1os el pa\u00eds adquiri\u00f3 ese recurso a precios m\u00e1s bajos.<\/p>\n\n\n\n<p>Las declaraciones de Jim\u00e9nez se produjeron durante un acto de juramentaci\u00f3n de nuevos dirigentes pol\u00edticos y comunitarios que decidieron integrarse a la Fuerza del Pueblo, organizaci\u00f3n que lidera el expresidente Leonel Fern\u00e1ndez.<\/p>\n\n\n\n<p>Entre los juramentados, coordinados por Wanda Cornielle, se encuentran el general retirado Yonis Rodr\u00edguez; as\u00ed como integrantes del movimiento de Acci\u00f3n Comunitaria Independiente \u201cRevoluci\u00f3n Contra el Hambre\u201d: Natalio Mora Fr\u00edas, Duarte Nin, Irene Jim\u00e9nez, Vidalina Abreu, Sandra Puente, Elizabeth V\u00e1squez y Paco Brito, entre otros.<\/p>\n\n\n\n<p>Asimismo, se integraron dirigentes provenientes del PRM como Arsenio Ram\u00edrez Reyes, quien ofreci\u00f3 palabras en representaci\u00f3n de los nuevos miembros juramentados; y Roberto de la Cruz Amancio.<\/p>\n\n\n\n<p>Los nuevos integrantes expresaron su compromiso de trabajar desde sus comunidades y espacios de influencia para fortalecer el crecimiento de la Fuerza del Pueblo y contribuir a que el expresidente Leonel Fern\u00e1ndez vuelva a dirigir los destinos de la naci\u00f3n.<\/p>\n\n\n\n<p>Se\u00f1alaron que respaldar\u00e1n activamente el proyecto pol\u00edtico que encabeza el l\u00edder opositor, convencidos de que su experiencia y capacidad de gobierno representan la mejor opci\u00f3n para conducir nuevamente a la Rep\u00fablica Dominicana por el camino del desarrollo, la estabilidad econ\u00f3mica y el progreso social.<\/p>\n\n\n\n<p>Al concluir el acto, Jim\u00e9nez exhort\u00f3 a los nuevos dirigentes a trabajar desde sus comunidades para fortalecer la organizaci\u00f3n pol\u00edtica y ampliar el respaldo ciudadano a la Fuerza del Pueblo, asegurando que el pa\u00eds demanda un cambio que permita recuperar la estabilidad econ\u00f3mica y el desarrollo nacional.<\/p>\n","protected":false},"excerpt":{"rendered":"<p>El vicepresidente del partido Fuerza del Pueblo, Radham\u00e9s Jim\u00e9nez Pe\u00f1a, afirm\u00f3 que el gobierno del Partido Revolucionario Moderno se ha convertido en una \u201cplaga\u201d para la Rep\u00fablica Dominicana, al tiempo&hellip;<\/p>\n","protected":false},"author":10,"featured_media":124385,"comment_status":"open","ping_status":"open","sticky":false,"template":"","format":"standard","meta":{"content-type":"","jetpack_post_was_ever_published":false,"_jetpack_newsletter_access":"","_jetpack_dont_email_post_to_subs":false,"_jetpack_newsletter_tier_id":0,"_jetpack_memberships_contains_paywalled_content":false,"_jetpack_memberships_contains_paid_content":false,"footnotes":""},"categories":[16559],"tags":[31098,31,270],"class_list":["post-124384","post","type-post","status-publish","format-standard","has-post-thumbnail","hentry","category-politica","tag-plaga","tag-prm","tag-radhames-jimenez"],"jetpack_featured_media_url":"https:\/\/lasprimeras.com.do\/wp-content\/uploads\/2026\/03\/combuston.jpg","jetpack-related-posts":[{"id":102503,"url":"https:\/\/lasprimeras.com.do\/index.php\/2025\/07\/05\/radhames-jimenez-califica-al-gobierno-del-prm-de-fallido-e-inoperante\/","url_meta":{"origin":124384,"position":0},"title":"Radham\u00e9s Jim\u00e9nez califica al gobierno del PRM de fallido e inoperante","author":"Nelson Feliz","date":"5 de julio de 2025","format":false,"excerpt":"El vicepresidente y coordinador pol\u00edtico de la Fuerza del Pueblo Radham\u00e9s Jim\u00e9nez Pe\u00f1a, calific\u00f3 al gobierno del PRM de fallido e inoperante, que no le dejar\u00e1 ning\u00fan legado al pa\u00eds y a las nuevas generaciones, ya que tiene a la ciudadan\u00eda al borde de la desesperaci\u00f3n con el descalabro de\u2026","rel":"","context":"En \u00abPOLITICA\u00bb","block_context":{"text":"POLITICA","link":"https:\/\/lasprimeras.com.do\/index.php\/category\/politica\/"},"img":{"alt_text":"Radham\u00e9s Jim\u00e9nez","src":"https:\/\/i0.wp.com\/lasprimeras.com.do\/wp-content\/uploads\/2025\/07\/Radhames-Jimenez.jpg?resize=350%2C200&ssl=1","width":350,"height":200,"srcset":"https:\/\/i0.wp.com\/lasprimeras.com.do\/wp-content\/uploads\/2025\/07\/Radhames-Jimenez.jpg?resize=350%2C200&ssl=1 1x, https:\/\/i0.wp.com\/lasprimeras.com.do\/wp-content\/uploads\/2025\/07\/Radhames-Jimenez.jpg?resize=525%2C300&ssl=1 1.5x, https:\/\/i0.wp.com\/lasprimeras.com.do\/wp-content\/uploads\/2025\/07\/Radhames-Jimenez.jpg?resize=700%2C400&ssl=1 2x"},"classes":[]},{"id":106653,"url":"https:\/\/lasprimeras.com.do\/index.php\/2025\/08\/17\/incapacidad-del-gobierno-del-prm-tiene-al-pueblo-hastiado-con-los-apagones-afirma-radhames-jimenez\/","url_meta":{"origin":124384,"position":1},"title":"\u201cIncapacidad del gobierno del PRM tiene al pueblo hastiado con los apagones\u201d, afirma Radham\u00e9s Jim\u00e9nez","author":"Nelson Feliz","date":"17 de agosto de 2025","format":false,"excerpt":"El vicepresidente y coordinador pol\u00edtico de la Fuerza del Pueblo Radham\u00e9s Jim\u00e9nez Pe\u00f1a, afirm\u00f3 que la incapacidad del gobierno del PRM tiene al pueblo hastiado con las largas tandas de apagones en todo el territorio nacional, y las autoridades no dan la cara. Expres\u00f3 que a pesar de ser el\u2026","rel":"","context":"En \u00abPOLITICA\u00bb","block_context":{"text":"POLITICA","link":"https:\/\/lasprimeras.com.do\/index.php\/category\/politica\/"},"img":{"alt_text":"Radhames Jimenez","src":"https:\/\/i0.wp.com\/lasprimeras.com.do\/wp-content\/uploads\/2023\/12\/Radhames-Jimenez.jpg?resize=350%2C200&ssl=1","width":350,"height":200,"srcset":"https:\/\/i0.wp.com\/lasprimeras.com.do\/wp-content\/uploads\/2023\/12\/Radhames-Jimenez.jpg?resize=350%2C200&ssl=1 1x, https:\/\/i0.wp.com\/lasprimeras.com.do\/wp-content\/uploads\/2023\/12\/Radhames-Jimenez.jpg?resize=525%2C300&ssl=1 1.5x, https:\/\/i0.wp.com\/lasprimeras.com.do\/wp-content\/uploads\/2023\/12\/Radhames-Jimenez.jpg?resize=700%2C400&ssl=1 2x"},"classes":[]},{"id":103702,"url":"https:\/\/lasprimeras.com.do\/index.php\/2025\/07\/17\/cierre-del-metro-en-horas-laborables-demuestra-improvisacion-del-gobierno-del-prm-afirma-radhames-jimenez\/","url_meta":{"origin":124384,"position":2},"title":"\u201cCierre del metro en horas laborables demuestra improvisaci\u00f3n del gobierno del PRM\u201d, afirma Radham\u00e9s Jim\u00e9nez","author":"Nelson Feliz","date":"17 de julio de 2025","format":false,"excerpt":"El vicepresidente y coordinador pol\u00edtico de la Fuerza del Pueblo, Radham\u00e9s Jim\u00e9nez Pe\u00f1a, calific\u00f3 de improvisado al gobierno del PRM, por el cierre del metro en Santo Domingo Norte en horarios laborables, afectando de manera directa a miles de ciudadanos que todos los d\u00edas utilizan ese servicio de transporte masivo.\u2026","rel":"","context":"En \u00abPOLITICA\u00bb","block_context":{"text":"POLITICA","link":"https:\/\/lasprimeras.com.do\/index.php\/category\/politica\/"},"img":{"alt_text":"","src":"https:\/\/i0.wp.com\/lasprimeras.com.do\/wp-content\/uploads\/2025\/07\/Radhames-Jimenez-1.jpg?resize=350%2C200&ssl=1","width":350,"height":200,"srcset":"https:\/\/i0.wp.com\/lasprimeras.com.do\/wp-content\/uploads\/2025\/07\/Radhames-Jimenez-1.jpg?resize=350%2C200&ssl=1 1x, https:\/\/i0.wp.com\/lasprimeras.com.do\/wp-content\/uploads\/2025\/07\/Radhames-Jimenez-1.jpg?resize=525%2C300&ssl=1 1.5x, https:\/\/i0.wp.com\/lasprimeras.com.do\/wp-content\/uploads\/2025\/07\/Radhames-Jimenez-1.jpg?resize=700%2C400&ssl=1 2x"},"classes":[]},{"id":114195,"url":"https:\/\/lasprimeras.com.do\/index.php\/2025\/11\/11\/con-las-manos-arriba-tiene-la-delincuencia-al-gobierno-del-prm-afirma-radhames-jimenez-pena\/","url_meta":{"origin":124384,"position":3},"title":"\u201cCon las manos arriba tiene la delincuencia al Gobierno del PRM\u201d, afirma Radham\u00e9s Jim\u00e9nez Pe\u00f1a","author":"Nelson Feliz","date":"11 de noviembre de 2025","format":false,"excerpt":"El ex-procurador general de la Rep\u00fablica y vicepresidente del partido Fuerza del Pueblo, Radham\u00e9s Jim\u00e9nez Pe\u00f1a, expres\u00f3 que la delincuencia y la criminalidad tienen a las autoridades y al Gobierno del PRM con las manos arriba, ya que no han sido lo suficientemente competentes para dar respuestas contundentes al pa\u00eds\u2026","rel":"","context":"En \u00abPOLITICA\u00bb","block_context":{"text":"POLITICA","link":"https:\/\/lasprimeras.com.do\/index.php\/category\/politica\/"},"img":{"alt_text":"","src":"https:\/\/i0.wp.com\/lasprimeras.com.do\/wp-content\/uploads\/2025\/11\/Radhames-Jimenez-1.jpg?resize=350%2C200&ssl=1","width":350,"height":200,"srcset":"https:\/\/i0.wp.com\/lasprimeras.com.do\/wp-content\/uploads\/2025\/11\/Radhames-Jimenez-1.jpg?resize=350%2C200&ssl=1 1x, https:\/\/i0.wp.com\/lasprimeras.com.do\/wp-content\/uploads\/2025\/11\/Radhames-Jimenez-1.jpg?resize=525%2C300&ssl=1 1.5x, https:\/\/i0.wp.com\/lasprimeras.com.do\/wp-content\/uploads\/2025\/11\/Radhames-Jimenez-1.jpg?resize=700%2C400&ssl=1 2x"},"classes":[]},{"id":115603,"url":"https:\/\/lasprimeras.com.do\/index.php\/2025\/11\/24\/regidor-del-pld-y-dirigentes-del-prm-se-juramentan-en-la-fuerza-del-pueblo\/","url_meta":{"origin":124384,"position":4},"title":"Regidor del PLD y dirigentes del PRM se juramentan en la Fuerza del Pueblo","author":"Nelson Feliz","date":"24 de noviembre de 2025","format":false,"excerpt":"En un acto encabezado por Radham\u00e9s Jim\u00e9nez Pe\u00f1a, l\u00edderes comunitarios, pastores y exdirigentes de varios partidos pol\u00edticos oficializaron su paso a las filas de la Fuerza del Pueblo. En una muestra de reconfiguraci\u00f3n pol\u00edtica en Santo Domingo Norte, un importante grupo de dirigentes y l\u00edderes comunitarios de distintas fuerzas pol\u00edticas\u2026","rel":"","context":"En \u00abPOLITICA\u00bb","block_context":{"text":"POLITICA","link":"https:\/\/lasprimeras.com.do\/index.php\/category\/politica\/"},"img":{"alt_text":"Radham\u00e9s Jim\u00e9nez Pe\u00f1a","src":"https:\/\/i0.wp.com\/lasprimeras.com.do\/wp-content\/uploads\/2025\/11\/Radhames-Jimenez-Pena-1.jpg?resize=350%2C200&ssl=1","width":350,"height":200,"srcset":"https:\/\/i0.wp.com\/lasprimeras.com.do\/wp-content\/uploads\/2025\/11\/Radhames-Jimenez-Pena-1.jpg?resize=350%2C200&ssl=1 1x, https:\/\/i0.wp.com\/lasprimeras.com.do\/wp-content\/uploads\/2025\/11\/Radhames-Jimenez-Pena-1.jpg?resize=525%2C300&ssl=1 1.5x, https:\/\/i0.wp.com\/lasprimeras.com.do\/wp-content\/uploads\/2025\/11\/Radhames-Jimenez-Pena-1.jpg?resize=700%2C400&ssl=1 2x"},"classes":[]},{"id":50749,"url":"https:\/\/lasprimeras.com.do\/index.php\/2023\/05\/23\/radhames-jimenez-el-pueblo-ha-bautizado-al-gobierno-del-prm-como-los-apaga-estufas\/","url_meta":{"origin":124384,"position":5},"title":"Radham\u00e9s Jim\u00e9nez: El pueblo ha bautizado al gobierno del PRM, como los apaga estufas","author":"prenxa100","date":"23 de mayo de 2023","format":false,"excerpt":"\u201cJuramenta nuevos miembros en la FP\u201d Santo Domingo.-. El vicepresidente y coordinador pol\u00edtico del partido Fuerza del Pueblo, Radham\u00e9s Jim\u00e9nez Pe\u00f1a, afirmo que el pueblo ha bautizado al PRM como \u201cel gobierno de los apaga estufas\u201d. \u00a0Jim\u00e9nez Pe\u00f1a, sostuvo que muchos dominicanos est\u00e1n pasando por situaciones dif\u00edciles, ya que no\u2026","rel":"","context":"En \u00abPORTADA\u00bb","block_context":{"text":"PORTADA","link":"https:\/\/lasprimeras.com.do\/index.php\/category\/portada\/"},"img":{"alt_text":"","src":"","width":0,"height":0},"classes":[]}],"jetpack_sharing_enabled":true,"_links":{"self":[{"href":"https:\/\/lasprimeras.com.do\/index.php\/wp-json\/wp\/v2\/posts\/124384","targetHints":{"allow":["GET"]}}],"collection":[{"href":"https:\/\/lasprimeras.com.do\/index.php\/wp-json\/wp\/v2\/posts"}],"about":[{"href":"https:\/\/lasprimeras.com.do\/index.php\/wp-json\/wp\/v2\/types\/post"}],"author":[{"embeddable":true,"href":"https:\/\/lasprimeras.com.do\/index.php\/wp-json\/wp\/v2\/users\/10"}],"replies":[{"embeddable":true,"href":"https:\/\/lasprimeras.com.do\/index.php\/wp-json\/wp\/v2\/comments?post=124384"}],"version-history":[{"count":2,"href":"https:\/\/lasprimeras.com.do\/index.php\/wp-json\/wp\/v2\/posts\/124384\/revisions"}],"predecessor-version":[{"id":124387,"href":"https:\/\/lasprimeras.com.do\/index.php\/wp-json\/wp\/v2\/posts\/124384\/revisions\/124387"}],"wp:featuredmedia":[{"embeddable":true,"href":"https:\/\/lasprimeras.com.do\/index.php\/wp-json\/wp\/v2\/media\/124385"}],"wp:attachment":[{"href":"https:\/\/lasprimeras.com.do\/index.php\/wp-json\/wp\/v2\/media?parent=124384"}],"wp:term":[{"taxonomy":"category","embeddable":true,"href":"https:\/\/lasprimeras.com.do\/index.php\/wp-json\/wp\/v2\/categories?post=124384"},{"taxonomy":"post_tag","embeddable":true,"href":"https:\/\/lasprimeras.com.do\/index.php\/wp-json\/wp\/v2\/tags?post=124384"}],"curies":[{"name":"wp","href":"https:\/\/api.w.org\/{rel}","templated":true}]}}