{"id":124388,"date":"2026-03-11T23:37:52","date_gmt":"2026-03-12T03:37:52","guid":{"rendered":"https:\/\/lasprimeras.com.do\/?p=124388"},"modified":"2026-03-11T23:37:53","modified_gmt":"2026-03-12T03:37:53","slug":"hipolito-mejia-preocupado-por-la-falta-de-cumplimiento-contrato-minero","status":"publish","type":"post","link":"https:\/\/lasprimeras.com.do\/index.php\/2026\/03\/11\/hipolito-mejia-preocupado-por-la-falta-de-cumplimiento-contrato-minero\/","title":{"rendered":"Hip\u00f3lito Mej\u00eda preocupado por la falta de cumplimiento contrato minero"},"content":{"rendered":"\n<p>El expresidente Hip\u00f3lito Mej\u00eda (2000-2004) envi\u00f3 una carta al presidente Luis Abinader en la que le expresa preocupaci\u00f3n porque supuestamente el Estado dej\u00f3 de percibir en ocho a\u00f1os US$1,113 millones por concepto del Impuesto M\u00ednimo Anual (IMA) contemplado en el Contrato Especial de Arrendamiento Minero (CEAM) que suscribi\u00f3 el 25 de marzo de 2002 para la explotaci\u00f3n de las minas de oro y plata de la provincia S\u00e1nchez Ram\u00edrez.<\/p>\n\n\n\n<p>En su misiva, la cual tiene fecha de hace nueve d\u00edas (2 de marzo 2026), Mej\u00eda dice que ha tenido atenci\u00f3n particular sobre este caso luego de que escuchara una disertaci\u00f3n del economista Andy Dauhajre, centrada en el desarrollo fiscal que ha tenido el Contrato-Enmienda entre el Estado Dominicano y la empresa Barrick Pueblo Viejo (Pueblo Viejo Dominicana Corporation PVDC).<\/p>\n\n\n\n<p>Esta disertaci\u00f3n fue organizada por el Instituto de Formaci\u00f3n Pol\u00edtica \u201cDr. Jos\u00e9 Francisco Pe\u00f1a G\u00f3mez\u201c, que \u00e9l (Hip\u00f3lito) dirige, el cual instituy\u00f3 hace varios a\u00f1os el Foro Permanente sobre Miner\u00eda, Medio Ambiente y Cambio Clim\u00e1tico, bajo la denominada \u201cC\u00e1tedra de Gobernanza Ambiental y Social\u201c.<\/p>\n\n\n\n<p>En el marco del mismo han sido desarrolladas investigaciones, conferencias, paneles, conversatorios y coloquios, relacionados con asuntos de inter\u00e9s nacional.<\/p>\n\n\n\n<p>EL CONTRATO<\/p>\n\n\n\n<p>El Contrato Especial de Arrendamiento Minero (CEAM) fue suscrito el 25 de marzo de 2002 (durante el Gobierno de Hip\u00f3lito) entre el Estado Dominicano y la empresa Placer Dome Dominicana Corporation.<\/p>\n\n\n\n<p>Posteriormente fue adquirido por la Barrick Gold en enero de 2006 y renegociado. Una segunda enmienda crucial fue firmada el 5 de septiembre de 2013.<\/p>\n\n\n\n<p>LLAMA LA ATENCI\u00d3N POR \u00abDESEQUILIBRIO FISCAL\u00bb<\/p>\n\n\n\n<p>Seg\u00fan la misiva de Mej\u00eda a Abinader, el economista Dauhajre concluy\u00f3 en su disertaci\u00f3n en que \u00abdada la evoluci\u00f3n de los precios del oro y debido, esencialmente a la no actualizaci\u00f3n y aplicaci\u00f3n oportuna de par\u00e1metros de car\u00e1cter t\u00e9cnico, se ha originado un desequilibrio fiscal, en perjuicio de las finanzas p\u00fablicas que amerita de una atenci\u00f3n inmediata\u00bb.<\/p>\n\n\n\n<p>\u00abComo Su Excelencia comprender\u00e1, para el suscrito, en cuya gesti\u00f3n de gobierno se firm\u00f3 el contrato original, resulta de particular atenci\u00f3n y preocupaci\u00f3n cualquier elemento que tienda a distorsionar el esp\u00edritu que prim\u00f3 al suscribirse el mismo, en el sentido de lograr el objetivo de que en un momento determinado, el estado participara en un 50% de los beneficios por el arrendamiento de los derechos mineros de la mina de oro Pueblo Viejo\u00bb, puntualiza.<\/p>\n\n\n\n<p>TEXTO \u00cdNTEGRO DE LA CARTA<\/p>\n\n\n\n<p>El texto \u00edntegro de la carta, el cual fue obtenido con exclusividad por el peri\u00f3dico ALMOMENTO.net, es el siguiente:<\/p>\n\n\n\n<p>Santo Domingo, 2 de marzo de 2026<\/p>\n\n\n\n<p>Lic.<\/p>\n\n\n\n<p>Luis R. Abinader Corona<\/p>\n\n\n\n<p>Presidente Constitucional de la Rep\u00fablica<\/p>\n\n\n\n<p>Palacio Nacional<\/p>\n\n\n\n<p>Ciudad.-<\/p>\n\n\n\n<p>Excelent\u00edsimo Se\u00f1or Presidente:<\/p>\n\n\n\n<p>El Instituto de Formaci\u00f3n Pol\u00edtica \u201cDr. Jose Francisco Pe\u00f1a G\u00f3mez\u201c, que dirigimos, instituy\u00f3 hace ya varios a\u00f1os, el Foro Permanente sobre Miner\u00eda, Medio Ambiente y Cambio Clim\u00e1tico, que opera bajo la denominada \u201cC\u00e1tedra de Gobernanza Ambiental y Social\u201c, en el marco de la cual hemos venido desarrollando una serie de investigaciones, conferencias, paneles, conversatorios y coloquios, relacionados con puntos o asuntos de inter\u00e9s nacional, en el \u00e1mbito de la indicada tem\u00e1tica.<\/p>\n\n\n\n<p>El d\u00eda lunes 23 del pasado mes de febrero analizamos el tema \u201cOro-Econom\u00eda Rep\u00fablica Dominicana\u201c con una disertaci\u00f3n a cargo del reputado economista Andy Dauhajre.<\/p>\n\n\n\n<p>La magistral presentaci\u00f3n estuvo centrada en el desarrollo fiscal que ha tenido el Contrato-Enmienda existente entre el Estado Dominicano y la empresa Barrick Pueblo Viejo (Pueblo Viejo Dominicana Corporation PVDC). El disertante concluy\u00f3 all\u00ed en que, dada la evoluci\u00f3n de los precios del oro y debido, esencialmente a la no actualizaci\u00f3n y aplicaci\u00f3n oportuna de par\u00e1metros de car\u00e1cter t\u00e9cnico, se ha originado un desequilibrio fiscal, en perjuicio de las finanzas p\u00fablicas que amerita de una atenci\u00f3n inmediata.<\/p>\n\n\n\n<p>Asegura el Lic. Dauhajre que, por ejemplo, durante el periodo 2017-2025, el Estado dej\u00f3 de percibir, otras consideraciones aparte, la suma de US $1,113 millones por concepto del Impuesto M\u00ednimo Anual (IMA) contemplado en el contrato.<\/p>\n\n\n\n<p>Como Su Excelencia comprender\u00e1, para el suscrito, en cuya gesti\u00f3n de gobierno se firm\u00f3 el contrato original resulta de particular atenci\u00f3n y preocupaci\u00f3n cualquier elemento que tienda a distorsionar el esp\u00edritu que prim\u00f3 al suscribirse el mismo, en el sentido de lograr el objetivo de que en un momento determinado, el estado participara en un 50% de los beneficios por el arrendamiento de los derechos mineros de la mina de oro Pueblo Viejo.<\/p>\n\n\n\n<p>Para su mayor y mejor ilustraci\u00f3n, le incluimos en anexo el documento de an\u00e1lisis que sustenta las consideraciones expuestas por el Lic. Dauhajre.<\/p>\n\n\n\n<p>Al saludarle con la mayor diferencia, reciba a usted, Se\u00f1or Presidente, nuestras reiteradas muestras de respeto, distinci\u00f3n y singular aprecio.<\/p>\n\n\n\n<p>Muy atentamente,<\/p>\n\n\n\n<p>HIP\u00d3LITO MEJIA\u00bb<\/p>\n\n\n\n<p>Fuente Almomento<\/p>\n","protected":false},"excerpt":{"rendered":"<p>El expresidente Hip\u00f3lito Mej\u00eda (2000-2004) envi\u00f3 una carta al presidente Luis Abinader en la que le expresa preocupaci\u00f3n porque supuestamente el Estado dej\u00f3 de percibir en ocho a\u00f1os US$1,113 millones&hellip;<\/p>\n","protected":false},"author":10,"featured_media":122241,"comment_status":"open","ping_status":"open","sticky":false,"template":"","format":"standard","meta":{"content-type":"","jetpack_post_was_ever_published":false,"_jetpack_newsletter_access":"","_jetpack_dont_email_post_to_subs":false,"_jetpack_newsletter_tier_id":0,"_jetpack_memberships_contains_paywalled_content":false,"_jetpack_memberships_contains_paid_content":false,"footnotes":""},"categories":[16559],"tags":[31101,31100,1073,8645],"class_list":["post-124388","post","type-post","status-publish","format-standard","has-post-thumbnail","hentry","category-politica","tag-contrato-minero","tag-falta-de-cumplimiento","tag-hipolito-mejia","tag-preocupado"],"jetpack_featured_media_url":"https:\/\/lasprimeras.com.do\/wp-content\/uploads\/2026\/02\/Hipolito-Mejia.jpg","jetpack-related-posts":[{"id":108345,"url":"https:\/\/lasprimeras.com.do\/index.php\/2025\/09\/05\/hipolito-mejia-ya-no-quiere-hablar-de-politica-estoy-mas-manoseado-que-una-mata-de-cafe\/","url_meta":{"origin":124388,"position":0},"title":"Hip\u00f3lito Mej\u00eda ya no quiere hablar de pol\u00edtica: &#8220;Estoy m\u00e1s manoseado que una mata de caf\u00e9&#8221;","author":"Nelson Feliz","date":"5 de septiembre de 2025","format":false,"excerpt":"Mej\u00eda inst\u00f3 a los productores a adoptar pr\u00e1cticas de sanidad e inocuidad responsables si quieren incrementar las exportaciones. Como expresidente de la Rep\u00fablica Dominicana y exministro de Agricultura, Hip\u00f3lito Mej\u00eda fue invitado, como todos los a\u00f1os, al Encuentro Nacional de L\u00edderes del Sector Agropecuario, un evento en el que los\u2026","rel":"","context":"En \u00abPOLITICA\u00bb","block_context":{"text":"POLITICA","link":"https:\/\/lasprimeras.com.do\/index.php\/category\/politica\/"},"img":{"alt_text":"Hipolito Mejia","src":"https:\/\/i0.wp.com\/lasprimeras.com.do\/wp-content\/uploads\/2023\/09\/Hipolito-Mejia.jpg?resize=350%2C200&ssl=1","width":350,"height":200,"srcset":"https:\/\/i0.wp.com\/lasprimeras.com.do\/wp-content\/uploads\/2023\/09\/Hipolito-Mejia.jpg?resize=350%2C200&ssl=1 1x, https:\/\/i0.wp.com\/lasprimeras.com.do\/wp-content\/uploads\/2023\/09\/Hipolito-Mejia.jpg?resize=525%2C300&ssl=1 1.5x"},"classes":[]},{"id":104393,"url":"https:\/\/lasprimeras.com.do\/index.php\/2025\/07\/23\/ultiman-a-ivonne-handal-hermana-de-la-nuera-del-expresidente-hipolito-mejia\/","url_meta":{"origin":124388,"position":1},"title":"Ultiman a Ivonne Handal hermana de la nuera del expresidente Hip\u00f3lito Mej\u00eda","author":"Nelson Feliz","date":"23 de julio de 2025","format":false,"excerpt":"El atacante tiene problemas mentales \u201cEnt\u00e9rate de quien se trata\u201d Ivonne Handal, hermana de la nuera del expresidente Hip\u00f3lito Mej\u00eda, fue ultimada en su apartamento de Naco, supuestamente por un vecino que tiene problemas mentales. Ivonne era hermana de Nancy Handal, la esposa de Felipe Mej\u00eda, el hijo mayor del\u2026","rel":"","context":"En \u00abNACIONALES\u00bb","block_context":{"text":"NACIONALES","link":"https:\/\/lasprimeras.com.do\/index.php\/category\/nacionales\/"},"img":{"alt_text":"","src":"https:\/\/i0.wp.com\/lasprimeras.com.do\/wp-content\/uploads\/2023\/07\/Cuchillo.jpg?resize=350%2C200&ssl=1","width":350,"height":200,"srcset":"https:\/\/i0.wp.com\/lasprimeras.com.do\/wp-content\/uploads\/2023\/07\/Cuchillo.jpg?resize=350%2C200&ssl=1 1x, https:\/\/i0.wp.com\/lasprimeras.com.do\/wp-content\/uploads\/2023\/07\/Cuchillo.jpg?resize=525%2C300&ssl=1 1.5x"},"classes":[]},{"id":103649,"url":"https:\/\/lasprimeras.com.do\/index.php\/2025\/07\/17\/anpa-dedicara-su-9no-congreso-al-expresidente-hipolito-mejia\/","url_meta":{"origin":124388,"position":2},"title":"ANPA dedicar\u00e1 su 9no Congreso al expresidente Hip\u00f3lito Mej\u00eda","author":"Nelson Feliz","date":"17 de julio de 2025","format":false,"excerpt":"La Asamblea Nacional de Dirigentes de la Asociaci\u00f3n Nacional de Profesionales Agropecuarios, dedicar\u00e1n 9no Congreso Nacional de la ANPA al expresidente Rep\u00fablica Hip\u00f3lito Mej\u00eda, en reconocimiento a su trayectoria como fundador del gremio y exministro de Agricultura. El presidente de la ANPA, Tito Hern\u00e1ndez, expres\u00f3 que la vida acrisolada de\u2026","rel":"","context":"En \u00abNACIONALES\u00bb","block_context":{"text":"NACIONALES","link":"https:\/\/lasprimeras.com.do\/index.php\/category\/nacionales\/"},"img":{"alt_text":"Tito Hern\u00e1ndez","src":"https:\/\/i0.wp.com\/lasprimeras.com.do\/wp-content\/uploads\/2025\/07\/Tito-Hernandez.jpg?resize=350%2C200&ssl=1","width":350,"height":200,"srcset":"https:\/\/i0.wp.com\/lasprimeras.com.do\/wp-content\/uploads\/2025\/07\/Tito-Hernandez.jpg?resize=350%2C200&ssl=1 1x, https:\/\/i0.wp.com\/lasprimeras.com.do\/wp-content\/uploads\/2025\/07\/Tito-Hernandez.jpg?resize=525%2C300&ssl=1 1.5x, https:\/\/i0.wp.com\/lasprimeras.com.do\/wp-content\/uploads\/2025\/07\/Tito-Hernandez.jpg?resize=700%2C400&ssl=1 2x"},"classes":[]},{"id":122240,"url":"https:\/\/lasprimeras.com.do\/index.php\/2026\/02\/15\/hipolito-mejia-minimiza-apoyo-a-collado-y-asegura-perdera-mucho-a-poco-de-carolina\/","url_meta":{"origin":124388,"position":3},"title":"Hip\u00f3lito Mej\u00eda minimiza apoyo a Collado y asegura perder\u00e1 mucho a poco de Carolina","author":"Nelson Feliz","date":"15 de febrero de 2026","format":false,"excerpt":"El expresidente Hip\u00f3lito Mej\u00eda asegur\u00f3 hoy que su hija, Carolina Mej\u00eda, derrotar\u00e1 \u201cmucho a poco\u201d al aspirante presidencial David Collado, a quien defini\u00f3 como su m\u00e1s cercano contrincante en la carrera por la nominaci\u00f3n presidencial del Partido Revolucionario Moderno (PRM). En su declaraci\u00f3n, el veterano pol\u00edtico se fue m\u00e1s lejos\u2026","rel":"","context":"En \u00abPOLITICA\u00bb","block_context":{"text":"POLITICA","link":"https:\/\/lasprimeras.com.do\/index.php\/category\/politica\/"},"img":{"alt_text":"Hip\u00f3lito Mej\u00eda","src":"https:\/\/i0.wp.com\/lasprimeras.com.do\/wp-content\/uploads\/2026\/02\/Hipolito-Mejia.jpg?resize=350%2C200&ssl=1","width":350,"height":200,"srcset":"https:\/\/i0.wp.com\/lasprimeras.com.do\/wp-content\/uploads\/2026\/02\/Hipolito-Mejia.jpg?resize=350%2C200&ssl=1 1x, https:\/\/i0.wp.com\/lasprimeras.com.do\/wp-content\/uploads\/2026\/02\/Hipolito-Mejia.jpg?resize=525%2C300&ssl=1 1.5x, https:\/\/i0.wp.com\/lasprimeras.com.do\/wp-content\/uploads\/2026\/02\/Hipolito-Mejia.jpg?resize=700%2C400&ssl=1 2x"},"classes":[]},{"id":108576,"url":"https:\/\/lasprimeras.com.do\/index.php\/2025\/09\/08\/hipolito-mejia-a-leonel-fernandez-usted-no-conoce-ni-un-pollo-ni-un-huevo-callese-azaroso\/","url_meta":{"origin":124388,"position":4},"title":"Hip\u00f3lito Mej\u00eda a Leonel Fern\u00e1ndez: \u00abUsted no conoce ni un pollo ni un huevo, c\u00e1llese azaroso\u00bb","author":"Nelson Feliz","date":"8 de septiembre de 2025","format":false,"excerpt":"En una arremetida que ya circula por las redes sociales, el expresidente Hip\u00f3lito Mej\u00eda lanz\u00f3 su cl\u00e1sico sarcasmo directo a Leonel Fern\u00e1ndez, tras un comentario del tambi\u00e9n exmandatario sobre los precios del pollo. Con tono ir\u00f3nico Mej\u00eda exclamo \u201cSe\u00f1or, usted no conoce ni el pichiris\u2026 usted no conoce un pollo\u2026","rel":"","context":"En \u00abPOLITICA\u00bb","block_context":{"text":"POLITICA","link":"https:\/\/lasprimeras.com.do\/index.php\/category\/politica\/"},"img":{"alt_text":"","src":"https:\/\/i0.wp.com\/lasprimeras.com.do\/wp-content\/uploads\/2025\/09\/Hipolito-Mejia.jpg?resize=350%2C200&ssl=1","width":350,"height":200,"srcset":"https:\/\/i0.wp.com\/lasprimeras.com.do\/wp-content\/uploads\/2025\/09\/Hipolito-Mejia.jpg?resize=350%2C200&ssl=1 1x, https:\/\/i0.wp.com\/lasprimeras.com.do\/wp-content\/uploads\/2025\/09\/Hipolito-Mejia.jpg?resize=525%2C300&ssl=1 1.5x, https:\/\/i0.wp.com\/lasprimeras.com.do\/wp-content\/uploads\/2025\/09\/Hipolito-Mejia.jpg?resize=700%2C400&ssl=1 2x"},"classes":[]},{"id":110511,"url":"https:\/\/lasprimeras.com.do\/index.php\/2025\/09\/29\/anpa-inaugura-este-martes-su-ix-congreso-nacional-hipolito-mejia\/","url_meta":{"origin":124388,"position":5},"title":"ANPA inaugura este martes su IX Congreso Nacional \u201cHip\u00f3lito Mej\u00eda\u201d","author":"Nelson Feliz","date":"29 de septiembre de 2025","format":false,"excerpt":"La Asociaci\u00f3n Nacional de Profesionales Agropecuarios (ANPA) dejar\u00e1 inaugurado este martes su IX Congreso Nacional \u201cHip\u00f3lito Mej\u00eda\u201d, a celebrarse en el Hotel Coopmarena de Juan Dolio, provincia San Pedro de Macor\u00eds, los d\u00edas 30 de septiembre, 1 y 2 de octubre de 2025. Con el lema \u201cEl agr\u00f3nomo como garante\u2026","rel":"","context":"En \u00abNACIONALES\u00bb","block_context":{"text":"NACIONALES","link":"https:\/\/lasprimeras.com.do\/index.php\/category\/nacionales\/"},"img":{"alt_text":"","src":"https:\/\/i0.wp.com\/lasprimeras.com.do\/wp-content\/uploads\/2025\/09\/Hipolito-Mejia-1.jpg?resize=350%2C200&ssl=1","width":350,"height":200,"srcset":"https:\/\/i0.wp.com\/lasprimeras.com.do\/wp-content\/uploads\/2025\/09\/Hipolito-Mejia-1.jpg?resize=350%2C200&ssl=1 1x, https:\/\/i0.wp.com\/lasprimeras.com.do\/wp-content\/uploads\/2025\/09\/Hipolito-Mejia-1.jpg?resize=525%2C300&ssl=1 1.5x, https:\/\/i0.wp.com\/lasprimeras.com.do\/wp-content\/uploads\/2025\/09\/Hipolito-Mejia-1.jpg?resize=700%2C400&ssl=1 2x"},"classes":[]}],"jetpack_sharing_enabled":true,"_links":{"self":[{"href":"https:\/\/lasprimeras.com.do\/index.php\/wp-json\/wp\/v2\/posts\/124388","targetHints":{"allow":["GET"]}}],"collection":[{"href":"https:\/\/lasprimeras.com.do\/index.php\/wp-json\/wp\/v2\/posts"}],"about":[{"href":"https:\/\/lasprimeras.com.do\/index.php\/wp-json\/wp\/v2\/types\/post"}],"author":[{"embeddable":true,"href":"https:\/\/lasprimeras.com.do\/index.php\/wp-json\/wp\/v2\/users\/10"}],"replies":[{"embeddable":true,"href":"https:\/\/lasprimeras.com.do\/index.php\/wp-json\/wp\/v2\/comments?post=124388"}],"version-history":[{"count":1,"href":"https:\/\/lasprimeras.com.do\/index.php\/wp-json\/wp\/v2\/posts\/124388\/revisions"}],"predecessor-version":[{"id":124389,"href":"https:\/\/lasprimeras.com.do\/index.php\/wp-json\/wp\/v2\/posts\/124388\/revisions\/124389"}],"wp:featuredmedia":[{"embeddable":true,"href":"https:\/\/lasprimeras.com.do\/index.php\/wp-json\/wp\/v2\/media\/122241"}],"wp:attachment":[{"href":"https:\/\/lasprimeras.com.do\/index.php\/wp-json\/wp\/v2\/media?parent=124388"}],"wp:term":[{"taxonomy":"category","embeddable":true,"href":"https:\/\/lasprimeras.com.do\/index.php\/wp-json\/wp\/v2\/categories?post=124388"},{"taxonomy":"post_tag","embeddable":true,"href":"https:\/\/lasprimeras.com.do\/index.php\/wp-json\/wp\/v2\/tags?post=124388"}],"curies":[{"name":"wp","href":"https:\/\/api.w.org\/{rel}","templated":true}]}}