{"id":124399,"date":"2026-03-11T23:55:24","date_gmt":"2026-03-12T03:55:24","guid":{"rendered":"https:\/\/lasprimeras.com.do\/?p=124399"},"modified":"2026-03-11T23:55:26","modified_gmt":"2026-03-12T03:55:26","slug":"italia-apabulla-a-mexico-y-gana-el-grupo-b-en-houston-usa-es-segundo","status":"publish","type":"post","link":"https:\/\/lasprimeras.com.do\/index.php\/2026\/03\/11\/italia-apabulla-a-mexico-y-gana-el-grupo-b-en-houston-usa-es-segundo\/","title":{"rendered":"Italia apabulla a M\u00e9xico y gana el grupo B en Houston; USA es segundo"},"content":{"rendered":"\n<p>Panorama Deportivo.- Gracias a una actuaci\u00f3n digna de \u00abMr. March\u00bb de Vinnie Pasquantino en el primer juego de tres jonrones en la historia del Cl\u00e1sico Mundial de B\u00e9isbol, Italia se ha asegurado el primer puesto del Grupo B.<\/p>\n\n\n\n<p>\u00a1Y un gran \u00ab\u00a1Grazie!\u00bb de parte de Estados Unidos.<\/p>\n\n\n\n<p>Una noche despu\u00e9s de sorprender a los estadounidenses con una agitaci\u00f3n matem\u00e1tica, los italianos, guiados por su capit\u00e1n Pasquantino, lograron una contundente y notablemente relajada victoria por 9-1 sobre M\u00e9xico en la final de la fase de grupos el mi\u00e9rcoles por la noche en el Parque Daikin.<\/p>\n\n\n\n<p>Italia termin\u00f3 con un r\u00e9cord perfecto de 4-0 para el primer puesto del grupo, eliminando a M\u00e9xico y avanzando a los cuartos de final del s\u00e1bado contra Puerto Rico (3 p.m. ET por FS1).<\/p>\n\n\n\n<p>Esta es la tercera vez que Italia avanza m\u00e1s all\u00e1 de la fase de grupos, pero la primera vez que gana su grupo directamente, una racha que le vali\u00f3 un saludo en el Parlamento italiano de la primera ministra Giorgia Meloni ese mismo d\u00eda.<\/p>\n\n\n\n<p>Igualmente significativo es que un equipo estadounidense repleto de estrellas, que se encontraba en una situaci\u00f3n precaria tras la derrota del martes ante Italia, tambi\u00e9n ha avanzado a la siguiente ronda, con miras a enfrentar a Canad\u00e1 el viernes por la noche.<\/p>\n\n\n\n<p>Adem\u00e1s, no hubo necesidad de recurrir a ese cociente de desempate entre tres equipos: carreras permitidas divididas por outs defensivos registrados.<\/p>\n\n\n\n<p>Pero al menos tendremos el recuerdo de memorizarlo.<\/p>\n\n\n\n<p>M\u00e9xico lleg\u00f3 a este partido con un cuerpo de lanzadores m\u00e1s descansado y completo. Pero Italia ten\u00eda a su as, el lanzador derecho de los Phillies, Aaron Nola, en la lomita, y eso fue un factor decisivo en una noche en la que cada carrera individual tuvo un peso hist\u00f3rico adicional.<\/p>\n\n\n\n<p>Nola lanz\u00f3 cinco entradas eficientes en las que permiti\u00f3 solo cuatro hits y una base por bolas, con cinco ponches.<\/p>\n\n\n\n<p>Las pocas oportunidades que M\u00e9xico tuvo para hacerle da\u00f1o fueron desvanecidas por grandes jugadas como la h\u00e1bil finta del joven campocorto Sam Antonacci que impuls\u00f3 a Joey Ortiz a doblete en la tercera entrada y el strike perfecto del receptor J.J. D\u2019Orazio para atrapar al aspirante a ladr\u00f3n de bases Nick Gonzales en la quinta.<\/p>\n\n\n\n<p>Y, por supuesto, como ya es tradici\u00f3n en este torneo, se vio la influencia cafeinada de los bateadores italianos.<\/p>\n\n\n\n<p>Pasquantino inici\u00f3 la fiesta paisana con un jonr\u00f3n solitario a la esquina del jard\u00edn derecho ante el abridor Javier Assad en la segunda entrada. El Pasquatch es el alma de este equipo italiano, repartiendo espressos de celebraci\u00f3n y besando en las mejillas a sus compa\u00f1eros jonroneros.<\/p>\n\n\n\n<p>Pero este fue su primer hit \u2014y, resulta, ni mucho menos el \u00faltimo\u2014 en este Cl\u00e1sico.<\/p>\n\n\n\n<p>El veterano infielder Jon Berti a\u00f1adi\u00f3 un jonr\u00f3n solitario ante Assad en la cuarta entrada para poner el 2-0, y un peque\u00f1o toque de sacrificio bien colocado de la revelaci\u00f3n del CMB, Dante Nori, ayud\u00f3 a impulsar una quinta entrada de tres carreras que puso el marcador 5-0.<\/p>\n\n\n\n<p>Pasquantino volvi\u00f3 a conectar un jonr\u00f3n en la sexta, con otro toque cerca del poste del jard\u00edn derecho. Y una vez m\u00e1s en la octava, con \u2014lo adivinaron\u2014 un jonr\u00f3n solitario a su esquina favorita, Italia dej\u00f3 claro su rumbo.<\/p>\n\n\n\n<p>Italia sab\u00eda que ten\u00eda la victoria asegurada, y el equipo estadounidense sab\u00eda que ten\u00eda la victoria italiana asegurada. Una escuadra Azzurri compuesta principalmente por italoamericanos finalmente ayud\u00f3 a ambas causas.<\/p>\n","protected":false},"excerpt":{"rendered":"<p>Panorama Deportivo.- Gracias a una actuaci\u00f3n digna de \u00abMr. March\u00bb de Vinnie Pasquantino en el primer juego de tres jonrones en la historia del Cl\u00e1sico Mundial de B\u00e9isbol, Italia se&hellip;<\/p>\n","protected":false},"author":10,"featured_media":124400,"comment_status":"open","ping_status":"open","sticky":false,"template":"","format":"standard","meta":{"content-type":"","jetpack_post_was_ever_published":false,"_jetpack_newsletter_access":"","_jetpack_dont_email_post_to_subs":false,"_jetpack_newsletter_tier_id":0,"_jetpack_memberships_contains_paywalled_content":false,"_jetpack_memberships_contains_paid_content":false,"footnotes":""},"categories":[630],"tags":[31106,31105,31107],"class_list":["post-124399","post","type-post","status-publish","format-standard","has-post-thumbnail","hentry","category-deportes","tag-gana-el-grupo-b-en-houston","tag-italia-apabulla-a-mexico","tag-usa-es-segundo"],"jetpack_featured_media_url":"https:\/\/lasprimeras.com.do\/wp-content\/uploads\/2026\/03\/pascantino.jpg","jetpack-related-posts":[{"id":58767,"url":"https:\/\/lasprimeras.com.do\/index.php\/2023\/08\/28\/la-seleccion-dominicana-se-ilusiona-con-ganar-el-grupo-a-tras-vencer-a-italia\/","url_meta":{"origin":124399,"position":0},"title":"La selecci\u00f3n dominicana se ilusiona con ganar el Grupo A tras vencer a Italia","author":"Nelson Feliz","date":"28 de agosto de 2023","format":false,"excerpt":"--Karl Towns y Andr\u00e9s F\u00e9liz 24 cada uno y suman 11 triples --Si ganan el martes a Angola pasan como l\u00edderes de Grupo Con la victoria de este domingo 87-82 ante Italia, qued\u00f3 evidenciado un gran hecho para Rep\u00fablica Dominicana y es que su selecci\u00f3n de baloncesto se une a\u2026","rel":"","context":"En \u00abSin categor\u00eda\u00bb","block_context":{"text":"Sin categor\u00eda","link":"https:\/\/lasprimeras.com.do\/index.php\/category\/sin-categoria\/"},"img":{"alt_text":"Andr\u00e9s F\u00e9liz (10) realiza un disparo ante la marca del italiano Simone Fontecchio","src":"https:\/\/i0.wp.com\/lasprimeras.com.do\/wp-content\/uploads\/2023\/08\/basket.jpg?resize=350%2C200&ssl=1","width":350,"height":200,"srcset":"https:\/\/i0.wp.com\/lasprimeras.com.do\/wp-content\/uploads\/2023\/08\/basket.jpg?resize=350%2C200&ssl=1 1x, https:\/\/i0.wp.com\/lasprimeras.com.do\/wp-content\/uploads\/2023\/08\/basket.jpg?resize=525%2C300&ssl=1 1.5x, https:\/\/i0.wp.com\/lasprimeras.com.do\/wp-content\/uploads\/2023\/08\/basket.jpg?resize=700%2C400&ssl=1 2x"},"classes":[]},{"id":86581,"url":"https:\/\/lasprimeras.com.do\/index.php\/2024\/07\/28\/las-reinas-del-caribe-pierden-3-1-ante-italia-en-juegos-olimpicos-de-paris\/","url_meta":{"origin":124399,"position":1},"title":"Las Reinas del Caribe pierden 3-1 ante Italia en Juegos Ol\u00edmpicos de Par\u00eds","author":"Nelson Feliz","date":"28 de julio de 2024","format":false,"excerpt":"Par\u00eds, EFE.- Las \u2018Reinas del Caribe\u2019 dominicanas no pudieron superar su primer obst\u00e1culo en los Juegos Ol\u00edmpicos de Par\u00eds y cayeron por 3-1 (25-19, 24-26, 25-21 y 25-18) ante Italia, la selecci\u00f3n que encabeza el r\u00e1nking mundial y que fue un rival demasiado fuerte para el equipo que entrena el\u2026","rel":"","context":"En \u00abSin categor\u00eda\u00bb","block_context":{"text":"Sin categor\u00eda","link":"https:\/\/lasprimeras.com.do\/index.php\/category\/sin-categoria\/"},"img":{"alt_text":"Jineiry Mart\u00ednez (izq.) y Brayelin Elizabeth Mart\u00ednez de Rep\u00fablica Dominicana (c) en acci\u00f3n contra Paola Ogechi Egonu de Italia durante el partido del grupo C de la ronda preliminar entre Italia y la Rep\u00fablica Dominicana de las competencias de voleibol en los Juegos Ol\u00edmpicos de Par\u00eds 2024, en el South Paris Arena en Par\u00eds, Francia, el 28 de julio de 2024. EFE\/EPA\/MAST IRHAM","src":"https:\/\/i0.wp.com\/lasprimeras.com.do\/wp-content\/uploads\/2024\/07\/Las-Reinas-del-Caribe-1.png?resize=350%2C200&ssl=1","width":350,"height":200,"srcset":"https:\/\/i0.wp.com\/lasprimeras.com.do\/wp-content\/uploads\/2024\/07\/Las-Reinas-del-Caribe-1.png?resize=350%2C200&ssl=1 1x, https:\/\/i0.wp.com\/lasprimeras.com.do\/wp-content\/uploads\/2024\/07\/Las-Reinas-del-Caribe-1.png?resize=525%2C300&ssl=1 1.5x, https:\/\/i0.wp.com\/lasprimeras.com.do\/wp-content\/uploads\/2024\/07\/Las-Reinas-del-Caribe-1.png?resize=700%2C400&ssl=1 2x"},"classes":[]},{"id":58910,"url":"https:\/\/lasprimeras.com.do\/index.php\/2023\/08\/29\/italia-se-luce-ante-filipinas-y-acompana-a-rd-a-segunda-fase-en-el-mundial\/","url_meta":{"origin":124399,"position":2},"title":"Italia se luce ante Filipinas y acompa\u00f1a a RD a segunda fase en el Mundial","author":"Nelson Feliz","date":"29 de agosto de 2023","format":false,"excerpt":"Horas despu\u00e9s de que los dominicanos asegurasen su continuidad con una brillante victoria por 67-75 contra Angola, Italia no se dej\u00f3 sorprender por los filipinos. La selecci\u00f3n italiana sell\u00f3 este martes su clasificaci\u00f3n para la segunda fase del Mundial de baloncesto al sumar su segunda victoria frente a Filipinas, una\u2026","rel":"","context":"En \u00abSin categor\u00eda\u00bb","block_context":{"text":"Sin categor\u00eda","link":"https:\/\/lasprimeras.com.do\/index.php\/category\/sin-categoria\/"},"img":{"alt_text":"El delantero italiano Nicolo Melli (9) contra el p\u00edvot filipino Ariel John Edu (34) durante su partido del grupo A de la Copa Mundial de baloncesto en el Araneta Coliseum, Manila, Filipinas, el martes 29 de agosto de 2023.AARON FAVILA","src":"https:\/\/i0.wp.com\/lasprimeras.com.do\/wp-content\/uploads\/2023\/08\/BASKET.jpeg?resize=350%2C200&ssl=1","width":350,"height":200,"srcset":"https:\/\/i0.wp.com\/lasprimeras.com.do\/wp-content\/uploads\/2023\/08\/BASKET.jpeg?resize=350%2C200&ssl=1 1x, https:\/\/i0.wp.com\/lasprimeras.com.do\/wp-content\/uploads\/2023\/08\/BASKET.jpeg?resize=525%2C300&ssl=1 1.5x, https:\/\/i0.wp.com\/lasprimeras.com.do\/wp-content\/uploads\/2023\/08\/BASKET.jpeg?resize=700%2C400&ssl=1 2x"},"classes":[]},{"id":63540,"url":"https:\/\/lasprimeras.com.do\/index.php\/2023\/10\/13\/cuba-y-honduras-empatan-sin-goles-en-republica-dominicana\/","url_meta":{"origin":124399,"position":3},"title":"Cuba y Honduras empatan sin goles en Rep\u00fablica Dominicana","author":"BIMARY DE JES\u00daS Matos","date":"13 de octubre de 2023","format":false,"excerpt":"Santo Domingo.- Las selecciones de Cuba y Honduras terminaron en empate y sin goles el partido correspondiente a la tercera jornada de la Liga de Naciones de la Concacaf, trascendi\u00f3 hoy aqu\u00ed. Comentaristas deportivos calificaron de crucial este choque, al coincidir en que est\u00e1n en juego los boletos para la\u2026","rel":"","context":"En \u00abSin categor\u00eda\u00bb","block_context":{"text":"Sin categor\u00eda","link":"https:\/\/lasprimeras.com.do\/index.php\/category\/sin-categoria\/"},"img":{"alt_text":"","src":"","width":0,"height":0},"classes":[]},{"id":63598,"url":"https:\/\/lasprimeras.com.do\/index.php\/2023\/10\/13\/cuba-y-honduras-empatan-sin-goles-en-republica-dominicana-2\/","url_meta":{"origin":124399,"position":4},"title":"Cuba y Honduras empatan sin goles en Rep\u00fablica Dominicana","author":"BIMARY DE JES\u00daS Matos","date":"13 de octubre de 2023","format":false,"excerpt":"Santo Domingo.- Las selecciones de Cuba y Honduras terminaron en empate y sin goles el partido correspondiente a la tercera jornada de la Liga de Naciones de la Concacaf, trascendi\u00f3 hoy aqu\u00ed. Comentaristas deportivos calificaron de crucial este choque, al coincidir en que est\u00e1n en juego los boletos para la\u2026","rel":"","context":"En \u00abSin categor\u00eda\u00bb","block_context":{"text":"Sin categor\u00eda","link":"https:\/\/lasprimeras.com.do\/index.php\/category\/sin-categoria\/"},"img":{"alt_text":"","src":"","width":0,"height":0},"classes":[]},{"id":84722,"url":"https:\/\/lasprimeras.com.do\/index.php\/2024\/06\/14\/los-lideres-del-g7-abordan-cuestion-de-la-migracion-en-el-segundo-dia-de-su-cumbre-en-italia\/","url_meta":{"origin":124399,"position":5},"title":"Los l\u00edderes del G7 abordan cuesti\u00f3n de la migraci\u00f3n en el segundo d\u00eda de su cumbre en Italia","author":"Nelson Feliz","date":"14 de junio de 2024","format":false,"excerpt":"POR ELENA BECATOROS BARI, Italia (AP) \u2014 Los l\u00edderes del Grupo de los Siete principales pa\u00edses industrializados centraron su atenci\u00f3n en la migraci\u00f3n al comienzo del segundo d\u00eda de su cumbre el viernes, buscando formas de combatir el tr\u00e1fico y aumentar la inversi\u00f3n en pa\u00edses de donde los migrantes parten\u2026","rel":"","context":"En \u00abSin categor\u00eda\u00bb","block_context":{"text":"Sin categor\u00eda","link":"https:\/\/lasprimeras.com.do\/index.php\/category\/sin-categoria\/"},"img":{"alt_text":"El presidente Joe Biden y el presidente ucraniano Volodymyr Zelenskyy","src":"https:\/\/i0.wp.com\/lasprimeras.com.do\/wp-content\/uploads\/2024\/06\/Joe-Biden-y-Volodymyr-Zelenskyy.jpg?resize=350%2C200&ssl=1","width":350,"height":200,"srcset":"https:\/\/i0.wp.com\/lasprimeras.com.do\/wp-content\/uploads\/2024\/06\/Joe-Biden-y-Volodymyr-Zelenskyy.jpg?resize=350%2C200&ssl=1 1x, https:\/\/i0.wp.com\/lasprimeras.com.do\/wp-content\/uploads\/2024\/06\/Joe-Biden-y-Volodymyr-Zelenskyy.jpg?resize=525%2C300&ssl=1 1.5x, https:\/\/i0.wp.com\/lasprimeras.com.do\/wp-content\/uploads\/2024\/06\/Joe-Biden-y-Volodymyr-Zelenskyy.jpg?resize=700%2C400&ssl=1 2x"},"classes":[]}],"jetpack_sharing_enabled":true,"_links":{"self":[{"href":"https:\/\/lasprimeras.com.do\/index.php\/wp-json\/wp\/v2\/posts\/124399","targetHints":{"allow":["GET"]}}],"collection":[{"href":"https:\/\/lasprimeras.com.do\/index.php\/wp-json\/wp\/v2\/posts"}],"about":[{"href":"https:\/\/lasprimeras.com.do\/index.php\/wp-json\/wp\/v2\/types\/post"}],"author":[{"embeddable":true,"href":"https:\/\/lasprimeras.com.do\/index.php\/wp-json\/wp\/v2\/users\/10"}],"replies":[{"embeddable":true,"href":"https:\/\/lasprimeras.com.do\/index.php\/wp-json\/wp\/v2\/comments?post=124399"}],"version-history":[{"count":1,"href":"https:\/\/lasprimeras.com.do\/index.php\/wp-json\/wp\/v2\/posts\/124399\/revisions"}],"predecessor-version":[{"id":124401,"href":"https:\/\/lasprimeras.com.do\/index.php\/wp-json\/wp\/v2\/posts\/124399\/revisions\/124401"}],"wp:featuredmedia":[{"embeddable":true,"href":"https:\/\/lasprimeras.com.do\/index.php\/wp-json\/wp\/v2\/media\/124400"}],"wp:attachment":[{"href":"https:\/\/lasprimeras.com.do\/index.php\/wp-json\/wp\/v2\/media?parent=124399"}],"wp:term":[{"taxonomy":"category","embeddable":true,"href":"https:\/\/lasprimeras.com.do\/index.php\/wp-json\/wp\/v2\/categories?post=124399"},{"taxonomy":"post_tag","embeddable":true,"href":"https:\/\/lasprimeras.com.do\/index.php\/wp-json\/wp\/v2\/tags?post=124399"}],"curies":[{"name":"wp","href":"https:\/\/api.w.org\/{rel}","templated":true}]}}