{"id":124402,"date":"2026-03-11T23:58:40","date_gmt":"2026-03-12T03:58:40","guid":{"rendered":"https:\/\/lasprimeras.com.do\/?p=124402"},"modified":"2026-03-11T23:58:42","modified_gmt":"2026-03-12T03:58:42","slug":"aplazan-medida-de-coercion-contra-maestra-acusada-de-maltrato-infantil","status":"publish","type":"post","link":"https:\/\/lasprimeras.com.do\/index.php\/2026\/03\/11\/aplazan-medida-de-coercion-contra-maestra-acusada-de-maltrato-infantil\/","title":{"rendered":"Aplazan medida de coerci\u00f3n contra maestra acusada de maltrato infantil"},"content":{"rendered":"\n<p>La Oficina Judicial de Servicios de Atenci\u00f3n Permanente del Distrito Nacional aplaz\u00f3 el conocimiento de la solicitud de medida de coerci\u00f3n contra la maestra Yamelsy Matos Beltr\u00e9, acusada de presunto maltrato infantil en un centro de cuidado ubicado en Santo Domingo Este.<\/p>\n\n\n\n<p>La imputada compareci\u00f3 este martes ante el tribunal, donde el Ministerio P\u00fablico solicita la imposici\u00f3n de prisi\u00f3n preventiva como medida cautelar mientras contin\u00faan las investigaciones del caso.<\/p>\n\n\n\n<p>Sin embargo, la audiencia fue pospuesta por el tribunal para una nueva fecha, a fin de que las partes puedan completar aspectos procesales y presentar elementos adicionales en el expediente.<\/p>\n\n\n\n<p>Caso gener\u00f3 indignaci\u00f3n en redes<\/p>\n\n\n\n<p>El caso se hizo p\u00fablico luego de que circulara en redes sociales un video grabado dentro de un centro educativo infantil en el que presuntamente se observa a la docente agrediendo a una ni\u00f1a de aproximadamente dos a\u00f1os.<\/p>\n\n\n\n<p>Las im\u00e1genes provocaron una fuerte reacci\u00f3n de indignaci\u00f3n entre ciudadanos y motivaron la r\u00e1pida intervenci\u00f3n de las autoridades, quienes iniciaron una investigaci\u00f3n para esclarecer lo ocurrido y determinar responsabilidades.<\/p>\n\n\n\n<p>Arresto e investigaci\u00f3n<\/p>\n\n\n\n<p>Tras la difusi\u00f3n del video, agentes policiales y representantes del Ministerio P\u00fablico procedieron con el arresto de Matos Beltr\u00e9, quien fue puesta a disposici\u00f3n de la justicia para responder por los hechos que se le imputan.<\/p>\n\n\n\n<p>El Ministerio P\u00fablico investiga el caso bajo presuntas violaciones a las disposiciones que protegen a los menores de edad contra el maltrato y la violencia.<\/p>\n\n\n\n<p>Proceso continuar\u00e1 en el tribunal<\/p>\n\n\n\n<p>Con el aplazamiento de la audiencia, el tribunal fijar\u00e1 una nueva fecha para conocer la solicitud de medida de coerci\u00f3n, en la que se decidir\u00e1 si la imputada enfrentar\u00e1 el proceso en prisi\u00f3n preventiva u otra medida cautelar.<\/p>\n","protected":false},"excerpt":{"rendered":"<p>La Oficina Judicial de Servicios de Atenci\u00f3n Permanente del Distrito Nacional aplaz\u00f3 el conocimiento de la solicitud de medida de coerci\u00f3n contra la maestra Yamelsy Matos Beltr\u00e9, acusada de presunto&hellip;<\/p>\n","protected":false},"author":10,"featured_media":97411,"comment_status":"open","ping_status":"open","sticky":false,"template":"","format":"standard","meta":{"content-type":"","jetpack_post_was_ever_published":false,"_jetpack_newsletter_access":"","_jetpack_dont_email_post_to_subs":false,"_jetpack_newsletter_tier_id":0,"_jetpack_memberships_contains_paywalled_content":false,"_jetpack_memberships_contains_paid_content":false,"footnotes":""},"categories":[289],"tags":[4134,1166,15784,15570,2040],"class_list":["post-124402","post","type-post","status-publish","format-standard","has-post-thumbnail","hentry","category-justicia","tag-acusada","tag-aplazan","tag-maestra","tag-maltrato-infantil","tag-medida-de-coercion"],"jetpack_featured_media_url":"https:\/\/lasprimeras.com.do\/wp-content\/uploads\/2025\/04\/mallete.png","jetpack-related-posts":[{"id":73177,"url":"https:\/\/lasprimeras.com.do\/index.php\/2024\/01\/06\/aplazan-al-9-de-enero-conocimiento-de-coerciones-de-operacion-nido\/","url_meta":{"origin":124402,"position":0},"title":"Aplazan al 9 de enero conocimiento de coerciones de Operaci\u00f3n Nido","author":"BIMARY DE JES\u00daS Matos","date":"6 de enero de 2024","format":false,"excerpt":"Santo Domingo.-El director de la Oficina de Atenci\u00f3n Permanente del Distrito Nacional, juez Rigoberto Sena, aplaz\u00f3 para el 9 de enero, el conocimiento de solicitud de medida de coerci\u00f3n en contra de los acusados de una presunta estafa millonaria a trav\u00e9s del denominado caso Nido. Los acusados acudieron este s\u00e1bado\u2026","rel":"","context":"En \u00abPORTADA\u00bb","block_context":{"text":"PORTADA","link":"https:\/\/lasprimeras.com.do\/index.php\/category\/portada\/"},"img":{"alt_text":"","src":"https:\/\/i0.wp.com\/lasprimeras.com.do\/wp-content\/uploads\/2024\/01\/WhatsApp-Image-2024-01-06-at-5.57.52-PM.jpeg?resize=350%2C200&ssl=1","width":350,"height":200,"srcset":"https:\/\/i0.wp.com\/lasprimeras.com.do\/wp-content\/uploads\/2024\/01\/WhatsApp-Image-2024-01-06-at-5.57.52-PM.jpeg?resize=350%2C200&ssl=1 1x, https:\/\/i0.wp.com\/lasprimeras.com.do\/wp-content\/uploads\/2024\/01\/WhatsApp-Image-2024-01-06-at-5.57.52-PM.jpeg?resize=525%2C300&ssl=1 1.5x, https:\/\/i0.wp.com\/lasprimeras.com.do\/wp-content\/uploads\/2024\/01\/WhatsApp-Image-2024-01-06-at-5.57.52-PM.jpeg?resize=700%2C400&ssl=1 2x"},"classes":[]},{"id":87857,"url":"https:\/\/lasprimeras.com.do\/index.php\/2024\/08\/18\/aplazan-para-el-proximo-martes-medida-de-coercion-a-mujer-acusada-de-ultimar-a-su-hija\/","url_meta":{"origin":124402,"position":1},"title":"Aplazan para el pr\u00f3ximo martes medida de coerci\u00f3n a mujer acusada de ultimar a su hija","author":"Nelson Feliz","date":"18 de agosto de 2024","format":false,"excerpt":"La Oficina de Atenci\u00f3n Permanente de Santo Domingo Este aplaz\u00f3 para el pr\u00f3ximo martes a las 5:00 de la tarde la solicitud de medida de coerci\u00f3n en contra de Ana Josefa Garc\u00eda, acusada de ultimar a su hija de seis a\u00f1os. De acuerdo con el abogado de la acusada, An\u00edbal\u2026","rel":"","context":"En \u00abJUSTICIA\u00bb","block_context":{"text":"JUSTICIA","link":"https:\/\/lasprimeras.com.do\/index.php\/category\/justicia\/"},"img":{"alt_text":"Ana Josefa Garc\u00eda","src":"https:\/\/i0.wp.com\/lasprimeras.com.do\/wp-content\/uploads\/2024\/08\/Doctora-mata-a-su-hija-818x694-1-818x613-1.jpg?resize=350%2C200&ssl=1","width":350,"height":200,"srcset":"https:\/\/i0.wp.com\/lasprimeras.com.do\/wp-content\/uploads\/2024\/08\/Doctora-mata-a-su-hija-818x694-1-818x613-1.jpg?resize=350%2C200&ssl=1 1x, https:\/\/i0.wp.com\/lasprimeras.com.do\/wp-content\/uploads\/2024\/08\/Doctora-mata-a-su-hija-818x694-1-818x613-1.jpg?resize=525%2C300&ssl=1 1.5x, https:\/\/i0.wp.com\/lasprimeras.com.do\/wp-content\/uploads\/2024\/08\/Doctora-mata-a-su-hija-818x694-1-818x613-1.jpg?resize=700%2C400&ssl=1 2x"},"classes":[]},{"id":49662,"url":"https:\/\/lasprimeras.com.do\/index.php\/2023\/05\/13\/aplazan-conocimiento-de-coercion-contra-las-parejas-de-amelia-alcantara-y-tamara-martinez\/","url_meta":{"origin":124402,"position":2},"title":"Aplazan conocimiento de coerci\u00f3n contra las parejas de Amelia Alc\u00e1ntara y Tamara Mart\u00ednez","author":"prenxa100","date":"13 de mayo de 2023","format":false,"excerpt":"Santo Domingo.-. El Tribunal de Atenci\u00f3n Permanente del Distrito Nacional aplaz\u00f3 el conocimiento de la medida de coerci\u00f3n al abogado Emilio L\u00f3pez y el empresario Wagner Taveras Taveras, detenidos el viernes por la Unidad de Atenci\u00f3n Integral a la Violencia de G\u00e9nero, Intrafamiliar y Delitos Sexuales, de la avenida R\u00f3mulo\u2026","rel":"","context":"En \u00abJUSTICIA\u00bb","block_context":{"text":"JUSTICIA","link":"https:\/\/lasprimeras.com.do\/index.php\/category\/justicia\/"},"img":{"alt_text":"","src":"","width":0,"height":0},"classes":[]},{"id":77820,"url":"https:\/\/lasprimeras.com.do\/index.php\/2024\/02\/26\/aplazan-audiencia-de-medida-de-coercion-contra-acusados-de-asesinar-a-paula-santana\/","url_meta":{"origin":124402,"position":3},"title":"Aplazan audiencia de medida de coerci\u00f3n contra acusados de asesinar a Paula Santana","author":"BIMARY DE JES\u00daS Matos","date":"26 de febrero de 2024","format":false,"excerpt":"SANTO DOMINGO.\u2013 Fue aplazada la audiencia para el conocimiento de medidas de coerci\u00f3n contra imputados de la muerte de la joven Paula Santana Escalante, de 23 a\u00f1os, cuyo cuerpo fue encontrado en una alcantarilla de la zona franca donde laboraba. La pr\u00f3xima audiencia fue fijada para el pr\u00f3ximo mi\u00e9rcoles a\u2026","rel":"","context":"En \u00abNACIONALES\u00bb","block_context":{"text":"NACIONALES","link":"https:\/\/lasprimeras.com.do\/index.php\/category\/nacionales\/"},"img":{"alt_text":"","src":"https:\/\/i0.wp.com\/lasprimeras.com.do\/wp-content\/uploads\/2024\/02\/65d94ba6ab30a.r_d.725-828.jpeg?resize=350%2C200&ssl=1","width":350,"height":200,"srcset":"https:\/\/i0.wp.com\/lasprimeras.com.do\/wp-content\/uploads\/2024\/02\/65d94ba6ab30a.r_d.725-828.jpeg?resize=350%2C200&ssl=1 1x, https:\/\/i0.wp.com\/lasprimeras.com.do\/wp-content\/uploads\/2024\/02\/65d94ba6ab30a.r_d.725-828.jpeg?resize=525%2C300&ssl=1 1.5x, https:\/\/i0.wp.com\/lasprimeras.com.do\/wp-content\/uploads\/2024\/02\/65d94ba6ab30a.r_d.725-828.jpeg?resize=700%2C400&ssl=1 2x"},"classes":[]},{"id":117286,"url":"https:\/\/lasprimeras.com.do\/index.php\/2025\/12\/09\/aplazan-para-este-jueves-audiencia-de-coercion-contra-imputados-por-fraude-en-senasa\/","url_meta":{"origin":124402,"position":4},"title":"Aplazan para este jueves audiencia de coerci\u00f3n contra imputados por fraude en Senasa","author":"Nelson Feliz","date":"9 de diciembre de 2025","format":false,"excerpt":"El citado tribunal dispuso que la solicitud ser\u00e1 conocida a partir de las dos de la tarde La Oficina de Atenci\u00f3n Permanente del Distrito Nacional aplaz\u00f3 para este jueves 11 de diciembre el conocimiento de la solicitud de medida de coerci\u00f3n contra los acusados del fraude contra la ARS Senasa.\u2026","rel":"","context":"En \u00abJUSTICIA\u00bb","block_context":{"text":"JUSTICIA","link":"https:\/\/lasprimeras.com.do\/index.php\/category\/justicia\/"},"img":{"alt_text":"Operaci\u00f3n Cobra","src":"https:\/\/i0.wp.com\/lasprimeras.com.do\/wp-content\/uploads\/2025\/12\/Operacion-Cobra.jpg?resize=350%2C200&ssl=1","width":350,"height":200,"srcset":"https:\/\/i0.wp.com\/lasprimeras.com.do\/wp-content\/uploads\/2025\/12\/Operacion-Cobra.jpg?resize=350%2C200&ssl=1 1x, https:\/\/i0.wp.com\/lasprimeras.com.do\/wp-content\/uploads\/2025\/12\/Operacion-Cobra.jpg?resize=525%2C300&ssl=1 1.5x, https:\/\/i0.wp.com\/lasprimeras.com.do\/wp-content\/uploads\/2025\/12\/Operacion-Cobra.jpg?resize=700%2C400&ssl=1 2x"},"classes":[]},{"id":77479,"url":"https:\/\/lasprimeras.com.do\/index.php\/2024\/02\/21\/aplazan-conocimiento-de-coercion-contra-los-acusados-de-asalto-en-torre-nicole-ix\/","url_meta":{"origin":124402,"position":5},"title":"Aplazan conocimiento de coerci\u00f3n contra los acusados de asalto en Torre Nicole IX","author":"BIMARY DE JES\u00daS Matos","date":"21 de febrero de 2024","format":false,"excerpt":"Santo Domingo.-La jueza F\u00e1tima Veloz, de la Oficina de Atenci\u00f3n Permanente del Distrito Nacional, aplaz\u00f3 este mi\u00e9rcoles el conocimiento de la medida de coerci\u00f3n contra cuatro hombres acusados de ser responsables del asalto a la Torre Nicole IX, ubicada en el sector La Esperilla del Distrito Nacional. La audiencia fue\u2026","rel":"","context":"En \u00abPORTADA\u00bb","block_context":{"text":"PORTADA","link":"https:\/\/lasprimeras.com.do\/index.php\/category\/portada\/"},"img":{"alt_text":"","src":"https:\/\/i0.wp.com\/lasprimeras.com.do\/wp-content\/uploads\/2024\/02\/aplazan-coercion-en-caso-de-asalto-a-la-torre-nicole-ix.jpeg?resize=350%2C200&ssl=1","width":350,"height":200,"srcset":"https:\/\/i0.wp.com\/lasprimeras.com.do\/wp-content\/uploads\/2024\/02\/aplazan-coercion-en-caso-de-asalto-a-la-torre-nicole-ix.jpeg?resize=350%2C200&ssl=1 1x, https:\/\/i0.wp.com\/lasprimeras.com.do\/wp-content\/uploads\/2024\/02\/aplazan-coercion-en-caso-de-asalto-a-la-torre-nicole-ix.jpeg?resize=525%2C300&ssl=1 1.5x, https:\/\/i0.wp.com\/lasprimeras.com.do\/wp-content\/uploads\/2024\/02\/aplazan-coercion-en-caso-de-asalto-a-la-torre-nicole-ix.jpeg?resize=700%2C400&ssl=1 2x, https:\/\/i0.wp.com\/lasprimeras.com.do\/wp-content\/uploads\/2024\/02\/aplazan-coercion-en-caso-de-asalto-a-la-torre-nicole-ix.jpeg?resize=1050%2C600&ssl=1 3x, https:\/\/i0.wp.com\/lasprimeras.com.do\/wp-content\/uploads\/2024\/02\/aplazan-coercion-en-caso-de-asalto-a-la-torre-nicole-ix.jpeg?resize=1400%2C800&ssl=1 4x"},"classes":[]}],"jetpack_sharing_enabled":true,"_links":{"self":[{"href":"https:\/\/lasprimeras.com.do\/index.php\/wp-json\/wp\/v2\/posts\/124402","targetHints":{"allow":["GET"]}}],"collection":[{"href":"https:\/\/lasprimeras.com.do\/index.php\/wp-json\/wp\/v2\/posts"}],"about":[{"href":"https:\/\/lasprimeras.com.do\/index.php\/wp-json\/wp\/v2\/types\/post"}],"author":[{"embeddable":true,"href":"https:\/\/lasprimeras.com.do\/index.php\/wp-json\/wp\/v2\/users\/10"}],"replies":[{"embeddable":true,"href":"https:\/\/lasprimeras.com.do\/index.php\/wp-json\/wp\/v2\/comments?post=124402"}],"version-history":[{"count":1,"href":"https:\/\/lasprimeras.com.do\/index.php\/wp-json\/wp\/v2\/posts\/124402\/revisions"}],"predecessor-version":[{"id":124403,"href":"https:\/\/lasprimeras.com.do\/index.php\/wp-json\/wp\/v2\/posts\/124402\/revisions\/124403"}],"wp:featuredmedia":[{"embeddable":true,"href":"https:\/\/lasprimeras.com.do\/index.php\/wp-json\/wp\/v2\/media\/97411"}],"wp:attachment":[{"href":"https:\/\/lasprimeras.com.do\/index.php\/wp-json\/wp\/v2\/media?parent=124402"}],"wp:term":[{"taxonomy":"category","embeddable":true,"href":"https:\/\/lasprimeras.com.do\/index.php\/wp-json\/wp\/v2\/categories?post=124402"},{"taxonomy":"post_tag","embeddable":true,"href":"https:\/\/lasprimeras.com.do\/index.php\/wp-json\/wp\/v2\/tags?post=124402"}],"curies":[{"name":"wp","href":"https:\/\/api.w.org\/{rel}","templated":true}]}}