{"id":124410,"date":"2026-03-12T07:27:14","date_gmt":"2026-03-12T11:27:14","guid":{"rendered":"https:\/\/lasprimeras.com.do\/?p=124410"},"modified":"2026-03-12T07:27:16","modified_gmt":"2026-03-12T11:27:16","slug":"se-descontinuan-las-alertas-por-disminucion-de-las-precipitaciones-temperaturas-calurosas","status":"publish","type":"post","link":"https:\/\/lasprimeras.com.do\/index.php\/2026\/03\/12\/se-descontinuan-las-alertas-por-disminucion-de-las-precipitaciones-temperaturas-calurosas\/","title":{"rendered":"Se descontinuan las alertas por disminuci\u00f3n de las precipitaciones, temperaturas calurosas"},"content":{"rendered":"\n<p>El Centro Nacional de Pron\u00f3stico del Instituto Dominicano de Meteorogia descontinuo las alertas por disminuci\u00f3n de las precipitaciones, temperaturas calurosas.<\/p>\n\n\n\n<p>Este jueves, prevemos el ingreso gradual de una masa de aire con menor contenido de humedad, lo que favorecer\u00e1 una disminuci\u00f3n en la intensidad y frecuencia de las precipitaciones.<\/p>\n\n\n\n<p>No obstante, la ligera incidencia de una vaguada, en combinaci\u00f3n con el viento del este, provocar\u00e1n desde tempranas horas matutinas chubascos aislados hacia poblados de la regi\u00f3n noreste.<\/p>\n\n\n\n<p>Mientras que durante la tarde, se esperan incrementos nubosos con algunos aguaceros locales y posibles tronadas, principalmente hacia las provincias de Santo Domingo, El Seibo, Hato Mayor, San Crist\u00f3bal, San Pedro de Macor\u00eds, Monte Plata, San Jos\u00e9 de Ocoa, Azua, el sur de La Vega, as\u00ed como Santiago, San Juan, El\u00edas Pi\u00f1a, Independencia y Santiago Rodr\u00edguez.<\/p>\n\n\n\n<p>Estas precipitaciones estar\u00e1n presentes principalmente hasta primeras horas de la noche.<\/p>\n\n\n\n<p>Ma\u00f1ana viernes, se pronostican condiciones mayormente estables sobre nuestra \u00e1rea de pron\u00f3stico, debido a la incidencia de un sistema anticicl\u00f3nico, permitiendo un ambiente de nubes dispersas y pocas lluvias en gran parte del pa\u00eds.<\/p>\n\n\n\n<p>No obstante, durante horas de la tarde se presentar\u00e1n algunos incrementos nubosos con chubascos dispersos hacia las provincias de La Altagracia, El Seibo, Hato Mayor, La Romana, San Pedro de Macor\u00eds, Monte Plata y Santo Domingo, especialmente en la parte norte, adem\u00e1s de Saman\u00e1 y algunos puntos de la Cordillera Central.<\/p>\n\n\n\n<p>Estas lluvias estar\u00e1n asociadas al arrastre de humedad provocado por el viento del este y a los efectos locales. Se prev\u00e9 que dichas precipitaciones disminuyan gradualmente durante el transcurso de la noche.<\/p>\n\n\n\n<p>El Centro Nacional de Pron\u00f3stico del INDOMET,a partir de este momento,descontin\u00faa los niveles de ALERTA meteorol\u00f3gica, ante el riesgo de inundaciones urbanas, para las siguientes provincias.<\/p>\n\n\n\n<p>1<\/p>\n\n\n\n<p>2<\/p>\n\n\n\n<p>3<\/p>\n\n\n\n<p>4<\/p>\n\n\n\n<p>5<\/p>\n\n\n\n<p>Distrito Nacional:incrementos nubosos conalgunos aguaceros locales en la tarde hasta primeras horas de la noche.<\/p>\n\n\n\n<p>Santo Domingo Norte:incrementos nubosos conaguaceros locales en la tarde hasta primeras horas de la noche.<\/p>\n\n\n\n<p>Santo Domingo Este:incrementos nubosos conaguaceros locales en la tarde hasta primeras horas de la noche.<\/p>\n\n\n\n<p>Santo Domingo Oeste:incrementos nubosos con algunosaguaceros locales en la tarde hasta primeras horas de la noche.<\/p>\n\n\n\n<p>Temperaturas:m\u00ednimas entre20 \u00b0C y 22 \u00b0C, y m\u00e1ximas entre28 \u00b0Cy30 \u00b0C.<\/p>\n","protected":false},"excerpt":{"rendered":"<p>El Centro Nacional de Pron\u00f3stico del Instituto Dominicano de Meteorogia descontinuo las alertas por disminuci\u00f3n de las precipitaciones, temperaturas calurosas. Este jueves, prevemos el ingreso gradual de una masa de&hellip;<\/p>\n","protected":false},"author":10,"featured_media":105158,"comment_status":"open","ping_status":"open","sticky":false,"template":"","format":"standard","meta":{"content-type":"","jetpack_post_was_ever_published":false,"_jetpack_newsletter_access":"","_jetpack_dont_email_post_to_subs":false,"_jetpack_newsletter_tier_id":0,"_jetpack_memberships_contains_paywalled_content":false,"_jetpack_memberships_contains_paid_content":false,"footnotes":""},"categories":[23530,25],"tags":[6493,31112,31111,13553,2130,4193],"class_list":["post-124410","post","type-post","status-publish","format-standard","has-post-thumbnail","hentry","category-clima","category-portada","tag-alertas","tag-calurosas","tag-descontinuan","tag-indomet","tag-lluvias","tag-temperaturas"],"jetpack_featured_media_url":"https:\/\/lasprimeras.com.do\/wp-content\/uploads\/2025\/07\/WhatsApp-Image-2025-07-31-at-6.09.56-AM-2.jpeg","jetpack-related-posts":[{"id":123133,"url":"https:\/\/lasprimeras.com.do\/index.php\/2026\/02\/26\/indomet-informa-que-disminuyen-las-lluvias-y-temperaturas-calurosas\/","url_meta":{"origin":124410,"position":0},"title":"Indomet informa que disminuyen las lluvias y temperaturas calurosas","author":"Nelson Feliz","date":"26 de febrero de 2026","format":false,"excerpt":"Recomendaci\u00f3n por oleaje anormales se mantienen los niveles de alerta y aviso meteorol\u00f3gico. El Instituto Dominicano de Meteorogia inform\u00f3 hoy, jueves el sistema frontal contin\u00faa alej\u00e1ndose de nuestra \u00e1rea, lo que provocar\u00e1 una disminuci\u00f3n gradual de las precipitaciones, debido a la incidencia de una masa de aire con menor contenido\u2026","rel":"","context":"En \u00abCLIMA\u00bb","block_context":{"text":"CLIMA","link":"https:\/\/lasprimeras.com.do\/index.php\/category\/clima\/"},"img":{"alt_text":"","src":"","width":0,"height":0},"classes":[]},{"id":101978,"url":"https:\/\/lasprimeras.com.do\/index.php\/2025\/06\/29\/indomet-disminuye-las-precipitaciones-en-el-territorio-nacional\/","url_meta":{"origin":124410,"position":1},"title":"INDOMET disminuye las precipitaciones en el territorio nacional","author":"Nelson Feliz","date":"29 de junio de 2025","format":false,"excerpt":"El Centro Nacional de Pron\u00f3stico del Instituto Dominicano De Meteorolog\u00eda inform\u00f3 que para este lunes, se pronostica una disminuci\u00f3n significativa de las precipitaciones, debido al alejamiento de la vaguada y la onda tropical. Ambos fen\u00f3menos ser\u00e1n reemplazados por una masa de aire m\u00e1s seca y baja en humedad, y moderada\u2026","rel":"","context":"En \u00abNACIONALES\u00bb","block_context":{"text":"NACIONALES","link":"https:\/\/lasprimeras.com.do\/index.php\/category\/nacionales\/"},"img":{"alt_text":"","src":"https:\/\/i0.wp.com\/lasprimeras.com.do\/wp-content\/uploads\/2025\/06\/Indomet.jpg?resize=350%2C200&ssl=1","width":350,"height":200,"srcset":"https:\/\/i0.wp.com\/lasprimeras.com.do\/wp-content\/uploads\/2025\/06\/Indomet.jpg?resize=350%2C200&ssl=1 1x, https:\/\/i0.wp.com\/lasprimeras.com.do\/wp-content\/uploads\/2025\/06\/Indomet.jpg?resize=525%2C300&ssl=1 1.5x, https:\/\/i0.wp.com\/lasprimeras.com.do\/wp-content\/uploads\/2025\/06\/Indomet.jpg?resize=700%2C400&ssl=1 2x"},"classes":[]},{"id":119032,"url":"https:\/\/lasprimeras.com.do\/index.php\/2026\/01\/06\/indomet-sistema-frontal-continua-alejandose-del-pais\/","url_meta":{"origin":124410,"position":2},"title":"INDOMET : Sistema frontal continua alej\u00e1ndose del pa\u00eds","author":"Nelson Feliz","date":"6 de enero de 2026","format":false,"excerpt":"El Instituto Dominicano de Meteorogia inform\u00f3 que el sistema frontal contin\u00faa alej\u00e1ndose del pa\u00eds, lo que provocar\u00e1 una disminuci\u00f3n de las precipitaciones, gener\u00e1ndose solo algunos chubascos aislados sobre localidades Puerto Plata, Espaillat, Hermanas Mirabal, La Altagracia, El Seibo, Saman\u00e1, entre otras, durante las horas matutinas. Sin embargo, en gran parte\u2026","rel":"","context":"En \u00abCLIMA\u00bb","block_context":{"text":"CLIMA","link":"https:\/\/lasprimeras.com.do\/index.php\/category\/clima\/"},"img":{"alt_text":"","src":"https:\/\/i0.wp.com\/lasprimeras.com.do\/wp-content\/uploads\/2025\/05\/cielo-soleado.jpg?resize=350%2C200&ssl=1","width":350,"height":200,"srcset":"https:\/\/i0.wp.com\/lasprimeras.com.do\/wp-content\/uploads\/2025\/05\/cielo-soleado.jpg?resize=350%2C200&ssl=1 1x, https:\/\/i0.wp.com\/lasprimeras.com.do\/wp-content\/uploads\/2025\/05\/cielo-soleado.jpg?resize=525%2C300&ssl=1 1.5x, https:\/\/i0.wp.com\/lasprimeras.com.do\/wp-content\/uploads\/2025\/05\/cielo-soleado.jpg?resize=700%2C400&ssl=1 2x"},"classes":[]},{"id":121213,"url":"https:\/\/lasprimeras.com.do\/index.php\/2026\/02\/02\/sistema-frontal-provocara-lluvias-este-lunes-seis-provincias-bajo-alerta\/","url_meta":{"origin":124410,"position":3},"title":"Sistema frontal provocar\u00e1 lluvias este lunes, seis provincias bajo alerta","author":"Nelson Feliz","date":"2 de febrero de 2026","format":false,"excerpt":"El Instituto Dominicano de Meteorogia inform\u00f3 que hoy lunes,el sistema frontal seguir\u00e1 movi\u00e9ndose hacia el este, ubic\u00e1ndose sobre la isla de Puerto Rico. No obstante, el viento moderado de direcci\u00f3n noroeste (y del norte en ocasiones), los efectos locales propios de la orograf\u00eda dominicana, as\u00ed como los remanentes nubosos que\u2026","rel":"","context":"En \u00abCLIMA\u00bb","block_context":{"text":"CLIMA","link":"https:\/\/lasprimeras.com.do\/index.php\/category\/clima\/"},"img":{"alt_text":"","src":"https:\/\/i0.wp.com\/lasprimeras.com.do\/wp-content\/uploads\/2025\/07\/LLUVIAS-2.jpg?resize=350%2C200&ssl=1","width":350,"height":200,"srcset":"https:\/\/i0.wp.com\/lasprimeras.com.do\/wp-content\/uploads\/2025\/07\/LLUVIAS-2.jpg?resize=350%2C200&ssl=1 1x, https:\/\/i0.wp.com\/lasprimeras.com.do\/wp-content\/uploads\/2025\/07\/LLUVIAS-2.jpg?resize=525%2C300&ssl=1 1.5x, https:\/\/i0.wp.com\/lasprimeras.com.do\/wp-content\/uploads\/2025\/07\/LLUVIAS-2.jpg?resize=700%2C400&ssl=1 2x"},"classes":[]},{"id":50099,"url":"https:\/\/lasprimeras.com.do\/index.php\/2023\/05\/17\/onu-alerta-que-periodo-2023-2027-sera-probablemente-el-mas-caluroso-jamas-registrado\/","url_meta":{"origin":124410,"position":4},"title":"ONU alerta que per\u00edodo 2023-2027 ser\u00e1 probablemente el m\u00e1s caluroso jam\u00e1s registrado","author":"prenxa100","date":"17 de mayo de 2023","format":false,"excerpt":"Ginebra, Suiza, AFP.-. El per\u00edodo 2023-2027 ser\u00e1 muy probablemente el m\u00e1s caluroso jam\u00e1s registrado, debido al impacto de los gases de efecto invernadero y el fen\u00f3meno meteorol\u00f3gico El Ni\u00f1o, que est\u00e1n provocando un aumento de las temperaturas, alert\u00f3 el mi\u00e9rcoles la ONU. \"Hay un 98% de probabilidades de que al\u2026","rel":"","context":"En \u00abSin categor\u00eda\u00bb","block_context":{"text":"Sin categor\u00eda","link":"https:\/\/lasprimeras.com.do\/index.php\/category\/sin-categoria\/"},"img":{"alt_text":"","src":"","width":0,"height":0},"classes":[]},{"id":127288,"url":"https:\/\/lasprimeras.com.do\/index.php\/2026\/04\/10\/vaguada-prefrontal-mantiene-incidencia-de-lluvias-sobre-el-pais\/","url_meta":{"origin":124410,"position":5},"title":"Vaguada prefrontal mantiene incidencia de lluvias sobre el pa\u00eds","author":"Nelson Feliz","date":"10 de abril de 2026","format":false,"excerpt":"- Fin de semana con lluvias fuertes y riesgos de inundaciones - El Instituto Dominicano de Meteorogia (INDOMET) inform\u00f3 la incidencia de aguaceros localmente moderados a fuertes con tormentas el\u00e9ctricas y r\u00e1fagas de viento ocurren hacia localidades de Monte Cristi, mientras otros, que probablemente afecten a Saman\u00e1 durante las pr\u00f3ximas\u2026","rel":"","context":"En \u00abCLIMA\u00bb","block_context":{"text":"CLIMA","link":"https:\/\/lasprimeras.com.do\/index.php\/category\/clima\/"},"img":{"alt_text":"","src":"https:\/\/i0.wp.com\/lasprimeras.com.do\/wp-content\/uploads\/2025\/12\/lluvias.jpeg?resize=350%2C200&ssl=1","width":350,"height":200,"srcset":"https:\/\/i0.wp.com\/lasprimeras.com.do\/wp-content\/uploads\/2025\/12\/lluvias.jpeg?resize=350%2C200&ssl=1 1x, https:\/\/i0.wp.com\/lasprimeras.com.do\/wp-content\/uploads\/2025\/12\/lluvias.jpeg?resize=525%2C300&ssl=1 1.5x, https:\/\/i0.wp.com\/lasprimeras.com.do\/wp-content\/uploads\/2025\/12\/lluvias.jpeg?resize=700%2C400&ssl=1 2x"},"classes":[]}],"jetpack_sharing_enabled":true,"_links":{"self":[{"href":"https:\/\/lasprimeras.com.do\/index.php\/wp-json\/wp\/v2\/posts\/124410","targetHints":{"allow":["GET"]}}],"collection":[{"href":"https:\/\/lasprimeras.com.do\/index.php\/wp-json\/wp\/v2\/posts"}],"about":[{"href":"https:\/\/lasprimeras.com.do\/index.php\/wp-json\/wp\/v2\/types\/post"}],"author":[{"embeddable":true,"href":"https:\/\/lasprimeras.com.do\/index.php\/wp-json\/wp\/v2\/users\/10"}],"replies":[{"embeddable":true,"href":"https:\/\/lasprimeras.com.do\/index.php\/wp-json\/wp\/v2\/comments?post=124410"}],"version-history":[{"count":1,"href":"https:\/\/lasprimeras.com.do\/index.php\/wp-json\/wp\/v2\/posts\/124410\/revisions"}],"predecessor-version":[{"id":124411,"href":"https:\/\/lasprimeras.com.do\/index.php\/wp-json\/wp\/v2\/posts\/124410\/revisions\/124411"}],"wp:featuredmedia":[{"embeddable":true,"href":"https:\/\/lasprimeras.com.do\/index.php\/wp-json\/wp\/v2\/media\/105158"}],"wp:attachment":[{"href":"https:\/\/lasprimeras.com.do\/index.php\/wp-json\/wp\/v2\/media?parent=124410"}],"wp:term":[{"taxonomy":"category","embeddable":true,"href":"https:\/\/lasprimeras.com.do\/index.php\/wp-json\/wp\/v2\/categories?post=124410"},{"taxonomy":"post_tag","embeddable":true,"href":"https:\/\/lasprimeras.com.do\/index.php\/wp-json\/wp\/v2\/tags?post=124410"}],"curies":[{"name":"wp","href":"https:\/\/api.w.org\/{rel}","templated":true}]}}