{"id":124412,"date":"2026-03-12T07:34:57","date_gmt":"2026-03-12T11:34:57","guid":{"rendered":"https:\/\/lasprimeras.com.do\/?p=124412"},"modified":"2026-03-12T07:35:00","modified_gmt":"2026-03-12T11:35:00","slug":"asambleista-reintroduce-resolucion-para-proclamar-el-dia-del-bodeguero-en-ny","status":"publish","type":"post","link":"https:\/\/lasprimeras.com.do\/index.php\/2026\/03\/12\/asambleista-reintroduce-resolucion-para-proclamar-el-dia-del-bodeguero-en-ny\/","title":{"rendered":"Asamble\u00edsta reintroduce resoluci\u00f3n para proclamar el \u201cD\u00eda del Bodeguero\u201d en NY"},"content":{"rendered":"\n<p>Por Ram\u00f3n Mercedes<\/p>\n\n\n\n<p>NUEVA YORK.- El asamble\u00edsta estatal George \u00c1lvarez (D-78) por El Bronx reintrodujo la resoluci\u00f3n del \u201cD\u00eda del Bodeguero\u201d para que la gobernadora Kathy Hochul lo proclame oficialmente el pr\u00f3ximo 25 de junio.<\/p>\n\n\n\n<p>Seg\u00fan el texto de dicha resoluci\u00f3n, las bodegas desempe\u00f1an un papel vital en los entornos urbanos, al proporcionar un acceso r\u00e1pido a alimentos, productos esenciales y servicios locales.<\/p>\n\n\n\n<p>Adem\u00e1s de su impacto econ\u00f3mico, estos negocios tambi\u00e9n contribuyen al car\u00e1cter cultural y social de los vecindarios donde operan, especifica \u00c1lvarez.<\/p>\n\n\n\n<p>La misma destaca la importancia econ\u00f3mica y social de estos establecimientos comerciales y de quienes los operan en las diferentes comunidades, adem\u00e1s de reconocer y rendir homenaje a miles de peque\u00f1os comerciantes que, a trav\u00e9s de sus bodegas, se han convertido en una parte esencial del tejido comunitario de ciudades como NYC.<\/p>\n\n\n\n<p>La resoluci\u00f3n tambi\u00e9n subraya la diversidad dentro de la industria.<\/p>\n\n\n\n<p>Aproximadamente el 65 % de las bodegas del estado son propiedad de dominicanos; el resto pertenece a due\u00f1os de diferentes etnias.<\/p>\n\n\n\n<p>Durante un acto celebrado en la Asamblea Estatal en Albany, el presidente de la Asociaci\u00f3n de Bodegueros Unidos de Am\u00e9rica (UBA), Radham\u00e9s Rodr\u00edguez, fue reconocido por el propio asamble\u00edsta \u00c1lvarez.<\/p>\n\n\n\n<p>La resoluci\u00f3n reconoce el papel de UBA, organizaci\u00f3n que representa y apoya a m\u00e1s de 20,000 bodegas en NY y en estados como New Jersey, Connecticut y Pennsylvania, entre otros.<\/p>\n\n\n\n<p>De ser proclamado oficialmente, el D\u00eda del Bodeguero se convertir\u00eda en una jornada anual de reconocimiento para los miles de trabajadores y propietarios que, con largas jornadas y un compromiso constante, mantienen abiertas estas peque\u00f1as tiendas que forman parte fundamental de la vida cotidiana de NYC, precis\u00f3 \u00c1lvarez.<\/p>\n","protected":false},"excerpt":{"rendered":"<p>Por Ram\u00f3n Mercedes NUEVA YORK.- El asamble\u00edsta estatal George \u00c1lvarez (D-78) por El Bronx reintrodujo la resoluci\u00f3n del \u201cD\u00eda del Bodeguero\u201d para que la gobernadora Kathy Hochul lo proclame oficialmente&hellip;<\/p>\n","protected":false},"author":10,"featured_media":124413,"comment_status":"open","ping_status":"open","sticky":false,"template":"","format":"standard","meta":{"content-type":"","jetpack_post_was_ever_published":false,"_jetpack_newsletter_access":"","_jetpack_dont_email_post_to_subs":false,"_jetpack_newsletter_tier_id":0,"_jetpack_memberships_contains_paywalled_content":false,"_jetpack_memberships_contains_paid_content":false,"footnotes":""},"categories":[16289],"tags":[1990,31113,1595,370],"class_list":["post-124412","post","type-post","status-publish","format-standard","has-post-thumbnail","hentry","category-internacionales","tag-asambleista","tag-dia-del-bodeguero","tag-ny","tag-resolucion"],"jetpack_featured_media_url":"https:\/\/lasprimeras.com.do\/wp-content\/uploads\/2026\/03\/IMG-20260312-WA0012.jpg","jetpack-related-posts":[{"id":113813,"url":"https:\/\/lasprimeras.com.do\/index.php\/2025\/11\/06\/bodegueros-en-nyc-valoran-triunfo-de-mamdani-como-alcalde\/","url_meta":{"origin":124412,"position":0},"title":"Bodegueros en NYC valoran triunfo de Mamdani como alcalde","author":"Nelson Feliz","date":"6 de noviembre de 2025","format":false,"excerpt":"Por Ram\u00f3n Mercedes NUEVA YORK.- El presidente de la Asociaci\u00f3n de Bodegueros Unidos de Am\u00e9rica (UBA), Radhames Rodr\u00edguez, valor\u00f3 de muy positivo el triunfo de Zohran Mandani como alcalde de esta ciudad. La organizaci\u00f3n que agrupa m\u00e1s de 14 mil bodegueros en el estado felicita al nuevo alcalde por su\u2026","rel":"","context":"En \u00abLA VOZ DE LA DIASPORA\u00bb","block_context":{"text":"LA VOZ DE LA DIASPORA","link":"https:\/\/lasprimeras.com.do\/index.php\/category\/la-voz-de-la-diaspora\/"},"img":{"alt_text":"","src":"https:\/\/i0.wp.com\/lasprimeras.com.do\/wp-content\/uploads\/2025\/11\/Bodegueros-en-NYC-valoran-triunfo-de-Mamdani-como-alcalde.jpg?resize=350%2C200&ssl=1","width":350,"height":200,"srcset":"https:\/\/i0.wp.com\/lasprimeras.com.do\/wp-content\/uploads\/2025\/11\/Bodegueros-en-NYC-valoran-triunfo-de-Mamdani-como-alcalde.jpg?resize=350%2C200&ssl=1 1x, https:\/\/i0.wp.com\/lasprimeras.com.do\/wp-content\/uploads\/2025\/11\/Bodegueros-en-NYC-valoran-triunfo-de-Mamdani-como-alcalde.jpg?resize=525%2C300&ssl=1 1.5x, https:\/\/i0.wp.com\/lasprimeras.com.do\/wp-content\/uploads\/2025\/11\/Bodegueros-en-NYC-valoran-triunfo-de-Mamdani-como-alcalde.jpg?resize=700%2C400&ssl=1 2x"},"classes":[]},{"id":96571,"url":"https:\/\/lasprimeras.com.do\/index.php\/2025\/04\/03\/uba-reconoce-mujeres-dominicanas-en-ny-por-impulsar-la-sostenibilidad-en-sus-negocios\/","url_meta":{"origin":124412,"position":1},"title":"UBA reconoce mujeres dominicanas en NY por impulsar la sostenibilidad en sus negocios","author":"Nelson Feliz","date":"3 de abril de 2025","format":false,"excerpt":"Por Ram\u00f3n Mercedes NUEVA YORK.- La Asociaci\u00f3n de Bodegas Unidas de Am\u00e9rica (UBA), que preside el empresario Radham\u00e9s Rodr\u00edguez, reconoci\u00f3 recientemente durante un acto a varias bodegueras dominicanas, durante el Mes Internacional de la Mujer. Expres\u00f3 en su discurso durante el evento efectuado en Maestro\u2019s Caterers en El Bronx, que\u2026","rel":"","context":"En \u00abINTERNACIONALES\u00bb","block_context":{"text":"INTERNACIONALES","link":"https:\/\/lasprimeras.com.do\/index.php\/category\/sin-categoria\/internacionales\/"},"img":{"alt_text":"A reconoce mujeres dominicanas en NY por impulsar la sostenibilidad en sus negocios","src":"https:\/\/i0.wp.com\/lasprimeras.com.do\/wp-content\/uploads\/2025\/04\/WhatsApp-Image-2025-04-03-at-4.53.45-AM.jpeg?resize=350%2C200&ssl=1","width":350,"height":200,"srcset":"https:\/\/i0.wp.com\/lasprimeras.com.do\/wp-content\/uploads\/2025\/04\/WhatsApp-Image-2025-04-03-at-4.53.45-AM.jpeg?resize=350%2C200&ssl=1 1x, https:\/\/i0.wp.com\/lasprimeras.com.do\/wp-content\/uploads\/2025\/04\/WhatsApp-Image-2025-04-03-at-4.53.45-AM.jpeg?resize=525%2C300&ssl=1 1.5x, https:\/\/i0.wp.com\/lasprimeras.com.do\/wp-content\/uploads\/2025\/04\/WhatsApp-Image-2025-04-03-at-4.53.45-AM.jpeg?resize=700%2C400&ssl=1 2x, https:\/\/i0.wp.com\/lasprimeras.com.do\/wp-content\/uploads\/2025\/04\/WhatsApp-Image-2025-04-03-at-4.53.45-AM.jpeg?resize=1050%2C600&ssl=1 3x"},"classes":[]},{"id":75433,"url":"https:\/\/lasprimeras.com.do\/index.php\/2024\/02\/01\/diputado-de-ny-george-alvarez-apoya-resolucion-en-honor-a-juan-pablo-duarte\/","url_meta":{"origin":124412,"position":2},"title":"Diputado de NY, George \u00c1lvarez, apoya resoluci\u00f3n en honor a Juan Pablo Duarte","author":"BIMARY DE JES\u00daS Matos","date":"1 de febrero de 2024","format":false,"excerpt":"Martin Restituuyo NUEVA YORK. \u2013 El asamble\u00edsta George \u00c1lvarez (AD78), quien representa el distrito 78 ante el Congreso Estatal de Nueva York, apoyo una resoluci\u00f3n presentada en el Congreso del Estado de Nueva York en honor al 211 aniversario del natalicio del Padre de la Patria de la Rep\u00fablica Dominicana,\u2026","rel":"","context":"En \u00abSin categor\u00eda\u00bb","block_context":{"text":"Sin categor\u00eda","link":"https:\/\/lasprimeras.com.do\/index.php\/category\/sin-categoria\/"},"img":{"alt_text":"","src":"https:\/\/i0.wp.com\/lasprimeras.com.do\/wp-content\/uploads\/2024\/02\/Captura-de-pantalla-2024-01-26-121155.jpg?resize=350%2C200&ssl=1","width":350,"height":200,"srcset":"https:\/\/i0.wp.com\/lasprimeras.com.do\/wp-content\/uploads\/2024\/02\/Captura-de-pantalla-2024-01-26-121155.jpg?resize=350%2C200&ssl=1 1x, https:\/\/i0.wp.com\/lasprimeras.com.do\/wp-content\/uploads\/2024\/02\/Captura-de-pantalla-2024-01-26-121155.jpg?resize=525%2C300&ssl=1 1.5x"},"classes":[]},{"id":98307,"url":"https:\/\/lasprimeras.com.do\/index.php\/2025\/05\/06\/bodegueros-uba-ny-reciben-de-nypd-500-botones-de-panicos-para-emergencias\/","url_meta":{"origin":124412,"position":3},"title":"Bodegueros UBA-NY reciben de NYPD 500 botones de p\u00e1nicos para emergencias","author":"Nelson Feliz","date":"6 de mayo de 2025","format":false,"excerpt":"Por Ram\u00f3n Mercedes NUEVA YORK.- La Asociaci\u00f3n de Bodegueros Unidos de Am\u00e9rica (UBA), que preside el dominicano Radham\u00e9s Rodr\u00edguez, recibi\u00f3 de parte de la Polic\u00eda de esta ciudad y en presencia del alcalde Eric Adams, 500 botones de p\u00e1nicos para ser instalados en igual cantidad de bodegas en zonas consideradas\u2026","rel":"","context":"En \u00abINTERNACIONALES\u00bb","block_context":{"text":"INTERNACIONALES","link":"https:\/\/lasprimeras.com.do\/index.php\/category\/sin-categoria\/internacionales\/"},"img":{"alt_text":"botones de p\u00e1nicos","src":"https:\/\/i0.wp.com\/lasprimeras.com.do\/wp-content\/uploads\/2025\/05\/WhatsApp-Image-2025-05-06-at-5.22.37-AM.jpeg?resize=350%2C200&ssl=1","width":350,"height":200},"classes":[]},{"id":96059,"url":"https:\/\/lasprimeras.com.do\/index.php\/2025\/03\/25\/asambleista-alvarez-presenta-proyecto-ley-para-asistencia-economica-de-emergencia-a-estudiantes-en-ny\/","url_meta":{"origin":124412,"position":4},"title":"Asamble\u00edsta \u00c1lvarez presenta proyecto Ley para asistencia econ\u00f3mica de emergencia a estudiantes en NY","author":"Nelson Feliz","date":"25 de marzo de 2025","format":false,"excerpt":"Por Ram\u00f3n Mercedes NUEVA YORK.- El asamble\u00edsta George \u00c1lvarez (D-78) por El Bronx ha presentado un proyecto de ley (A06641) destinado a proporcionar apoyo econ\u00f3mico a los estudiantes que enfrentan dificultades financieras imprevistas. Especifica que \u00abla educaci\u00f3n es uno de nuestros pilares, y con este proyecto buscamos establecer un Programa\u2026","rel":"","context":"En \u00abINTERNACIONALES\u00bb","block_context":{"text":"INTERNACIONALES","link":"https:\/\/lasprimeras.com.do\/index.php\/category\/sin-categoria\/internacionales\/"},"img":{"alt_text":"Asamble\u00edsta \u00c1lvarez presenta proyecto Ley para asistencia econ\u00f3mica de emergencia a estudiantes en NY","src":"https:\/\/i0.wp.com\/lasprimeras.com.do\/wp-content\/uploads\/2025\/03\/WhatsApp-Image-2025-03-25-at-7.22.00-AM.jpeg?resize=350%2C200&ssl=1","width":350,"height":200},"classes":[]},{"id":97695,"url":"https:\/\/lasprimeras.com.do\/index.php\/2025\/04\/25\/19-instituciones-de-ny-reconocen-a-ramon-mercedes-como-periodista-del-ano-2024\/","url_meta":{"origin":124412,"position":5},"title":"19 instituciones de NY reconocen a Ram\u00f3n Mercedes como periodista del a\u00f1o 2024","author":"Nelson Feliz","date":"25 de abril de 2025","format":false,"excerpt":"https:\/\/www.youtube.com\/watch?v=npTojpJb-Yw Por Mavel Flores NUEVA YORK.- Acreditadas instituciones pol\u00edticas, comunitarias, sociales, period\u00edsticas, profesionales, deportivas, religiosas, del transporte y comerciantes, entre otras, reconocieron recientemente como periodista del a\u00f1o 2024 al comunicador Ram\u00f3n Mercedes, quien reporta para este medio desde la Gran Manzana. Entre las entidades figuran: Oficina de Abogados Aranda, el\u2026","rel":"","context":"En \u00abENTRETENIMIENTO\u00bb","block_context":{"text":"ENTRETENIMIENTO","link":"https:\/\/lasprimeras.com.do\/index.php\/category\/entretenimiento\/"},"img":{"alt_text":"Ram\u00f3n Mercedes","src":"https:\/\/i0.wp.com\/lasprimeras.com.do\/wp-content\/uploads\/2025\/04\/Ramon-Mercedes.jpg?resize=350%2C200&ssl=1","width":350,"height":200,"srcset":"https:\/\/i0.wp.com\/lasprimeras.com.do\/wp-content\/uploads\/2025\/04\/Ramon-Mercedes.jpg?resize=350%2C200&ssl=1 1x, https:\/\/i0.wp.com\/lasprimeras.com.do\/wp-content\/uploads\/2025\/04\/Ramon-Mercedes.jpg?resize=525%2C300&ssl=1 1.5x"},"classes":[]}],"jetpack_sharing_enabled":true,"_links":{"self":[{"href":"https:\/\/lasprimeras.com.do\/index.php\/wp-json\/wp\/v2\/posts\/124412","targetHints":{"allow":["GET"]}}],"collection":[{"href":"https:\/\/lasprimeras.com.do\/index.php\/wp-json\/wp\/v2\/posts"}],"about":[{"href":"https:\/\/lasprimeras.com.do\/index.php\/wp-json\/wp\/v2\/types\/post"}],"author":[{"embeddable":true,"href":"https:\/\/lasprimeras.com.do\/index.php\/wp-json\/wp\/v2\/users\/10"}],"replies":[{"embeddable":true,"href":"https:\/\/lasprimeras.com.do\/index.php\/wp-json\/wp\/v2\/comments?post=124412"}],"version-history":[{"count":1,"href":"https:\/\/lasprimeras.com.do\/index.php\/wp-json\/wp\/v2\/posts\/124412\/revisions"}],"predecessor-version":[{"id":124414,"href":"https:\/\/lasprimeras.com.do\/index.php\/wp-json\/wp\/v2\/posts\/124412\/revisions\/124414"}],"wp:featuredmedia":[{"embeddable":true,"href":"https:\/\/lasprimeras.com.do\/index.php\/wp-json\/wp\/v2\/media\/124413"}],"wp:attachment":[{"href":"https:\/\/lasprimeras.com.do\/index.php\/wp-json\/wp\/v2\/media?parent=124412"}],"wp:term":[{"taxonomy":"category","embeddable":true,"href":"https:\/\/lasprimeras.com.do\/index.php\/wp-json\/wp\/v2\/categories?post=124412"},{"taxonomy":"post_tag","embeddable":true,"href":"https:\/\/lasprimeras.com.do\/index.php\/wp-json\/wp\/v2\/tags?post=124412"}],"curies":[{"name":"wp","href":"https:\/\/api.w.org\/{rel}","templated":true}]}}