{"id":124416,"date":"2026-03-12T07:43:23","date_gmt":"2026-03-12T11:43:23","guid":{"rendered":"https:\/\/lasprimeras.com.do\/?p=124416"},"modified":"2026-03-12T07:43:25","modified_gmt":"2026-03-12T11:43:25","slug":"vivir-en-nyc-es-cada-vez-mas-caro-residen-cerca-de-un-millon-de-dominicanos","status":"publish","type":"post","link":"https:\/\/lasprimeras.com.do\/index.php\/2026\/03\/12\/vivir-en-nyc-es-cada-vez-mas-caro-residen-cerca-de-un-millon-de-dominicanos\/","title":{"rendered":"Vivir en NYC es cada vez m\u00e1s caro; residen cerca de un mill\u00f3n de dominicanos"},"content":{"rendered":"\n<p>Por Ram\u00f3n Mercedes<\/p>\n\n\n\n<p>NUEVA YORK.- Vivir en esta ciudad, de 8,5 millones de habitantes, entre ellos cerca de 900 mil de origen dominicano, es cada vez m\u00e1s caro.<\/p>\n\n\n\n<p>Los datos m\u00e1s recientes muestran que el ingreso necesario para cubrir los gastos en NYC es considerablemente m\u00e1s alto que en la mayor\u00eda de Estados Unidos.<\/p>\n\n\n\n<p>La renta de una habitaci\u00f3n en el Alto Manhattan, donde reside la mayor cantidad de quisqueyanos en la Gran Manzana, oscila entre 250 y 300 d\u00f3lares semanales, sin incluir nada, como pudo comprobar el autor de esta cr\u00f3nica.<\/p>\n\n\n\n<p>De acuerdo con el MIT Living Wage Calculator, una de las herramientas m\u00e1s utilizadas para estimar el costo de vida real en distintas regiones de EE.UU., una familia en la Gran Manzana necesita ingresos significativamente altos para cubrir gastos esenciales: vivienda, comida, transporte, atenci\u00f3n m\u00e9dica e impuestos, entre otros.<\/p>\n\n\n\n<p>Un adulto solo: alrededor de 55,000 d\u00f3lares al a\u00f1o. Un adulto con un hijo: cerca de 100,000 anuales. Dos adultos con dos hijos: entre 140,000 y 150,000 al a\u00f1o.<\/p>\n\n\n\n<p>La vivienda es el gasto que m\u00e1s pesa en el presupuesto de las familias neoyorquinas.<\/p>\n\n\n\n<p>Seg\u00fan datos del U.S. Census Bureau y del Department of Housing and Urban Development (HUD), se considera que una vivienda es asequible cuando una familia destina menos del 30 % de sus ingresos al alquiler o hipoteca.<\/p>\n\n\n\n<p>Sin embargo, en NYC muchas familias superan ampliamente ese porcentaje.<\/p>\n\n\n\n<p>De acuerdo con el NYU Furman Center, m\u00e1s de la mitad de los inquilinos de la ciudad se consideran &#8220;rent burdened&#8221;, lo que significa que destinan m\u00e1s del 30 % de sus ingresos al pago de la renta.<\/p>\n\n\n\n<p>Los alquileres en la ciudad contin\u00faan entre los m\u00e1s altos del pa\u00eds. Seg\u00fan datos recientes del portal inmobiliario Zillow, el alquiler promedio en la urbe se sit\u00faa: Apartamento de una habitaci\u00f3n entre 3,300 y 3,700 d\u00f3lares al mes.<\/p>\n\n\n\n<p>De dos habitaciones entre 4,000 y 4,500 d\u00f3lares al mes. Otros lugares similares a NYC son California, Washington D.C., Massachusetts y Haw\u00e1i.<\/p>\n\n\n\n<p>Los precios pueden variar dependiendo del sector, pero incluso en zonas m\u00e1s accesibles, los alquileres siguen siendo elevados en comparaci\u00f3n con otras ciudades de EE. UU.<\/p>\n","protected":false},"excerpt":{"rendered":"<p>Por Ram\u00f3n Mercedes NUEVA YORK.- Vivir en esta ciudad, de 8,5 millones de habitantes, entre ellos cerca de 900 mil de origen dominicano, es cada vez m\u00e1s caro. Los datos&hellip;<\/p>\n","protected":false},"author":10,"featured_media":124417,"comment_status":"open","ping_status":"open","sticky":false,"template":"","format":"standard","meta":{"content-type":"","jetpack_post_was_ever_published":false,"_jetpack_newsletter_access":"","_jetpack_dont_email_post_to_subs":false,"_jetpack_newsletter_tier_id":0,"_jetpack_memberships_contains_paywalled_content":false,"_jetpack_memberships_contains_paid_content":false,"footnotes":""},"categories":[16289],"tags":[7119,31114,104,316],"class_list":["post-124416","post","type-post","status-publish","format-standard","has-post-thumbnail","hentry","category-internacionales","tag-alquileres","tag-caro","tag-nueva-york","tag-nyc"],"jetpack_featured_media_url":"https:\/\/lasprimeras.com.do\/wp-content\/uploads\/2026\/03\/IMG-20260312-WA0013.jpg","jetpack-related-posts":[{"id":127040,"url":"https:\/\/lasprimeras.com.do\/index.php\/2026\/04\/08\/ante-situacion-economica-en-nyc-dominicanos-podrian-ser-los-mas-afectados\/","url_meta":{"origin":124416,"position":0},"title":"Ante situaci\u00f3n econ\u00f3mica en NYC dominicanos podr\u00edan ser los m\u00e1s afectados","author":"Nelson Feliz","date":"8 de abril de 2026","format":false,"excerpt":"Por Ram\u00f3n Mercedes NUEVA YORK.-\u00a0Ante la situaci\u00f3n econ\u00f3mica que viven los residentes en esta ciudad, los dominicanos, por ser la etnia hispana de mayor presencia con cerca de un mill\u00f3n, podr\u00edan ser los m\u00e1s afectados para cubrir sus gastos mensuales de cuidado infantil, vivienda, alimentaci\u00f3n, atenci\u00f3n m\u00e9dica, transporte e impuestos,\u2026","rel":"","context":"En \u00abECONOM\u00cdA\u00bb","block_context":{"text":"ECONOM\u00cdA","link":"https:\/\/lasprimeras.com.do\/index.php\/category\/economia\/"},"img":{"alt_text":"","src":"https:\/\/i0.wp.com\/lasprimeras.com.do\/wp-content\/uploads\/2026\/04\/Ante-situacion-economica-en-NYC-dominicanos-podrian-ser-los-mas-afectados.jpg?resize=350%2C200&ssl=1","width":350,"height":200},"classes":[]},{"id":102025,"url":"https:\/\/lasprimeras.com.do\/index.php\/2025\/06\/30\/ice-intensificara-deportaciones-en-nyc-los-angeles-y-chicago-por-orden-de-trump\/","url_meta":{"origin":124416,"position":1},"title":"ICE intensificar\u00e1 deportaciones en NYC, Los \u00c1ngeles y Chicago por orden de Trump","author":"Nelson Feliz","date":"30 de junio de 2025","format":false,"excerpt":"Por Ram\u00f3n Mercedes NUEVA YORK.- La prensa en Estados Unidos informa que el presidente Donald Trump ha ordenado al Servicio de Control de Inmigraci\u00f3n y Aduanas de los Estados Unidos intensificar las redadas contra inmigrantes en las ciudades dem\u00f3cratas de NYC, Los \u00c1ngeles y Chicago. En la Gran Manzana reside\u2026","rel":"","context":"En \u00abINTERNACIONALES\u00bb","block_context":{"text":"INTERNACIONALES","link":"https:\/\/lasprimeras.com.do\/index.php\/category\/sin-categoria\/internacionales\/"},"img":{"alt_text":"","src":"https:\/\/i0.wp.com\/lasprimeras.com.do\/wp-content\/uploads\/2025\/06\/WhatsApp-Image-2025-06-30-at-6.18.54-AM-1.jpeg?resize=350%2C200&ssl=1","width":350,"height":200,"srcset":"https:\/\/i0.wp.com\/lasprimeras.com.do\/wp-content\/uploads\/2025\/06\/WhatsApp-Image-2025-06-30-at-6.18.54-AM-1.jpeg?resize=350%2C200&ssl=1 1x, https:\/\/i0.wp.com\/lasprimeras.com.do\/wp-content\/uploads\/2025\/06\/WhatsApp-Image-2025-06-30-at-6.18.54-AM-1.jpeg?resize=525%2C300&ssl=1 1.5x, https:\/\/i0.wp.com\/lasprimeras.com.do\/wp-content\/uploads\/2025\/06\/WhatsApp-Image-2025-06-30-at-6.18.54-AM-1.jpeg?resize=700%2C400&ssl=1 2x"},"classes":[]},{"id":97937,"url":"https:\/\/lasprimeras.com.do\/index.php\/2025\/04\/29\/campana-en-nyc-contra-las-infracciones-en-carriles-buses-conductores-dominicanos-en-ascuas\/","url_meta":{"origin":124416,"position":2},"title":"Campa\u00f1a en NYC contra las infracciones en carriles buses; conductores dominicanos en ascuas","author":"Nelson Feliz","date":"29 de abril de 2025","format":false,"excerpt":"Por Ram\u00f3n Mercedes NUEVA YORK.- La Autoridad Metropolitana del Transporte (MTA) inici\u00f3 en esta semana en esta ciudad una campa\u00f1a ampliada contra las infracciones en los carriles de buses en los cinco condados. Se inici\u00f3 con un periodo de advertencia por correo de 60 d\u00edas antes de recibir multas para\u2026","rel":"","context":"En \u00abINTERNACIONALES\u00bb","block_context":{"text":"INTERNACIONALES","link":"https:\/\/lasprimeras.com.do\/index.php\/category\/sin-categoria\/internacionales\/"},"img":{"alt_text":"Campa\u00f1a en NYC contra las infracciones en carriles buses; conductores dominicanos en ascuas","src":"https:\/\/i0.wp.com\/lasprimeras.com.do\/wp-content\/uploads\/2025\/04\/WhatsApp-Image-2025-04-29-at-5.43.40-AM.jpeg?resize=350%2C200&ssl=1","width":350,"height":200,"srcset":"https:\/\/i0.wp.com\/lasprimeras.com.do\/wp-content\/uploads\/2025\/04\/WhatsApp-Image-2025-04-29-at-5.43.40-AM.jpeg?resize=350%2C200&ssl=1 1x, https:\/\/i0.wp.com\/lasprimeras.com.do\/wp-content\/uploads\/2025\/04\/WhatsApp-Image-2025-04-29-at-5.43.40-AM.jpeg?resize=525%2C300&ssl=1 1.5x, https:\/\/i0.wp.com\/lasprimeras.com.do\/wp-content\/uploads\/2025\/04\/WhatsApp-Image-2025-04-29-at-5.43.40-AM.jpeg?resize=700%2C400&ssl=1 2x"},"classes":[]},{"id":48669,"url":"https:\/\/lasprimeras.com.do\/index.php\/2023\/05\/03\/inquilinos-de-nyc-urgen-freno-a-las-rentas-de-cara-a-futuro-incremento-de-entre-2-y-7\/","url_meta":{"origin":124416,"position":3},"title":"Inquilinos de NYC urgen freno a las rentas de cara a futuro incremento de entre 2% y 7%","author":"prenxa100","date":"3 de mayo de 2023","format":false,"excerpt":"Este martes se reuni\u00f3 la Junta Reguladora de Alquileres de la Ciudad (RGB) para definir cu\u00e1l ser\u00e1 el rango de incrementos para m\u00e1s de 1 mill\u00f3n de unidades de vivienda, pero arrendatarios rechazaron lo anunciado afirmando que no pueden pagar m\u00e1s. Por: Edwin Mart\u00ednez Nueva York.-. Uno de los principales\u2026","rel":"","context":"En \u00abSin categor\u00eda\u00bb","block_context":{"text":"Sin categor\u00eda","link":"https:\/\/lasprimeras.com.do\/index.php\/category\/sin-categoria\/"},"img":{"alt_text":"","src":"","width":0,"height":0},"classes":[]},{"id":96230,"url":"https:\/\/lasprimeras.com.do\/index.php\/2025\/03\/28\/alcalde-nyc-asiste-encuentro-en-alto-manhattan-con-poca-asistencia-de-dominicanos\/","url_meta":{"origin":124416,"position":4},"title":"Alcalde NYC asiste encuentro en Alto Manhattan con poca asistencia de dominicanos","author":"Nelson Feliz","date":"28 de marzo de 2025","format":false,"excerpt":"Por Ram\u00f3n Mercedes NUEVA YORK.- El alcalde de esta ciudad, Eric Adams, asisti\u00f3 la noche de este lunes a un encuentro en el Alto Manhattan, que convocara su comisionado de Transporte de NYC (DOT), Ydanis Rodr\u00edguez, con la comunidad dominicana. Contrario a las convocatorias que con frecuencia efectuaba Rodr\u00edguez cuando\u2026","rel":"","context":"En \u00abINTERNACIONALES\u00bb","block_context":{"text":"INTERNACIONALES","link":"https:\/\/lasprimeras.com.do\/index.php\/category\/sin-categoria\/internacionales\/"},"img":{"alt_text":"Alcalde NYC asiste encuentro en Alto Manhattan con poca asistencia de dominicanos","src":"https:\/\/i0.wp.com\/lasprimeras.com.do\/wp-content\/uploads\/2025\/03\/WhatsApp-Image-2025-03-27-at-6.14.59-AM.jpeg?resize=350%2C200&ssl=1","width":350,"height":200,"srcset":"https:\/\/i0.wp.com\/lasprimeras.com.do\/wp-content\/uploads\/2025\/03\/WhatsApp-Image-2025-03-27-at-6.14.59-AM.jpeg?resize=350%2C200&ssl=1 1x, https:\/\/i0.wp.com\/lasprimeras.com.do\/wp-content\/uploads\/2025\/03\/WhatsApp-Image-2025-03-27-at-6.14.59-AM.jpeg?resize=525%2C300&ssl=1 1.5x"},"classes":[]},{"id":97987,"url":"https:\/\/lasprimeras.com.do\/index.php\/2025\/04\/30\/director-digesett-y-comisionado-dot-nyc-fortalecen-alianzas-para-movilidad-mas-equitativa\/","url_meta":{"origin":124416,"position":5},"title":"Director DIGESETT y comisionado DOT-NYC fortalecen alianzas para movilidad m\u00e1s equitativa","author":"Nelson Feliz","date":"30 de abril de 2025","format":false,"excerpt":"Por Ram\u00f3n Mercedes NUEVA YORK.- El nuevo director de la Direcci\u00f3n General de Seguridad de Tr\u00e1nsito y Transporte Terrestre (DIGESETT), general Pascual Cruz M\u00e9ndez, y el comisionado del Departamento de Transporte de esta ciudad (NYC DOT), Ydanis Rodr\u00edguez, desarrollaron aqu\u00ed una agenda de trabajo con el objetivo de intercambiar experiencias\u2026","rel":"","context":"En \u00abINTERNACIONALES\u00bb","block_context":{"text":"INTERNACIONALES","link":"https:\/\/lasprimeras.com.do\/index.php\/category\/sin-categoria\/internacionales\/"},"img":{"alt_text":"Director DIGESETT y comisionado DOT-NYC fortalecen alianzas para movilidad m\u00e1s equitativa","src":"https:\/\/i0.wp.com\/lasprimeras.com.do\/wp-content\/uploads\/2025\/04\/WhatsApp-Image-2025-04-30-at-6.50.17-AM-2.jpeg?resize=350%2C200&ssl=1","width":350,"height":200,"srcset":"https:\/\/i0.wp.com\/lasprimeras.com.do\/wp-content\/uploads\/2025\/04\/WhatsApp-Image-2025-04-30-at-6.50.17-AM-2.jpeg?resize=350%2C200&ssl=1 1x, https:\/\/i0.wp.com\/lasprimeras.com.do\/wp-content\/uploads\/2025\/04\/WhatsApp-Image-2025-04-30-at-6.50.17-AM-2.jpeg?resize=525%2C300&ssl=1 1.5x"},"classes":[]}],"jetpack_sharing_enabled":true,"_links":{"self":[{"href":"https:\/\/lasprimeras.com.do\/index.php\/wp-json\/wp\/v2\/posts\/124416","targetHints":{"allow":["GET"]}}],"collection":[{"href":"https:\/\/lasprimeras.com.do\/index.php\/wp-json\/wp\/v2\/posts"}],"about":[{"href":"https:\/\/lasprimeras.com.do\/index.php\/wp-json\/wp\/v2\/types\/post"}],"author":[{"embeddable":true,"href":"https:\/\/lasprimeras.com.do\/index.php\/wp-json\/wp\/v2\/users\/10"}],"replies":[{"embeddable":true,"href":"https:\/\/lasprimeras.com.do\/index.php\/wp-json\/wp\/v2\/comments?post=124416"}],"version-history":[{"count":1,"href":"https:\/\/lasprimeras.com.do\/index.php\/wp-json\/wp\/v2\/posts\/124416\/revisions"}],"predecessor-version":[{"id":124418,"href":"https:\/\/lasprimeras.com.do\/index.php\/wp-json\/wp\/v2\/posts\/124416\/revisions\/124418"}],"wp:featuredmedia":[{"embeddable":true,"href":"https:\/\/lasprimeras.com.do\/index.php\/wp-json\/wp\/v2\/media\/124417"}],"wp:attachment":[{"href":"https:\/\/lasprimeras.com.do\/index.php\/wp-json\/wp\/v2\/media?parent=124416"}],"wp:term":[{"taxonomy":"category","embeddable":true,"href":"https:\/\/lasprimeras.com.do\/index.php\/wp-json\/wp\/v2\/categories?post=124416"},{"taxonomy":"post_tag","embeddable":true,"href":"https:\/\/lasprimeras.com.do\/index.php\/wp-json\/wp\/v2\/tags?post=124416"}],"curies":[{"name":"wp","href":"https:\/\/api.w.org\/{rel}","templated":true}]}}