{"id":124419,"date":"2026-03-12T07:51:39","date_gmt":"2026-03-12T11:51:39","guid":{"rendered":"https:\/\/lasprimeras.com.do\/?p=124419"},"modified":"2026-03-12T07:51:41","modified_gmt":"2026-03-12T11:51:41","slug":"roberto-cid-debuta-este-martes-en-la-copa-cap-cana","status":"publish","type":"post","link":"https:\/\/lasprimeras.com.do\/index.php\/2026\/03\/12\/roberto-cid-debuta-este-martes-en-la-copa-cap-cana\/","title":{"rendered":"Roberto Cid debuta este martes en la Copa Cap Cana"},"content":{"rendered":"\n<p>El dominicano Roberto Cid ser\u00e1 el primer tenista local en debutar en el cuadro principal del Rep\u00fablica Dominicana Open, Copa Cap Cana 2026, lo que har\u00e1 este martes no antes de las 6:30 de la tarde.<\/p>\n\n\n\n<p>El partido del quisqueyano en el evento auspiciado por el Ministerio de Turismo ser\u00e1 contra el belga Alexander Blockx, actual 97 del mundo, y a quien nunca ha enfrentado.<\/p>\n\n\n\n<p>En 2025, Cid fue el \u00fanico dominicano en el main draw, avanzando a segunda ronda tras una victoria sobre el japon\u00e9s Sho Shimabukuro 7-5, 6-3.<\/p>\n\n\n\n<p>Este a\u00f1o, adem\u00e1s de Cid, Nick Hardt buscar\u00e1 el t\u00edtulo de la Copa Cap Cana, cuando enfrente el mi\u00e9rcoles al argentino Mariano Navone, sexto favorito.<\/p>\n\n\n\n<p>Otros partidos que tendr\u00e1n lugar en el estadio Cap Cana este martes es el del chileno Nicol\u00e1s Jarry que enfrentar\u00e1 al australiano Adam Walton, octavo preclasificado, no antes de las 4:30 de la tarde, y el duelo italiano entre Francesco Maestrelli y Mattia Bellucci para cerrar la jornada.<\/p>\n\n\n\n<p>En el Grandstand, el chileno Tom\u00e1s Barrios se medir\u00e1 ante el quinto sembrado, el belga Raphael Collignon, encuentro pautado para no antes de las 6:30 de la tarde.<\/p>\n\n\n\n<p>Final de qualy<\/p>\n\n\n\n<p>Este lunes se llevaron a cabo los primeros duelos de la fase clasificatoria (qualy), en la que el hongkon\u00e9s Coleman Wong se impuso por sobre el chino Zhizhen Zhang con pizarra de 61 36 63, mientras que el colombiano Nicolas Mej\u00eda super\u00f3 al estadounidense Martin Damm por 63 64.<\/p>\n\n\n\n<p>En otros resultados de la jornada inicial en el Tennis Village de Cap Cana el tunecino Moez Echargui venci\u00f3 al dominicano Alberto Puello 61 62, y el brit\u00e1nico Arthur Fery derrot\u00f3 al australiano Dane Sweeny 64 46 61.<\/p>\n\n\n\n<p>Los ganadores de la primera ronda de la qualy jugar\u00e1n este mi\u00e9rcoles en busca de acceder al cuadro principal del torneo.<\/p>\n\n\n\n<p>Copa Cap Cana<\/p>\n\n\n\n<p>El Rep\u00fablica Dominicana Open, Copa Cap Cana, es un torneo ATP Challenger 175, que otorga esa cantidad de puntos para el circuito profesional a los campeones de dobles y sencillos, repartiendo 300 mil d\u00f3lares entre los jugadores participantes.<\/p>\n\n\n\n<p>Al torneo tambi\u00e9n se dan cita tenistas de Serbia, Estados Unidos, China Taipei, Polonia, Rep\u00fablica Checa, Bosnia y Herzegovina, Jap\u00f3n, Francia, Espa\u00f1a, India, entre otras naciones.<\/p>\n\n\n\n<p>El evento se extender\u00e1 hasta el pr\u00f3ximo domingo 15 de marzo, y las boletas para el mismo est\u00e1n a la venta en Uepa Tickets.<\/p>\n","protected":false},"excerpt":{"rendered":"<p>El dominicano Roberto Cid ser\u00e1 el primer tenista local en debutar en el cuadro principal del Rep\u00fablica Dominicana Open, Copa Cap Cana 2026, lo que har\u00e1 este martes no antes&hellip;<\/p>\n","protected":false},"author":10,"featured_media":124420,"comment_status":"open","ping_status":"open","sticky":false,"template":"","format":"standard","meta":{"content-type":"","jetpack_post_was_ever_published":false,"_jetpack_newsletter_access":"","_jetpack_dont_email_post_to_subs":false,"_jetpack_newsletter_tier_id":0,"_jetpack_memberships_contains_paywalled_content":false,"_jetpack_memberships_contains_paid_content":false,"footnotes":""},"categories":[630],"tags":[31116,5920,31115],"class_list":["post-124419","post","type-post","status-publish","format-standard","has-post-thumbnail","hentry","category-deportes","tag-copa-cap-cana","tag-debuta","tag-roberto-cid"],"jetpack_featured_media_url":"https:\/\/lasprimeras.com.do\/wp-content\/uploads\/2026\/03\/IMG-20260310-WA0176.jpg","jetpack-related-posts":[{"id":87516,"url":"https:\/\/lasprimeras.com.do\/index.php\/2024\/08\/12\/cid-y-bertran-debutan-este-lunes-en-rd-open-2024\/","url_meta":{"origin":124419,"position":0},"title":"Cid y Bertr\u00e1n debutan este lunes en RD Open 2024","author":"Nelson Feliz","date":"12 de agosto de 2024","format":false,"excerpt":"Con los partidos de la clasificaci\u00f3n inici\u00f3 este domingo el RD Open 2024, presentado por el Ministerio de Turismo, en las canchas del Santo Domingo Tennis Club (La Bocha), el cual se extender\u00e1 hasta el pr\u00f3ximo s\u00e1bado 17 de agosto. En la jornada del domingo estuvieron en acci\u00f3n los dominicanos\u2026","rel":"","context":"En \u00abSin categor\u00eda\u00bb","block_context":{"text":"Sin categor\u00eda","link":"https:\/\/lasprimeras.com.do\/index.php\/category\/sin-categoria\/"},"img":{"alt_text":"","src":"https:\/\/i0.wp.com\/lasprimeras.com.do\/wp-content\/uploads\/2024\/08\/Cid-y-Bertran-1.jpg?resize=350%2C200&ssl=1","width":350,"height":200,"srcset":"https:\/\/i0.wp.com\/lasprimeras.com.do\/wp-content\/uploads\/2024\/08\/Cid-y-Bertran-1.jpg?resize=350%2C200&ssl=1 1x, https:\/\/i0.wp.com\/lasprimeras.com.do\/wp-content\/uploads\/2024\/08\/Cid-y-Bertran-1.jpg?resize=525%2C300&ssl=1 1.5x"},"classes":[]},{"id":94903,"url":"https:\/\/lasprimeras.com.do\/index.php\/2025\/03\/06\/mitur-y-cap-cana-presentan-detalles-del-republica-dominicana-open-copa-cap-cana-2025\/","url_meta":{"origin":124419,"position":1},"title":"MITUR y Cap Cana presentan detalles del Rep\u00fablica Dominicana Open Copa Cap Cana 2025","author":"Nelson Feliz","date":"6 de marzo de 2025","format":false,"excerpt":"El Ministerio de Turismo y la Ciudad Destino Cap Cana, dieron a conocer este jueves los detalles del Rep\u00fablica Dominicana Open Copa Cana 2025, el torneo profesional de tenis m\u00e1s grande organizado en la historia del pa\u00eds del circuito ATP Challenger. El ATP Challenger 175, que se extender\u00e1 del 10\u2026","rel":"","context":"En \u00abDEPORTES\u00bb","block_context":{"text":"DEPORTES","link":"https:\/\/lasprimeras.com.do\/index.php\/category\/deportes\/"},"img":{"alt_text":"","src":"https:\/\/i0.wp.com\/lasprimeras.com.do\/wp-content\/uploads\/2025\/03\/MITUR-y-la-Ciudad-Destino-Cap-Cana.jpg?resize=350%2C200&ssl=1","width":350,"height":200,"srcset":"https:\/\/i0.wp.com\/lasprimeras.com.do\/wp-content\/uploads\/2025\/03\/MITUR-y-la-Ciudad-Destino-Cap-Cana.jpg?resize=350%2C200&ssl=1 1x, https:\/\/i0.wp.com\/lasprimeras.com.do\/wp-content\/uploads\/2025\/03\/MITUR-y-la-Ciudad-Destino-Cap-Cana.jpg?resize=525%2C300&ssl=1 1.5x"},"classes":[]},{"id":124422,"url":"https:\/\/lasprimeras.com.do\/index.php\/2026\/03\/12\/hurkacz-debuta-este-jueves-en-cap-cana-se-definiran-los-cuartos-de-final\/","url_meta":{"origin":124419,"position":2},"title":"Hurkacz debuta este jueves en Cap Cana; se definir\u00e1n los cuartos de final","author":"Nelson Feliz","date":"12 de marzo de 2026","format":false,"excerpt":"El polaco Hubert Hurkacz, ex n\u00famero seis del mundo y una de las principales atracciones del Rep\u00fablica Dominicana Open, Copa Cap Cana 2026, estar\u00e1 en acci\u00f3n este jueves debutando en el evento frente al italiano Mattia Bellucci. El partido del actual 71 del mundo est\u00e1 pautado en el estadio Cap\u2026","rel":"","context":"En \u00abDEPORTES\u00bb","block_context":{"text":"DEPORTES","link":"https:\/\/lasprimeras.com.do\/index.php\/category\/deportes\/"},"img":{"alt_text":"","src":"","width":0,"height":0},"classes":[]},{"id":56983,"url":"https:\/\/lasprimeras.com.do\/index.php\/2023\/08\/07\/verdasco-debuta-este-martes-en-rd-open-hardt-y-bertran-cierran-la-jornada\/","url_meta":{"origin":124419,"position":3},"title":"Verdasco debuta este martes en RD Open; Hardt y Bertran cierran la jornada","author":"Nelson Feliz","date":"7 de agosto de 2023","format":false,"excerpt":"Tras una jornada recortada por la lluvia en el RD Open 2023, el partido estelar entre los dominicanos Nick Hardt y Peter Betran fue reprogramado para este martes no antes de las 7:00 de la noche en el estadio MITUR del Santo Domingo Tennis Club (La Bocha). Tambi\u00e9n en la\u2026","rel":"","context":"En \u00abSin categor\u00eda\u00bb","block_context":{"text":"Sin categor\u00eda","link":"https:\/\/lasprimeras.com.do\/index.php\/category\/sin-categoria\/"},"img":{"alt_text":"","src":"https:\/\/i0.wp.com\/lasprimeras.com.do\/wp-content\/uploads\/2023\/08\/Lluvia.jpg?resize=350%2C200&ssl=1","width":350,"height":200,"srcset":"https:\/\/i0.wp.com\/lasprimeras.com.do\/wp-content\/uploads\/2023\/08\/Lluvia.jpg?resize=350%2C200&ssl=1 1x, https:\/\/i0.wp.com\/lasprimeras.com.do\/wp-content\/uploads\/2023\/08\/Lluvia.jpg?resize=525%2C300&ssl=1 1.5x, https:\/\/i0.wp.com\/lasprimeras.com.do\/wp-content\/uploads\/2023\/08\/Lluvia.jpg?resize=700%2C400&ssl=1 2x"},"classes":[]},{"id":53915,"url":"https:\/\/lasprimeras.com.do\/index.php\/2023\/07\/03\/anuncian-preparativos-copa-consular-golf-2023\/","url_meta":{"origin":124419,"position":4},"title":"Anuncian preparativos Copa Consular Golf 2023","author":"Nelson Feliz","date":"3 de julio de 2023","format":false,"excerpt":"Los miembros del comit\u00e9 organizador de la novena Copa Consular de Golf informaron del avance en los preparativos de este evento deportivo que tendr\u00e1 efecto el 9 de septiembre, en el campo de golf de Punta Espada, en Cap Cana, organizada por el Cuerpo Consular Acreditado en la Rep\u00fablica Dominicano.\u2026","rel":"","context":"En \u00abSin categor\u00eda\u00bb","block_context":{"text":"Sin categor\u00eda","link":"https:\/\/lasprimeras.com.do\/index.php\/category\/sin-categoria\/"},"img":{"alt_text":"Emilio Hasb\u00fan y Jorge Feliz firman el acuerdo. Observan, Fernando Gonz\u00e1lez y Mar\u00edaJos\u00e9 Turull.","src":"https:\/\/i0.wp.com\/lasprimeras.com.do\/wp-content\/uploads\/2023\/07\/Emilio-Hasbun-y-Jorge-Feliz-firman-el-acuerdo.-Observan-Fernando-Gonzalez-y-MariaJose-Turull.jpg?resize=350%2C200&ssl=1","width":350,"height":200,"srcset":"https:\/\/i0.wp.com\/lasprimeras.com.do\/wp-content\/uploads\/2023\/07\/Emilio-Hasbun-y-Jorge-Feliz-firman-el-acuerdo.-Observan-Fernando-Gonzalez-y-MariaJose-Turull.jpg?resize=350%2C200&ssl=1 1x, https:\/\/i0.wp.com\/lasprimeras.com.do\/wp-content\/uploads\/2023\/07\/Emilio-Hasbun-y-Jorge-Feliz-firman-el-acuerdo.-Observan-Fernando-Gonzalez-y-MariaJose-Turull.jpg?resize=525%2C300&ssl=1 1.5x, https:\/\/i0.wp.com\/lasprimeras.com.do\/wp-content\/uploads\/2023\/07\/Emilio-Hasbun-y-Jorge-Feliz-firman-el-acuerdo.-Observan-Fernando-Gonzalez-y-MariaJose-Turull.jpg?resize=700%2C400&ssl=1 2x"},"classes":[]},{"id":69976,"url":"https:\/\/lasprimeras.com.do\/index.php\/2023\/12\/07\/abinader-54-leonel-29-abel-15-y-vargas-2-segun-la-cid-gallup\/","url_meta":{"origin":124419,"position":5},"title":"Abinader 54%, Leonel 29, Abel 15 y Vargas 2%, seg\u00fan la CID-Gallup","author":"BIMARY DE JES\u00daS Matos","date":"7 de diciembre de 2023","format":false,"excerpt":"SANTO DOMINGO.- El presidente Luis Abinader tiene las mayores preferencias para ganar las elecciones presidenciales del 2024, seg\u00fan una encuesta de la CID Gallup, una empresa dedicada a la consultor\u00eda, inteligencia de negocios, recolecci\u00f3n y an\u00e1lisis de informaci\u00f3n para estudios de mercado, sociales, opini\u00f3n p\u00fablica y pol\u00edtica. El trabajo de\u2026","rel":"","context":"En \u00abSin categor\u00eda\u00bb","block_context":{"text":"Sin categor\u00eda","link":"https:\/\/lasprimeras.com.do\/index.php\/category\/sin-categoria\/"},"img":{"alt_text":"","src":"https:\/\/i0.wp.com\/lasprimeras.com.do\/wp-content\/uploads\/2023\/12\/393167618_841220321343819_1805512503651010400_n-3.jpg?resize=350%2C200&ssl=1","width":350,"height":200,"srcset":"https:\/\/i0.wp.com\/lasprimeras.com.do\/wp-content\/uploads\/2023\/12\/393167618_841220321343819_1805512503651010400_n-3.jpg?resize=350%2C200&ssl=1 1x, https:\/\/i0.wp.com\/lasprimeras.com.do\/wp-content\/uploads\/2023\/12\/393167618_841220321343819_1805512503651010400_n-3.jpg?resize=525%2C300&ssl=1 1.5x, https:\/\/i0.wp.com\/lasprimeras.com.do\/wp-content\/uploads\/2023\/12\/393167618_841220321343819_1805512503651010400_n-3.jpg?resize=700%2C400&ssl=1 2x"},"classes":[]}],"jetpack_sharing_enabled":true,"_links":{"self":[{"href":"https:\/\/lasprimeras.com.do\/index.php\/wp-json\/wp\/v2\/posts\/124419","targetHints":{"allow":["GET"]}}],"collection":[{"href":"https:\/\/lasprimeras.com.do\/index.php\/wp-json\/wp\/v2\/posts"}],"about":[{"href":"https:\/\/lasprimeras.com.do\/index.php\/wp-json\/wp\/v2\/types\/post"}],"author":[{"embeddable":true,"href":"https:\/\/lasprimeras.com.do\/index.php\/wp-json\/wp\/v2\/users\/10"}],"replies":[{"embeddable":true,"href":"https:\/\/lasprimeras.com.do\/index.php\/wp-json\/wp\/v2\/comments?post=124419"}],"version-history":[{"count":1,"href":"https:\/\/lasprimeras.com.do\/index.php\/wp-json\/wp\/v2\/posts\/124419\/revisions"}],"predecessor-version":[{"id":124421,"href":"https:\/\/lasprimeras.com.do\/index.php\/wp-json\/wp\/v2\/posts\/124419\/revisions\/124421"}],"wp:featuredmedia":[{"embeddable":true,"href":"https:\/\/lasprimeras.com.do\/index.php\/wp-json\/wp\/v2\/media\/124420"}],"wp:attachment":[{"href":"https:\/\/lasprimeras.com.do\/index.php\/wp-json\/wp\/v2\/media?parent=124419"}],"wp:term":[{"taxonomy":"category","embeddable":true,"href":"https:\/\/lasprimeras.com.do\/index.php\/wp-json\/wp\/v2\/categories?post=124419"},{"taxonomy":"post_tag","embeddable":true,"href":"https:\/\/lasprimeras.com.do\/index.php\/wp-json\/wp\/v2\/tags?post=124419"}],"curies":[{"name":"wp","href":"https:\/\/api.w.org\/{rel}","templated":true}]}}