{"id":124422,"date":"2026-03-12T08:07:16","date_gmt":"2026-03-12T12:07:16","guid":{"rendered":"https:\/\/lasprimeras.com.do\/?p=124422"},"modified":"2026-03-12T08:07:17","modified_gmt":"2026-03-12T12:07:17","slug":"hurkacz-debuta-este-jueves-en-cap-cana-se-definiran-los-cuartos-de-final","status":"publish","type":"post","link":"https:\/\/lasprimeras.com.do\/index.php\/2026\/03\/12\/hurkacz-debuta-este-jueves-en-cap-cana-se-definiran-los-cuartos-de-final\/","title":{"rendered":"Hurkacz debuta este jueves en Cap Cana; se definir\u00e1n los cuartos de final"},"content":{"rendered":"\n<p>El polaco Hubert Hurkacz, ex n\u00famero seis del mundo y una de las principales atracciones del Rep\u00fablica Dominicana Open, Copa Cap Cana 2026, estar\u00e1 en acci\u00f3n este jueves debutando en el evento frente al italiano Mattia Bellucci.<\/p>\n\n\n\n<p>El partido del actual 71 del mundo est\u00e1 pautado en el estadio Cap Cana para el segundo turno en una jornada que iniciar\u00e1 a las 3:00 de la tarde.<\/p>\n\n\n\n<p>Hurkacz, que recibi\u00f3 un bye en primera ronda por su condici\u00f3n de cuarto favorito del ATP Challenger m\u00e1s grande de Am\u00e9rica Latina, es poseedor de ocho t\u00edtulos ATP, incluyendo los Masters 1000 de Miami, en 2021, y Shanghai, en 2023.<\/p>\n\n\n\n<p>Tambi\u00e9n saltar\u00e1 a cancha este jueves el primer preclasificado, el serbio Miomir Kecmanovic, que tendr\u00e1 como rival al estadounidense Mackenzie McDonald, quien tuvo que emplearse a fondo para imponerse sobre el espa\u00f1ol Mart\u00edn Landaluce en dos horas y 20 minutos de partido con score final de 3-6, 6-2, 7-5.<\/p>\n\n\n\n<p>A segunda ronda<\/p>\n\n\n\n<p>Este mi\u00e9rcoles fueron completados los partidos de primera ronda del torneo auspiciado por el Ministerio de Turismo, por lo que este jueves se definir\u00e1n los jugadores que pasar\u00e1n a los cuartos de final del evento.<\/p>\n\n\n\n<p>En el primer turno de cancha central, el checo Dalibor Svrcina dispuso del chileno Christian Gar\u00edn por 6-4, 6-4, luego de un ajustado primer set que se defini\u00f3 en los \u00faltimos juegos, y una segunda manga en la que lleg\u00f3 a sacar 5-1 para el partido.<\/p>\n\n\n\n<p>Sin embargo, no fue hasta su \u00faltima oportunidad para cerrar sin extender el set que pudo concluir el partido quebrando al austral.<\/p>\n\n\n\n<p>De su lado, el ecuatoriano Andr\u00e9s Andrade, proveniente de la clasificaci\u00f3n, se abri\u00f3 paso hasta la segunda ronda tras imponerse por otro doble 6-4 sobre Chun-Hsin Tseng, de China Taipei.<\/p>\n\n\n\n<p>En otro resultado, el lucky loser Coleman Wong, de Hong Kong, necesito de dos horas y 14 minutos para remontar un primer set adverso y superar al argentino Rom\u00e1n Burruchaga con pizarra de 4-6, 6-3, 6-4, por lo que ahora enfrentar\u00e1 al bosnio Damir Dzumhur, tercer preclasificado y finalista de la primera edici\u00f3n del torneo en 2025.<\/p>\n\n\n\n<p>En los dobles, tambi\u00e9n avanz\u00f3 la dupla del estadounidense Trey Hilderbrand y el israel\u00ed Daniel Cukierman al derrotar por 6-4, 1-6, 10-5 al dueto compuesto por los polacos Hurkacz y Mateusz Terczynski.<\/p>\n\n\n\n<p>Asimismo, se instalaron en cuartos de final el indio N.Sriram Balaji y el austr\u00edaco Neil Oberleitner, quienes vencieron al uruguayo Ariel Behar y al brit\u00e1nico Joshua Paris con pizarra de 7-6 (4), 6-4.<\/p>\n\n\n\n<p>Copa Cap Cana<\/p>\n\n\n\n<p>El Rep\u00fablica Dominicana Open, Copa Cap Cana, es un torneo ATP Challenger 175, que otorga esa cantidad de puntos para el circuito profesional a los campeones de dobles y sencillos, repartiendo 300 mil d\u00f3lares entre los jugadores participantes.<\/p>\n\n\n\n<p>Al torneo tambi\u00e9n se dan cita tenistas de Serbia, Argentina, Canad\u00e1, T\u00fanez, Australia, Francia, Bosnia y Herzegovina, Jap\u00f3n, Nueva Zelanda, M\u00f3naco, Brasil, B\u00e9lgica, entre otras naciones.<\/p>\n\n\n\n<p>El evento se extender\u00e1 hasta el pr\u00f3ximo domingo 15 de marzo, y las boletas para el mismo est\u00e1n a la venta en Uepa Tickets.<\/p>\n\n\n\n<p>Adem\u00e1s del Ministerio de Turismo, la Copa Cap Cana cuenta con el respaldo de BMW, Banreservas, Interval, Second Home by Garc\u00eda Armenteros, IMCA, KMA Developments, Bonita Beach Luxury Residences, Gesproin Group, Suerox, Caf\u00e9 Santo Domingo, CEPM, List\u00edn Diario &amp; Ritmo Social, RH Mej\u00eda, CDN, El Caribe y CDN Deportes, as\u00ed como de Ekatex, Arajet, Santo Domingo Times, Promo Umbrella, El Nuevo Diario, Revista Hola!, SMA, QSolutions Services y Ormazabal.<\/p>\n","protected":false},"excerpt":{"rendered":"<p>El polaco Hubert Hurkacz, ex n\u00famero seis del mundo y una de las principales atracciones del Rep\u00fablica Dominicana Open, Copa Cap Cana 2026, estar\u00e1 en acci\u00f3n este jueves debutando en&hellip;<\/p>\n","protected":false},"author":10,"featured_media":0,"comment_status":"open","ping_status":"open","sticky":false,"template":"","format":"standard","meta":{"content-type":"","jetpack_post_was_ever_published":false,"_jetpack_newsletter_access":"","_jetpack_dont_email_post_to_subs":false,"_jetpack_newsletter_tier_id":0,"_jetpack_memberships_contains_paywalled_content":false,"_jetpack_memberships_contains_paid_content":false,"footnotes":""},"categories":[630],"tags":[31116],"class_list":["post-124422","post","type-post","status-publish","format-standard","hentry","category-deportes","tag-copa-cap-cana"],"jetpack_featured_media_url":"","jetpack-related-posts":[{"id":94903,"url":"https:\/\/lasprimeras.com.do\/index.php\/2025\/03\/06\/mitur-y-cap-cana-presentan-detalles-del-republica-dominicana-open-copa-cap-cana-2025\/","url_meta":{"origin":124422,"position":0},"title":"MITUR y Cap Cana presentan detalles del Rep\u00fablica Dominicana Open Copa Cap Cana 2025","author":"Nelson Feliz","date":"6 de marzo de 2025","format":false,"excerpt":"El Ministerio de Turismo y la Ciudad Destino Cap Cana, dieron a conocer este jueves los detalles del Rep\u00fablica Dominicana Open Copa Cana 2025, el torneo profesional de tenis m\u00e1s grande organizado en la historia del pa\u00eds del circuito ATP Challenger. El ATP Challenger 175, que se extender\u00e1 del 10\u2026","rel":"","context":"En \u00abDEPORTES\u00bb","block_context":{"text":"DEPORTES","link":"https:\/\/lasprimeras.com.do\/index.php\/category\/deportes\/"},"img":{"alt_text":"","src":"https:\/\/i0.wp.com\/lasprimeras.com.do\/wp-content\/uploads\/2025\/03\/MITUR-y-la-Ciudad-Destino-Cap-Cana.jpg?resize=350%2C200&ssl=1","width":350,"height":200,"srcset":"https:\/\/i0.wp.com\/lasprimeras.com.do\/wp-content\/uploads\/2025\/03\/MITUR-y-la-Ciudad-Destino-Cap-Cana.jpg?resize=350%2C200&ssl=1 1x, https:\/\/i0.wp.com\/lasprimeras.com.do\/wp-content\/uploads\/2025\/03\/MITUR-y-la-Ciudad-Destino-Cap-Cana.jpg?resize=525%2C300&ssl=1 1.5x"},"classes":[]},{"id":124419,"url":"https:\/\/lasprimeras.com.do\/index.php\/2026\/03\/12\/roberto-cid-debuta-este-martes-en-la-copa-cap-cana\/","url_meta":{"origin":124422,"position":1},"title":"Roberto Cid debuta este martes en la Copa Cap Cana","author":"Nelson Feliz","date":"12 de marzo de 2026","format":false,"excerpt":"El dominicano Roberto Cid ser\u00e1 el primer tenista local en debutar en el cuadro principal del Rep\u00fablica Dominicana Open, Copa Cap Cana 2026, lo que har\u00e1 este martes no antes de las 6:30 de la tarde. El partido del quisqueyano en el evento auspiciado por el Ministerio de Turismo ser\u00e1\u2026","rel":"","context":"En \u00abDEPORTES\u00bb","block_context":{"text":"DEPORTES","link":"https:\/\/lasprimeras.com.do\/index.php\/category\/deportes\/"},"img":{"alt_text":"","src":"https:\/\/i0.wp.com\/lasprimeras.com.do\/wp-content\/uploads\/2026\/03\/IMG-20260310-WA0176.jpg?resize=350%2C200&ssl=1","width":350,"height":200,"srcset":"https:\/\/i0.wp.com\/lasprimeras.com.do\/wp-content\/uploads\/2026\/03\/IMG-20260310-WA0176.jpg?resize=350%2C200&ssl=1 1x, https:\/\/i0.wp.com\/lasprimeras.com.do\/wp-content\/uploads\/2026\/03\/IMG-20260310-WA0176.jpg?resize=525%2C300&ssl=1 1.5x, https:\/\/i0.wp.com\/lasprimeras.com.do\/wp-content\/uploads\/2026\/03\/IMG-20260310-WA0176.jpg?resize=700%2C400&ssl=1 2x, https:\/\/i0.wp.com\/lasprimeras.com.do\/wp-content\/uploads\/2026\/03\/IMG-20260310-WA0176.jpg?resize=1050%2C600&ssl=1 3x"},"classes":[]},{"id":95260,"url":"https:\/\/lasprimeras.com.do\/index.php\/2025\/03\/11\/ciudad-destino-cap-cana-fue-sede-del-nuevo-record-guinness-en-rd\/","url_meta":{"origin":124422,"position":2},"title":"Ciudad Destino Cap Cana fue sede del nuevo R\u00e9cord Guinness en RD","author":"Nelson Feliz","date":"11 de marzo de 2025","format":false,"excerpt":"Av\u00e9le hizo historia con la presentaci\u00f3n de la \u201d imagen en mosaico de un cubo giratorio de doble cara m\u00e1s grande del mundo \u201d con un evento certificado por Guinnes World Record, en presencia de Erno Rubik creador de dicho cubo en el marco de su 50.\u00ba aniversario. La Galer\u00eda\u2026","rel":"","context":"En \u00abENTRETENIMIENTO\u00bb","block_context":{"text":"ENTRETENIMIENTO","link":"https:\/\/lasprimeras.com.do\/index.php\/category\/entretenimiento\/"},"img":{"alt_text":"","src":"https:\/\/i0.wp.com\/lasprimeras.com.do\/wp-content\/uploads\/2025\/03\/Ricardo-Hazoury-Jorge-Abraham-Hazoury-y-Abraham-Hazoury-Jr.jpg?resize=350%2C200&ssl=1","width":350,"height":200,"srcset":"https:\/\/i0.wp.com\/lasprimeras.com.do\/wp-content\/uploads\/2025\/03\/Ricardo-Hazoury-Jorge-Abraham-Hazoury-y-Abraham-Hazoury-Jr.jpg?resize=350%2C200&ssl=1 1x, https:\/\/i0.wp.com\/lasprimeras.com.do\/wp-content\/uploads\/2025\/03\/Ricardo-Hazoury-Jorge-Abraham-Hazoury-y-Abraham-Hazoury-Jr.jpg?resize=525%2C300&ssl=1 1.5x, https:\/\/i0.wp.com\/lasprimeras.com.do\/wp-content\/uploads\/2025\/03\/Ricardo-Hazoury-Jorge-Abraham-Hazoury-y-Abraham-Hazoury-Jr.jpg?resize=700%2C400&ssl=1 2x"},"classes":[]},{"id":53915,"url":"https:\/\/lasprimeras.com.do\/index.php\/2023\/07\/03\/anuncian-preparativos-copa-consular-golf-2023\/","url_meta":{"origin":124422,"position":3},"title":"Anuncian preparativos Copa Consular Golf 2023","author":"Nelson Feliz","date":"3 de julio de 2023","format":false,"excerpt":"Los miembros del comit\u00e9 organizador de la novena Copa Consular de Golf informaron del avance en los preparativos de este evento deportivo que tendr\u00e1 efecto el 9 de septiembre, en el campo de golf de Punta Espada, en Cap Cana, organizada por el Cuerpo Consular Acreditado en la Rep\u00fablica Dominicano.\u2026","rel":"","context":"En \u00abSin categor\u00eda\u00bb","block_context":{"text":"Sin categor\u00eda","link":"https:\/\/lasprimeras.com.do\/index.php\/category\/sin-categoria\/"},"img":{"alt_text":"Emilio Hasb\u00fan y Jorge Feliz firman el acuerdo. Observan, Fernando Gonz\u00e1lez y Mar\u00edaJos\u00e9 Turull.","src":"https:\/\/i0.wp.com\/lasprimeras.com.do\/wp-content\/uploads\/2023\/07\/Emilio-Hasbun-y-Jorge-Feliz-firman-el-acuerdo.-Observan-Fernando-Gonzalez-y-MariaJose-Turull.jpg?resize=350%2C200&ssl=1","width":350,"height":200,"srcset":"https:\/\/i0.wp.com\/lasprimeras.com.do\/wp-content\/uploads\/2023\/07\/Emilio-Hasbun-y-Jorge-Feliz-firman-el-acuerdo.-Observan-Fernando-Gonzalez-y-MariaJose-Turull.jpg?resize=350%2C200&ssl=1 1x, https:\/\/i0.wp.com\/lasprimeras.com.do\/wp-content\/uploads\/2023\/07\/Emilio-Hasbun-y-Jorge-Feliz-firman-el-acuerdo.-Observan-Fernando-Gonzalez-y-MariaJose-Turull.jpg?resize=525%2C300&ssl=1 1.5x, https:\/\/i0.wp.com\/lasprimeras.com.do\/wp-content\/uploads\/2023\/07\/Emilio-Hasbun-y-Jorge-Feliz-firman-el-acuerdo.-Observan-Fernando-Gonzalez-y-MariaJose-Turull.jpg?resize=700%2C400&ssl=1 2x"},"classes":[]},{"id":100086,"url":"https:\/\/lasprimeras.com.do\/index.php\/2025\/06\/01\/anuncian-construccion-de-level-business-center-primer-edificio-corporativo-en-cap-cana\/","url_meta":{"origin":124422,"position":4},"title":"Anuncian construcci\u00f3n de Level Business Center primer Edificio Corporativo en Cap Cana","author":"Nelson Feliz","date":"1 de junio de 2025","format":false,"excerpt":"GESPROIN Group e INFRADOM desarrollan el proyecto que est\u00e1 pronosticado para abrirse al p\u00fablico en septiembre del 2027 El grupo de desarrollo inmobiliario GESPROIN Group en alianza con la empresa Infraestructura Dominicana, INFRADOM, presentaron de manera oficial el primer proyecto de oficinas y locales comerciales dentro de Cap Cana, uno\u2026","rel":"","context":"En \u00abECONOM\u00cdA\u00bb","block_context":{"text":"ECONOM\u00cdA","link":"https:\/\/lasprimeras.com.do\/index.php\/category\/economia\/"},"img":{"alt_text":"","src":"https:\/\/i0.wp.com\/lasprimeras.com.do\/wp-content\/uploads\/2025\/06\/anuncian-construccion-de-level-business-center-primer-edificio-corporativo-en-cap-cana.jpg?resize=350%2C200&ssl=1","width":350,"height":200,"srcset":"https:\/\/i0.wp.com\/lasprimeras.com.do\/wp-content\/uploads\/2025\/06\/anuncian-construccion-de-level-business-center-primer-edificio-corporativo-en-cap-cana.jpg?resize=350%2C200&ssl=1 1x, https:\/\/i0.wp.com\/lasprimeras.com.do\/wp-content\/uploads\/2025\/06\/anuncian-construccion-de-level-business-center-primer-edificio-corporativo-en-cap-cana.jpg?resize=525%2C300&ssl=1 1.5x, https:\/\/i0.wp.com\/lasprimeras.com.do\/wp-content\/uploads\/2025\/06\/anuncian-construccion-de-level-business-center-primer-edificio-corporativo-en-cap-cana.jpg?resize=700%2C400&ssl=1 2x"},"classes":[]},{"id":102279,"url":"https:\/\/lasprimeras.com.do\/index.php\/2025\/07\/02\/incendio-afecta-area-de-cap-cana-autoridades-despliegan-amplio-operativo-interinstitucional\/","url_meta":{"origin":124422,"position":5},"title":"Incendio afecta \u00e1rea de Cap Cana; autoridades despliegan amplio operativo interinstitucional","author":"Nelson Feliz","date":"2 de julio de 2025","format":false,"excerpt":"Un incendio de gran magnitud se registra desde horas de la tarde de este mi\u00e9rcoles en el \u00e1rea de Cap Cana, provincia La Altagracia, lo que ha movilizado un amplio despliegue de recursos y personal de diferentes instituciones y municipios de la regi\u00f3n este. La operaci\u00f3n de respuesta est\u00e1 bajo\u2026","rel":"","context":"En \u00abNACIONALES\u00bb","block_context":{"text":"NACIONALES","link":"https:\/\/lasprimeras.com.do\/index.php\/category\/nacionales\/"},"img":{"alt_text":"","src":"https:\/\/i0.wp.com\/lasprimeras.com.do\/wp-content\/uploads\/2025\/07\/incendio.jpeg?resize=350%2C200&ssl=1","width":350,"height":200,"srcset":"https:\/\/i0.wp.com\/lasprimeras.com.do\/wp-content\/uploads\/2025\/07\/incendio.jpeg?resize=350%2C200&ssl=1 1x, https:\/\/i0.wp.com\/lasprimeras.com.do\/wp-content\/uploads\/2025\/07\/incendio.jpeg?resize=525%2C300&ssl=1 1.5x, https:\/\/i0.wp.com\/lasprimeras.com.do\/wp-content\/uploads\/2025\/07\/incendio.jpeg?resize=700%2C400&ssl=1 2x, https:\/\/i0.wp.com\/lasprimeras.com.do\/wp-content\/uploads\/2025\/07\/incendio.jpeg?resize=1050%2C600&ssl=1 3x"},"classes":[]}],"jetpack_sharing_enabled":true,"_links":{"self":[{"href":"https:\/\/lasprimeras.com.do\/index.php\/wp-json\/wp\/v2\/posts\/124422","targetHints":{"allow":["GET"]}}],"collection":[{"href":"https:\/\/lasprimeras.com.do\/index.php\/wp-json\/wp\/v2\/posts"}],"about":[{"href":"https:\/\/lasprimeras.com.do\/index.php\/wp-json\/wp\/v2\/types\/post"}],"author":[{"embeddable":true,"href":"https:\/\/lasprimeras.com.do\/index.php\/wp-json\/wp\/v2\/users\/10"}],"replies":[{"embeddable":true,"href":"https:\/\/lasprimeras.com.do\/index.php\/wp-json\/wp\/v2\/comments?post=124422"}],"version-history":[{"count":1,"href":"https:\/\/lasprimeras.com.do\/index.php\/wp-json\/wp\/v2\/posts\/124422\/revisions"}],"predecessor-version":[{"id":124423,"href":"https:\/\/lasprimeras.com.do\/index.php\/wp-json\/wp\/v2\/posts\/124422\/revisions\/124423"}],"wp:attachment":[{"href":"https:\/\/lasprimeras.com.do\/index.php\/wp-json\/wp\/v2\/media?parent=124422"}],"wp:term":[{"taxonomy":"category","embeddable":true,"href":"https:\/\/lasprimeras.com.do\/index.php\/wp-json\/wp\/v2\/categories?post=124422"},{"taxonomy":"post_tag","embeddable":true,"href":"https:\/\/lasprimeras.com.do\/index.php\/wp-json\/wp\/v2\/tags?post=124422"}],"curies":[{"name":"wp","href":"https:\/\/api.w.org\/{rel}","templated":true}]}}