{"id":124424,"date":"2026-03-12T08:24:39","date_gmt":"2026-03-12T12:24:39","guid":{"rendered":"https:\/\/lasprimeras.com.do\/?p=124424"},"modified":"2026-03-12T08:24:40","modified_gmt":"2026-03-12T12:24:40","slug":"defensa-publica-inaugura-nueva-oficina-en-nagua-provincia-maria-trinidad-sanchez","status":"publish","type":"post","link":"https:\/\/lasprimeras.com.do\/index.php\/2026\/03\/12\/defensa-publica-inaugura-nueva-oficina-en-nagua-provincia-maria-trinidad-sanchez\/","title":{"rendered":"Defensa P\u00fablica inaugura nueva oficina en Nagua, provincia Mar\u00eda Trinidad S\u00e1nchez"},"content":{"rendered":"\n<p>La Oficina Nacional de Defensa P\u00fablica dej\u00f3 inaugurada una nueva oficina de servicios en el municipio de Nagua, provincia Mar\u00eda Trinidad S\u00e1nchez, como parte de su proceso de expansi\u00f3n institucional orientado a fortalecer el acceso a la justicia y garantizar el derecho a la defensa de la ciudadan\u00eda.<\/p>\n\n\n\n<p>El acto fue encabezado por el director de la instituci\u00f3n, Rodolfo Valent\u00edn Santos, quien, tras realizar el corte de cinta, destac\u00f3 la importancia de continuar ampliando la cobertura de la Defensa P\u00fablica en distintas demarcaciones del pa\u00eds.<\/p>\n\n\n\n<p>\u201cCon la apertura de esta nueva oficina seguimos consolidando la presencia de la Defensa P\u00fablica en el territorio nacional, con el prop\u00f3sito de garantizar una defensa oportuna, t\u00e9cnica y profesional, de manera gratuita, a toda persona que necesite los servicios de un defensor p\u00fablico\u201d, expres\u00f3 Valent\u00edn Santos.<\/p>\n\n\n\n<p>El titular de la Defensa P\u00fablica se\u00f1al\u00f3 que la instalaci\u00f3n de esta dependencia permitir\u00e1 ofrecer asistencia legal directa a los ciudadanos de la zona, especialmente a aquellos en condiciones de vulnerabilidad, contribuyendo as\u00ed al fortalecimiento del sistema de justicia y a la protecci\u00f3n efectiva de los derechos fundamentales.<\/p>\n\n\n\n<p>En la actividad de inauguraci\u00f3n estuvieron presentes autoridades de la provincia, representantes del Ministerio P\u00fablico, miembros de la sociedad civil, as\u00ed como colaboradores de la Oficina Nacional de Defensa P\u00fablica, quienes valoraron la importancia de esta iniciativa para acercar los servicios legales a la poblaci\u00f3n.<\/p>\n\n\n\n<p>Con esta nueva oficina, la Defensa P\u00fablica reafirma su compromiso de continuar ampliando su cobertura a nivel nacional, con el objetivo de garantizar el acceso a una justicia m\u00e1s equitativa, eficiente y respetuosa de los derechos humanos<\/p>\n","protected":false},"excerpt":{"rendered":"<p>La Oficina Nacional de Defensa P\u00fablica dej\u00f3 inaugurada una nueva oficina de servicios en el municipio de Nagua, provincia Mar\u00eda Trinidad S\u00e1nchez, como parte de su proceso de expansi\u00f3n institucional&hellip;<\/p>\n","protected":false},"author":10,"featured_media":124425,"comment_status":"open","ping_status":"open","sticky":false,"template":"","format":"standard","meta":{"content-type":"","jetpack_post_was_ever_published":false,"_jetpack_newsletter_access":"","_jetpack_dont_email_post_to_subs":false,"_jetpack_newsletter_tier_id":0,"_jetpack_memberships_contains_paywalled_content":false,"_jetpack_memberships_contains_paid_content":false,"footnotes":""},"categories":[35],"tags":[5459,1970,8291,2026,1785],"class_list":["post-124424","post","type-post","status-publish","format-standard","has-post-thumbnail","hentry","category-nacionales","tag-defensa-publica","tag-inaugura","tag-maria-trinidad-sanchez","tag-nagua","tag-oficina"],"jetpack_featured_media_url":"https:\/\/lasprimeras.com.do\/wp-content\/uploads\/2026\/03\/IMG-20260311-WA0361-scaled.jpg","jetpack-related-posts":[{"id":91070,"url":"https:\/\/lasprimeras.com.do\/index.php\/2024\/11\/08\/abinader-inaugurara-varias-obras-en-la-provincia-maria-trinidad-sanchez\/","url_meta":{"origin":124424,"position":0},"title":"Abinader inaugurar\u00e1 varias obras en la provincia Mar\u00eda Trinidad S\u00e1nchez","author":"Nelson Feliz","date":"8 de noviembre de 2024","format":false,"excerpt":"El mandatario encabezar\u00e1 graduaci\u00f3n del curso b\u00e1sico de formaci\u00f3n policial en Gaspar Hern\u00e1ndez. El presidente Luis Abinader inaugurar\u00e1 varias obras este s\u00e1bado en la provincia Mar\u00eda Trinidad S\u00e1nchez, y el domingo encabezar\u00e1 la graduaci\u00f3n del curso b\u00e1sico de formaci\u00f3n policial en Gaspar Hern\u00e1ndez. Mar\u00eda Trinidad S\u00e1nchez La agenda del gobernante\u2026","rel":"","context":"En \u00abNACIONALES\u00bb","block_context":{"text":"NACIONALES","link":"https:\/\/lasprimeras.com.do\/index.php\/category\/nacionales\/"},"img":{"alt_text":"","src":"https:\/\/i0.wp.com\/lasprimeras.com.do\/wp-content\/uploads\/2024\/11\/Luis-Abinader-c.jpg?resize=350%2C200&ssl=1","width":350,"height":200,"srcset":"https:\/\/i0.wp.com\/lasprimeras.com.do\/wp-content\/uploads\/2024\/11\/Luis-Abinader-c.jpg?resize=350%2C200&ssl=1 1x, https:\/\/i0.wp.com\/lasprimeras.com.do\/wp-content\/uploads\/2024\/11\/Luis-Abinader-c.jpg?resize=525%2C300&ssl=1 1.5x, https:\/\/i0.wp.com\/lasprimeras.com.do\/wp-content\/uploads\/2024\/11\/Luis-Abinader-c.jpg?resize=700%2C400&ssl=1 2x"},"classes":[]},{"id":126770,"url":"https:\/\/lasprimeras.com.do\/index.php\/2026\/04\/05\/apresan-mujer-por-destruir-vehiculo-de-su-expareja-en-nagua\/","url_meta":{"origin":124424,"position":1},"title":"Apresan mujer por destruir veh\u00edculo de su expareja en Nagua","author":"Nelson Feliz","date":"5 de abril de 2026","format":false,"excerpt":"La Direcci\u00f3n Regional de la Polic\u00eda Nacional en Mar\u00eda Trinidad S\u00e1nchez, inform\u00f3 que fue apresada una mujer que fue captada en video mientras destru\u00eda un veh\u00edculo propiedad de su expareja. El hecho ocurri\u00f3 en el sector Jarro Sucio, en El Guayo Arriba, de la provincia Mar\u00eda Trinidad S\u00e1nchez. La detenida\u2026","rel":"","context":"En \u00abNACIONALES\u00bb","block_context":{"text":"NACIONALES","link":"https:\/\/lasprimeras.com.do\/index.php\/category\/nacionales\/"},"img":{"alt_text":"","src":"","width":0,"height":0},"classes":[]},{"id":62761,"url":"https:\/\/lasprimeras.com.do\/index.php\/2023\/10\/06\/abinader-va-este-fin-de-semana-a-espaillat-maria-trinidad-sanchez-y-samana\/","url_meta":{"origin":124424,"position":2},"title":"Abinader va este fin de semana a Espaillat, Mar\u00eda Trinidad S\u00e1nchez y Saman\u00e1","author":"Nelson Feliz","date":"6 de octubre de 2023","format":false,"excerpt":"Mandatario inaugurar\u00e1 hospitales, estancias infantiles, carreteras, varios play, proyectos de redes de iluminaci\u00f3n, centros educativos y un muelle de pescadores. El presidente Luis Abinader agotar\u00e1 una apretada agenda este fin de semana en las provincias Espaillat, Mar\u00eda Trinidad S\u00e1nchez y Saman\u00e1, en donde inaugurar\u00e1 hospitales, estancias infantiles, carreteras, varios pley,\u2026","rel":"","context":"En \u00abPORTADA\u00bb","block_context":{"text":"PORTADA","link":"https:\/\/lasprimeras.com.do\/index.php\/category\/portada\/"},"img":{"alt_text":"Luis Abinader","src":"https:\/\/i0.wp.com\/lasprimeras.com.do\/wp-content\/uploads\/2023\/10\/Luis-Abinader-7.jpg?resize=350%2C200&ssl=1","width":350,"height":200,"srcset":"https:\/\/i0.wp.com\/lasprimeras.com.do\/wp-content\/uploads\/2023\/10\/Luis-Abinader-7.jpg?resize=350%2C200&ssl=1 1x, https:\/\/i0.wp.com\/lasprimeras.com.do\/wp-content\/uploads\/2023\/10\/Luis-Abinader-7.jpg?resize=525%2C300&ssl=1 1.5x, https:\/\/i0.wp.com\/lasprimeras.com.do\/wp-content\/uploads\/2023\/10\/Luis-Abinader-7.jpg?resize=700%2C400&ssl=1 2x"},"classes":[]},{"id":91093,"url":"https:\/\/lasprimeras.com.do\/index.php\/2024\/11\/09\/abinader-inaugura-remozamientos-de-varias-obras-en-maria-trinidad-sanchez\/","url_meta":{"origin":124424,"position":3},"title":"Abinader inaugura remozamientos de varias obras en Mar\u00eda Trinidad S\u00e1nchez","author":"Nelson Feliz","date":"9 de noviembre de 2024","format":false,"excerpt":"El presidente Luis Abinader inaugur\u00f3 los remozamientos del Hospital Municipal Doctor Virgilio Garc\u00eda y la Laguna Gri-Gri, un polideportivo, una oficina BanReservas y una Estancia Infantil en Gaspar Hern\u00e1ndez, las provincias Mar\u00eda Trinidad S\u00e1nchez y Espaillat. El remozado y ampliado Hospital Municipal Doctor Virgilio Garc\u00eda en el municipio Cabrera, beneficia\u2026","rel":"","context":"En \u00abECONOM\u00cdA\u00bb","block_context":{"text":"ECONOM\u00cdA","link":"https:\/\/lasprimeras.com.do\/index.php\/category\/economia\/"},"img":{"alt_text":"","src":"https:\/\/i0.wp.com\/lasprimeras.com.do\/wp-content\/uploads\/2024\/11\/mitur.jpg?resize=350%2C200&ssl=1","width":350,"height":200,"srcset":"https:\/\/i0.wp.com\/lasprimeras.com.do\/wp-content\/uploads\/2024\/11\/mitur.jpg?resize=350%2C200&ssl=1 1x, https:\/\/i0.wp.com\/lasprimeras.com.do\/wp-content\/uploads\/2024\/11\/mitur.jpg?resize=525%2C300&ssl=1 1.5x"},"classes":[]},{"id":103975,"url":"https:\/\/lasprimeras.com.do\/index.php\/2025\/07\/20\/blas-duran-nacio-el-3-de-febrero-de-1941-en-maria-trinidad-sanchez-nagua\/","url_meta":{"origin":124424,"position":4},"title":"Blas Duran nacio el 3 de febrero de 1941 en Mar\u00eda Trinidad S\u00e1nchez, Nagua","author":"Nelson Feliz","date":"20 de julio de 2025","format":false,"excerpt":"Blas Dur\u00e1n fue un reconocido artista dominicano, nacido el 3 de febrero de 1941 en la provincia Mar\u00eda Trinidad S\u00e1nchez, Nagua. Logr\u00f3 un gran \u00e9xito, siendo uno de los artistas m\u00e1s escuchados en el pa\u00eds durante las d\u00e9cadas de los 80 y parte de los 90. Con su agrupaci\u00f3n Blas\u2026","rel":"","context":"En \u00abENTRETENIMIENTO\u00bb","block_context":{"text":"ENTRETENIMIENTO","link":"https:\/\/lasprimeras.com.do\/index.php\/category\/entretenimiento\/"},"img":{"alt_text":"","src":"https:\/\/i0.wp.com\/lasprimeras.com.do\/wp-content\/uploads\/2025\/07\/blas-duran.jpg?resize=350%2C200&ssl=1","width":350,"height":200,"srcset":"https:\/\/i0.wp.com\/lasprimeras.com.do\/wp-content\/uploads\/2025\/07\/blas-duran.jpg?resize=350%2C200&ssl=1 1x, https:\/\/i0.wp.com\/lasprimeras.com.do\/wp-content\/uploads\/2025\/07\/blas-duran.jpg?resize=525%2C300&ssl=1 1.5x"},"classes":[]},{"id":62795,"url":"https:\/\/lasprimeras.com.do\/index.php\/2023\/10\/07\/presidente-abinader-inaugura-proyectos-electricos-en-maria-trinidad-sanchez\/","url_meta":{"origin":124424,"position":5},"title":"Presidente Abinader inaugura proyectos el\u00e9ctricos en Mar\u00eda Trinidad S\u00e1nchez","author":"Nelson Feliz","date":"7 de octubre de 2023","format":false,"excerpt":"El gobernante tambien asisti\u00f3 a la presentaci\u00f3n del Plan de Desarrollo de Nagua, se reuni\u00f3 con m\u00e1s de 400 miembros de organismos de socorro e inaugur\u00f3 una nueva estancia infantil en el municipio El Factor que integrar\u00e1 a 250 ni\u00f1os y ni\u00f1as. EI presidente Luis Abinader encabez\u00f3 el acto de\u2026","rel":"","context":"En \u00abECONOM\u00cdA\u00bb","block_context":{"text":"ECONOM\u00cdA","link":"https:\/\/lasprimeras.com.do\/index.php\/category\/economia\/"},"img":{"alt_text":"Luis Abinader","src":"https:\/\/i0.wp.com\/lasprimeras.com.do\/wp-content\/uploads\/2023\/10\/Luis-Abinader-3.jpg?resize=350%2C200&ssl=1","width":350,"height":200,"srcset":"https:\/\/i0.wp.com\/lasprimeras.com.do\/wp-content\/uploads\/2023\/10\/Luis-Abinader-3.jpg?resize=350%2C200&ssl=1 1x, https:\/\/i0.wp.com\/lasprimeras.com.do\/wp-content\/uploads\/2023\/10\/Luis-Abinader-3.jpg?resize=525%2C300&ssl=1 1.5x, https:\/\/i0.wp.com\/lasprimeras.com.do\/wp-content\/uploads\/2023\/10\/Luis-Abinader-3.jpg?resize=700%2C400&ssl=1 2x"},"classes":[]}],"jetpack_sharing_enabled":true,"_links":{"self":[{"href":"https:\/\/lasprimeras.com.do\/index.php\/wp-json\/wp\/v2\/posts\/124424","targetHints":{"allow":["GET"]}}],"collection":[{"href":"https:\/\/lasprimeras.com.do\/index.php\/wp-json\/wp\/v2\/posts"}],"about":[{"href":"https:\/\/lasprimeras.com.do\/index.php\/wp-json\/wp\/v2\/types\/post"}],"author":[{"embeddable":true,"href":"https:\/\/lasprimeras.com.do\/index.php\/wp-json\/wp\/v2\/users\/10"}],"replies":[{"embeddable":true,"href":"https:\/\/lasprimeras.com.do\/index.php\/wp-json\/wp\/v2\/comments?post=124424"}],"version-history":[{"count":1,"href":"https:\/\/lasprimeras.com.do\/index.php\/wp-json\/wp\/v2\/posts\/124424\/revisions"}],"predecessor-version":[{"id":124426,"href":"https:\/\/lasprimeras.com.do\/index.php\/wp-json\/wp\/v2\/posts\/124424\/revisions\/124426"}],"wp:featuredmedia":[{"embeddable":true,"href":"https:\/\/lasprimeras.com.do\/index.php\/wp-json\/wp\/v2\/media\/124425"}],"wp:attachment":[{"href":"https:\/\/lasprimeras.com.do\/index.php\/wp-json\/wp\/v2\/media?parent=124424"}],"wp:term":[{"taxonomy":"category","embeddable":true,"href":"https:\/\/lasprimeras.com.do\/index.php\/wp-json\/wp\/v2\/categories?post=124424"},{"taxonomy":"post_tag","embeddable":true,"href":"https:\/\/lasprimeras.com.do\/index.php\/wp-json\/wp\/v2\/tags?post=124424"}],"curies":[{"name":"wp","href":"https:\/\/api.w.org\/{rel}","templated":true}]}}