{"id":124427,"date":"2026-03-12T09:28:25","date_gmt":"2026-03-12T13:28:25","guid":{"rendered":"https:\/\/lasprimeras.com.do\/?p=124427"},"modified":"2026-03-12T09:28:28","modified_gmt":"2026-03-12T13:28:28","slug":"la-descubierta-un-pueblo-sediento-de-agua","status":"publish","type":"post","link":"https:\/\/lasprimeras.com.do\/index.php\/2026\/03\/12\/la-descubierta-un-pueblo-sediento-de-agua\/","title":{"rendered":"La Descubierta, un Pueblo Sediento de Agua"},"content":{"rendered":"\n<p>En el municipio de La Descubierta, provincia Independencia, la falta de agua potable se ha convertido en una crisis cr\u00f3nica que afecta a la comunidad desde el a\u00f1o 2013.<\/p>\n\n\n\n<p>Trece a\u00f1os han pasado y la situaci\u00f3n sigue siendo la misma: abrir la llave del agua es un acto de esperanza, pero casi nunca sale nada.<\/p>\n\n\n\n<p>Los habitantes de La Descubierta se ven obligados a cargar cubetas, comprar agua y esperar soluciones que no llegan.<\/p>\n\n\n\n<p>La falta de agua no solo es un problema de comodidad, es un problema de salud, de dignidad y de derechos humanos.<\/p>\n\n\n\n<p>El agua no es un lujo, es un derecho fundamental que todos merecen.<\/p>\n\n\n\n<p>La comunidad de La Descubierta hace un llamado al director de INAPA, Wellington Arnaud Bison\u00f3, para que mire hacia su pueblo y escuche el clamor de su gente.<\/p>\n\n\n\n<p>Un pueblo no puede vivir m\u00e1s de una d\u00e9cada con el grifo seco. Es hora de que se tomen medidas concretas para solucionar esta situaci\u00f3n.<\/p>\n\n\n\n<p>La Descubierta tambi\u00e9n merece agua. Es hora de que se priorice la necesidad de esta comunidad y se trabajen en soluciones efectivas para llevar agua potable a sus hogares.<\/p>\n\n\n\n<p>La espera ha sido larga, pero no podemos perder la esperanza.<\/p>\n\n\n\n<p>La Descubierta necesita agua, y la necesita ya.<\/p>\n","protected":false},"excerpt":{"rendered":"<p>En el municipio de La Descubierta, provincia Independencia, la falta de agua potable se ha convertido en una crisis cr\u00f3nica que afecta a la comunidad desde el a\u00f1o 2013. Trece&hellip;<\/p>\n","protected":false},"author":10,"featured_media":53648,"comment_status":"open","ping_status":"open","sticky":false,"template":"","format":"standard","meta":{"content-type":"","jetpack_post_was_ever_published":false,"_jetpack_newsletter_access":"","_jetpack_dont_email_post_to_subs":false,"_jetpack_newsletter_tier_id":0,"_jetpack_memberships_contains_paywalled_content":false,"_jetpack_memberships_contains_paid_content":false,"footnotes":""},"categories":[35,25],"tags":[6670,21271,31117],"class_list":["post-124427","post","type-post","status-publish","format-standard","has-post-thumbnail","hentry","category-nacionales","category-portada","tag-inapa","tag-la-descubierta","tag-sediento"],"jetpack_featured_media_url":"https:\/\/lasprimeras.com.do\/wp-content\/uploads\/2023\/06\/llave-de-agua.jpg","jetpack-related-posts":[{"id":122441,"url":"https:\/\/lasprimeras.com.do\/index.php\/2026\/02\/17\/valentin-perez-inapa-pretende-inaugurar-acueducto-de-moncion-con-las-calles-destruidas-y-fugas-de-agua\/","url_meta":{"origin":124427,"position":0},"title":"Valent\u00edn P\u00e9rez: \u201cInapa pretende inaugurar acueducto de Monci\u00f3n con las calles destruidas y fugas de agua\u201d","author":"Nelson Feliz","date":"17 de febrero de 2026","format":false,"excerpt":"\u201cOjal\u00e1 y no pase lo mismo que en Miches, que inauguraron el acueducto un domingo y el lunes cuando lo pusieron en funcionamiento revent\u00f3 todas las tuber\u00edas y levant\u00f3 el asfalto\u201d El comunicador Valent\u00edn P\u00e9rez denunci\u00f3 que el Instituto de Agua Potable y Alcantarillado (Inapa), en su agenda de inauguraciones\u2026","rel":"","context":"En \u00abNACIONALES\u00bb","block_context":{"text":"NACIONALES","link":"https:\/\/lasprimeras.com.do\/index.php\/category\/nacionales\/"},"img":{"alt_text":"","src":"https:\/\/i0.wp.com\/lasprimeras.com.do\/wp-content\/uploads\/2026\/02\/moncion-1.jpg?resize=350%2C200&ssl=1","width":350,"height":200,"srcset":"https:\/\/i0.wp.com\/lasprimeras.com.do\/wp-content\/uploads\/2026\/02\/moncion-1.jpg?resize=350%2C200&ssl=1 1x, https:\/\/i0.wp.com\/lasprimeras.com.do\/wp-content\/uploads\/2026\/02\/moncion-1.jpg?resize=525%2C300&ssl=1 1.5x, https:\/\/i0.wp.com\/lasprimeras.com.do\/wp-content\/uploads\/2026\/02\/moncion-1.jpg?resize=700%2C400&ssl=1 2x"},"classes":[]},{"id":56440,"url":"https:\/\/lasprimeras.com.do\/index.php\/2023\/08\/01\/el-pacto-inapa-mekorot-una-amenaza-a-nuestra-soberania-hidrica-y-derechos-fundamentales\/","url_meta":{"origin":124427,"position":1},"title":"El Pacto INAPA-Mekorot: Una Amenaza a Nuestra Soberan\u00eda H\u00eddrica y Derechos Fundamentales","author":"Nelson Feliz","date":"1 de agosto de 2023","format":false,"excerpt":"Por Felipe Lora Longo En los \u00faltimos d\u00edas, un asunto de gran trascendencia ha despertado preocupaci\u00f3n y controversia en la Rep\u00fablica Dominicana. Se trata del sorprendente \u201cpalo asechao\u201d que representa el convenio firmado entre el Instituto Nacional de Aguas Potables y Alcantarillados (INAPA) y la empresa estatal israel\u00ed Mekorot para\u2026","rel":"","context":"En \u00abOPINI\u00d3N\u00bb","block_context":{"text":"OPINI\u00d3N","link":"https:\/\/lasprimeras.com.do\/index.php\/category\/opinion\/"},"img":{"alt_text":"Felipe Lora Longo","src":"https:\/\/i0.wp.com\/lasprimeras.com.do\/wp-content\/uploads\/2023\/06\/Felipe-Lora-Longo.jpg?resize=350%2C200&ssl=1","width":350,"height":200,"srcset":"https:\/\/i0.wp.com\/lasprimeras.com.do\/wp-content\/uploads\/2023\/06\/Felipe-Lora-Longo.jpg?resize=350%2C200&ssl=1 1x, https:\/\/i0.wp.com\/lasprimeras.com.do\/wp-content\/uploads\/2023\/06\/Felipe-Lora-Longo.jpg?resize=525%2C300&ssl=1 1.5x, https:\/\/i0.wp.com\/lasprimeras.com.do\/wp-content\/uploads\/2023\/06\/Felipe-Lora-Longo.jpg?resize=700%2C400&ssl=1 2x"},"classes":[]},{"id":109653,"url":"https:\/\/lasprimeras.com.do\/index.php\/2025\/09\/21\/joselito-feliz-denuncia-que-acueducto-de-haina-inaugurado-con-una-inversion-de-rd420-millones-no-funciona\/","url_meta":{"origin":124427,"position":2},"title":"Joselito Feliz denuncia que acueducto de Haina, inaugurado con una inversi\u00f3n de RD$420 millones, no funciona","author":"Nelson Feliz","date":"21 de septiembre de 2025","format":false,"excerpt":"El comunicador Joselito Feliz denunci\u00f3 que el acueducto inaugurado en Haina en el a\u00f1o 2023, con una inversi\u00f3n de 420 millones de pesos, no est\u00e1 en funcionamiento, a pesar de haber sido presentado como una soluci\u00f3n definitiva al problema del agua potable en la zona. Durante su intervenci\u00f3n en el\u2026","rel":"","context":"En \u00abECONOM\u00cdA\u00bb","block_context":{"text":"ECONOM\u00cdA","link":"https:\/\/lasprimeras.com.do\/index.php\/category\/economia\/"},"img":{"alt_text":"Joselito Feliz","src":"https:\/\/i0.wp.com\/lasprimeras.com.do\/wp-content\/uploads\/2024\/07\/Joselito-Feliz.jpg?resize=350%2C200&ssl=1","width":350,"height":200,"srcset":"https:\/\/i0.wp.com\/lasprimeras.com.do\/wp-content\/uploads\/2024\/07\/Joselito-Feliz.jpg?resize=350%2C200&ssl=1 1x, https:\/\/i0.wp.com\/lasprimeras.com.do\/wp-content\/uploads\/2024\/07\/Joselito-Feliz.jpg?resize=525%2C300&ssl=1 1.5x, https:\/\/i0.wp.com\/lasprimeras.com.do\/wp-content\/uploads\/2024\/07\/Joselito-Feliz.jpg?resize=700%2C400&ssl=1 2x"},"classes":[]},{"id":118425,"url":"https:\/\/lasprimeras.com.do\/index.php\/2025\/12\/28\/coraasan-e-inapa-avanzan-en-solucion-de-averia-del-tubo-que-abastece-de-agua-a-santiago-y-moca\/","url_meta":{"origin":124427,"position":3},"title":"Coraasan e INAPA avanzan en soluci\u00f3n de aver\u00eda del tubo que abastece de agua a Santiago y Moca","author":"Nelson Feliz","date":"28 de diciembre de 2025","format":false,"excerpt":"La Corporaci\u00f3n del Acueducto y Alcantarillado de Santiago (Coraasan) y el Instituto Nacional de Aguas Potables y Alcantarillados (INAPA), avanzan en la fase final de los trabajos para la soluci\u00f3n definitiva de la aver\u00eda registrada en la tuber\u00eda de aducci\u00f3n del acueducto Cibao Central, infraestructura clave que abastece de agua\u2026","rel":"","context":"En \u00abNACIONALES\u00bb","block_context":{"text":"NACIONALES","link":"https:\/\/lasprimeras.com.do\/index.php\/category\/nacionales\/"},"img":{"alt_text":"tuber\u00eda","src":"https:\/\/i0.wp.com\/lasprimeras.com.do\/wp-content\/uploads\/2025\/12\/tuberia.jpg?resize=350%2C200&ssl=1","width":350,"height":200,"srcset":"https:\/\/i0.wp.com\/lasprimeras.com.do\/wp-content\/uploads\/2025\/12\/tuberia.jpg?resize=350%2C200&ssl=1 1x, https:\/\/i0.wp.com\/lasprimeras.com.do\/wp-content\/uploads\/2025\/12\/tuberia.jpg?resize=525%2C300&ssl=1 1.5x, https:\/\/i0.wp.com\/lasprimeras.com.do\/wp-content\/uploads\/2025\/12\/tuberia.jpg?resize=700%2C400&ssl=1 2x"},"classes":[]},{"id":107411,"url":"https:\/\/lasprimeras.com.do\/index.php\/2025\/08\/26\/tejada-destaca-logros-de-arnaud-al-frente-del-inapa\/","url_meta":{"origin":124427,"position":4},"title":"Tejada destaca logros de Arnaud al frente del INAPA","author":"Nelson Feliz","date":"26 de agosto de 2025","format":false,"excerpt":"El ex presidente del Colegio de Ingenieros, Arquitectos y Agrimensores (CODIA) ingeniero Teodoro Tejada destac\u00f3 los significativos logros alcanzados por el ingeniero Wellington Arnaud durante su gesti\u00f3n al frente del Instituto Nacional de Aguas Potables y Alcantarillados (INAPA) en los \u00faltimos cinco a\u00f1os. Tejada se\u00f1al\u00f3 que Arnaud ha impulsado una\u2026","rel":"","context":"En \u00abNACIONALES\u00bb","block_context":{"text":"NACIONALES","link":"https:\/\/lasprimeras.com.do\/index.php\/category\/nacionales\/"},"img":{"alt_text":"Teodoro Tejada","src":"https:\/\/i0.wp.com\/lasprimeras.com.do\/wp-content\/uploads\/2024\/08\/Teodoro-Tejada.jpg?resize=350%2C200&ssl=1","width":350,"height":200,"srcset":"https:\/\/i0.wp.com\/lasprimeras.com.do\/wp-content\/uploads\/2024\/08\/Teodoro-Tejada.jpg?resize=350%2C200&ssl=1 1x, https:\/\/i0.wp.com\/lasprimeras.com.do\/wp-content\/uploads\/2024\/08\/Teodoro-Tejada.jpg?resize=525%2C300&ssl=1 1.5x, https:\/\/i0.wp.com\/lasprimeras.com.do\/wp-content\/uploads\/2024\/08\/Teodoro-Tejada.jpg?resize=700%2C400&ssl=1 2x"},"classes":[]},{"id":124442,"url":"https:\/\/lasprimeras.com.do\/index.php\/2026\/03\/12\/fp-hogares-dominicanos-pasan-en-promedio-192-dias-al-ano-sin-agua-potable\/","url_meta":{"origin":124427,"position":5},"title":"FP: Hogares dominicanos pasan en promedio 192 d\u00edas al a\u00f1o sin agua potable","author":"Nelson Feliz","date":"12 de marzo de 2026","format":false,"excerpt":"_Secretar\u00eda de Agua Potable y Saneamiento denuncia crisis estructural del servicio y cuestiona discurso oficial presentado por el Gobierno._ El titular de la Secretar\u00eda de Agua Potable y Saneamiento del partido Fuerza del Pueblo (FP), Hamlet Ot\u00e1\u00f1ez, afirm\u00f3 que en la Rep\u00fablica Dominicana millones de familias viven una grave crisis\u2026","rel":"","context":"En \u00abPOLITICA\u00bb","block_context":{"text":"POLITICA","link":"https:\/\/lasprimeras.com.do\/index.php\/category\/politica\/"},"img":{"alt_text":"","src":"https:\/\/i0.wp.com\/lasprimeras.com.do\/wp-content\/uploads\/2026\/03\/IMG-20260312-WA0425.jpg?resize=350%2C200&ssl=1","width":350,"height":200,"srcset":"https:\/\/i0.wp.com\/lasprimeras.com.do\/wp-content\/uploads\/2026\/03\/IMG-20260312-WA0425.jpg?resize=350%2C200&ssl=1 1x, https:\/\/i0.wp.com\/lasprimeras.com.do\/wp-content\/uploads\/2026\/03\/IMG-20260312-WA0425.jpg?resize=525%2C300&ssl=1 1.5x, https:\/\/i0.wp.com\/lasprimeras.com.do\/wp-content\/uploads\/2026\/03\/IMG-20260312-WA0425.jpg?resize=700%2C400&ssl=1 2x, https:\/\/i0.wp.com\/lasprimeras.com.do\/wp-content\/uploads\/2026\/03\/IMG-20260312-WA0425.jpg?resize=1050%2C600&ssl=1 3x"},"classes":[]}],"jetpack_sharing_enabled":true,"_links":{"self":[{"href":"https:\/\/lasprimeras.com.do\/index.php\/wp-json\/wp\/v2\/posts\/124427","targetHints":{"allow":["GET"]}}],"collection":[{"href":"https:\/\/lasprimeras.com.do\/index.php\/wp-json\/wp\/v2\/posts"}],"about":[{"href":"https:\/\/lasprimeras.com.do\/index.php\/wp-json\/wp\/v2\/types\/post"}],"author":[{"embeddable":true,"href":"https:\/\/lasprimeras.com.do\/index.php\/wp-json\/wp\/v2\/users\/10"}],"replies":[{"embeddable":true,"href":"https:\/\/lasprimeras.com.do\/index.php\/wp-json\/wp\/v2\/comments?post=124427"}],"version-history":[{"count":1,"href":"https:\/\/lasprimeras.com.do\/index.php\/wp-json\/wp\/v2\/posts\/124427\/revisions"}],"predecessor-version":[{"id":124428,"href":"https:\/\/lasprimeras.com.do\/index.php\/wp-json\/wp\/v2\/posts\/124427\/revisions\/124428"}],"wp:featuredmedia":[{"embeddable":true,"href":"https:\/\/lasprimeras.com.do\/index.php\/wp-json\/wp\/v2\/media\/53648"}],"wp:attachment":[{"href":"https:\/\/lasprimeras.com.do\/index.php\/wp-json\/wp\/v2\/media?parent=124427"}],"wp:term":[{"taxonomy":"category","embeddable":true,"href":"https:\/\/lasprimeras.com.do\/index.php\/wp-json\/wp\/v2\/categories?post=124427"},{"taxonomy":"post_tag","embeddable":true,"href":"https:\/\/lasprimeras.com.do\/index.php\/wp-json\/wp\/v2\/tags?post=124427"}],"curies":[{"name":"wp","href":"https:\/\/api.w.org\/{rel}","templated":true}]}}