{"id":124432,"date":"2026-03-12T11:28:21","date_gmt":"2026-03-12T15:28:21","guid":{"rendered":"https:\/\/lasprimeras.com.do\/?p=124432"},"modified":"2026-03-12T11:28:23","modified_gmt":"2026-03-12T15:28:23","slug":"armada-de-rd-inaugura-destacamento-en-la-cienaga-y-fortalece-su-presencia-operativa-en-el-rio-ozama","status":"publish","type":"post","link":"https:\/\/lasprimeras.com.do\/index.php\/2026\/03\/12\/armada-de-rd-inaugura-destacamento-en-la-cienaga-y-fortalece-su-presencia-operativa-en-el-rio-ozama\/","title":{"rendered":"Armada de RD inaugura destacamento en La Ci\u00e9naga y fortalece su presencia operativa en el r\u00edo Ozama"},"content":{"rendered":"\n<p>La Armada de Rep\u00fablica Dominicana dej\u00f3 inaugurado el Destacamento de La Ci\u00e9naga, una moderna infraestructura destinada a fortalecer las capacidades operativas de vigilancia y seguridad en esta importante zona del Distrito Nacional, ubicada en el margen occidental del r\u00edo Ozama.<\/p>\n\n\n\n<p>La ceremonia fue encabezada por el ministro de Defensa, teniente general Carlos Antonio Fern\u00e1ndez Onofre, y cont\u00f3 con la presencia del comandante general de la Armada de Rep\u00fablica Dominicana, vicealmirante Juan B. Cris\u00f3stomo Mart\u00ednez, quien destac\u00f3 que esta obra forma parte del proceso de modernizaci\u00f3n institucional que impulsa el Gobierno dominicano para fortalecer las capacidades de las Fuerzas Armadas.<\/p>\n\n\n\n<p>Durante su intervenci\u00f3n, el vicealmirante Cris\u00f3stomo Mart\u00ednez resalt\u00f3 el compromiso de la Armada de continuar elevando su nivel de listeza operacional, al tiempo que agradeci\u00f3 la visi\u00f3n estrat\u00e9gica del presidente de la Rep\u00fablica, Luis Abinader, as\u00ed como el respaldo permanente del ministro de Defensa, teniente general Fern\u00e1ndez Onofre, en la b\u00fasqueda de soluciones orientadas a mejorar las capacidades operativas de la instituci\u00f3n naval.<\/p>\n\n\n\n<p>Como parte de la jornada, las autoridades realizaron un recorrido por diversas instalaciones de la Base Naval 27 de Febrero que tambi\u00e9n fueron remozadas, entre ellas las \u00e1reas correspondientes a la Direcci\u00f3n de Asuntos Internos y la Intendencia de Material B\u00e9lico, cuyos trabajos de adecuaci\u00f3n fueron ejecutados conforme a las especificaciones t\u00e9cnicas establecidas por la Direcci\u00f3n de Ingenier\u00eda de la Armada.<\/p>\n\n\n\n<p>La inauguraci\u00f3n del Destacamento de La Ci\u00e9naga, junto a los trabajos de remozamiento de estas dependencias, representa un paso significativo en el proceso de modernizaci\u00f3n y fortalecimiento institucional de la Armada de Rep\u00fablica Dominicana, reafirmando su compromiso con la defensa, la seguridad y la protecci\u00f3n de los espacios mar\u00edtimos y fluviales del pa\u00eds, en beneficio de la sociedad dominicana.<\/p>\n","protected":false},"excerpt":{"rendered":"<p>La Armada de Rep\u00fablica Dominicana dej\u00f3 inaugurado el Destacamento de La Ci\u00e9naga, una moderna infraestructura destinada a fortalecer las capacidades operativas de vigilancia y seguridad en esta importante zona del&hellip;<\/p>\n","protected":false},"author":10,"featured_media":124433,"comment_status":"open","ping_status":"open","sticky":false,"template":"","format":"standard","meta":{"content-type":"","jetpack_post_was_ever_published":false,"_jetpack_newsletter_access":"","_jetpack_dont_email_post_to_subs":false,"_jetpack_newsletter_tier_id":0,"_jetpack_memberships_contains_paywalled_content":false,"_jetpack_memberships_contains_paid_content":false,"footnotes":""},"categories":[3057],"tags":[3756,4213],"class_list":["post-124432","post","type-post","status-publish","format-standard","has-post-thumbnail","hentry","category-militares","tag-armada","tag-destacamento"],"jetpack_featured_media_url":"https:\/\/lasprimeras.com.do\/wp-content\/uploads\/2026\/03\/IMG-20260312-WA0340.jpg","jetpack-related-posts":[{"id":121897,"url":"https:\/\/lasprimeras.com.do\/index.php\/2026\/02\/11\/dncd-y-ard-pasan-balance-a-operaciones-de-inteligencia-contra-el-narcotrafico\/","url_meta":{"origin":124432,"position":0},"title":"DNCD y ARD pasan balance a operaciones de inteligencia contra el narcotr\u00e1fico","author":"Nelson Feliz","date":"11 de febrero de 2026","format":false,"excerpt":"_El encuentro fue encabezado por los Vicealmirantes Jos\u00e9 M. Cabrera Ulloa y Juan B. Cris\u00f3stomo Mart\u00ednez_ La Direcci\u00f3n Nacional de Control de Drogas (DNCD) y la Armada de Rep\u00fablica Dominicana (ARD) reunieron su Estado Mayor Coordinador, para pasar balance a las operaciones de inteligencia, persecuci\u00f3n e interdicci\u00f3n en contra del\u2026","rel":"","context":"En \u00abMILITARES\u00bb","block_context":{"text":"MILITARES","link":"https:\/\/lasprimeras.com.do\/index.php\/category\/militares\/"},"img":{"alt_text":"","src":"https:\/\/i0.wp.com\/lasprimeras.com.do\/wp-content\/uploads\/2025\/04\/dncd.jpg?resize=350%2C200&ssl=1","width":350,"height":200,"srcset":"https:\/\/i0.wp.com\/lasprimeras.com.do\/wp-content\/uploads\/2025\/04\/dncd.jpg?resize=350%2C200&ssl=1 1x, https:\/\/i0.wp.com\/lasprimeras.com.do\/wp-content\/uploads\/2025\/04\/dncd.jpg?resize=525%2C300&ssl=1 1.5x, https:\/\/i0.wp.com\/lasprimeras.com.do\/wp-content\/uploads\/2025\/04\/dncd.jpg?resize=700%2C400&ssl=1 2x"},"classes":[]},{"id":112661,"url":"https:\/\/lasprimeras.com.do\/index.php\/2025\/10\/25\/mide-y-armada-ejecutan-operativo-de-evacuacion-en-isla-saona-ante-los-efectos-de-la-tormenta-melissa\/","url_meta":{"origin":124432,"position":1},"title":"MIDE y Armada ejecutan operativo de evacuaci\u00f3n en Isla Saona ante los efectos de la tormenta Melissa","author":"Nelson Feliz","date":"25 de octubre de 2025","format":false,"excerpt":"El Ministerio de Defensa (MIDE), a trav\u00e9s de la Armada de Rep\u00fablica Dominicana (ARD), despleg\u00f3 un amplio operativo de evacuaci\u00f3n y asistencia con el objetivo de salvaguardar la vida de 98 personas que se encontraban en la Isla Saona, como medida preventiva ante los efectos ocasionados por la tormenta tropical\u2026","rel":"","context":"En \u00abMILITARES\u00bb","block_context":{"text":"MILITARES","link":"https:\/\/lasprimeras.com.do\/index.php\/category\/militares\/"},"img":{"alt_text":"","src":"https:\/\/i0.wp.com\/lasprimeras.com.do\/wp-content\/uploads\/2025\/10\/saona-1.jpg?resize=350%2C200&ssl=1","width":350,"height":200,"srcset":"https:\/\/i0.wp.com\/lasprimeras.com.do\/wp-content\/uploads\/2025\/10\/saona-1.jpg?resize=350%2C200&ssl=1 1x, https:\/\/i0.wp.com\/lasprimeras.com.do\/wp-content\/uploads\/2025\/10\/saona-1.jpg?resize=525%2C300&ssl=1 1.5x, https:\/\/i0.wp.com\/lasprimeras.com.do\/wp-content\/uploads\/2025\/10\/saona-1.jpg?resize=700%2C400&ssl=1 2x"},"classes":[]},{"id":119870,"url":"https:\/\/lasprimeras.com.do\/index.php\/2026\/01\/18\/armada-de-republica-dominicana-gradua-272-nuevos-grumetes-en-la-base-naval-las-calderas\/","url_meta":{"origin":124432,"position":2},"title":"Armada de Rep\u00fablica Dominicana grad\u00faa 272 nuevos grumetes en la Base Naval Las Calderas","author":"Nelson Feliz","date":"18 de enero de 2026","format":false,"excerpt":"La Armada de Rep\u00fablica Dominicana celebr\u00f3 este s\u00e1bado la ceremonia de graduaci\u00f3n de 272 grumetes de ambos g\u00e9neros, formados en el Centro de Ense\u00f1anza Naval, tras culminar con \u00e9xito el programa de instrucci\u00f3n iniciado en julio del pasado a\u00f1o. El acto tuvo como escenario la Base Naval Las Calderas, reconocida\u2026","rel":"","context":"En \u00abMILITARES\u00bb","block_context":{"text":"MILITARES","link":"https:\/\/lasprimeras.com.do\/index.php\/category\/militares\/"},"img":{"alt_text":"Carlos Antonio Fern\u00e1ndez Onofre","src":"https:\/\/i0.wp.com\/lasprimeras.com.do\/wp-content\/uploads\/2026\/01\/Carlos-Antonio-Fernandez-Onofre-2.jpg?resize=350%2C200&ssl=1","width":350,"height":200,"srcset":"https:\/\/i0.wp.com\/lasprimeras.com.do\/wp-content\/uploads\/2026\/01\/Carlos-Antonio-Fernandez-Onofre-2.jpg?resize=350%2C200&ssl=1 1x, https:\/\/i0.wp.com\/lasprimeras.com.do\/wp-content\/uploads\/2026\/01\/Carlos-Antonio-Fernandez-Onofre-2.jpg?resize=525%2C300&ssl=1 1.5x, https:\/\/i0.wp.com\/lasprimeras.com.do\/wp-content\/uploads\/2026\/01\/Carlos-Antonio-Fernandez-Onofre-2.jpg?resize=700%2C400&ssl=1 2x"},"classes":[]},{"id":65262,"url":"https:\/\/lasprimeras.com.do\/index.php\/2023\/10\/26\/ard-y-dncd-analizan-estrategias-para-mejorar-lucha-contra-el-narcotrafico\/","url_meta":{"origin":124432,"position":3},"title":"ARD y DNCD analizan estrategias para mejorar lucha contra el narcotr\u00e1fico","author":"Nelson Feliz","date":"26 de octubre de 2023","format":false,"excerpt":"Por Martin Restituyo El Comandate General de la Armada de Rep\u00fablica Dominicana, vicealmirante Agust\u00edn A. Morillo Rodr\u00edguez y su Estado Mayor, recibieron al presidente de la Direcci\u00f3n Nacional de Control de Drogas (DNCD), vicealmirante Jos\u00e9 M. Cabrera Ulloa, en una reunion de trabajo en la que se analizaron las nuevas\u2026","rel":"","context":"En \u00abMILITARES\u00bb","block_context":{"text":"MILITARES","link":"https:\/\/lasprimeras.com.do\/index.php\/category\/militares\/"},"img":{"alt_text":"Estrategias","src":"https:\/\/i0.wp.com\/lasprimeras.com.do\/wp-content\/uploads\/2023\/10\/Estrategias-1.jpg?resize=350%2C200&ssl=1","width":350,"height":200,"srcset":"https:\/\/i0.wp.com\/lasprimeras.com.do\/wp-content\/uploads\/2023\/10\/Estrategias-1.jpg?resize=350%2C200&ssl=1 1x, https:\/\/i0.wp.com\/lasprimeras.com.do\/wp-content\/uploads\/2023\/10\/Estrategias-1.jpg?resize=525%2C300&ssl=1 1.5x, https:\/\/i0.wp.com\/lasprimeras.com.do\/wp-content\/uploads\/2023\/10\/Estrategias-1.jpg?resize=700%2C400&ssl=1 2x"},"classes":[]},{"id":48994,"url":"https:\/\/lasprimeras.com.do\/index.php\/2023\/05\/06\/culmina-curso-de-formacion-de-operadores-de-embarcaciones-de-recreo\/","url_meta":{"origin":124432,"position":4},"title":"Culmina curso de formaci\u00f3n de operadores de embarcaciones de recreo","author":"prenxa100","date":"6 de mayo de 2023","format":false,"excerpt":"Por Wilson P\u00e9rez La Romana.-.La Armada de la Rep\u00fablica Dominicana, clausur\u00f3 el quinto curso de formaci\u00f3n de Operador de Embarcaciones de Recreo (COER), desarrollado en las instalaciones del Destacamento \u201cBayahibe\u201d, Provincia La Romana. Este curso conto con (50) participantes, los cuales fueron formados en materia de Seguridad Mar\u00edtima, Primeros Auxilios,\u2026","rel":"","context":"En \u00abNACIONALES\u00bb","block_context":{"text":"NACIONALES","link":"https:\/\/lasprimeras.com.do\/index.php\/category\/nacionales\/"},"img":{"alt_text":"","src":"","width":0,"height":0},"classes":[]},{"id":84617,"url":"https:\/\/lasprimeras.com.do\/index.php\/2024\/06\/11\/armada-de-rd-rinde-homenaje-al-almirante-gerardo-jansen-en-la-altagracia\/","url_meta":{"origin":124432,"position":5},"title":"Armada de RD rinde homenaje al almirante Gerardo Jansen en La Altagracia","author":"Nelson Feliz","date":"11 de junio de 2024","format":false,"excerpt":"Por Martin Restituyo La Armada Dominicana llev\u00f3 a cabo un emotivo evento en honor al almirante y educador Gerardo Jansen en el Centro Educativo de Arte que lleva su nombre en la provincia La Altagracia. La ceremonia inici\u00f3 con el izamiento de la bandera, acompa\u00f1ado por la Banda de M\u00fasica\u2026","rel":"","context":"En \u00abMILITARES\u00bb","block_context":{"text":"MILITARES","link":"https:\/\/lasprimeras.com.do\/index.php\/category\/militares\/"},"img":{"alt_text":"","src":"https:\/\/i0.wp.com\/lasprimeras.com.do\/wp-content\/uploads\/2024\/06\/Homenaje.jpg?resize=350%2C200&ssl=1","width":350,"height":200,"srcset":"https:\/\/i0.wp.com\/lasprimeras.com.do\/wp-content\/uploads\/2024\/06\/Homenaje.jpg?resize=350%2C200&ssl=1 1x, https:\/\/i0.wp.com\/lasprimeras.com.do\/wp-content\/uploads\/2024\/06\/Homenaje.jpg?resize=525%2C300&ssl=1 1.5x"},"classes":[]}],"jetpack_sharing_enabled":true,"_links":{"self":[{"href":"https:\/\/lasprimeras.com.do\/index.php\/wp-json\/wp\/v2\/posts\/124432","targetHints":{"allow":["GET"]}}],"collection":[{"href":"https:\/\/lasprimeras.com.do\/index.php\/wp-json\/wp\/v2\/posts"}],"about":[{"href":"https:\/\/lasprimeras.com.do\/index.php\/wp-json\/wp\/v2\/types\/post"}],"author":[{"embeddable":true,"href":"https:\/\/lasprimeras.com.do\/index.php\/wp-json\/wp\/v2\/users\/10"}],"replies":[{"embeddable":true,"href":"https:\/\/lasprimeras.com.do\/index.php\/wp-json\/wp\/v2\/comments?post=124432"}],"version-history":[{"count":1,"href":"https:\/\/lasprimeras.com.do\/index.php\/wp-json\/wp\/v2\/posts\/124432\/revisions"}],"predecessor-version":[{"id":124434,"href":"https:\/\/lasprimeras.com.do\/index.php\/wp-json\/wp\/v2\/posts\/124432\/revisions\/124434"}],"wp:featuredmedia":[{"embeddable":true,"href":"https:\/\/lasprimeras.com.do\/index.php\/wp-json\/wp\/v2\/media\/124433"}],"wp:attachment":[{"href":"https:\/\/lasprimeras.com.do\/index.php\/wp-json\/wp\/v2\/media?parent=124432"}],"wp:term":[{"taxonomy":"category","embeddable":true,"href":"https:\/\/lasprimeras.com.do\/index.php\/wp-json\/wp\/v2\/categories?post=124432"},{"taxonomy":"post_tag","embeddable":true,"href":"https:\/\/lasprimeras.com.do\/index.php\/wp-json\/wp\/v2\/tags?post=124432"}],"curies":[{"name":"wp","href":"https:\/\/api.w.org\/{rel}","templated":true}]}}