{"id":124435,"date":"2026-03-12T11:37:58","date_gmt":"2026-03-12T15:37:58","guid":{"rendered":"https:\/\/lasprimeras.com.do\/?p=124435"},"modified":"2026-03-12T11:38:00","modified_gmt":"2026-03-12T15:38:00","slug":"yvan-lorenzo-reclama-del-gobierno-procesar-a-funcionarios-acusados-de-abuso-sexual-y-acoso","status":"publish","type":"post","link":"https:\/\/lasprimeras.com.do\/index.php\/2026\/03\/12\/yvan-lorenzo-reclama-del-gobierno-procesar-a-funcionarios-acusados-de-abuso-sexual-y-acoso\/","title":{"rendered":"Yv\u00e1n Lorenzo reclama del Gobierno procesar a funcionarios acusados de abuso sexual y acoso"},"content":{"rendered":"\n<p>El vicepresidente del Partido de la Liberaci\u00f3n Dominicana, Yv\u00e1n Lorenzo, reclam\u00f3 al Gobierno formalizar ante el Ministerio P\u00fablico la solicitud de procesar a funcionarios acusados de supuesta violaci\u00f3n sexual y acoso laboral.<\/p>\n\n\n\n<p>\u00abPido al Gobierno procesar a funcionarios acusados de violaci\u00f3n sexual y acoso laboral\u00bb, expreso tras denunciar que desde el gobierno evitan enviar ante el Ministerio P\u00fablico a funcionarios que acosan sexual y laboralmente.<\/p>\n\n\n\n<p>El exsenador de la provincia de El\u00edas Pi\u00f1a, dijo que en principio esa denuncias debieron llevarla al Ministerio P\u00fablico para que tengan sanciones ejemplares.<\/p>\n\n\n\n<p>\u201cSin embargo hoy vemos el tratamiento que se le da desde el gobierno a esas personas\u201d.<\/p>\n\n\n\n<p>Lorenzo record\u00f3 que en los 276 casos de corrupci\u00f3n que envi\u00f3 Milagros Ortiz Bosch al Ministerio de Administraci\u00f3n P\u00fablica hay nueve casos que son de acoso sexual y acoso laboral.<\/p>\n\n\n\n<p>\u00abComo si se tratara de que el Ministerio de Administraci\u00f3n P\u00fablica ahora es la procuradur\u00eda o son representantes del Ministerio P\u00fablico\u201d, adujo.<\/p>\n\n\n\n<p>\u00abEl presente gobierno que encabeza el PRM ha cambiado la configuraci\u00f3n jur\u00eddica del acoso sexual y el acoso laboral y de los abusos sexuales\u00bb, indic\u00f3.<\/p>\n","protected":false},"excerpt":{"rendered":"<p>El vicepresidente del Partido de la Liberaci\u00f3n Dominicana, Yv\u00e1n Lorenzo, reclam\u00f3 al Gobierno formalizar ante el Ministerio P\u00fablico la solicitud de procesar a funcionarios acusados de supuesta violaci\u00f3n sexual y&hellip;<\/p>\n","protected":false},"author":10,"featured_media":99963,"comment_status":"open","ping_status":"open","sticky":false,"template":"","format":"standard","meta":{"content-type":"","jetpack_post_was_ever_published":false,"_jetpack_newsletter_access":"","_jetpack_dont_email_post_to_subs":false,"_jetpack_newsletter_tier_id":0,"_jetpack_memberships_contains_paywalled_content":false,"_jetpack_memberships_contains_paid_content":false,"footnotes":""},"categories":[16559,25],"tags":[977,713,170,29536,31072],"class_list":["post-124435","post","type-post","status-publish","format-standard","has-post-thumbnail","hentry","category-politica","category-portada","tag-abuso-sexual","tag-acusados","tag-funcionarios","tag-ivan-lorenzo-2","tag-procesar"],"jetpack_featured_media_url":"https:\/\/lasprimeras.com.do\/wp-content\/uploads\/2025\/05\/Ivan-Lorenzo.jpg","jetpack-related-posts":[{"id":124338,"url":"https:\/\/lasprimeras.com.do\/index.php\/2026\/03\/11\/yvan-lorenzo-pide-al-gobierno-procesar-a-funcionarios-acusados-de-violacion-sexual-y-acoso-laboral\/","url_meta":{"origin":124435,"position":0},"title":"Yv\u00e1n Lorenzo pide al Gobierno procesar a funcionarios acusados de violaci\u00f3n sexual y acoso laboral","author":"Nelson Feliz","date":"11 de marzo de 2026","format":false,"excerpt":"El vicepresidente del Partido de la Liberaci\u00f3n Dominicana, Yv\u00e1n Lorenzo, solicit\u00f3 este mi\u00e9rcoles al Gobierno formalizar ante el Ministerio P\u00fablico la solicitud de procesar a funcionarios acusados de supuesta violaci\u00f3n sexual y acoso laboral. \"Pido al gobierno procesar a funcionarios acusados de violaci\u00f3n sexual y acoso laboral\", expres\u00f3. Asimismo asegur\u00f3,\u2026","rel":"","context":"En \u00abPOLITICA\u00bb","block_context":{"text":"POLITICA","link":"https:\/\/lasprimeras.com.do\/index.php\/category\/politica\/"},"img":{"alt_text":"Yv\u00e1n Lorenzo","src":"https:\/\/i0.wp.com\/lasprimeras.com.do\/wp-content\/uploads\/2023\/08\/Yvan-Lorenzo-1.jpeg?resize=350%2C200&ssl=1","width":350,"height":200,"srcset":"https:\/\/i0.wp.com\/lasprimeras.com.do\/wp-content\/uploads\/2023\/08\/Yvan-Lorenzo-1.jpeg?resize=350%2C200&ssl=1 1x, https:\/\/i0.wp.com\/lasprimeras.com.do\/wp-content\/uploads\/2023\/08\/Yvan-Lorenzo-1.jpeg?resize=525%2C300&ssl=1 1.5x"},"classes":[]},{"id":56695,"url":"https:\/\/lasprimeras.com.do\/index.php\/2023\/08\/03\/claudia-rita-reclama-investigar-a-docentes-acusados-de-acoso-sexual\/","url_meta":{"origin":124435,"position":1},"title":"Claudia Rita reclama investigar a docentes acusados de acoso sexual","author":"Nelson Feliz","date":"3 de agosto de 2023","format":false,"excerpt":"La secretaria de Igualdad y equidad y g\u00e9nero del Partido de la Liberaci\u00f3n Dominicana (PLD), Claudia Rita Abreu, llam\u00f3 al Ministerio P\u00fablico a investigar sobre los docentes que han sido acusados de acoso y violaciones sexuales que luego han logrado descargos y limpieza de expedientes, para ser reincorporados al sistema\u2026","rel":"","context":"En \u00abSin categor\u00eda\u00bb","block_context":{"text":"Sin categor\u00eda","link":"https:\/\/lasprimeras.com.do\/index.php\/category\/sin-categoria\/"},"img":{"alt_text":"Claudia Rita","src":"https:\/\/i0.wp.com\/lasprimeras.com.do\/wp-content\/uploads\/2023\/08\/Claudia-Rita.jpeg?resize=350%2C200&ssl=1","width":350,"height":200,"srcset":"https:\/\/i0.wp.com\/lasprimeras.com.do\/wp-content\/uploads\/2023\/08\/Claudia-Rita.jpeg?resize=350%2C200&ssl=1 1x, https:\/\/i0.wp.com\/lasprimeras.com.do\/wp-content\/uploads\/2023\/08\/Claudia-Rita.jpeg?resize=525%2C300&ssl=1 1.5x, https:\/\/i0.wp.com\/lasprimeras.com.do\/wp-content\/uploads\/2023\/08\/Claudia-Rita.jpeg?resize=700%2C400&ssl=1 2x"},"classes":[]},{"id":58755,"url":"https:\/\/lasprimeras.com.do\/index.php\/2023\/08\/28\/jovenes-denunciaron-al-comunicador-de-puerto-plata-por-abuso-sexual\/","url_meta":{"origin":124435,"position":2},"title":"J\u00f3venes denunciaron al comunicador de Puerto Plata por abuso sexual","author":"Nelson Feliz","date":"28 de agosto de 2023","format":false,"excerpt":"Con este testimonio, otras v\u00edctimas del acusado han salido a contar sus versiones en torno a agresiones sufridas por parte del implicado. Tras las declaraciones p\u00fablicas de la joven Keiddy Santos sobre el abuso sexual que cometi\u00f3 en su contra el comunicador radicado en Sos\u00faa, Puerto Plata, Eddy Gabriel Dom\u00ednguez,\u2026","rel":"","context":"En \u00abJUSTICIA\u00bb","block_context":{"text":"JUSTICIA","link":"https:\/\/lasprimeras.com.do\/index.php\/category\/justicia\/"},"img":{"alt_text":"Eddy Gabriel Dom\u00ednguez, comunicador arrestado por abuso sexual y denunciado por acoso a tras jovenes.FOTO EXTERNA","src":"https:\/\/i0.wp.com\/lasprimeras.com.do\/wp-content\/uploads\/2023\/08\/Eddy-Gabriel-Dominguez.jpg?resize=350%2C200&ssl=1","width":350,"height":200,"srcset":"https:\/\/i0.wp.com\/lasprimeras.com.do\/wp-content\/uploads\/2023\/08\/Eddy-Gabriel-Dominguez.jpg?resize=350%2C200&ssl=1 1x, https:\/\/i0.wp.com\/lasprimeras.com.do\/wp-content\/uploads\/2023\/08\/Eddy-Gabriel-Dominguez.jpg?resize=525%2C300&ssl=1 1.5x"},"classes":[]},{"id":117177,"url":"https:\/\/lasprimeras.com.do\/index.php\/2025\/12\/08\/pld-acusa-al-ministerio-publico-de-favoritismo-en-caso-de-corrupcion\/","url_meta":{"origin":124435,"position":3},"title":"PLD acusa al Ministerio P\u00fablico de favoritismo en caso de corrupci\u00f3n","author":"Nelson Feliz","date":"8 de diciembre de 2025","format":false,"excerpt":"El Partido de la Liberaci\u00f3n Dominicana (PLD) acus\u00f3 al Ministerio P\u00fablico de utilizar pr\u00e1cticas \u201cselectivas pol\u00edticamente orientadas\u201d en los casos de corrupci\u00f3n detectados en la administraci\u00f3n p\u00fablica. El vicepresidente del PLD, Yv\u00e1n Lorenzo, afirm\u00f3 que el tratamiento a los implicados es diferente si se trata de funcionarios del Partido Revolucionario\u2026","rel":"","context":"En \u00abPOLITICA\u00bb","block_context":{"text":"POLITICA","link":"https:\/\/lasprimeras.com.do\/index.php\/category\/politica\/"},"img":{"alt_text":"Yv\u00e1n Lorenzo","src":"https:\/\/i0.wp.com\/lasprimeras.com.do\/wp-content\/uploads\/2025\/04\/Yvan-Lorenzo.jpg?resize=350%2C200&ssl=1","width":350,"height":200,"srcset":"https:\/\/i0.wp.com\/lasprimeras.com.do\/wp-content\/uploads\/2025\/04\/Yvan-Lorenzo.jpg?resize=350%2C200&ssl=1 1x, https:\/\/i0.wp.com\/lasprimeras.com.do\/wp-content\/uploads\/2025\/04\/Yvan-Lorenzo.jpg?resize=525%2C300&ssl=1 1.5x, https:\/\/i0.wp.com\/lasprimeras.com.do\/wp-content\/uploads\/2025\/04\/Yvan-Lorenzo.jpg?resize=700%2C400&ssl=1 2x"},"classes":[]},{"id":55495,"url":"https:\/\/lasprimeras.com.do\/index.php\/2023\/07\/21\/legisladores-opinan-sobre-decision-de-la-pgr-de-archivar-expediente-contra-janel-ramirez\/","url_meta":{"origin":124435,"position":4},"title":"Legisladores opinan sobre decisi\u00f3n de la PGR de archivar expediente contra Janel Ram\u00edrez","author":"Nelson Feliz","date":"21 de julio de 2023","format":false,"excerpt":"Varios legisladores de diferentes partidos pol\u00edticos no tienen la misma opini\u00f3n sobre la decisi\u00f3n de la Procuradur\u00eda General de la Rep\u00fablica, de archivar el expediente de acoso laboral y sexual contra el presidente de la C\u00e1mara de Cuentas, Janel Ram\u00edrez. El diputado reformista, M\u00e1ximo Castro, aprovech\u00f3 lo que decidi\u00f3 el\u2026","rel":"","context":"En \u00abJUSTICIA\u00bb","block_context":{"text":"JUSTICIA","link":"https:\/\/lasprimeras.com.do\/index.php\/category\/justicia\/"},"img":{"alt_text":"Janel Andr\u00e9s Ram\u00edrez S\u00e1nchez","src":"https:\/\/i0.wp.com\/lasprimeras.com.do\/wp-content\/uploads\/2023\/07\/Janel-Andres-Ramirez-Sanchez.jpg?resize=350%2C200&ssl=1","width":350,"height":200,"srcset":"https:\/\/i0.wp.com\/lasprimeras.com.do\/wp-content\/uploads\/2023\/07\/Janel-Andres-Ramirez-Sanchez.jpg?resize=350%2C200&ssl=1 1x, https:\/\/i0.wp.com\/lasprimeras.com.do\/wp-content\/uploads\/2023\/07\/Janel-Andres-Ramirez-Sanchez.jpg?resize=525%2C300&ssl=1 1.5x"},"classes":[]},{"id":86124,"url":"https:\/\/lasprimeras.com.do\/index.php\/2024\/07\/18\/eeuu-empleados-de-proveedor-de-alojamiento-para-ninos-migrantes-cometieron-abusos-sexuales-y-acoso\/","url_meta":{"origin":124435,"position":5},"title":"EEUU: Empleados de proveedor de alojamiento para ni\u00f1os migrantes cometieron abusos sexuales y acoso","author":"Nelson Feliz","date":"18 de julio de 2024","format":false,"excerpt":"BY PAUL WEBER AND VALERIE GONZALEZ AUSTIN, Texas, EE.UU. (AP) \u2014 Empleados del mayor proveedor de alojamiento en Estados Unidos para ni\u00f1os migrantes que viajaron sin compa\u00f1\u00eda de un familiar adulto abusaron y acosaron sexualmente de los menores a su cargo en repetidas ocasiones durante al menos ocho a\u00f1os, afirm\u00f3\u2026","rel":"","context":"En \u00abSin categor\u00eda\u00bb","block_context":{"text":"Sin categor\u00eda","link":"https:\/\/lasprimeras.com.do\/index.php\/category\/sin-categoria\/"},"img":{"alt_text":"","src":"https:\/\/i0.wp.com\/lasprimeras.com.do\/wp-content\/uploads\/2024\/07\/alojamiento.jpg?resize=350%2C200&ssl=1","width":350,"height":200,"srcset":"https:\/\/i0.wp.com\/lasprimeras.com.do\/wp-content\/uploads\/2024\/07\/alojamiento.jpg?resize=350%2C200&ssl=1 1x, https:\/\/i0.wp.com\/lasprimeras.com.do\/wp-content\/uploads\/2024\/07\/alojamiento.jpg?resize=525%2C300&ssl=1 1.5x, https:\/\/i0.wp.com\/lasprimeras.com.do\/wp-content\/uploads\/2024\/07\/alojamiento.jpg?resize=700%2C400&ssl=1 2x"},"classes":[]}],"jetpack_sharing_enabled":true,"_links":{"self":[{"href":"https:\/\/lasprimeras.com.do\/index.php\/wp-json\/wp\/v2\/posts\/124435","targetHints":{"allow":["GET"]}}],"collection":[{"href":"https:\/\/lasprimeras.com.do\/index.php\/wp-json\/wp\/v2\/posts"}],"about":[{"href":"https:\/\/lasprimeras.com.do\/index.php\/wp-json\/wp\/v2\/types\/post"}],"author":[{"embeddable":true,"href":"https:\/\/lasprimeras.com.do\/index.php\/wp-json\/wp\/v2\/users\/10"}],"replies":[{"embeddable":true,"href":"https:\/\/lasprimeras.com.do\/index.php\/wp-json\/wp\/v2\/comments?post=124435"}],"version-history":[{"count":1,"href":"https:\/\/lasprimeras.com.do\/index.php\/wp-json\/wp\/v2\/posts\/124435\/revisions"}],"predecessor-version":[{"id":124436,"href":"https:\/\/lasprimeras.com.do\/index.php\/wp-json\/wp\/v2\/posts\/124435\/revisions\/124436"}],"wp:featuredmedia":[{"embeddable":true,"href":"https:\/\/lasprimeras.com.do\/index.php\/wp-json\/wp\/v2\/media\/99963"}],"wp:attachment":[{"href":"https:\/\/lasprimeras.com.do\/index.php\/wp-json\/wp\/v2\/media?parent=124435"}],"wp:term":[{"taxonomy":"category","embeddable":true,"href":"https:\/\/lasprimeras.com.do\/index.php\/wp-json\/wp\/v2\/categories?post=124435"},{"taxonomy":"post_tag","embeddable":true,"href":"https:\/\/lasprimeras.com.do\/index.php\/wp-json\/wp\/v2\/tags?post=124435"}],"curies":[{"name":"wp","href":"https:\/\/api.w.org\/{rel}","templated":true}]}}