{"id":124442,"date":"2026-03-12T12:54:19","date_gmt":"2026-03-12T16:54:19","guid":{"rendered":"https:\/\/lasprimeras.com.do\/?p=124442"},"modified":"2026-03-12T12:54:22","modified_gmt":"2026-03-12T16:54:22","slug":"fp-hogares-dominicanos-pasan-en-promedio-192-dias-al-ano-sin-agua-potable","status":"publish","type":"post","link":"https:\/\/lasprimeras.com.do\/index.php\/2026\/03\/12\/fp-hogares-dominicanos-pasan-en-promedio-192-dias-al-ano-sin-agua-potable\/","title":{"rendered":"FP: Hogares dominicanos pasan en promedio 192 d\u00edas al a\u00f1o sin agua potable"},"content":{"rendered":"\n<p>_Secretar\u00eda de Agua Potable y Saneamiento denuncia crisis estructural del servicio y cuestiona discurso oficial presentado por el Gobierno._<\/p>\n\n\n\n<p>El titular de la Secretar\u00eda de Agua Potable y Saneamiento del partido Fuerza del Pueblo (FP), Hamlet Ot\u00e1\u00f1ez, afirm\u00f3 que en la Rep\u00fablica Dominicana millones de familias viven una grave crisis de abastecimiento de agua potable, al revelar que los hogares conectados a las redes p\u00fablicas pasan en promedio 192 d\u00edas al a\u00f1o sin recibir agua por tuber\u00eda.<\/p>\n\n\n\n<p>Ot\u00e1\u00f1ez explic\u00f3 que en 2025 alrededor de 2.66 millones de hogares formalmente conectados a los sistemas operados por INAPA, la CAASD y las corporaciones provinciales experimentaron interrupciones tan prolongadas e intermitentes que el suministro por tuber\u00eda estuvo ausente durante m\u00e1s de la mitad del a\u00f1o.<\/p>\n\n\n\n<p>De acuerdo con los levantamientos realizados por la Secretar\u00eda, esta situaci\u00f3n equivale a 33.5 millones de hogares-hora sin servicio de agua potable cada d\u00eda, lo que refleja la magnitud de la crisis que enfrentan las familias dominicanas.<\/p>\n\n\n\n<p>El dirigente pol\u00edtico sostuvo que estas cifras contradicen el panorama presentado por el presidente Luis Abinader durante su discurso de rendici\u00f3n de cuentas, en el cual el Gobierno asegur\u00f3 que el pa\u00eds avanza hacia una transformaci\u00f3n hist\u00f3rica del sector h\u00eddrico y que medio mill\u00f3n de personas adicionales han sido incorporadas al acceso al agua potable.<\/p>\n\n\n\n<p>Ot\u00e1\u00f1ez indic\u00f3 que los hallazgos levantados por la Secretar\u00eda de Agua Potable y Saneamiento muestran una realidad distinta, caracterizada por tandas prolongadas, baja presi\u00f3n, interrupciones recurrentes del servicio y agua que en muchos casos llega en condiciones inadecuadas para el consumo humano.<\/p>\n\n\n\n<p>\u201cUna cosa es exhibir cifras de cobertura en los informes oficiales y otra muy distinta es garantizar que el agua llegue de forma continua y segura a los hogares. En el pa\u00eds se ha querido confundir conexi\u00f3n con servicio real\u201d, expres\u00f3.<\/p>\n\n\n\n<p>El informe presentado por la Secretar\u00eda identifica 211 hallazgos de escasez, racionamiento, baja presi\u00f3n o interrupci\u00f3n del servicio en las 31 provincias y el Distrito Nacional, lo que evidencia que la problem\u00e1tica del agua potable no se limita a comunidades espec\u00edficas, sino que se ha convertido en una situaci\u00f3n de alcance nacional.<\/p>\n\n\n\n<p>Ot\u00e1\u00f1ez se\u00f1al\u00f3 que los levantamientos abarcan localidades del Gran Santo Domingo, Santiago y San Crist\u00f3bal, as\u00ed como provincias como Puerto Plata, Monte Plata, El\u00edas Pi\u00f1a, El Seibo, Hermanas Mirabal, Monse\u00f1or Nouel, Monte Cristi, San Jos\u00e9 de Ocoa, Peravia, La Romana, Pedernales, Independencia y Valverde, entre otras.<\/p>\n\n\n\n<p>El dirigente explic\u00f3 que en varios de esos territorios se documentaron hogares que pasan entre siete y quince d\u00edas sin recibir agua por la red p\u00fablica, adem\u00e1s de casos en los que el suministro llega turbio, con mal olor o con niveles de presi\u00f3n insuficientes para su uso cotidiano.<\/p>\n\n\n\n<p>Durante su exposici\u00f3n, Ot\u00e1\u00f1ez tambi\u00e9n mencion\u00f3 ejemplos concretos que, seg\u00fan indic\u00f3, reflejan la brecha entre el discurso oficial y la experiencia de las comunidades.<\/p>\n\n\n\n<p>Cit\u00f3 el caso de Haina, donde un acueducto presentado por el Gobierno en 2023 como soluci\u00f3n definitiva no ha logrado resolver el problema de abastecimiento en varios sectores, que contin\u00faan dependiendo de camiones cisterna y enfrentando interrupciones frecuentes del servicio.<\/p>\n\n\n\n<p>Asimismo, se\u00f1al\u00f3 que en Santiago los levantamientos identificaron un deterioro del servicio asociado a deficiencias de gesti\u00f3n en el sistema de CORAASAN, incluyendo reducci\u00f3n del gasto en operaci\u00f3n y mantenimiento, retroceso en la micromedici\u00f3n y altos niveles de agua no contabilizada.<\/p>\n\n\n\n<p>Ot\u00e1\u00f1ez tambi\u00e9n hizo referencia a denuncias registradas en Villa Faro, donde residentes reportaron agua turbia y maloliente, as\u00ed como a situaciones reportadas en Ciudad Juan Bosch relacionadas con reboses de aguas residuales y problemas en el sistema de saneamiento.<\/p>\n\n\n\n<p>El titular de la Secretar\u00eda afirm\u00f3 que incluso obras presentadas recientemente por el Gobierno han sido objeto de cuestionamientos por parte de las comunidades.<\/p>\n\n\n\n<p>En Navarrete, indic\u00f3, residentes protestaron por falta de agua pocos d\u00edas despu\u00e9s de la inauguraci\u00f3n de un nuevo acueducto, mientras que en Monci\u00f3n surgieron denuncias de que el servicio no estaba llegando con normalidad a los hogares pese a los anuncios oficiales.<\/p>\n\n\n\n<p>Ot\u00e1\u00f1ez advirti\u00f3 adem\u00e1s sobre el deterioro de tanques de almacenamiento en distintas provincias, se\u00f1alando que varios presentan filtraciones, corrosi\u00f3n o fallas estructurales, lo que agrava la vulnerabilidad del sistema y puede representar riesgos para la seguridad de las comunidades.<\/p>\n\n\n\n<p>El dirigente explic\u00f3 que la crisis del sector no se limita a la cantidad de agua disponible, sino que tambi\u00e9n involucra problemas de calidad del suministro y fallas en los sistemas de saneamiento, que en algunos lugares han generado reboses de aguas residuales y situaciones que afectan la salud p\u00fablica.<\/p>\n\n\n\n<p>A esto se suma, agreg\u00f3, la vulnerabilidad del sistema frente a eventos clim\u00e1ticos.<\/p>\n\n\n\n<p>Ot\u00e1\u00f1ez indic\u00f3 que fen\u00f3menos como la tormenta Melissa provocaron la salida de servicio de decenas de acueductos en distintas provincias, mientras que episodios de alta turbidez y reducci\u00f3n de caudales han afectado de manera recurrente el funcionamiento del Acueducto M\u00faltiple del Suroeste.<\/p>\n\n\n\n<p>El dirigente tambi\u00e9n cuestion\u00f3 la intenci\u00f3n de la CAASD de impulsar un aumento de tarifas en el Gran Santo Domingo en medio de denuncias persistentes de interrupciones del servicio.<\/p>\n\n\n\n<p>\u201cResulta inaceptable plantear incrementos tarifarios cuando todav\u00eda existen sectores que reciben agua de forma irregular o pr\u00e1cticamente inexistente\u201d, sostuvo.<\/p>\n\n\n\n<p>Ot\u00e1\u00f1ez agreg\u00f3 que el sistema presenta adem\u00e1s debilidades estructurales en materia de sostenibilidad financiera, ya que en instituciones como el INAPA los ingresos por prestaci\u00f3n de servicios apenas cubren una parte de los costos operativos.<\/p>\n\n\n\n<p>Ante este panorama, el titular de la Secretar\u00eda de Agua Potable y Saneamiento de la Fuerza del Pueblo afirm\u00f3 que el pa\u00eds enfrenta una crisis estructural en el sistema de agua potable y saneamiento, que requiere una pol\u00edtica p\u00fablica orientada a garantizar continuidad del servicio, mantenimiento de la infraestructura, mejora en la calidad del agua y fortalecimiento de la gesti\u00f3n institucional.<\/p>\n\n\n\n<p>\u201cEl pueblo dominicano no necesita m\u00e1s anuncios ni m\u00e1s propaganda. Lo que necesita es agua en la llave, agua limpia y agua todos los d\u00edas\u201d, expres\u00f3.<\/p>\n","protected":false},"excerpt":{"rendered":"<p>_Secretar\u00eda de Agua Potable y Saneamiento denuncia crisis estructural del servicio y cuestiona discurso oficial presentado por el Gobierno._ El titular de la Secretar\u00eda de Agua Potable y Saneamiento del&hellip;<\/p>\n","protected":false},"author":10,"featured_media":124443,"comment_status":"open","ping_status":"open","sticky":false,"template":"","format":"standard","meta":{"content-type":"","jetpack_post_was_ever_published":false,"_jetpack_newsletter_access":"","_jetpack_dont_email_post_to_subs":false,"_jetpack_newsletter_tier_id":0,"_jetpack_memberships_contains_paywalled_content":false,"_jetpack_memberships_contains_paid_content":false,"footnotes":""},"categories":[16559,25],"tags":[79,4498],"class_list":["post-124442","post","type-post","status-publish","format-standard","has-post-thumbnail","hentry","category-politica","category-portada","tag-fp","tag-fuerza-de-pueblo"],"jetpack_featured_media_url":"https:\/\/lasprimeras.com.do\/wp-content\/uploads\/2026\/03\/IMG-20260312-WA0425.jpg","jetpack-related-posts":[{"id":118434,"url":"https:\/\/lasprimeras.com.do\/index.php\/2025\/12\/28\/santiago-sin-agua-desde-el-25-de-diciembre\/","url_meta":{"origin":124442,"position":0},"title":"Santiago sin agua desde el 25 de diciembre","author":"Nelson Feliz","date":"28 de diciembre de 2025","format":false,"excerpt":"FP exige soluci\u00f3n urgente a crisis que afecta a m\u00e1s de 800 mil santiagueros y mocanos Dem\u00f3stenes Mart\u00ednez y Hamlet Ot\u00e1\u00f1ez denuncian negligencia oficial y advierten impacto humano, sanitario y econ\u00f3mico sin precedentes. El partido Fuerza del Pueblo (FP) exigi\u00f3 una soluci\u00f3n inmediata y definitiva a la grave crisis de\u2026","rel":"","context":"En \u00abPOLITICA\u00bb","block_context":{"text":"POLITICA","link":"https:\/\/lasprimeras.com.do\/index.php\/category\/politica\/"},"img":{"alt_text":"Dem\u00f3stenes Mart\u00ednez","src":"https:\/\/i0.wp.com\/lasprimeras.com.do\/wp-content\/uploads\/2025\/12\/Demostenes-Martinez.jpg?resize=350%2C200&ssl=1","width":350,"height":200,"srcset":"https:\/\/i0.wp.com\/lasprimeras.com.do\/wp-content\/uploads\/2025\/12\/Demostenes-Martinez.jpg?resize=350%2C200&ssl=1 1x, https:\/\/i0.wp.com\/lasprimeras.com.do\/wp-content\/uploads\/2025\/12\/Demostenes-Martinez.jpg?resize=525%2C300&ssl=1 1.5x, https:\/\/i0.wp.com\/lasprimeras.com.do\/wp-content\/uploads\/2025\/12\/Demostenes-Martinez.jpg?resize=700%2C400&ssl=1 2x"},"classes":[]},{"id":128295,"url":"https:\/\/lasprimeras.com.do\/index.php\/2026\/04\/21\/hamlet-otanez-denuncia-crisis-de-servicios-publicos-en-santiago\/","url_meta":{"origin":124442,"position":1},"title":"Hamlet Ot\u00e1\u00f1ez denuncia crisis de servicios p\u00fablicos en Santiago","author":"Nelson Feliz","date":"21 de abril de 2026","format":false,"excerpt":"El presidente municipal y miembro de la Direcci\u00f3n Pol\u00edtica de la Fuerza del Pueblo (FP) ingeniero Hamlet Ot\u00e1\u00f1ez, calific\u00f3 de \"panorama cr\u00edtico\" la situaci\u00f3n actual de los servicios p\u00fablicos en esta provincia, se\u00f1alando un deterioro progresivo que afecta la calidad de vida de los ciudadanos. Durante su reciente intervenci\u00f3n en\u2026","rel":"","context":"En \u00abPOLITICA\u00bb","block_context":{"text":"POLITICA","link":"https:\/\/lasprimeras.com.do\/index.php\/category\/politica\/"},"img":{"alt_text":"Hamlet Ot\u00e1\u00f1ez","src":"https:\/\/i0.wp.com\/lasprimeras.com.do\/wp-content\/uploads\/2026\/04\/Hamlet-Otanez.jpg?resize=350%2C200&ssl=1","width":350,"height":200,"srcset":"https:\/\/i0.wp.com\/lasprimeras.com.do\/wp-content\/uploads\/2026\/04\/Hamlet-Otanez.jpg?resize=350%2C200&ssl=1 1x, https:\/\/i0.wp.com\/lasprimeras.com.do\/wp-content\/uploads\/2026\/04\/Hamlet-Otanez.jpg?resize=525%2C300&ssl=1 1.5x, https:\/\/i0.wp.com\/lasprimeras.com.do\/wp-content\/uploads\/2026\/04\/Hamlet-Otanez.jpg?resize=700%2C400&ssl=1 2x"},"classes":[]},{"id":113748,"url":"https:\/\/lasprimeras.com.do\/index.php\/2025\/11\/03\/fuerza-del-pueblo-convoca-marcha-para-el-30-de-noviembre\/","url_meta":{"origin":124442,"position":2},"title":"Fuerza del Pueblo convoca marcha para el 30 de noviembre","author":"Nelson Feliz","date":"3 de noviembre de 2025","format":false,"excerpt":"El partido Fuerza del Pueblo (FP) jurament\u00f3 este lunes a los nuevos integrantes de su Direcci\u00f3n Pol\u00edtica y anunci\u00f3 la convocatoria de una marcha nacional el pr\u00f3ximo 30 de noviembre, en apoyo a los reclamos sociales ante la situaci\u00f3n de \u201ccrisis e incertidumbre\u201d que, aseguran, vive la Rep\u00fablica Dominicana. El\u2026","rel":"","context":"En \u00abPOLITICA\u00bb","block_context":{"text":"POLITICA","link":"https:\/\/lasprimeras.com.do\/index.php\/category\/politica\/"},"img":{"alt_text":"Fuerza del Pueblo","src":"https:\/\/i0.wp.com\/lasprimeras.com.do\/wp-content\/uploads\/2023\/08\/Fuerza-del-Pueblo-2.jpg?resize=350%2C200&ssl=1","width":350,"height":200,"srcset":"https:\/\/i0.wp.com\/lasprimeras.com.do\/wp-content\/uploads\/2023\/08\/Fuerza-del-Pueblo-2.jpg?resize=350%2C200&ssl=1 1x, https:\/\/i0.wp.com\/lasprimeras.com.do\/wp-content\/uploads\/2023\/08\/Fuerza-del-Pueblo-2.jpg?resize=525%2C300&ssl=1 1.5x, https:\/\/i0.wp.com\/lasprimeras.com.do\/wp-content\/uploads\/2023\/08\/Fuerza-del-Pueblo-2.jpg?resize=700%2C400&ssl=1 2x"},"classes":[]},{"id":113932,"url":"https:\/\/lasprimeras.com.do\/index.php\/2025\/11\/03\/fuerza-del-pueblo-juramenta-nuevos-miembros-de-su-dp-y-anuncia-marcha\/","url_meta":{"origin":124442,"position":3},"title":"Fuerza del Pueblo juramenta nuevos miembros de su DP y anuncia marcha","author":"Nelson Feliz","date":"3 de noviembre de 2025","format":false,"excerpt":"El partido Fuerza del Pueblo (FP) jurament\u00f3 este lunes a los nuevos miembros de su Direcci\u00f3n Pol\u00edtica y anunci\u00f3 la realizaci\u00f3n de una marcha el pr\u00f3ximo 30 de noviembre, con el prop\u00f3sito de respaldar las demandas sociales de la poblaci\u00f3n dominicana ante la crisis e incertidumbre que atraviesa el pa\u00eds.\u2026","rel":"","context":"En \u00abPOLITICA\u00bb","block_context":{"text":"POLITICA","link":"https:\/\/lasprimeras.com.do\/index.php\/category\/politica\/"},"img":{"alt_text":"","src":"https:\/\/i0.wp.com\/lasprimeras.com.do\/wp-content\/uploads\/2025\/11\/Fuerza-del-Pueblo.webp?resize=350%2C200&ssl=1","width":350,"height":200},"classes":[]},{"id":118326,"url":"https:\/\/lasprimeras.com.do\/index.php\/2025\/12\/26\/gobierno-asiste-familias-afectadas-por-explosion-de-una-tuberia-agua-potable-en-santiago\/","url_meta":{"origin":124442,"position":4},"title":"Gobierno asiste familias afectadas por explosi\u00f3n de una tuber\u00eda agua potable en Santiago","author":"Nelson Feliz","date":"26 de diciembre de 2025","format":false,"excerpt":"El Gobierno dominicano, a trav\u00e9s de la Direcci\u00f3n de Asistencia Social y Alimentaci\u00f3n Comunitaria (DASAC), dispuso asistencia inmediata a las familias afectadas por la explosi\u00f3n de una tuber\u00eda matriz del sistema de agua potable, que provoc\u00f3 fuertes inundaciones en la comunidad La Zanja, del municipio Sabana Iglesia, en Santiago. Tan\u2026","rel":"","context":"En \u00abNACIONALES\u00bb","block_context":{"text":"NACIONALES","link":"https:\/\/lasprimeras.com.do\/index.php\/category\/nacionales\/"},"img":{"alt_text":"asistencia","src":"https:\/\/i0.wp.com\/lasprimeras.com.do\/wp-content\/uploads\/2025\/12\/asistencia.jpg?resize=350%2C200&ssl=1","width":350,"height":200,"srcset":"https:\/\/i0.wp.com\/lasprimeras.com.do\/wp-content\/uploads\/2025\/12\/asistencia.jpg?resize=350%2C200&ssl=1 1x, https:\/\/i0.wp.com\/lasprimeras.com.do\/wp-content\/uploads\/2025\/12\/asistencia.jpg?resize=525%2C300&ssl=1 1.5x, https:\/\/i0.wp.com\/lasprimeras.com.do\/wp-content\/uploads\/2025\/12\/asistencia.jpg?resize=700%2C400&ssl=1 2x"},"classes":[]},{"id":123290,"url":"https:\/\/lasprimeras.com.do\/index.php\/2026\/02\/27\/abinader-revela-inversion-en-agua-potable-y-saneamiento-en-todo-el-pais\/","url_meta":{"origin":124442,"position":5},"title":"Abinader revela inversi\u00f3n en agua potable y saneamiento en todo el pa\u00eds","author":"Nelson Feliz","date":"27 de febrero de 2026","format":false,"excerpt":"El presidente Luis Abinader afirm\u00f3 ante la Asamblea Nacional que garantizar la seguridad h\u00eddrica es asegurar el futuro del pa\u00eds y destac\u00f3 que su gesti\u00f3n ha ejecutado la mayor transformaci\u00f3n de la infraestructura de agua potable y saneamiento en la historia reciente de la Rep\u00fablica Dominicana. \u201cY si hablamos de\u2026","rel":"","context":"En \u00abNACIONALES\u00bb","block_context":{"text":"NACIONALES","link":"https:\/\/lasprimeras.com.do\/index.php\/category\/nacionales\/"},"img":{"alt_text":"","src":"https:\/\/i0.wp.com\/lasprimeras.com.do\/wp-content\/uploads\/2026\/02\/acueducto.jpg?resize=350%2C200&ssl=1","width":350,"height":200,"srcset":"https:\/\/i0.wp.com\/lasprimeras.com.do\/wp-content\/uploads\/2026\/02\/acueducto.jpg?resize=350%2C200&ssl=1 1x, https:\/\/i0.wp.com\/lasprimeras.com.do\/wp-content\/uploads\/2026\/02\/acueducto.jpg?resize=525%2C300&ssl=1 1.5x, https:\/\/i0.wp.com\/lasprimeras.com.do\/wp-content\/uploads\/2026\/02\/acueducto.jpg?resize=700%2C400&ssl=1 2x"},"classes":[]}],"jetpack_sharing_enabled":true,"_links":{"self":[{"href":"https:\/\/lasprimeras.com.do\/index.php\/wp-json\/wp\/v2\/posts\/124442","targetHints":{"allow":["GET"]}}],"collection":[{"href":"https:\/\/lasprimeras.com.do\/index.php\/wp-json\/wp\/v2\/posts"}],"about":[{"href":"https:\/\/lasprimeras.com.do\/index.php\/wp-json\/wp\/v2\/types\/post"}],"author":[{"embeddable":true,"href":"https:\/\/lasprimeras.com.do\/index.php\/wp-json\/wp\/v2\/users\/10"}],"replies":[{"embeddable":true,"href":"https:\/\/lasprimeras.com.do\/index.php\/wp-json\/wp\/v2\/comments?post=124442"}],"version-history":[{"count":1,"href":"https:\/\/lasprimeras.com.do\/index.php\/wp-json\/wp\/v2\/posts\/124442\/revisions"}],"predecessor-version":[{"id":124444,"href":"https:\/\/lasprimeras.com.do\/index.php\/wp-json\/wp\/v2\/posts\/124442\/revisions\/124444"}],"wp:featuredmedia":[{"embeddable":true,"href":"https:\/\/lasprimeras.com.do\/index.php\/wp-json\/wp\/v2\/media\/124443"}],"wp:attachment":[{"href":"https:\/\/lasprimeras.com.do\/index.php\/wp-json\/wp\/v2\/media?parent=124442"}],"wp:term":[{"taxonomy":"category","embeddable":true,"href":"https:\/\/lasprimeras.com.do\/index.php\/wp-json\/wp\/v2\/categories?post=124442"},{"taxonomy":"post_tag","embeddable":true,"href":"https:\/\/lasprimeras.com.do\/index.php\/wp-json\/wp\/v2\/tags?post=124442"}],"curies":[{"name":"wp","href":"https:\/\/api.w.org\/{rel}","templated":true}]}}