{"id":124445,"date":"2026-03-12T15:49:55","date_gmt":"2026-03-12T19:49:55","guid":{"rendered":"https:\/\/lasprimeras.com.do\/?p=124445"},"modified":"2026-03-12T15:50:19","modified_gmt":"2026-03-12T19:50:19","slug":"rd-y-el-bid-acuerdan-alianza-estrategica-para-impulsar-el-ingreso-del-pais-a-la-ocde","status":"publish","type":"post","link":"https:\/\/lasprimeras.com.do\/index.php\/2026\/03\/12\/rd-y-el-bid-acuerdan-alianza-estrategica-para-impulsar-el-ingreso-del-pais-a-la-ocde\/","title":{"rendered":"RD y el BID acuerdan alianza estrat\u00e9gica para impulsar el ingreso del pa\u00eds a la OCDE"},"content":{"rendered":"\n<p><strong>El acuerdo fue firmado en el marco de las Reuniones Anuales de Gobernadores del Banco Interamericano de Desarrollo que se realizan esta semana en Paraguay<\/strong><\/p>\n\n\n\n<p><strong>Luque, Paraguay. \u2013\u00a0<\/strong>La Rep\u00fablica Dominicana y el Banco Interamericano de Desarrollo (BID) firmaron una carta de intenci\u00f3n que servir\u00e1 de apoyo para el ingreso del pa\u00eds a la Organizaci\u00f3n para la Cooperaci\u00f3n y el Desarrollo Econ\u00f3mico (OCDE), que es uno de los objetivos del Gobierno para seguir promoviendo la mejora integral del pa\u00eds y la calidad de vida de los ciudadanos.<\/p>\n\n\n\n<p>La carta de intenci\u00f3n fue suscrita por la viceministra de Cr\u00e9dito P\u00fablico, Mar\u00eda Jos\u00e9 Mart\u00ednez, quien represent\u00f3 al ministro de Hacienda y Econom\u00eda, Mag\u00edn D\u00edaz, y Anabel Gonz\u00e1lez, vicepresidenta de Pa\u00edses e Integraci\u00f3n Regional del BID.<\/p>\n\n\n<div class=\"wp-block-image\">\n<figure class=\"alignleft size-full is-resized\"><img decoding=\"async\" width=\"900\" height=\"675\" src=\"https:\/\/lasprimeras.com.do\/wp-content\/uploads\/2026\/03\/RD-y-BID-firman-acuerdo-para-impulsar-ingreso-del-pais-a-la-OCDE.jpg\" alt=\"\" class=\"wp-image-124447\" style=\"width:458px;height:auto\" srcset=\"https:\/\/lasprimeras.com.do\/wp-content\/uploads\/2026\/03\/RD-y-BID-firman-acuerdo-para-impulsar-ingreso-del-pais-a-la-OCDE.jpg 900w, https:\/\/lasprimeras.com.do\/wp-content\/uploads\/2026\/03\/RD-y-BID-firman-acuerdo-para-impulsar-ingreso-del-pais-a-la-OCDE-300x225.jpg 300w, https:\/\/lasprimeras.com.do\/wp-content\/uploads\/2026\/03\/RD-y-BID-firman-acuerdo-para-impulsar-ingreso-del-pais-a-la-OCDE-768x576.jpg 768w\" sizes=\"(max-width: 900px) 100vw, 900px\" \/><\/figure>\n<\/div>\n\n\n<p>El documento expresa la voluntad de ambas partes de trabajar conjuntamente para llevar a cabo las buenas pr\u00e1cticas promovidas por la OCDE y abre la puerta para contar con asistencia t\u00e9cnica e intercambio de conocimiento en favor del pa\u00eds.<\/p>\n\n\n\n<p>Como parte de los acuerdos se establece que el BID brindar\u00e1 acompa\u00f1amiento en el dise\u00f1o y desarrollo de reformas destinadas a fortalecer las \u00e1reas prioritarias definidas por el Estado dominicano y que contribuir\u00e1n al mejoramiento de la calidad de las pol\u00edticas p\u00fablicas, fomentando la transparencia, la productividad, la sostenibilidad ambiental, la inclusi\u00f3n social y el respaldo anal\u00edtico para la formulaci\u00f3n de decisiones.<\/p>\n\n\n\n<p>La viceministra Mart\u00ednez destac\u00f3 que la firma de esta carta de intenci\u00f3n representa un paso relevante en el proceso de la mejora institucional del pa\u00eds, ya que el ingreso a la OCDE requiere de reformas estructurales en diversos \u00e1mbitos que van desde los mecanismos de transparencia, la realidad socioeducativa, la pol\u00edtica econ\u00f3mica hasta la protecci\u00f3n del medio ambiente.&nbsp;<\/p>\n\n\n<div class=\"wp-block-image\">\n<figure class=\"alignright size-full is-resized\"><img decoding=\"async\" width=\"900\" height=\"674\" src=\"https:\/\/lasprimeras.com.do\/wp-content\/uploads\/2026\/03\/Maria-Jose-Martinez-viceministra-de-Credito-Publico-y-Anabel-Gonzalez-vicepresidenta-de-Paises-e-Integracion-Regional-del-BID.jpg\" alt=\"\" class=\"wp-image-124448\" style=\"aspect-ratio:1.3353409335340933;width:422px;height:auto\" srcset=\"https:\/\/lasprimeras.com.do\/wp-content\/uploads\/2026\/03\/Maria-Jose-Martinez-viceministra-de-Credito-Publico-y-Anabel-Gonzalez-vicepresidenta-de-Paises-e-Integracion-Regional-del-BID.jpg 900w, https:\/\/lasprimeras.com.do\/wp-content\/uploads\/2026\/03\/Maria-Jose-Martinez-viceministra-de-Credito-Publico-y-Anabel-Gonzalez-vicepresidenta-de-Paises-e-Integracion-Regional-del-BID-300x225.jpg 300w, https:\/\/lasprimeras.com.do\/wp-content\/uploads\/2026\/03\/Maria-Jose-Martinez-viceministra-de-Credito-Publico-y-Anabel-Gonzalez-vicepresidenta-de-Paises-e-Integracion-Regional-del-BID-768x575.jpg 768w\" sizes=\"(max-width: 900px) 100vw, 900px\" \/><\/figure>\n<\/div>\n\n\n<p>\u201cComo ha indicado el ministro Mag\u00edn D\u00edaz recientemente, el Gobierno apuesta al ingreso a la OCDE para llevar al pa\u00eds, no al club de las naciones ricas, sino al club de las mejores pr\u00e1cticas institucionales y de desarrollo\u201d, dijo la viceministra.<\/p>\n\n\n\n<p>\u201cLa adhesi\u00f3n a la OCDE es un proceso transformador que ayuda a los pa\u00edses a adoptar los est\u00e1ndares y mejores pr\u00e1cticas de la organizaci\u00f3n y a lograr as\u00ed unos mejores resultados econ\u00f3micos y sociales para el pa\u00eds y sus ciudadanos\u201d, destaca por su lado el sitio oficial del organismo.<\/p>\n\n\n\n<p>En ese sentido, la pertenencia al organismo permite a los miembros ajustar sus pol\u00edticas a escala mundial para promover la eficiencia econ\u00f3mica, ahorrar recursos y es una \u201cse\u00f1al inequ\u00edvoca a los inversores internacionales y nacionales de que sus pol\u00edticas p\u00fablicas son acordes a los principales est\u00e1ndares y mejores pr\u00e1cticas de la OCDE en \u00e1mbitos como el gobierno corporativo, la lucha contra la corrupci\u00f3n, la inversi\u00f3n, la competencia, los mercados financieros y la gobernanza p\u00fablica\u201d.<\/p>\n","protected":false},"excerpt":{"rendered":"<p>El acuerdo fue firmado en el marco de las Reuniones Anuales de Gobernadores del Banco Interamericano de Desarrollo que se realizan esta semana en Paraguay Luque, Paraguay. \u2013\u00a0La Rep\u00fablica Dominicana&hellip;<\/p>\n","protected":false},"author":10,"featured_media":124446,"comment_status":"open","ping_status":"open","sticky":false,"template":"","format":"standard","meta":{"content-type":"","jetpack_post_was_ever_published":false,"_jetpack_newsletter_access":"","_jetpack_dont_email_post_to_subs":false,"_jetpack_newsletter_tier_id":0,"_jetpack_memberships_contains_paywalled_content":false,"_jetpack_memberships_contains_paid_content":false,"footnotes":""},"categories":[1],"tags":[],"class_list":["post-124445","post","type-post","status-publish","format-standard","has-post-thumbnail","hentry","category-sin-categoria"],"jetpack_featured_media_url":"https:\/\/lasprimeras.com.do\/wp-content\/uploads\/2026\/03\/El-acuerdo-fue-firmado-en-el-marco-de-las-Reuniones-Anuales-de-Gobernadores-del-BID-en-Paraguay.jpg","jetpack-related-posts":[{"id":77776,"url":"https:\/\/lasprimeras.com.do\/index.php\/2024\/02\/25\/republica-dominicana-es-electa-presidente-de-la-red-interamericana-de-compras-gubernamentales\/","url_meta":{"origin":124445,"position":0},"title":"Rep\u00fablica Dominicana es electa presidente de la Red Interamericana de Compras Gubernamentales","author":"Nelson Feliz","date":"25 de febrero de 2024","format":false,"excerpt":"\u2022La presidencia estar\u00e1 representada por el director general de Contrataciones P\u00fablicas, Carlos Pimentel. Asunci\u00f3n, Paraguay.- Rep\u00fablica Dominicana result\u00f3 electa a unanimidad como presidente de la Red Interamericana de Compras Gubernamentales durante las elecciones celebradas en la XVIII Conferencia Anual del organismo regional, que tuvo lugar en la ciudad de Asunci\u00f3n,\u2026","rel":"","context":"En \u00abECONOM\u00cdA\u00bb","block_context":{"text":"ECONOM\u00cdA","link":"https:\/\/lasprimeras.com.do\/index.php\/category\/economia\/"},"img":{"alt_text":"Rep\u00fablica Dominicana","src":"https:\/\/i0.wp.com\/lasprimeras.com.do\/wp-content\/uploads\/2024\/02\/Republica-Dominicana.jpg?resize=350%2C200&ssl=1","width":350,"height":200,"srcset":"https:\/\/i0.wp.com\/lasprimeras.com.do\/wp-content\/uploads\/2024\/02\/Republica-Dominicana.jpg?resize=350%2C200&ssl=1 1x, https:\/\/i0.wp.com\/lasprimeras.com.do\/wp-content\/uploads\/2024\/02\/Republica-Dominicana.jpg?resize=525%2C300&ssl=1 1.5x"},"classes":[]},{"id":104990,"url":"https:\/\/lasprimeras.com.do\/index.php\/2025\/07\/29\/manolo-pichardo-insta-al-gobierno-a-aprovechar-ingreso-a-la-ocde-con-una-vision-de-desarrollo-integral\/","url_meta":{"origin":124445,"position":1},"title":"Manolo Pichardo insta al Gobierno a aprovechar ingreso a la OCDE con una visi\u00f3n de desarrollo integral","author":"Nelson Feliz","date":"29 de julio de 2025","format":false,"excerpt":"La Secretar\u00eda de Relaciones Internacionales de la Fuerza del Pueblo (FP), a trav\u00e9s de su titular, Manolo Pichardo, valor\u00f3 de forma positiva el decreto 408-25, emitido por el presidente de la Rep\u00fablica, que busca avanzar en el proceso de adhesi\u00f3n de la Rep\u00fablica Dominicana a la Organizaci\u00f3n para la Cooperaci\u00f3n\u2026","rel":"","context":"En \u00abPOLITICA\u00bb","block_context":{"text":"POLITICA","link":"https:\/\/lasprimeras.com.do\/index.php\/category\/politica\/"},"img":{"alt_text":"Manolo Pichardo","src":"https:\/\/i0.wp.com\/lasprimeras.com.do\/wp-content\/uploads\/2025\/07\/Manolo-Pichardo.jpg?resize=350%2C200&ssl=1","width":350,"height":200,"srcset":"https:\/\/i0.wp.com\/lasprimeras.com.do\/wp-content\/uploads\/2025\/07\/Manolo-Pichardo.jpg?resize=350%2C200&ssl=1 1x, https:\/\/i0.wp.com\/lasprimeras.com.do\/wp-content\/uploads\/2025\/07\/Manolo-Pichardo.jpg?resize=525%2C300&ssl=1 1.5x, https:\/\/i0.wp.com\/lasprimeras.com.do\/wp-content\/uploads\/2025\/07\/Manolo-Pichardo.jpg?resize=700%2C400&ssl=1 2x"},"classes":[]},{"id":66471,"url":"https:\/\/lasprimeras.com.do\/index.php\/2023\/11\/07\/reuniones-anuales-2024-de-las-asambleas-de-gobernadores-del-grupo-bid-se-celebraran-en-la-rd\/","url_meta":{"origin":124445,"position":2},"title":"Reuniones Anuales 2024 de las Asambleas de Gobernadores del Grupo BID se celebrar\u00e1n en la RD","author":"Nelson Feliz","date":"7 de noviembre de 2023","format":false,"excerpt":"Las Reuniones Anuales 2024 de las Asambleas de Gobernadores del Banco Interamericano de Desarrollo (BID) y de BID Invest tendr\u00e1n lugar en Punta Cana, Rep\u00fablica Dominicana, del 6 al 10 de marzo de 2024. Las Asambleas de Gobernadores son la m\u00e1xima autoridad responsable de la gobernanza del BID y de\u2026","rel":"","context":"En \u00abECONOM\u00cdA\u00bb","block_context":{"text":"ECONOM\u00cdA","link":"https:\/\/lasprimeras.com.do\/index.php\/category\/economia\/"},"img":{"alt_text":"Sede BID","src":"https:\/\/i0.wp.com\/lasprimeras.com.do\/wp-content\/uploads\/2023\/11\/Sede-BID.jpg?resize=350%2C200&ssl=1","width":350,"height":200,"srcset":"https:\/\/i0.wp.com\/lasprimeras.com.do\/wp-content\/uploads\/2023\/11\/Sede-BID.jpg?resize=350%2C200&ssl=1 1x, https:\/\/i0.wp.com\/lasprimeras.com.do\/wp-content\/uploads\/2023\/11\/Sede-BID.jpg?resize=525%2C300&ssl=1 1.5x, https:\/\/i0.wp.com\/lasprimeras.com.do\/wp-content\/uploads\/2023\/11\/Sede-BID.jpg?resize=700%2C400&ssl=1 2x"},"classes":[]},{"id":61732,"url":"https:\/\/lasprimeras.com.do\/index.php\/2023\/09\/30\/bid-recompensa-resultados-en-naturaleza-y-clima\/","url_meta":{"origin":124445,"position":3},"title":"BID recompensa resultados en naturaleza y clima","author":"Nelson Feliz","date":"30 de septiembre de 2023","format":false,"excerpt":"Es primero de su tipo entre bancos multilaterales de desarrollo. El Banco Interamericano de Desarrollo (BID) se ha convertido en el primer banco multilateral de desarrollo en ofrecer una herramienta de financiamiento que recompensa a los pa\u00edses por alcanzar objetivos relacionados con la naturaleza y el clima.\u00a0 El Mecanismo para\u2026","rel":"","context":"En \u00abECONOM\u00cdA\u00bb","block_context":{"text":"ECONOM\u00cdA","link":"https:\/\/lasprimeras.com.do\/index.php\/category\/economia\/"},"img":{"alt_text":"BID","src":"https:\/\/i0.wp.com\/lasprimeras.com.do\/wp-content\/uploads\/2023\/09\/BID.jpg?resize=350%2C200&ssl=1","width":350,"height":200,"srcset":"https:\/\/i0.wp.com\/lasprimeras.com.do\/wp-content\/uploads\/2023\/09\/BID.jpg?resize=350%2C200&ssl=1 1x, https:\/\/i0.wp.com\/lasprimeras.com.do\/wp-content\/uploads\/2023\/09\/BID.jpg?resize=525%2C300&ssl=1 1.5x, https:\/\/i0.wp.com\/lasprimeras.com.do\/wp-content\/uploads\/2023\/09\/BID.jpg?resize=700%2C400&ssl=1 2x, https:\/\/i0.wp.com\/lasprimeras.com.do\/wp-content\/uploads\/2023\/09\/BID.jpg?resize=1050%2C600&ssl=1 3x"},"classes":[]},{"id":125571,"url":"https:\/\/lasprimeras.com.do\/index.php\/2026\/03\/24\/rd-formaliza-acercamiento-a-la-ocde-con-firma-de-memorando-de-entendimiento\/","url_meta":{"origin":124445,"position":4},"title":"RD formaliza acercamiento a la OCDE con firma de Memorando de Entendimiento","author":"Nelson Feliz","date":"24 de marzo de 2026","format":false,"excerpt":"_Es un primer paso hacia nuestra adhesi\u00f3n como pa\u00eds miembro_ *Par\u00eds, Francia. -* En presencia del presidente Luis Abinader, el canciller Roberto \u00c1lvarez y el secretario general de la Organizaci\u00f3n para la Cooperaci\u00f3n y el Desarrollo Econ\u00f3mico (OCDE), Mathias Cormann, firmaron un Memorando de Entendimiento con el que las partes\u2026","rel":"","context":"En \u00abNACIONALES\u00bb","block_context":{"text":"NACIONALES","link":"https:\/\/lasprimeras.com.do\/index.php\/category\/nacionales\/"},"img":{"alt_text":"","src":"https:\/\/i0.wp.com\/lasprimeras.com.do\/wp-content\/uploads\/2026\/03\/IMG-20260324-WA0332-scaled.jpg?resize=350%2C200&ssl=1","width":350,"height":200,"srcset":"https:\/\/i0.wp.com\/lasprimeras.com.do\/wp-content\/uploads\/2026\/03\/IMG-20260324-WA0332-scaled.jpg?resize=350%2C200&ssl=1 1x, https:\/\/i0.wp.com\/lasprimeras.com.do\/wp-content\/uploads\/2026\/03\/IMG-20260324-WA0332-scaled.jpg?resize=525%2C300&ssl=1 1.5x, https:\/\/i0.wp.com\/lasprimeras.com.do\/wp-content\/uploads\/2026\/03\/IMG-20260324-WA0332-scaled.jpg?resize=700%2C400&ssl=1 2x, https:\/\/i0.wp.com\/lasprimeras.com.do\/wp-content\/uploads\/2026\/03\/IMG-20260324-WA0332-scaled.jpg?resize=1050%2C600&ssl=1 3x, https:\/\/i0.wp.com\/lasprimeras.com.do\/wp-content\/uploads\/2026\/03\/IMG-20260324-WA0332-scaled.jpg?resize=1400%2C800&ssl=1 4x"},"classes":[]},{"id":69599,"url":"https:\/\/lasprimeras.com.do\/index.php\/2023\/12\/04\/estudio-del-bid-revela-el-poder-de-las-tutorias-remotas-para-superar-el-rezago-educativo\/","url_meta":{"origin":124445,"position":5},"title":"Estudio\u00a0del BID revela\u00a0el\u00a0poder\u00a0de las tutor\u00edas remotas\u00a0para superar\u00a0el\u00a0rezago\u00a0educativo","author":"Nelson Feliz","date":"4 de diciembre de 2023","format":false,"excerpt":"Un nuevo informe del Banco Interamericano de Desarrollo (BID) concluye que las estrategias de aceleraci\u00f3n de aprendizajes, y en especial las tutor\u00edas remotas por tel\u00e9fono, son un m\u00e9todo altamente eficaz y costo-efectivo para recuperar lo perdido durante la pandemia y superar el rezago educativo en Am\u00e9rica Latina y el Caribe.\u2026","rel":"","context":"En \u00abECONOM\u00cdA\u00bb","block_context":{"text":"ECONOM\u00cdA","link":"https:\/\/lasprimeras.com.do\/index.php\/category\/economia\/"},"img":{"alt_text":"Sede BID","src":"https:\/\/i0.wp.com\/lasprimeras.com.do\/wp-content\/uploads\/2023\/11\/Sede-BID.jpg?resize=350%2C200&ssl=1","width":350,"height":200,"srcset":"https:\/\/i0.wp.com\/lasprimeras.com.do\/wp-content\/uploads\/2023\/11\/Sede-BID.jpg?resize=350%2C200&ssl=1 1x, https:\/\/i0.wp.com\/lasprimeras.com.do\/wp-content\/uploads\/2023\/11\/Sede-BID.jpg?resize=525%2C300&ssl=1 1.5x, https:\/\/i0.wp.com\/lasprimeras.com.do\/wp-content\/uploads\/2023\/11\/Sede-BID.jpg?resize=700%2C400&ssl=1 2x"},"classes":[]}],"jetpack_sharing_enabled":true,"_links":{"self":[{"href":"https:\/\/lasprimeras.com.do\/index.php\/wp-json\/wp\/v2\/posts\/124445","targetHints":{"allow":["GET"]}}],"collection":[{"href":"https:\/\/lasprimeras.com.do\/index.php\/wp-json\/wp\/v2\/posts"}],"about":[{"href":"https:\/\/lasprimeras.com.do\/index.php\/wp-json\/wp\/v2\/types\/post"}],"author":[{"embeddable":true,"href":"https:\/\/lasprimeras.com.do\/index.php\/wp-json\/wp\/v2\/users\/10"}],"replies":[{"embeddable":true,"href":"https:\/\/lasprimeras.com.do\/index.php\/wp-json\/wp\/v2\/comments?post=124445"}],"version-history":[{"count":1,"href":"https:\/\/lasprimeras.com.do\/index.php\/wp-json\/wp\/v2\/posts\/124445\/revisions"}],"predecessor-version":[{"id":124449,"href":"https:\/\/lasprimeras.com.do\/index.php\/wp-json\/wp\/v2\/posts\/124445\/revisions\/124449"}],"wp:featuredmedia":[{"embeddable":true,"href":"https:\/\/lasprimeras.com.do\/index.php\/wp-json\/wp\/v2\/media\/124446"}],"wp:attachment":[{"href":"https:\/\/lasprimeras.com.do\/index.php\/wp-json\/wp\/v2\/media?parent=124445"}],"wp:term":[{"taxonomy":"category","embeddable":true,"href":"https:\/\/lasprimeras.com.do\/index.php\/wp-json\/wp\/v2\/categories?post=124445"},{"taxonomy":"post_tag","embeddable":true,"href":"https:\/\/lasprimeras.com.do\/index.php\/wp-json\/wp\/v2\/tags?post=124445"}],"curies":[{"name":"wp","href":"https:\/\/api.w.org\/{rel}","templated":true}]}}