{"id":124450,"date":"2026-03-12T16:11:13","date_gmt":"2026-03-12T20:11:13","guid":{"rendered":"https:\/\/lasprimeras.com.do\/?p=124450"},"modified":"2026-03-12T16:12:00","modified_gmt":"2026-03-12T20:12:00","slug":"prodominicana-reconoce-a-empresas-en-vanguardia-exportadora","status":"publish","type":"post","link":"https:\/\/lasprimeras.com.do\/index.php\/2026\/03\/12\/prodominicana-reconoce-a-empresas-en-vanguardia-exportadora\/","title":{"rendered":"ProDominicana reconoce a empresas en Vanguardia Exportadora"},"content":{"rendered":"\n<p><strong>Exportaciones dominicanas crecen 14.4% en 2025<\/strong><\/p>\n\n\n\n<p>El Centro de Exportaci\u00f3n e Inversi\u00f3n de la Rep\u00fablica Dominicana (ProDominicana) celebr\u00f3 la segunda edici\u00f3n del reconocimiento \u201cVanguardia Exportadora\u201d, un evento que destaca a las empresas que han logrado posicionar con \u00e9xito sus productos y servicios en los mercados internacionales durante el a\u00f1o 2025.<\/p>\n\n\n\n<p>La actividad cont\u00f3 con la presencia de la excelent\u00edsima Raquel Pe\u00f1a, vicepresidenta de la Rep\u00fablica Dominicana, junto a autoridades del sector p\u00fablico y privado vinculadas al comercio exterior.<\/p>\n\n\n\n<p>Pe\u00f1a indic\u00f3 que \u201cla oferta exportable dominicana contin\u00faa ampli\u00e1ndose y diversific\u00e1ndose.<\/p>\n\n\n<div class=\"wp-block-image\">\n<figure class=\"alignleft size-full is-resized\"><img decoding=\"async\" width=\"900\" height=\"643\" src=\"https:\/\/lasprimeras.com.do\/wp-content\/uploads\/2026\/03\/Vanguardia-Exportadora-1.jpg\" alt=\"\" class=\"wp-image-124452\" style=\"aspect-ratio:1.3996956203145257;width:377px;height:auto\" srcset=\"https:\/\/lasprimeras.com.do\/wp-content\/uploads\/2026\/03\/Vanguardia-Exportadora-1.jpg 900w, https:\/\/lasprimeras.com.do\/wp-content\/uploads\/2026\/03\/Vanguardia-Exportadora-1-300x214.jpg 300w, https:\/\/lasprimeras.com.do\/wp-content\/uploads\/2026\/03\/Vanguardia-Exportadora-1-768x549.jpg 768w\" sizes=\"(max-width: 900px) 100vw, 900px\" \/><\/figure>\n<\/div>\n\n\n<p>Actualmente, el pa\u00eds cuenta con m\u00e1s de 4,400 empresas exportadoras que llevan productos dominicanos a mercados internacionales, demostrando la capacidad del pa\u00eds para posicionarse con \u00e9xito en distintas regiones del mundo, reflejando el crecimiento de nuestra capacidad productiva y la incorporaci\u00f3n de nuevos sectores al comercio internacional\u201d.<\/p>\n\n\n\n<p>Durante el acto, Biviana Riveiro Disla, directora ejecutiva de ProDominicana, destac\u00f3 el papel fundamental del sector exportador en el crecimiento econ\u00f3mico del pa\u00eds y el posicionamiento de la Rep\u00fablica Dominicana como un socio confiable en el comercio internacional.<\/p>\n\n\n\n<p>\u201cLas empresas reconocidas hoy representan lo mejor del talento, la innovaci\u00f3n y la calidad dominicana. Su capacidad para competir en mercados internacionales demuestra que el pa\u00eds contin\u00faa consolid\u00e1ndose como una plataforma exportadora s\u00f3lida y diversificada\u201d, expres\u00f3 Riveiro.<\/p>\n\n\n\n<p>En 2025, la Rep\u00fablica Dominicana alcanz\u00f3 r\u00e9cord consecutivo en exportaciones, al registrar US$15,930.6 millones, lo que represent\u00f3 un crecimiento de 14.4% en comparaci\u00f3n con 2024.<\/p>\n\n\n<div class=\"wp-block-image\">\n<figure class=\"alignright size-full is-resized\"><img decoding=\"async\" width=\"900\" height=\"600\" src=\"https:\/\/lasprimeras.com.do\/wp-content\/uploads\/2026\/03\/Vanguardia-Exportadora-2.jpg\" alt=\"\" class=\"wp-image-124453\" style=\"aspect-ratio:1.5000151016339969;width:398px;height:auto\" srcset=\"https:\/\/lasprimeras.com.do\/wp-content\/uploads\/2026\/03\/Vanguardia-Exportadora-2.jpg 900w, https:\/\/lasprimeras.com.do\/wp-content\/uploads\/2026\/03\/Vanguardia-Exportadora-2-300x200.jpg 300w, https:\/\/lasprimeras.com.do\/wp-content\/uploads\/2026\/03\/Vanguardia-Exportadora-2-768x512.jpg 768w\" sizes=\"(max-width: 900px) 100vw, 900px\" \/><\/figure>\n<\/div>\n\n\n<p>Este dinamismo se mantiene en 2026, cuando durante el per\u00edodo enero-febrero las exportaciones alcanzaron un r\u00e9cord de US$2,290.0 millones, con un crecimiento interanual de 13.7% con relaci\u00f3n al mismo per\u00edodo del 2025.<\/p>\n\n\n\n<p>Este esfuerzo destaca el Plan Nacional de Fomento a las Exportaciones, del cual m\u00e1s del 93% de sus 278 medidas ya han sido impactadas.<\/p>\n\n\n\n<p>Cabe destacar que, en el a\u00f1o 2025, la Rep\u00fablica Dominicana export\u00f3 a m\u00e1s de 166 mercados internacionales, lo que evidencia la capacidad del pa\u00eds para posicionarse con \u00e9xito en diversas regiones del mundo.<\/p>\n\n\n\n<p>Las estad\u00edsticas de cierre de a\u00f1o destacan los principales mercados de destino de las exportaciones dominicanas: Estados Unidos US$7,124.4 millones, seguido por la India con US$1,611.5 millones, en tercer lugar, se encuentra Hait\u00ed US$1,202.9 millones, Canad\u00e1 US$757.5 millones, Puerto Rico US$706.9 millones, entre otros mercados.<\/p>\n\n\n\n<p>Asimismo, Karel Castillo, presidente de la Asociaci\u00f3n Dominicana de Exportadores (ADOEXPO), expres\u00f3 \u201choy continuamos con la tradici\u00f3n de reconocer a quienes, con innovaci\u00f3n y perseverancia, siguen ampliando la presencia de la Rep\u00fablica Dominicana en el comercio global.<\/p>\n\n\n\n<p>Desde ADOEXPO reafirmamos nuestro compromiso de seguir trabajando para fortalecer el sector exportador y apoyar a m\u00e1s empresas dominicanas en su camino hacia la internacionalizaci\u00f3n\u201d.<\/p>\n\n\n\n<p>El ministro de Industria, Comercio y Mipymes (MICM), Eduardo Sanz Lovat\u00f3n, destac\u00f3 que el fortalecimiento del sector exportador responde a una agenda p\u00fablica orientada a mejorar la competitividad y facilitar el comercio.<\/p>\n\n\n\n<p>\u201cDesde el Gobierno seguimos impulsando pol\u00edticas que crean mejores condiciones para producir, innovar y exportar. Reconocer a estas empresas tambi\u00e9n es reconocer el esfuerzo de todo un ecosistema productivo que trabaja para que la Rep\u00fablica Dominicana siga ganando espacio en los mercados internacionales\u201d, se\u00f1al\u00f3.<\/p>\n\n\n\n<p>En esta segunda edici\u00f3n, el reconocimiento \u201cVanguardia Exportadora\u201d distingui\u00f3 a empresas de diversos sectores productivos que han contribuido significativamente al fortalecimiento de la oferta exportable dominicana.<\/p>\n\n\n\n<p>Las empresas reconocidas fueron:<\/p>\n\n\n\n<p>En la Categor\u00eda de producto Estrella de la Oferta Exportable: Cacao, Rizek Cacao, por su destacada labor y compromiso con la exportaci\u00f3n de uno de los productos m\u00e1s representativos de la Rep\u00fablica Dominicana. Se ha consolidado por m\u00e1s de un siglo como referente en la producci\u00f3n y exportaci\u00f3n de cacao fino y de aroma.<\/p>\n\n\n\n<p>En Producto Estrella de la Oferta Exportable: Ron, Isidro Bordas, celebrando su legado, excelencia y su rol clave en la proyecci\u00f3n global del ron dominicano.<\/p>\n\n\n\n<p>Como Producto Estrella de la Oferta Exportable: Tabaco, Tabacalera Palma, por su sobresaliente trayectoria, tradici\u00f3n y liderazgo en la exportaci\u00f3n de puros dominicanos.<\/p>\n\n\n\n<p>En Producto Estrella de la Oferta Exportable: Aguacate, Eurofresh Dominicana, por su constante innovaci\u00f3n y dedicaci\u00f3n en la producci\u00f3n y exportaci\u00f3n de productos agroindustriales que representan la riqueza agr\u00edcola del pa\u00eds.<\/p>\n\n\n\n<p>Como Producto Estrella de la Oferta Exportable: Banano, Fruggies, por su destacada contribuci\u00f3n a la exportaci\u00f3n del banano dominicano, fortaleciendo la presencia de este fruto emblem\u00e1tico de la Rep\u00fablica Dominicana en mercados del Caribe como Trinidad y Tobago y Curazao.<\/p>\n\n\n\n<p>En la Categor\u00eda Manufactura de Alto Impacto, Rockwell Automation Technologies, por su innovaci\u00f3n y liderazgo en el sector, posicionando al pa\u00eds como un referente en la manufactura tecnol\u00f3gica de alto valor agregado.<\/p>\n\n\n\n<p>En la Categor\u00eda Internacionalizaci\u00f3n, Pasteurizadora Rica, por su destacada trayectoria en la expansi\u00f3n de sus productos hacia mercados internacionales y su firme apuesta por la calidad, la innovaci\u00f3n y la competitividad.<\/p>\n\n\n\n<p>En la Categor\u00eda Servicios, NAP Caribe, por ser uno de los nodos de interconexi\u00f3n m\u00e1s avanzados del Caribe, conectando redes en m\u00e1s de 44 pa\u00edses y consolidando a la Rep\u00fablica Dominicana como un hub estrat\u00e9gico de infraestructura tecnol\u00f3gica en la regi\u00f3n.<\/p>\n\n\n\n<p>En la Categor\u00eda Innovaci\u00f3n Alto Potencial, Airlink Distribution, por su enfoque innovador y su aporte al desarrollo de soluciones log\u00edsticas y comerciales que fortalecen la competitividad del pa\u00eds.<\/p>\n\n\n\n<p>Como Categor\u00eda Sostenibilidad, Ron Barcel\u00f3, por su compromiso con la sostenibilidad y la implementaci\u00f3n de pr\u00e1cticas responsables que promueven el desarrollo ambiental y econ\u00f3mico.<\/p>\n\n\n\n<p>Con iniciativas como Vanguardia Exportadora, ProDominicana resalta el dinamismo del sector exportador dominicano y el potencial de las empresas del pa\u00eds para seguir conquistando nuevos mercados, consolidando a la Rep\u00fablica Dominicana como una plataforma exportadora competitiva y en constante expansi\u00f3n.<\/p>\n\n\n\n<p>La actividad cont\u00f3 con el apoyo de aliados estrat\u00e9gicos como INICIA, as\u00ed como con el respaldo en difusi\u00f3n de Revista Mercado y Pincel Digital.<\/p>\n","protected":false},"excerpt":{"rendered":"<p>Exportaciones dominicanas crecen 14.4% en 2025 El Centro de Exportaci\u00f3n e Inversi\u00f3n de la Rep\u00fablica Dominicana (ProDominicana) celebr\u00f3 la segunda edici\u00f3n del reconocimiento \u201cVanguardia Exportadora\u201d, un evento que destaca a&hellip;<\/p>\n","protected":false},"author":10,"featured_media":124451,"comment_status":"open","ping_status":"open","sticky":false,"template":"","format":"standard","meta":{"content-type":"","jetpack_post_was_ever_published":false,"_jetpack_newsletter_access":"","_jetpack_dont_email_post_to_subs":false,"_jetpack_newsletter_tier_id":0,"_jetpack_memberships_contains_paywalled_content":false,"_jetpack_memberships_contains_paid_content":false,"footnotes":""},"categories":[39,25],"tags":[1304,549,143,4024,4775,752,31119],"class_list":["post-124450","post","type-post","status-publish","format-standard","has-post-thumbnail","hentry","category-economia","category-portada","tag-celebra","tag-dominicana","tag-empresas","tag-mercados","tag-presencia","tag-prodominicana","tag-vanguardia-exportadora"],"jetpack_featured_media_url":"https:\/\/lasprimeras.com.do\/wp-content\/uploads\/2026\/03\/Vanguardia-Exportadora.jpg","jetpack-related-posts":[{"id":94251,"url":"https:\/\/lasprimeras.com.do\/index.php\/2025\/02\/25\/exportaciones-de-mercancias-de-rd-alcanzaron-un-record-historico-en-2024\/","url_meta":{"origin":124450,"position":0},"title":"Exportaciones de mercanc\u00edas de RD alcanzaron un r\u00e9cord hist\u00f3rico en 2024","author":"Nelson Feliz","date":"25 de febrero de 2025","format":false,"excerpt":"Presidente Abinader encabeza reconocimiento de ProDominicana a las 10 empresas m\u00e1s destacadas en exportaci\u00f3n durante el 2024 El presidente Luis Abinader encabez\u00f3 este martes el reconocimiento a las diez empresas exportadoras que se destacaron en el comercio internacional durante el 2024, inform\u00e1ndose all\u00ed que las exportaciones de mercanc\u00edas de la\u2026","rel":"","context":"En \u00abECONOM\u00cdA\u00bb","block_context":{"text":"ECONOM\u00cdA","link":"https:\/\/lasprimeras.com.do\/index.php\/category\/economia\/"},"img":{"alt_text":"ProDominicana","src":"https:\/\/i0.wp.com\/lasprimeras.com.do\/wp-content\/uploads\/2025\/02\/ProDominicana.jpg?resize=350%2C200&ssl=1","width":350,"height":200,"srcset":"https:\/\/i0.wp.com\/lasprimeras.com.do\/wp-content\/uploads\/2025\/02\/ProDominicana.jpg?resize=350%2C200&ssl=1 1x, https:\/\/i0.wp.com\/lasprimeras.com.do\/wp-content\/uploads\/2025\/02\/ProDominicana.jpg?resize=525%2C300&ssl=1 1.5x, https:\/\/i0.wp.com\/lasprimeras.com.do\/wp-content\/uploads\/2025\/02\/ProDominicana.jpg?resize=700%2C400&ssl=1 2x"},"classes":[]},{"id":115713,"url":"https:\/\/lasprimeras.com.do\/index.php\/2025\/11\/24\/prodominicana-reconoce-y-potencia-el-talento-femenino-en-el-ecosistema-exportador-dominicano\/","url_meta":{"origin":124450,"position":1},"title":"ProDominicana reconoce y potencia el talento femenino en el ecosistema exportador dominicano","author":"Nelson Feliz","date":"24 de noviembre de 2025","format":false,"excerpt":"En el marco de la 6ta edici\u00f3n del Encuentro Nacional de Mujeres en Exportaci\u00f3n 2025, el Centro de Exportaci\u00f3n e Inversi\u00f3n de la Rep\u00fablica Dominicana (ProDominicana) present\u00f3 una jornada de formaci\u00f3n y reflexi\u00f3n estrat\u00e9gica centrada en el valor de la comunicaci\u00f3n especializada, la innovaci\u00f3n y la sostenibilidad dentro del ecosistema\u2026","rel":"","context":"En \u00abECONOM\u00cdA\u00bb","block_context":{"text":"ECONOM\u00cdA","link":"https:\/\/lasprimeras.com.do\/index.php\/category\/economia\/"},"img":{"alt_text":"Biviana Riveiro Disla","src":"https:\/\/i0.wp.com\/lasprimeras.com.do\/wp-content\/uploads\/2025\/11\/Biviana-Riveiro-Disla.jpg?resize=350%2C200&ssl=1","width":350,"height":200,"srcset":"https:\/\/i0.wp.com\/lasprimeras.com.do\/wp-content\/uploads\/2025\/11\/Biviana-Riveiro-Disla.jpg?resize=350%2C200&ssl=1 1x, https:\/\/i0.wp.com\/lasprimeras.com.do\/wp-content\/uploads\/2025\/11\/Biviana-Riveiro-Disla.jpg?resize=525%2C300&ssl=1 1.5x, https:\/\/i0.wp.com\/lasprimeras.com.do\/wp-content\/uploads\/2025\/11\/Biviana-Riveiro-Disla.jpg?resize=700%2C400&ssl=1 2x"},"classes":[]},{"id":103136,"url":"https:\/\/lasprimeras.com.do\/index.php\/2025\/07\/11\/prodominicana-participa-en-la-feria-nsa-2025-con-destacados-productos-de-la-oferta-exportable\/","url_meta":{"origin":124450,"position":2},"title":"ProDominicana participa en la feria NSA 2025 con destacados productos de la oferta exportable","author":"Nelson Feliz","date":"11 de julio de 2025","format":false,"excerpt":"El Centro de Exportaci\u00f3n e Inversi\u00f3n de la Rep\u00fablica Dominicana (ProDominicana) participar\u00e1 en la feria NSA International Sales & Trade Show 2025, que se celebrar\u00e1 los d\u00edas 16 y 17 de julio en el Meadowlands Exposition Center de Secaucus, Nueva Jersey, Estados Unidos. Este importante evento, organizado por la National\u2026","rel":"","context":"En \u00abECONOM\u00cdA\u00bb","block_context":{"text":"ECONOM\u00cdA","link":"https:\/\/lasprimeras.com.do\/index.php\/category\/economia\/"},"img":{"alt_text":"","src":"https:\/\/i0.wp.com\/lasprimeras.com.do\/wp-content\/uploads\/2025\/07\/feria-NSA.jpg?resize=350%2C200&ssl=1","width":350,"height":200,"srcset":"https:\/\/i0.wp.com\/lasprimeras.com.do\/wp-content\/uploads\/2025\/07\/feria-NSA.jpg?resize=350%2C200&ssl=1 1x, https:\/\/i0.wp.com\/lasprimeras.com.do\/wp-content\/uploads\/2025\/07\/feria-NSA.jpg?resize=525%2C300&ssl=1 1.5x"},"classes":[]},{"id":117790,"url":"https:\/\/lasprimeras.com.do\/index.php\/2025\/12\/16\/prodominicana-y-la-camara-de-comercio-y-produccion-de-santiago-acuerdan-fortalecer-exportaciones-en-la-region-norte\/","url_meta":{"origin":124450,"position":3},"title":"ProDominicana y la C\u00e1mara de Comercio y Producci\u00f3n de Santiago acuerdan fortalecer exportaciones en la Regi\u00f3n Norte","author":"Nelson Feliz","date":"16 de diciembre de 2025","format":false,"excerpt":"El Centro de Exportaci\u00f3n e Inversi\u00f3n de la Rep\u00fablica Dominicana (ProDominicana) y la C\u00e1mara de Comercio y Producci\u00f3n de Santiago firmaron un acuerdo interinstitucional orientado a fortalecer las capacidades de los sectores productivos y promover nuevas oportunidades en los mercados globales. Durante la firma, la directora ejecutiva de ProDominicana, Biviana\u2026","rel":"","context":"En \u00abECONOM\u00cdA\u00bb","block_context":{"text":"ECONOM\u00cdA","link":"https:\/\/lasprimeras.com.do\/index.php\/category\/economia\/"},"img":{"alt_text":"ProDominicana","src":"https:\/\/i0.wp.com\/lasprimeras.com.do\/wp-content\/uploads\/2025\/12\/ProDominicana.jpg?resize=350%2C200&ssl=1","width":350,"height":200,"srcset":"https:\/\/i0.wp.com\/lasprimeras.com.do\/wp-content\/uploads\/2025\/12\/ProDominicana.jpg?resize=350%2C200&ssl=1 1x, https:\/\/i0.wp.com\/lasprimeras.com.do\/wp-content\/uploads\/2025\/12\/ProDominicana.jpg?resize=525%2C300&ssl=1 1.5x, https:\/\/i0.wp.com\/lasprimeras.com.do\/wp-content\/uploads\/2025\/12\/ProDominicana.jpg?resize=700%2C400&ssl=1 2x, https:\/\/i0.wp.com\/lasprimeras.com.do\/wp-content\/uploads\/2025\/12\/ProDominicana.jpg?resize=1050%2C600&ssl=1 3x"},"classes":[]},{"id":115324,"url":"https:\/\/lasprimeras.com.do\/index.php\/2025\/11\/20\/prodominicana-reconoce-a-tabacalera-el-artista-por-su-liderazgo-en-la-exportacion\/","url_meta":{"origin":124450,"position":4},"title":"ProDominicana reconoce a Tabacalera El Artista por su liderazgo en la exportaci\u00f3n","author":"Nelson Feliz","date":"20 de noviembre de 2025","format":false,"excerpt":"ProDominicana distingui\u00f3 a Tabacalera El Artista como una de las empresas lideradas por mujeres que han marcado huella firme en la internacionalizaci\u00f3n de la oferta exportable del pa\u00eds. El galard\u00f3n, recibido por la Gerente General de la empresa, Elba Rodr\u00edguez, brill\u00f3 como testimonio de una trayectoria que ha sabido convertir\u2026","rel":"","context":"En \u00abECONOM\u00cdA\u00bb","block_context":{"text":"ECONOM\u00cdA","link":"https:\/\/lasprimeras.com.do\/index.php\/category\/economia\/"},"img":{"alt_text":"","src":"https:\/\/i0.wp.com\/lasprimeras.com.do\/wp-content\/uploads\/2025\/11\/Elba-Rodriguez.png?resize=350%2C200&ssl=1","width":350,"height":200,"srcset":"https:\/\/i0.wp.com\/lasprimeras.com.do\/wp-content\/uploads\/2025\/11\/Elba-Rodriguez.png?resize=350%2C200&ssl=1 1x, https:\/\/i0.wp.com\/lasprimeras.com.do\/wp-content\/uploads\/2025\/11\/Elba-Rodriguez.png?resize=525%2C300&ssl=1 1.5x"},"classes":[]},{"id":124976,"url":"https:\/\/lasprimeras.com.do\/index.php\/2026\/03\/18\/prodominicana-y-jetro-firman-acuerdo-para-fortalecer-el-comercio-entre-japon-y-rd\/","url_meta":{"origin":124450,"position":5},"title":"ProDominicana y JETRO firman acuerdo para fortalecer el comercio entre Jap\u00f3n y RD","author":"Nelson Feliz","date":"18 de marzo de 2026","format":false,"excerpt":"Exportaciones de RD hacia Jap\u00f3n en 2025 ascendieron a US$80.2 millones para un crecimiento interanual de 15.3% respecto al 2024 El Centro de Exportaci\u00f3n e Inversi\u00f3n de la Rep\u00fablica Dominicana (ProDominicana) y Organizaci\u00f3n de Comercio Exterior de Jap\u00f3n (JETRO), firmaron un Memorando de Cooperaci\u00f3n (MOC) con el objetivo de fortalecer\u2026","rel":"","context":"En \u00abECONOM\u00cdA\u00bb","block_context":{"text":"ECONOM\u00cdA","link":"https:\/\/lasprimeras.com.do\/index.php\/category\/economia\/"},"img":{"alt_text":"","src":"https:\/\/i0.wp.com\/lasprimeras.com.do\/wp-content\/uploads\/2026\/03\/IMG-20260318-WA0693.jpg?resize=350%2C200&ssl=1","width":350,"height":200,"srcset":"https:\/\/i0.wp.com\/lasprimeras.com.do\/wp-content\/uploads\/2026\/03\/IMG-20260318-WA0693.jpg?resize=350%2C200&ssl=1 1x, https:\/\/i0.wp.com\/lasprimeras.com.do\/wp-content\/uploads\/2026\/03\/IMG-20260318-WA0693.jpg?resize=525%2C300&ssl=1 1.5x, https:\/\/i0.wp.com\/lasprimeras.com.do\/wp-content\/uploads\/2026\/03\/IMG-20260318-WA0693.jpg?resize=700%2C400&ssl=1 2x, https:\/\/i0.wp.com\/lasprimeras.com.do\/wp-content\/uploads\/2026\/03\/IMG-20260318-WA0693.jpg?resize=1050%2C600&ssl=1 3x, https:\/\/i0.wp.com\/lasprimeras.com.do\/wp-content\/uploads\/2026\/03\/IMG-20260318-WA0693.jpg?resize=1400%2C800&ssl=1 4x"},"classes":[]}],"jetpack_sharing_enabled":true,"_links":{"self":[{"href":"https:\/\/lasprimeras.com.do\/index.php\/wp-json\/wp\/v2\/posts\/124450","targetHints":{"allow":["GET"]}}],"collection":[{"href":"https:\/\/lasprimeras.com.do\/index.php\/wp-json\/wp\/v2\/posts"}],"about":[{"href":"https:\/\/lasprimeras.com.do\/index.php\/wp-json\/wp\/v2\/types\/post"}],"author":[{"embeddable":true,"href":"https:\/\/lasprimeras.com.do\/index.php\/wp-json\/wp\/v2\/users\/10"}],"replies":[{"embeddable":true,"href":"https:\/\/lasprimeras.com.do\/index.php\/wp-json\/wp\/v2\/comments?post=124450"}],"version-history":[{"count":1,"href":"https:\/\/lasprimeras.com.do\/index.php\/wp-json\/wp\/v2\/posts\/124450\/revisions"}],"predecessor-version":[{"id":124454,"href":"https:\/\/lasprimeras.com.do\/index.php\/wp-json\/wp\/v2\/posts\/124450\/revisions\/124454"}],"wp:featuredmedia":[{"embeddable":true,"href":"https:\/\/lasprimeras.com.do\/index.php\/wp-json\/wp\/v2\/media\/124451"}],"wp:attachment":[{"href":"https:\/\/lasprimeras.com.do\/index.php\/wp-json\/wp\/v2\/media?parent=124450"}],"wp:term":[{"taxonomy":"category","embeddable":true,"href":"https:\/\/lasprimeras.com.do\/index.php\/wp-json\/wp\/v2\/categories?post=124450"},{"taxonomy":"post_tag","embeddable":true,"href":"https:\/\/lasprimeras.com.do\/index.php\/wp-json\/wp\/v2\/tags?post=124450"}],"curies":[{"name":"wp","href":"https:\/\/api.w.org\/{rel}","templated":true}]}}