{"id":124455,"date":"2026-03-12T18:17:19","date_gmt":"2026-03-12T22:17:19","guid":{"rendered":"https:\/\/lasprimeras.com.do\/?p=124455"},"modified":"2026-03-12T18:17:21","modified_gmt":"2026-03-12T22:17:21","slug":"mp-procesa-a-implicados-en-robo-a-joyeria-de-cristo-rey","status":"publish","type":"post","link":"https:\/\/lasprimeras.com.do\/index.php\/2026\/03\/12\/mp-procesa-a-implicados-en-robo-a-joyeria-de-cristo-rey\/","title":{"rendered":"MP procesa a implicados en robo a joyer\u00eda de Cristo Rey"},"content":{"rendered":"\n<p>El Ministerio P\u00fablico solicitar\u00e1 medida de coerci\u00f3n contra dos hombres vinculados al asalto a mano armada perpetrado contra una joyer\u00eda ubicada en el sector Cristo Rey, en el Distrito Nacional.<\/p>\n\n\n\n<p>La solicitud ser\u00e1 presentada por el Departamento de Cr\u00edmenes y Delitos contra la Persona (Robo) de la Fiscal\u00eda del Distrito Nacional contra Juan Alexander G\u00e1lvez Marte (Alex Bronx) y Hensy Yoel Reynoso Abreu, se\u00f1alados como parte de la estructura que planific\u00f3 y ejecut\u00f3 el hecho delictivo.<\/p>\n\n\n\n<p>De acuerdo con las investigaciones, G\u00e1lvez Marte, condenado en otros dos procesos judiciales a 30 a\u00f1os de prisi\u00f3n por homicidio agravado, cumple condena en el Centro de Privaci\u00f3n de Libertad de La Victoria, y ahora es se\u00f1alado como autor intelectual del asalto, desde donde coordin\u00f3 la operaci\u00f3n criminal y financi\u00f3 la compra del veh\u00edculo utilizado en el robo.<\/p>\n\n\n\n<p>En tanto, Reynoso Abreu habr\u00eda participado en la venta de una prenda y en la compra del veh\u00edculo utilizado para cometer el asalto, en coordinaci\u00f3n con otros imputados.<\/p>\n\n\n\n<p>Hensy Yoel Reynoso Abreu qued\u00f3 bajo arresto en la tarde del mi\u00e9rcoles, 11 de marzo de 2026, mientras se retiraba del Edificio Investigativo de la Fiscal\u00eda del Distrito Nacional tras ser interrogado nuevamente.<\/p>\n\n\n\n<p>La defensa de Reynoso Abreu, que deposit\u00f3 Habeas Corpus con el que buscaba la libertad de su cliente, desisti\u00f3 del recurso durante su conocimiento en la Novena Sala Penal del Distrito Nacional.<\/p>\n\n\n\n<p>Las autoridades tambi\u00e9n han identificado a otros presuntos participantes en el hecho, quienes se encuentran pr\u00f3fugos, mientras el Ministerio P\u00fablico contin\u00faa con las labores de b\u00fasqueda y localizaci\u00f3n para que respondan ante la justicia por los hechos que se les imputan.<\/p>\n","protected":false},"excerpt":{"rendered":"<p>El Ministerio P\u00fablico solicitar\u00e1 medida de coerci\u00f3n contra dos hombres vinculados al asalto a mano armada perpetrado contra una joyer\u00eda ubicada en el sector Cristo Rey, en el Distrito Nacional.&hellip;<\/p>\n","protected":false},"author":10,"featured_media":53050,"comment_status":"open","ping_status":"open","sticky":false,"template":"","format":"standard","meta":{"content-type":"","jetpack_post_was_ever_published":false,"_jetpack_newsletter_access":"","_jetpack_dont_email_post_to_subs":false,"_jetpack_newsletter_tier_id":0,"_jetpack_memberships_contains_paywalled_content":false,"_jetpack_memberships_contains_paid_content":false,"footnotes":""},"categories":[289],"tags":[4928,31120,1339,2166,5104,11253,12730,290],"class_list":["post-124455","post","type-post","status-publish","format-standard","has-post-thumbnail","hentry","category-justicia","tag-asalto","tag-autores-intelectual","tag-coercion","tag-cristo-rey","tag-dos-hombres","tag-joyeria","tag-material","tag-ministerio-publico"],"jetpack_featured_media_url":"https:\/\/lasprimeras.com.do\/wp-content\/uploads\/2023\/06\/Mallete.jpg","jetpack-related-posts":[{"id":124594,"url":"https:\/\/lasprimeras.com.do\/index.php\/2026\/03\/13\/mp-deposita-solicitud-de-coercion-contra-intelectuales-del-asalto-a-joyeria-en-cristo-rey\/","url_meta":{"origin":124455,"position":0},"title":"MP deposita solicitud de coerci\u00f3n contra intelectuales del asalto a joyer\u00eda en Cristo Rey","author":"Nelson Feliz","date":"13 de marzo de 2026","format":false,"excerpt":"El \u00f3rgano persecutor pidi\u00f3 que se imponga prisi\u00f3n preventiva contra los imputados El Ministerio P\u00fablico deposit\u00f3 en la Oficina Judicial de Servicios de Atenci\u00f3n Permanente del Distrito Nacional la solicitud de medida de coerci\u00f3n, consistente en prisi\u00f3n preventiva, contra dos hombres vinculados al asalto a mano armada perpetrado contra una\u2026","rel":"","context":"En \u00abJUSTICIA\u00bb","block_context":{"text":"JUSTICIA","link":"https:\/\/lasprimeras.com.do\/index.php\/category\/justicia\/"},"img":{"alt_text":"","src":"https:\/\/i0.wp.com\/lasprimeras.com.do\/wp-content\/uploads\/2026\/03\/asalto.jpg?resize=350%2C200&ssl=1","width":350,"height":200,"srcset":"https:\/\/i0.wp.com\/lasprimeras.com.do\/wp-content\/uploads\/2026\/03\/asalto.jpg?resize=350%2C200&ssl=1 1x, https:\/\/i0.wp.com\/lasprimeras.com.do\/wp-content\/uploads\/2026\/03\/asalto.jpg?resize=525%2C300&ssl=1 1.5x, https:\/\/i0.wp.com\/lasprimeras.com.do\/wp-content\/uploads\/2026\/03\/asalto.jpg?resize=700%2C400&ssl=1 2x"},"classes":[]},{"id":125106,"url":"https:\/\/lasprimeras.com.do\/index.php\/2026\/03\/19\/prision-preventiva-a-tres-hombres-imputados-por-asalto-a-joyeria-en-cristo-rey\/","url_meta":{"origin":124455,"position":1},"title":"Prisi\u00f3n preventiva a tres hombres imputados por asalto a joyer\u00eda en Cristo Rey","author":"Nelson Feliz","date":"19 de marzo de 2026","format":false,"excerpt":"A solicitud del Ministerio P\u00fablico, un tribunal del Distrito Nacional impuso tres meses de prisi\u00f3n preventiva, como medida de coerci\u00f3n, contra tres hombres imputados en el asalto a mano armada perpetrado contra una joyer\u00eda ubicada en el sector Cristo Rey. La Oficina Judicial de Servicios de Atenci\u00f3n Permanente del Distrito\u2026","rel":"","context":"En \u00abJUSTICIA\u00bb","block_context":{"text":"JUSTICIA","link":"https:\/\/lasprimeras.com.do\/index.php\/category\/justicia\/"},"img":{"alt_text":"","src":"","width":0,"height":0},"classes":[]},{"id":124308,"url":"https:\/\/lasprimeras.com.do\/index.php\/2026\/03\/10\/recluso-de-la-victoria-planeo-asalto-a-joyeria-en-cristo-rey\/","url_meta":{"origin":124455,"position":2},"title":"Recluso de La Victoria plane\u00f3 asalto a joyer\u00eda en Cristo Rey","author":"Nelson Feliz","date":"10 de marzo de 2026","format":false,"excerpt":"-Otro de los participantes result\u00f3 muerto en hecho violento ocurrido en discoteca de Hig\u00fcey, provincia La Altagracia. La Polic\u00eda Nacional, en coordinaci\u00f3n con el Ministerio P\u00fablico, logr\u00f3 avances significativos en la investigaci\u00f3n del asalto a mano armada perpetrado contra la joyer\u00eda Popi Oro, ubicada en el sector Cristo Rey, Distrito\u2026","rel":"","context":"En \u00abMILITARES\u00bb","block_context":{"text":"MILITARES","link":"https:\/\/lasprimeras.com.do\/index.php\/category\/militares\/"},"img":{"alt_text":"","src":"https:\/\/i0.wp.com\/lasprimeras.com.do\/wp-content\/uploads\/2026\/03\/preso.jpg?resize=350%2C200&ssl=1","width":350,"height":200},"classes":[]},{"id":88040,"url":"https:\/\/lasprimeras.com.do\/index.php\/2024\/08\/21\/capturan-en-el-dn-a-presunto-implicado-en-asalto-a-joyeria-de-santiago\/","url_meta":{"origin":124455,"position":3},"title":"Capturan en el DN a presunto implicado en asalto a joyer\u00eda de Santiago","author":"Nelson Feliz","date":"21 de agosto de 2024","format":false,"excerpt":"-Recuperan m\u00e1s de mil gramos de prendas en oro y plata, as\u00ed como tambi\u00e9n 201 mil pesos en efectivo. Agentes policiales adscritos a la Direcci\u00f3n Central de Investigaci\u00f3n (DICRIM) en Santiago capturaron a uno de los dos implicados en el asalto a mano armada a una joyer\u00eda ubicada en la\u2026","rel":"","context":"En \u00abMILITARES\u00bb","block_context":{"text":"MILITARES","link":"https:\/\/lasprimeras.com.do\/index.php\/category\/militares\/"},"img":{"alt_text":"Evidencias","src":"https:\/\/i0.wp.com\/lasprimeras.com.do\/wp-content\/uploads\/2024\/08\/evidencias-1.jpg?resize=350%2C200&ssl=1","width":350,"height":200,"srcset":"https:\/\/i0.wp.com\/lasprimeras.com.do\/wp-content\/uploads\/2024\/08\/evidencias-1.jpg?resize=350%2C200&ssl=1 1x, https:\/\/i0.wp.com\/lasprimeras.com.do\/wp-content\/uploads\/2024\/08\/evidencias-1.jpg?resize=525%2C300&ssl=1 1.5x, https:\/\/i0.wp.com\/lasprimeras.com.do\/wp-content\/uploads\/2024\/08\/evidencias-1.jpg?resize=700%2C400&ssl=1 2x"},"classes":[]},{"id":74606,"url":"https:\/\/lasprimeras.com.do\/index.php\/2024\/01\/24\/20-anos-de-prision-contra-dos-atracadores-que-asaltaron-una-joyeria-en-invivienda\/","url_meta":{"origin":124455,"position":4},"title":"20 a\u00f1os de prisi\u00f3n contra dos atracadores que asaltaron una joyer\u00eda en Invivienda","author":"Nelson Feliz","date":"24 de enero de 2024","format":false,"excerpt":"Por Martin Restituyo La Procuradur\u00eda Fiscal de Santo Domingo Este y Norte obtuvo dos condenas de 20 a\u00f1os prisi\u00f3n cada una, en contra de dos asaltantes, que a mano armada atracaron en una joyer\u00eda, logrando llevarse toda la mercanc\u00eda del lugar, en un suceso ocurrido en el a\u00f1o 2023, en\u2026","rel":"","context":"En \u00abJUSTICIA\u00bb","block_context":{"text":"JUSTICIA","link":"https:\/\/lasprimeras.com.do\/index.php\/category\/justicia\/"},"img":{"alt_text":"","src":"","width":0,"height":0},"classes":[]},{"id":82158,"url":"https:\/\/lasprimeras.com.do\/index.php\/2024\/04\/29\/apresan-hombre-por-consumo-no-autorizado-de-tarjeta-de-credito-de-en-cristo-rey\/","url_meta":{"origin":124455,"position":5},"title":"Apresan hombre por consumo no autorizado de tarjeta de cr\u00e9dito de en Cristo Rey","author":"Nelson Feliz","date":"29 de abril de 2024","format":false,"excerpt":"Por Martin Restituyo Miembros de la Polic\u00eda Nacional apresaron un hombre por consumo no autorizado de tarjeta de cr\u00e9dito y\/o d\u00e9bito de una ciudadana en el sector de Cristo Rey, Distrito Nacional. El hombre por sustraer las tarjetas de una cartera, la misma conten\u00eda la suma de 300 d\u00f3lares y\u2026","rel":"","context":"En \u00abMILITARES\u00bb","block_context":{"text":"MILITARES","link":"https:\/\/lasprimeras.com.do\/index.php\/category\/militares\/"},"img":{"alt_text":"preso-celda","src":"https:\/\/i0.wp.com\/lasprimeras.com.do\/wp-content\/uploads\/2023\/06\/preso-celda.jpg?resize=350%2C200&ssl=1","width":350,"height":200,"srcset":"https:\/\/i0.wp.com\/lasprimeras.com.do\/wp-content\/uploads\/2023\/06\/preso-celda.jpg?resize=350%2C200&ssl=1 1x, https:\/\/i0.wp.com\/lasprimeras.com.do\/wp-content\/uploads\/2023\/06\/preso-celda.jpg?resize=525%2C300&ssl=1 1.5x, https:\/\/i0.wp.com\/lasprimeras.com.do\/wp-content\/uploads\/2023\/06\/preso-celda.jpg?resize=700%2C400&ssl=1 2x"},"classes":[]}],"jetpack_sharing_enabled":true,"_links":{"self":[{"href":"https:\/\/lasprimeras.com.do\/index.php\/wp-json\/wp\/v2\/posts\/124455","targetHints":{"allow":["GET"]}}],"collection":[{"href":"https:\/\/lasprimeras.com.do\/index.php\/wp-json\/wp\/v2\/posts"}],"about":[{"href":"https:\/\/lasprimeras.com.do\/index.php\/wp-json\/wp\/v2\/types\/post"}],"author":[{"embeddable":true,"href":"https:\/\/lasprimeras.com.do\/index.php\/wp-json\/wp\/v2\/users\/10"}],"replies":[{"embeddable":true,"href":"https:\/\/lasprimeras.com.do\/index.php\/wp-json\/wp\/v2\/comments?post=124455"}],"version-history":[{"count":1,"href":"https:\/\/lasprimeras.com.do\/index.php\/wp-json\/wp\/v2\/posts\/124455\/revisions"}],"predecessor-version":[{"id":124456,"href":"https:\/\/lasprimeras.com.do\/index.php\/wp-json\/wp\/v2\/posts\/124455\/revisions\/124456"}],"wp:featuredmedia":[{"embeddable":true,"href":"https:\/\/lasprimeras.com.do\/index.php\/wp-json\/wp\/v2\/media\/53050"}],"wp:attachment":[{"href":"https:\/\/lasprimeras.com.do\/index.php\/wp-json\/wp\/v2\/media?parent=124455"}],"wp:term":[{"taxonomy":"category","embeddable":true,"href":"https:\/\/lasprimeras.com.do\/index.php\/wp-json\/wp\/v2\/categories?post=124455"},{"taxonomy":"post_tag","embeddable":true,"href":"https:\/\/lasprimeras.com.do\/index.php\/wp-json\/wp\/v2\/tags?post=124455"}],"curies":[{"name":"wp","href":"https:\/\/api.w.org\/{rel}","templated":true}]}}