{"id":124459,"date":"2026-03-12T19:44:20","date_gmt":"2026-03-12T23:44:20","guid":{"rendered":"https:\/\/lasprimeras.com.do\/?p=124459"},"modified":"2026-03-12T19:44:22","modified_gmt":"2026-03-12T23:44:22","slug":"denuncian-venta-masiva-de-productos-sin-registro-sanitario-en-supermercados","status":"publish","type":"post","link":"https:\/\/lasprimeras.com.do\/index.php\/2026\/03\/12\/denuncian-venta-masiva-de-productos-sin-registro-sanitario-en-supermercados\/","title":{"rendered":"Denuncian venta masiva de productos sin registro sanitario en supermercados"},"content":{"rendered":"\n<p><strong>Dice Pro-Consumidor est\u00e1 trabajando de manera muy ambigua y negligente tras el auge de las marcas blancas.<\/strong><\/p>\n\n\n\n<p>Por Alex Montero<\/p>\n\n\n\n<p>El Abogado e Investigador V\u00edctor Eddy Mateo V\u00e1squez, denuncio este mi\u00e9rcoles sobre el aumento de los productos importados o marcas blancas y que son colocadas en las g\u00f3ndolas de las diferentes cadenas de supermercados de nuestro pa\u00eds, sin recibir el registro sanitario por la Direcci\u00f3n General de Medicamentos, Alimentos y Productos Sanitarios \u201cDIGEMAPS\u201d.<\/p>\n\n\n\n<p>El exmiembro del Consejo Directivo de la Comisi\u00f3n Nacional de Defensa de la Competencia (Pro-competencia), V\u00edctor Eddy Mateo V\u00e1squez, manifest\u00f3 que el auge de las \u00a8marcas blancas\u00a8 es algo normal que se viene sucediendo desde hace varias d\u00e9cadas, no solo en nuestro pa\u00eds, sino en muchas partes del mundo se contempla un 5% de esos productos, mientras Republica Dominicana supera el 27 por ciento.<\/p>\n\n\n\n<p>Mateo V\u00e1squez, se\u00f1ala que un sin n\u00famero de estos productos se comercializan en las principales cadenas de supermercados de nuestro pa\u00eds, sin registro sanitario y las autoridades que est\u00e1n obligados a velar por la salud del pueblo dominicana, lo han permitido y nuestros familiares est\u00e1n enfermando, por esta mala gerencia.<\/p>\n\n\n\n<p>El profesor dijo que el Instituto Nacional de Protecci\u00f3n de los Derechos del Consumidor (Pro-consumidor) est\u00e1 actuado de manera muy ambigua, este es un tema que debi\u00f3 llamar la atenci\u00f3n del gobierno, desde hace m\u00e1s de 15 a\u00f1os se est\u00e1 viendo el auge las marcas blancas.<\/p>\n\n\n\n<p>Afirmo que el incremento de estos productos se debe al descuido de las autoridades, porque los productos que carecen de registro sanitario no deben ser vendido al p\u00fablico, sin que se apliquen las leyes y las normas.<\/p>\n","protected":false},"excerpt":{"rendered":"<p>Dice Pro-Consumidor est\u00e1 trabajando de manera muy ambigua y negligente tras el auge de las marcas blancas. Por Alex Montero El Abogado e Investigador V\u00edctor Eddy Mateo V\u00e1squez, denuncio este&hellip;<\/p>\n","protected":false},"author":10,"featured_media":92424,"comment_status":"open","ping_status":"open","sticky":false,"template":"","format":"standard","meta":{"content-type":"","jetpack_post_was_ever_published":false,"_jetpack_newsletter_access":"","_jetpack_dont_email_post_to_subs":false,"_jetpack_newsletter_tier_id":0,"_jetpack_memberships_contains_paywalled_content":false,"_jetpack_memberships_contains_paid_content":false,"footnotes":""},"categories":[39,25],"tags":[2597,31125,31124,2903,31123,31122],"class_list":["post-124459","post","type-post","status-publish","format-standard","has-post-thumbnail","hentry","category-economia","category-portada","tag-abogado","tag-cadenas-de-supermercados","tag-comercializan","tag-productos","tag-sin-registro-sanitarios","tag-victor-mateo"],"jetpack_featured_media_url":"https:\/\/lasprimeras.com.do\/wp-content\/uploads\/2025\/01\/Victor-Eddy-Mateo-Vasquez.jpg","jetpack-related-posts":[{"id":124137,"url":"https:\/\/lasprimeras.com.do\/index.php\/2026\/03\/08\/victor-eddy-mateo-denuncia-auge-descontrolado-de-marcas-blancas-en-supermercados\/","url_meta":{"origin":124459,"position":0},"title":"V\u00edctor Eddy Mateo denuncia auge descontrolado de marcas blancas en supermercados","author":"Nelson Feliz","date":"8 de marzo de 2026","format":false,"excerpt":"Por Jesus Feliz El abogado y dirigente pol\u00edtico V\u00edctor Eddy Mateo V\u00e1squez calific\u00f3 como una situaci\u00f3n de \"descuido total\" por parte de las autoridades la proliferaci\u00f3n de \"marcas blancas\" en los supermercados dominicanos que operan sin registros sanitarios definitivos, poniendo en riesgo la salud de la poblaci\u00f3n. Mateo V\u00e1squez, dijo\u2026","rel":"","context":"En \u00abECONOM\u00cdA\u00bb","block_context":{"text":"ECONOM\u00cdA","link":"https:\/\/lasprimeras.com.do\/index.php\/category\/economia\/"},"img":{"alt_text":"V\u00edctor Eddy Mateo V\u00e1squez","src":"https:\/\/i0.wp.com\/lasprimeras.com.do\/wp-content\/uploads\/2025\/01\/Victor-Eddy-Mateo-Vasquez.jpg?resize=350%2C200&ssl=1","width":350,"height":200,"srcset":"https:\/\/i0.wp.com\/lasprimeras.com.do\/wp-content\/uploads\/2025\/01\/Victor-Eddy-Mateo-Vasquez.jpg?resize=350%2C200&ssl=1 1x, https:\/\/i0.wp.com\/lasprimeras.com.do\/wp-content\/uploads\/2025\/01\/Victor-Eddy-Mateo-Vasquez.jpg?resize=525%2C300&ssl=1 1.5x, https:\/\/i0.wp.com\/lasprimeras.com.do\/wp-content\/uploads\/2025\/01\/Victor-Eddy-Mateo-Vasquez.jpg?resize=700%2C400&ssl=1 2x"},"classes":[]},{"id":124139,"url":"https:\/\/lasprimeras.com.do\/index.php\/2026\/03\/08\/abogado-denuncia-productos-de-marcas-blancas-se-venden-en-supermercados-de-forma-irregular\/","url_meta":{"origin":124459,"position":1},"title":"Abogado denuncia productos de &#8220;marcas blancas\u201d se venden en supermercados de forma irregular","author":"Nelson Feliz","date":"8 de marzo de 2026","format":false,"excerpt":"Abdias Estrella El abogado, pol\u00edtico dominicano miembros del Partido de la Liberaci\u00f3n Dominicano, V\u00edctor Eddy Mateo Vasquez, ha manifestado una situaci\u00f3n alarmante sobre las \" marcas blancas\u201d lo cual est\u00e1n siendo expendidas en los supermercados de forma irregular. Mateo Vasquez, manifest\u00f3 que estas marcas que no est\u00e1n siendo supervisadas por\u2026","rel":"","context":"En \u00abECONOM\u00cdA\u00bb","block_context":{"text":"ECONOM\u00cdA","link":"https:\/\/lasprimeras.com.do\/index.php\/category\/economia\/"},"img":{"alt_text":"","src":"https:\/\/i0.wp.com\/lasprimeras.com.do\/wp-content\/uploads\/2026\/03\/gondolas.jpg?resize=350%2C200&ssl=1","width":350,"height":200,"srcset":"https:\/\/i0.wp.com\/lasprimeras.com.do\/wp-content\/uploads\/2026\/03\/gondolas.jpg?resize=350%2C200&ssl=1 1x, https:\/\/i0.wp.com\/lasprimeras.com.do\/wp-content\/uploads\/2026\/03\/gondolas.jpg?resize=525%2C300&ssl=1 1.5x"},"classes":[]},{"id":114976,"url":"https:\/\/lasprimeras.com.do\/index.php\/2025\/11\/18\/victor-eddy-mateo-el-coba-debe-ser-convertido-en-una-ley-organica-y-no-seguir-funcionando-como-un-decreto-inconstitucional\/","url_meta":{"origin":124459,"position":2},"title":"V\u00edctor Eddy Mateo: &#8220;El COBA debe ser convertido en una Ley Org\u00e1nica y no seguir funcionando como un Decreto Inconstitucional&#8221;","author":"Nelson Feliz","date":"18 de noviembre de 2025","format":false,"excerpt":"El reconocido abogado y doctor en Derecho, V\u00edctor Eddy Mateo V\u00e1squez, ha generado controversia al declarar que el Programa de Control de Bebidas Alcoh\u00f3licas (COBA), que opera bajo el Decreto 308-06, es inconstitucional y debe ser elevado a rango de Ley Org\u00e1nica. Las declaraciones fueron ofrecidas durante su participaci\u00f3n en\u2026","rel":"","context":"En \u00abNACIONALES\u00bb","block_context":{"text":"NACIONALES","link":"https:\/\/lasprimeras.com.do\/index.php\/category\/nacionales\/"},"img":{"alt_text":"","src":"","width":0,"height":0},"classes":[]},{"id":125252,"url":"https:\/\/lasprimeras.com.do\/index.php\/2026\/03\/20\/victor-mateo-denuncia-gobierno-impone-reforma-fiscal-encubierta-via-combustibles\/","url_meta":{"origin":124459,"position":3},"title":"V\u00edctor Mateo denuncia Gobierno impone reforma fiscal encubierta v\u00eda combustibles","author":"Nelson Feliz","date":"20 de marzo de 2026","format":false,"excerpt":"El abogado V\u00edctor Mateo V\u00e1squez calific\u00f3 como una \"reforma fiscal por la izquierda\" la decisi\u00f3n del Gobierno dominicano de mantener los precios de los combustibles en niveles m\u00e1ximos, incluso cuando el precio del petr\u00f3leo a nivel internacional mostraba bajas significativas por debajo de los 85 d\u00f3lares. Mateo V\u00e1squez explic\u00f3 que,\u2026","rel":"","context":"En \u00abECONOM\u00cdA\u00bb","block_context":{"text":"ECONOM\u00cdA","link":"https:\/\/lasprimeras.com.do\/index.php\/category\/economia\/"},"img":{"alt_text":"V\u00edctor Eddy Mateo V\u00e1squez","src":"https:\/\/i0.wp.com\/lasprimeras.com.do\/wp-content\/uploads\/2025\/01\/Victor-Eddy-Mateo-Vasquez.jpg?resize=350%2C200&ssl=1","width":350,"height":200,"srcset":"https:\/\/i0.wp.com\/lasprimeras.com.do\/wp-content\/uploads\/2025\/01\/Victor-Eddy-Mateo-Vasquez.jpg?resize=350%2C200&ssl=1 1x, https:\/\/i0.wp.com\/lasprimeras.com.do\/wp-content\/uploads\/2025\/01\/Victor-Eddy-Mateo-Vasquez.jpg?resize=525%2C300&ssl=1 1.5x, https:\/\/i0.wp.com\/lasprimeras.com.do\/wp-content\/uploads\/2025\/01\/Victor-Eddy-Mateo-Vasquez.jpg?resize=700%2C400&ssl=1 2x"},"classes":[]},{"id":125339,"url":"https:\/\/lasprimeras.com.do\/index.php\/2026\/03\/22\/eddy-mateo-vasquez-dice-barahona-se-identifica-con-el-pld\/","url_meta":{"origin":124459,"position":4},"title":"Eddy Mateo V\u00e1squez dice Barahona se identifica con el PLD","author":"Nelson Feliz","date":"22 de marzo de 2026","format":false,"excerpt":"El ex Senador resalta la resiliencia del Partido de la Liberaci\u00f3n Dominicana como fuerza pol\u00edtica. El ex senador del Partido de la Liberaci\u00f3n Dominicana por Barahona, Eddy Mateo V\u00e1squez, dijo que ese partido recuper\u00f3 la plaza en esa provincia, al tiempo que valor\u00f3 el legado de obras ejecutadas durante los\u2026","rel":"","context":"En \u00abPOLITICA\u00bb","block_context":{"text":"POLITICA","link":"https:\/\/lasprimeras.com.do\/index.php\/category\/politica\/"},"img":{"alt_text":"","src":"https:\/\/i0.wp.com\/lasprimeras.com.do\/wp-content\/uploads\/2026\/03\/Eddy-Mateo-Vasquez.jpg?resize=350%2C200&ssl=1","width":350,"height":200,"srcset":"https:\/\/i0.wp.com\/lasprimeras.com.do\/wp-content\/uploads\/2026\/03\/Eddy-Mateo-Vasquez.jpg?resize=350%2C200&ssl=1 1x, https:\/\/i0.wp.com\/lasprimeras.com.do\/wp-content\/uploads\/2026\/03\/Eddy-Mateo-Vasquez.jpg?resize=525%2C300&ssl=1 1.5x, https:\/\/i0.wp.com\/lasprimeras.com.do\/wp-content\/uploads\/2026\/03\/Eddy-Mateo-Vasquez.jpg?resize=700%2C400&ssl=1 2x"},"classes":[]},{"id":104616,"url":"https:\/\/lasprimeras.com.do\/index.php\/2025\/07\/25\/pro-consumidor-y-digemaps-ordenan-retiro-y-prohiben-comercializacion-de-pasta-dental-colgate-total-prevencion-activa-clean-mint\/","url_meta":{"origin":124459,"position":5},"title":"Pro Consumidor y Digemaps ordenan retiro y proh\u00edben comercializaci\u00f3n de pasta dental Colgate Total Prevenci\u00f3n Activa Clean Mint","author":"Nelson Feliz","date":"25 de julio de 2025","format":false,"excerpt":"Digemaps suspende registro sanitario del producto- El Instituto Nacional de Protecci\u00f3n de los Derechos del Consumidor (Pro Consumidor) y la Direcci\u00f3n General de Medicamentos, Alimentos y Productos Sanitarios (Digemaps) anunciaron este viernes el retiro de todas las presentaciones y denominaciones procedentes de Brasil de la pasta dental Colgate Total Prevenci\u00f3n\u2026","rel":"","context":"En \u00abNACIONALES\u00bb","block_context":{"text":"NACIONALES","link":"https:\/\/lasprimeras.com.do\/index.php\/category\/nacionales\/"},"img":{"alt_text":"","src":"https:\/\/i0.wp.com\/lasprimeras.com.do\/wp-content\/uploads\/2025\/07\/colgate-1.jpeg?resize=350%2C200&ssl=1","width":350,"height":200,"srcset":"https:\/\/i0.wp.com\/lasprimeras.com.do\/wp-content\/uploads\/2025\/07\/colgate-1.jpeg?resize=350%2C200&ssl=1 1x, https:\/\/i0.wp.com\/lasprimeras.com.do\/wp-content\/uploads\/2025\/07\/colgate-1.jpeg?resize=525%2C300&ssl=1 1.5x, https:\/\/i0.wp.com\/lasprimeras.com.do\/wp-content\/uploads\/2025\/07\/colgate-1.jpeg?resize=700%2C400&ssl=1 2x, https:\/\/i0.wp.com\/lasprimeras.com.do\/wp-content\/uploads\/2025\/07\/colgate-1.jpeg?resize=1050%2C600&ssl=1 3x"},"classes":[]}],"jetpack_sharing_enabled":true,"_links":{"self":[{"href":"https:\/\/lasprimeras.com.do\/index.php\/wp-json\/wp\/v2\/posts\/124459","targetHints":{"allow":["GET"]}}],"collection":[{"href":"https:\/\/lasprimeras.com.do\/index.php\/wp-json\/wp\/v2\/posts"}],"about":[{"href":"https:\/\/lasprimeras.com.do\/index.php\/wp-json\/wp\/v2\/types\/post"}],"author":[{"embeddable":true,"href":"https:\/\/lasprimeras.com.do\/index.php\/wp-json\/wp\/v2\/users\/10"}],"replies":[{"embeddable":true,"href":"https:\/\/lasprimeras.com.do\/index.php\/wp-json\/wp\/v2\/comments?post=124459"}],"version-history":[{"count":1,"href":"https:\/\/lasprimeras.com.do\/index.php\/wp-json\/wp\/v2\/posts\/124459\/revisions"}],"predecessor-version":[{"id":124460,"href":"https:\/\/lasprimeras.com.do\/index.php\/wp-json\/wp\/v2\/posts\/124459\/revisions\/124460"}],"wp:featuredmedia":[{"embeddable":true,"href":"https:\/\/lasprimeras.com.do\/index.php\/wp-json\/wp\/v2\/media\/92424"}],"wp:attachment":[{"href":"https:\/\/lasprimeras.com.do\/index.php\/wp-json\/wp\/v2\/media?parent=124459"}],"wp:term":[{"taxonomy":"category","embeddable":true,"href":"https:\/\/lasprimeras.com.do\/index.php\/wp-json\/wp\/v2\/categories?post=124459"},{"taxonomy":"post_tag","embeddable":true,"href":"https:\/\/lasprimeras.com.do\/index.php\/wp-json\/wp\/v2\/tags?post=124459"}],"curies":[{"name":"wp","href":"https:\/\/api.w.org\/{rel}","templated":true}]}}