{"id":124461,"date":"2026-03-12T19:52:13","date_gmt":"2026-03-12T23:52:13","guid":{"rendered":"https:\/\/lasprimeras.com.do\/?p=124461"},"modified":"2026-03-12T19:52:15","modified_gmt":"2026-03-12T23:52:15","slug":"opcion-democratica-rechaza-objecion-del-congreso-a-candidaturas-independientes","status":"publish","type":"post","link":"https:\/\/lasprimeras.com.do\/index.php\/2026\/03\/12\/opcion-democratica-rechaza-objecion-del-congreso-a-candidaturas-independientes\/","title":{"rendered":"Opci\u00f3n Democr\u00e1tica rechaza objeci\u00f3n del Congreso a candidaturas independientes"},"content":{"rendered":"\n<p><strong>El partido respalda la inicitiva como motor de participaci\u00f3n ciudadana.<\/strong><\/p>\n\n\n\n<p>El partido Opci\u00f3n Democr\u00e1tica (OD) expres\u00f3 su rechazo a la objeci\u00f3n del Congreso Nacional a las candidaturas independientes al considerar que dan una alternativa a la participaci\u00f3n ciudadana sin intermediaci\u00f3n partidaria lo que constituye un paso fundamental hacia una democracia m\u00e1s inclusiva, representativa y leg\u00edtima.<\/p>\n\n\n\n<p>El secretario general de la organizaci\u00f3n Miguel Alejandro Mart\u00ednez, dijo que OD reafirma su compromiso con el fortalecimiento de la democracia dominicana, y expresa su pleno respaldo a la incorporaci\u00f3n de las candidaturas independientes en el sistema electoral.<\/p>\n\n\n\n<p>Mart\u00ednez rechaz\u00f3 categ\u00f3ricamente las declaraciones del senador Rogelio Genao, quien ha argumentado que la inclusi\u00f3n de candidatos independientes convertir\u00eda la boleta electoral en una &#8220;s\u00e1bana&#8221;.<\/p>\n\n\n\n<p>\u201cDicho argumento es f\u00e1cilmente superable con una mejor organizaci\u00f3n de la boleta. Existen ejemplos cercanos y exitosos que demuestran que esto es perfectamente viable: pa\u00edses como Panam\u00e1 y Chile han implementado mecanismos donde los tres candidatos independientes que re\u00fanen mayor cantidad de firmas acceden a la boleta. El problema no es la participaci\u00f3n ciudadana, sino la voluntad pol\u00edtica de organizar bien el proceso\u201d, afirm\u00f3.<\/p>\n\n\n\n<p>En ese sentido, el dirigente pol\u00edtico manifest\u00f3 que no podemos ignorar que en las pasadas elecciones el presidente Luis Abinader apareci\u00f3 en m\u00e1s de 20 casillas en la boleta.<\/p>\n\n\n\n<p>\u201c\u00bfAcaso eso no era ya una boleta extensa? La soluci\u00f3n es sencilla: en lugar de repetir la foto del candidato en cada partido que lo apoya, se puede colocar su imagen una sola vez y listar debajo los partidos que le respaldan. Eso reducir\u00eda considerablemente el tama\u00f1o de la boleta y har\u00eda el proceso m\u00e1s claro para el electorado\u201d, expres\u00f3.<\/p>\n\n\n\n<p>Alejandro Martinez record\u00f3 que Opci\u00f3n Democr\u00e1tica ha advertido en innumerables ocasiones que la verdadera amenaza a la igualdad de condiciones en la competencia electoral es el financiamiento pol\u00edtico sin control.<\/p>\n\n\n\n<p>Dijo que mientras no se regule y fiscalice de manera efectiva el financiamiento de los partidos, los partidos mayoritarios seguir\u00e1n teniendo una hegemon\u00eda desproporcionada que distorsiona la voluntad popular. Las candidaturas independientes, por s\u00ed solas, no pueden corregir ese desequilibrio si el dinero sigue fluyendo sin rendici\u00f3n de cuentas.<\/p>\n\n\n\n<p>Finalmente el pol\u00edtico llam\u00f3 a la Junta Central Electoral, al Congreso Nacional y a las fuerzas pol\u00edticas del pa\u00eds a debatir con seriedad y altura estos temas, poniendo el inter\u00e9s ciudadano por encima de los c\u00e1lculos electorales de los partidos establecidos.<\/p>\n\n\n\n<p>\u201cLa democracia se fortalece cuando m\u00e1s voces tienen la posibilidad de participar, no cuando se les cierran las puertas\u201d, puntualiz\u00f3.<\/p>\n","protected":false},"excerpt":{"rendered":"<p>El partido respalda la inicitiva como motor de participaci\u00f3n ciudadana. El partido Opci\u00f3n Democr\u00e1tica (OD) expres\u00f3 su rechazo a la objeci\u00f3n del Congreso Nacional a las candidaturas independientes al considerar&hellip;<\/p>\n","protected":false},"author":10,"featured_media":124462,"comment_status":"open","ping_status":"open","sticky":false,"template":"","format":"standard","meta":{"content-type":"","jetpack_post_was_ever_published":false,"_jetpack_newsletter_access":"","_jetpack_dont_email_post_to_subs":false,"_jetpack_newsletter_tier_id":0,"_jetpack_memberships_contains_paywalled_content":false,"_jetpack_memberships_contains_paid_content":false,"footnotes":""},"categories":[16559,25],"tags":[40,530,5655,31126,3495],"class_list":["post-124461","post","type-post","status-publish","format-standard","has-post-thumbnail","hentry","category-politica","category-portada","tag-candidaturas","tag-congreso","tag-independientes","tag-objecion","tag-opcion-democratica"],"jetpack_featured_media_url":"https:\/\/lasprimeras.com.do\/wp-content\/uploads\/2026\/03\/Opcion-Democratica-1.jpg","jetpack-related-posts":[{"id":94264,"url":"https:\/\/lasprimeras.com.do\/index.php\/2025\/02\/27\/jce-y-organizaciones-politicas-tratan-sobre-regulacion-de-candidaturas-independientes\/","url_meta":{"origin":124461,"position":0},"title":"JCE y organizaciones pol\u00edticas tratan sobre regulaci\u00f3n de candidaturas independientes","author":"Nelson Feliz","date":"27 de febrero de 2025","format":false,"excerpt":"Tambi\u00e9n escucha posiciones de ciudadanos. La Junta Central Electoral (JCE), a trav\u00e9s de la comisi\u00f3n que coordina el presidente del \u00f3rgano electoral, Rom\u00e1n Andr\u00e9s J\u00e1quez Liranzo, sostuvo una reuni\u00f3n este mi\u00e9rcoles con los delegados de las organizaciones pol\u00edticas reconocidas ante la instituci\u00f3n para tratar temas referentes a la regulaci\u00f3n de\u2026","rel":"","context":"En \u00abNACIONALES\u00bb","block_context":{"text":"NACIONALES","link":"https:\/\/lasprimeras.com.do\/index.php\/category\/nacionales\/"},"img":{"alt_text":"","src":"https:\/\/i0.wp.com\/lasprimeras.com.do\/wp-content\/uploads\/2025\/02\/partidos-1.jpg?resize=350%2C200&ssl=1","width":350,"height":200,"srcset":"https:\/\/i0.wp.com\/lasprimeras.com.do\/wp-content\/uploads\/2025\/02\/partidos-1.jpg?resize=350%2C200&ssl=1 1x, https:\/\/i0.wp.com\/lasprimeras.com.do\/wp-content\/uploads\/2025\/02\/partidos-1.jpg?resize=525%2C300&ssl=1 1.5x, https:\/\/i0.wp.com\/lasprimeras.com.do\/wp-content\/uploads\/2025\/02\/partidos-1.jpg?resize=700%2C400&ssl=1 2x"},"classes":[]},{"id":98847,"url":"https:\/\/lasprimeras.com.do\/index.php\/2025\/05\/13\/johnny-pujols-el-pld-respalda-la-regulacion-de-las-candidaturas-independientes\/","url_meta":{"origin":124461,"position":1},"title":"Johnny Pujols: El PLD respalda la regulaci\u00f3n de las candidaturas independientes","author":"Nelson Feliz","date":"13 de mayo de 2025","format":false,"excerpt":"\u201cIniciativa de la JCE para regular candidaturas independientes cuenta con el respaldo del Partido de la Liberaci\u00f3n Dominicana\u201d El Partido de la Liberaci\u00f3n Dominicana (PLD) reiter\u00f3 este d\u00eda su respaldo al proyecto de ley sobre la regulaci\u00f3n de las candidaturas independientes presentado por la Junta Central Electoral (JCE) reiterando la\u2026","rel":"","context":"En \u00abPOLITICA\u00bb","block_context":{"text":"POLITICA","link":"https:\/\/lasprimeras.com.do\/index.php\/category\/politica\/"},"img":{"alt_text":"Johnny Pujols","src":"https:\/\/i0.wp.com\/lasprimeras.com.do\/wp-content\/uploads\/2025\/05\/Johnny-Pujols.jpg?resize=350%2C200&ssl=1","width":350,"height":200,"srcset":"https:\/\/i0.wp.com\/lasprimeras.com.do\/wp-content\/uploads\/2025\/05\/Johnny-Pujols.jpg?resize=350%2C200&ssl=1 1x, https:\/\/i0.wp.com\/lasprimeras.com.do\/wp-content\/uploads\/2025\/05\/Johnny-Pujols.jpg?resize=525%2C300&ssl=1 1.5x"},"classes":[]},{"id":95500,"url":"https:\/\/lasprimeras.com.do\/index.php\/2025\/03\/14\/candidaturas-independientes-una-oportunidad-para-la-transformacion-democratica-y-social\/","url_meta":{"origin":124461,"position":2},"title":"Candidaturas Independientes: Una Oportunidad para la Transformaci\u00f3n Democr\u00e1tica y Social","author":"Nelson Feliz","date":"14 de marzo de 2025","format":false,"excerpt":"En un momento decisivo para la Rep\u00fablica Dominicana, el Frente C\u00edvico y Social hace un llamado a la ciudadan\u00eda para respaldar las candidaturas independientes, como una v\u00eda fundamental para romper con la partidocracia tradicional y avanzar hacia un modelo m\u00e1s justo y equitativo. El doctor Isa\u00edas Ramos advierte que el\u2026","rel":"","context":"En \u00abPOLITICA\u00bb","block_context":{"text":"POLITICA","link":"https:\/\/lasprimeras.com.do\/index.php\/category\/politica\/"},"img":{"alt_text":"Isa\u00edas Ramos","src":"https:\/\/i0.wp.com\/lasprimeras.com.do\/wp-content\/uploads\/2025\/03\/Isaias-Ramos.jpg?resize=350%2C200&ssl=1","width":350,"height":200,"srcset":"https:\/\/i0.wp.com\/lasprimeras.com.do\/wp-content\/uploads\/2025\/03\/Isaias-Ramos.jpg?resize=350%2C200&ssl=1 1x, https:\/\/i0.wp.com\/lasprimeras.com.do\/wp-content\/uploads\/2025\/03\/Isaias-Ramos.jpg?resize=525%2C300&ssl=1 1.5x, https:\/\/i0.wp.com\/lasprimeras.com.do\/wp-content\/uploads\/2025\/03\/Isaias-Ramos.jpg?resize=700%2C400&ssl=1 2x"},"classes":[]},{"id":118720,"url":"https:\/\/lasprimeras.com.do\/index.php\/2026\/01\/02\/roberto-monclus-exige-al-pleno-de-diputados-definirse-sobre-las-candidaturas-independientes\/","url_meta":{"origin":124461,"position":3},"title":"Roberto Moncl\u00fas exige al \u201cPleno de Diputados\u201d definirse sobre las candidaturas independientes","author":"Nelson Feliz","date":"2 de enero de 2026","format":false,"excerpt":"Roberto Moncl\u00fas","rel":"","context":"En \u00abPOLITICA\u00bb","block_context":{"text":"POLITICA","link":"https:\/\/lasprimeras.com.do\/index.php\/category\/politica\/"},"img":{"alt_text":"Roberto Moncl\u00fas","src":"https:\/\/i0.wp.com\/lasprimeras.com.do\/wp-content\/uploads\/2026\/01\/Roberto-Monclus.jpg?resize=350%2C200&ssl=1","width":350,"height":200,"srcset":"https:\/\/i0.wp.com\/lasprimeras.com.do\/wp-content\/uploads\/2026\/01\/Roberto-Monclus.jpg?resize=350%2C200&ssl=1 1x, https:\/\/i0.wp.com\/lasprimeras.com.do\/wp-content\/uploads\/2026\/01\/Roberto-Monclus.jpg?resize=525%2C300&ssl=1 1.5x"},"classes":[]},{"id":61959,"url":"https:\/\/lasprimeras.com.do\/index.php\/2023\/10\/02\/opcion-democratica-integra-boleta-a-deportista\/","url_meta":{"origin":124461,"position":4},"title":"Opci\u00f3n Democr\u00e1tica integra boleta a deportista","author":"BIMARY DE JES\u00daS Matos","date":"2 de octubre de 2023","format":false,"excerpt":"Santiago.\u2013 El partido Opci\u00f3n Democr\u00e1tica (OD) present\u00f3 la propuesta de candidatura a regidor del dirigente comunitario y deportista Richard Mart\u00ednez de cara a la conformaci\u00f3n de la boleta municipal para la ciudad coraz\u00f3n de esta organizaci\u00f3n pol\u00edtica progresista de la Rep\u00fablica Dominicana. Mart\u00ednez ha desarrollando su vida en la comunidad\u2026","rel":"","context":"En \u00abSin categor\u00eda\u00bb","block_context":{"text":"Sin categor\u00eda","link":"https:\/\/lasprimeras.com.do\/index.php\/category\/sin-categoria\/"},"img":{"alt_text":"","src":"https:\/\/i0.wp.com\/lasprimeras.com.do\/wp-content\/uploads\/2023\/10\/WhatsApp-Image-2023-09-28-at-11.50.30-PM-1-3.webp?resize=350%2C200&ssl=1","width":350,"height":200},"classes":[]},{"id":96535,"url":"https:\/\/lasprimeras.com.do\/index.php\/2025\/04\/02\/mayobanex-martinez-aboga-por-reglas-claras-coherentes-y-justas\/","url_meta":{"origin":124461,"position":5},"title":"Mayobanex Mart\u00ednez aboga por reglas claras, coherentes y justas","author":"Nelson Feliz","date":"2 de abril de 2025","format":false,"excerpt":"Mart\u00ednez considera equilibrado el proyecto de la JCE que busca regular las candidaturas independientes El Diputado del Partido de la Liberaci\u00f3n Dominicana (PLD) por Santiago, Mayobanex Mart\u00ednez, considera que la Junta Central Electoral con la presentaci\u00f3n del Proyecto de Ley para regular las candidaturas independientes procura un sistema equilibrado, que\u2026","rel":"","context":"En \u00abPOLITICA\u00bb","block_context":{"text":"POLITICA","link":"https:\/\/lasprimeras.com.do\/index.php\/category\/politica\/"},"img":{"alt_text":"","src":"https:\/\/i0.wp.com\/lasprimeras.com.do\/wp-content\/uploads\/2025\/04\/Mayobanex-Martinez.jpg?resize=350%2C200&ssl=1","width":350,"height":200,"srcset":"https:\/\/i0.wp.com\/lasprimeras.com.do\/wp-content\/uploads\/2025\/04\/Mayobanex-Martinez.jpg?resize=350%2C200&ssl=1 1x, https:\/\/i0.wp.com\/lasprimeras.com.do\/wp-content\/uploads\/2025\/04\/Mayobanex-Martinez.jpg?resize=525%2C300&ssl=1 1.5x, https:\/\/i0.wp.com\/lasprimeras.com.do\/wp-content\/uploads\/2025\/04\/Mayobanex-Martinez.jpg?resize=700%2C400&ssl=1 2x"},"classes":[]}],"jetpack_sharing_enabled":true,"_links":{"self":[{"href":"https:\/\/lasprimeras.com.do\/index.php\/wp-json\/wp\/v2\/posts\/124461","targetHints":{"allow":["GET"]}}],"collection":[{"href":"https:\/\/lasprimeras.com.do\/index.php\/wp-json\/wp\/v2\/posts"}],"about":[{"href":"https:\/\/lasprimeras.com.do\/index.php\/wp-json\/wp\/v2\/types\/post"}],"author":[{"embeddable":true,"href":"https:\/\/lasprimeras.com.do\/index.php\/wp-json\/wp\/v2\/users\/10"}],"replies":[{"embeddable":true,"href":"https:\/\/lasprimeras.com.do\/index.php\/wp-json\/wp\/v2\/comments?post=124461"}],"version-history":[{"count":1,"href":"https:\/\/lasprimeras.com.do\/index.php\/wp-json\/wp\/v2\/posts\/124461\/revisions"}],"predecessor-version":[{"id":124463,"href":"https:\/\/lasprimeras.com.do\/index.php\/wp-json\/wp\/v2\/posts\/124461\/revisions\/124463"}],"wp:featuredmedia":[{"embeddable":true,"href":"https:\/\/lasprimeras.com.do\/index.php\/wp-json\/wp\/v2\/media\/124462"}],"wp:attachment":[{"href":"https:\/\/lasprimeras.com.do\/index.php\/wp-json\/wp\/v2\/media?parent=124461"}],"wp:term":[{"taxonomy":"category","embeddable":true,"href":"https:\/\/lasprimeras.com.do\/index.php\/wp-json\/wp\/v2\/categories?post=124461"},{"taxonomy":"post_tag","embeddable":true,"href":"https:\/\/lasprimeras.com.do\/index.php\/wp-json\/wp\/v2\/tags?post=124461"}],"curies":[{"name":"wp","href":"https:\/\/api.w.org\/{rel}","templated":true}]}}