{"id":124467,"date":"2026-03-12T20:25:00","date_gmt":"2026-03-13T00:25:00","guid":{"rendered":"https:\/\/lasprimeras.com.do\/?p=124467"},"modified":"2026-03-12T20:25:02","modified_gmt":"2026-03-13T00:25:02","slug":"documental-dominicano-diablos-cojuelos-reconocido-en-cannes","status":"publish","type":"post","link":"https:\/\/lasprimeras.com.do\/index.php\/2026\/03\/12\/documental-dominicano-diablos-cojuelos-reconocido-en-cannes\/","title":{"rendered":"Documental dominicano \u201cDiablos Cojuelos\u201d reconocido en Cannes"},"content":{"rendered":"\n<p>El documental dominicano &#8220;Diablos Cojuelos: El Coraz\u00f3n de La Vega&#8221;, dirigido por Denny Feliz y F\u00e9lix Limardo, obtuvo el premio Best Director Documentary Feature en el World Film Festival de Cannes, reconocimiento que coloca al tradicional carnaval vegano en uno de los escenarios cinematogr\u00e1ficos m\u00e1s prestigiosos del mundo.<\/p>\n\n\n\n<p>La producci\u00f3n retrata la riqueza cultural del Carnaval de La Vega, una de las celebraciones populares m\u00e1s emblem\u00e1ticas de la Rep\u00fablica Dominicana, cuya historia se remonta a m\u00e1s de cinco siglos.<\/p>\n\n\n\n<p>Cada febrero, las calles de la ciudad se llenan de m\u00e1scaras coloridas, tambores y personajes tradicionales encabezados por el ic\u00f3nico Diablo Cojuelo, figura que se ha convertido en s\u00edmbolo de identidad cultural para generaciones de dominicanos.<\/p>\n\n\n\n<p>El documental explora el origen hist\u00f3rico de este personaje, cuya ra\u00edz se encuentra en la literatura sat\u00edrica del Siglo de Oro espa\u00f1ol, particularmente en la obra El Diablo Cojuelo de Luis V\u00e9lez de Guevara.<\/p>\n\n\n\n<p>Con el paso del tiempo, esta figura literaria cruz\u00f3 el Atl\u00e1ntico y evolucion\u00f3 en la isla hasta convertirse en el protagonista del carnaval dominicano, transformado en m\u00e1scara, danza y tradici\u00f3n popular.<\/p>\n\n\n\n<p>A trav\u00e9s de entrevistas y testimonios, la producci\u00f3n recoge las voces de figuras vinculadas al desarrollo y preservaci\u00f3n del carnaval, entre ellas Yamel Castro, quien funge como presentador del documental, as\u00ed como Yanio Concepci\u00f3n, Dagoberto Tejeda, Carlos Cayoya Marte, Jos\u00e9 Rafael Bule Lantigua, C\u00e9sar Abreu, Letty Rivera, Orlando Lora y Patricio Lantigua, entre otros protagonistas de la historia viva del carnaval.<\/p>\n\n\n\n<p>El largometraje tambi\u00e9n incorpora una dimensi\u00f3n literaria con el poema \u201cDiablo Cojuelo\u201d, del poeta dominicano Jos\u00e9 M\u00e1rmol, dedicado \u201cA Fico Concepci\u00f3n, in memoriam\u201d, amigo de infancia del autor y miembro de los tradicionales grupos de diablos cojuelos del carnaval vegano.<\/p>\n\n\n\n<p>La producci\u00f3n estuvo a cargo de Denny Feliz, Eddy Mart\u00ednez y F\u00e9lix Limardo, quienes apostaron por documentar la esencia cultural de una festividad que ha trascendido generaciones y contin\u00faa siendo uno de los pilares de la identidad dominicana.<\/p>\n\n\n\n<p>Con este reconocimiento internacional, \u201cDiablos Cojuelos: El Coraz\u00f3n de La Vega\u201d, proyecta al mundo una de las manifestaciones culturales m\u00e1s representativas del pa\u00eds, demostrando que la tradici\u00f3n del carnaval no solo vive en las calles de La Vega, sino que tambi\u00e9n puede conquistar escenarios globales del cine.<\/p>\n","protected":false},"excerpt":{"rendered":"<p>El documental dominicano &#8220;Diablos Cojuelos: El Coraz\u00f3n de La Vega&#8221;, dirigido por Denny Feliz y F\u00e9lix Limardo, obtuvo el premio Best Director Documentary Feature en el World Film Festival de&hellip;<\/p>\n","protected":false},"author":10,"featured_media":124468,"comment_status":"open","ping_status":"open","sticky":false,"template":"","format":"standard","meta":{"content-type":"","jetpack_post_was_ever_published":false,"_jetpack_newsletter_access":"","_jetpack_dont_email_post_to_subs":false,"_jetpack_newsletter_tier_id":0,"_jetpack_memberships_contains_paywalled_content":false,"_jetpack_memberships_contains_paid_content":false,"footnotes":""},"categories":[84],"tags":[31131,31130,20407,364,1753],"class_list":["post-124467","post","type-post","status-publish","format-standard","has-post-thumbnail","hentry","category-entretenimiento","tag-cannes","tag-diablos-cojuelos","tag-documental","tag-dominicano","tag-reconocido"],"jetpack_featured_media_url":"https:\/\/lasprimeras.com.do\/wp-content\/uploads\/2026\/03\/Diablos-Cojuelos.jpg","jetpack-related-posts":[{"id":49522,"url":"https:\/\/lasprimeras.com.do\/index.php\/2023\/05\/11\/miles-de-visitantes-celebran-en-la-embajada-dominicana-en-washington\/","url_meta":{"origin":124467,"position":0},"title":"Miles de visitantes celebran en la Embajada Dominicana en Washington","author":"prenxa100","date":"11 de mayo de 2023","format":false,"excerpt":"Washington, DC.- Miles de personas visitaron la sede de la Embajada Dominicana en los Estados Unidos en el evento de \u2018Passport DC\u2019, en el que las representaciones diplom\u00e1ticas abrieron sus puertas para ofrecer una muestra de cada pa\u00eds en el marco del Mes Internacional de Concientizaci\u00f3n Cultural. En dicho evento,\u2026","rel":"","context":"En \u00abSin categor\u00eda\u00bb","block_context":{"text":"Sin categor\u00eda","link":"https:\/\/lasprimeras.com.do\/index.php\/category\/sin-categoria\/"},"img":{"alt_text":"","src":"","width":0,"height":0},"classes":[]},{"id":78194,"url":"https:\/\/lasprimeras.com.do\/index.php\/2024\/02\/28\/yiyo-sarante-y-lucia-tavarez-abreu-seran-los-reyes-del-carnaval-de-santo-domingo-este\/","url_meta":{"origin":124467,"position":1},"title":"Yiyo Sarante y Luc\u00eda Tavarez Abreu ser\u00e1n los reyes del carnaval de Santo Domingo Este","author":"BIMARY DE JES\u00daS Matos","date":"28 de febrero de 2024","format":false,"excerpt":"Martin Restituyo Santo Domingo.-El salsero Yiyo Sarante y la gestora cultural Luc\u00eda Tav\u00e1rez Abreu ser\u00e1n los reyes del desfile del carnaval Santo Domingo Este 2024. As\u00ed lo inform\u00f3 el alcalde Manuel Jim\u00e9nez durante una rueda de prensa en la que anunci\u00f3, adem\u00e1s, la entrega de m\u00e1s de RD$2.9 millones en\u2026","rel":"","context":"En \u00abENTRETENIMIENTO\u00bb","block_context":{"text":"ENTRETENIMIENTO","link":"https:\/\/lasprimeras.com.do\/index.php\/category\/entretenimiento\/"},"img":{"alt_text":"","src":"https:\/\/i0.wp.com\/lasprimeras.com.do\/wp-content\/uploads\/2024\/02\/IMG-20240228-WA0064-1.jpg?resize=350%2C200&ssl=1","width":350,"height":200,"srcset":"https:\/\/i0.wp.com\/lasprimeras.com.do\/wp-content\/uploads\/2024\/02\/IMG-20240228-WA0064-1.jpg?resize=350%2C200&ssl=1 1x, https:\/\/i0.wp.com\/lasprimeras.com.do\/wp-content\/uploads\/2024\/02\/IMG-20240228-WA0064-1.jpg?resize=525%2C300&ssl=1 1.5x, https:\/\/i0.wp.com\/lasprimeras.com.do\/wp-content\/uploads\/2024\/02\/IMG-20240228-WA0064-1.jpg?resize=700%2C400&ssl=1 2x, https:\/\/i0.wp.com\/lasprimeras.com.do\/wp-content\/uploads\/2024\/02\/IMG-20240228-WA0064-1.jpg?resize=1050%2C600&ssl=1 3x, https:\/\/i0.wp.com\/lasprimeras.com.do\/wp-content\/uploads\/2024\/02\/IMG-20240228-WA0064-1.jpg?resize=1400%2C800&ssl=1 4x"},"classes":[]},{"id":78182,"url":"https:\/\/lasprimeras.com.do\/index.php\/2024\/02\/28\/yiyo-sarante-y-lucia-tavarez-abreu-seran-los-reyes-del-carnaval-de-sd-este\/","url_meta":{"origin":124467,"position":2},"title":"Yiyo Sarante y Luc\u00eda Tavarez Abreu ser\u00e1n los reyes del carnaval de SD-Este","author":"Nelson Feliz","date":"28 de febrero de 2024","format":false,"excerpt":"El alcalde Manuel Jim\u00e9nez anunci\u00f3 la entrega de 2.9 millones de pesos en premios y aporte a las comparsas ganadoras. Por Martin Restituyo El salsero Yiyo Sarante y la gestora cultural Luc\u00eda Tav\u00e1rez Abreu ser\u00e1n los reyes del desfile del carnaval Santo Domingo Este 2024. As\u00ed lo inform\u00f3 el alcalde\u2026","rel":"","context":"En \u00abENTRETENIMIENTO\u00bb","block_context":{"text":"ENTRETENIMIENTO","link":"https:\/\/lasprimeras.com.do\/index.php\/category\/entretenimiento\/"},"img":{"alt_text":"Manuel Jim\u00e9nez","src":"https:\/\/i0.wp.com\/lasprimeras.com.do\/wp-content\/uploads\/2024\/02\/Manuel-Jimenez-2-1.jpg?resize=350%2C200&ssl=1","width":350,"height":200,"srcset":"https:\/\/i0.wp.com\/lasprimeras.com.do\/wp-content\/uploads\/2024\/02\/Manuel-Jimenez-2-1.jpg?resize=350%2C200&ssl=1 1x, https:\/\/i0.wp.com\/lasprimeras.com.do\/wp-content\/uploads\/2024\/02\/Manuel-Jimenez-2-1.jpg?resize=525%2C300&ssl=1 1.5x"},"classes":[]},{"id":95965,"url":"https:\/\/lasprimeras.com.do\/index.php\/2025\/03\/23\/este-domingo-el-carnaval-dominicano-se-aduena-de-los-corazones-de-los-dominicanos\/","url_meta":{"origin":124467,"position":3},"title":"Este domingo; el Carnaval Dominicano se adue\u00f1a de los corazones de los dominicanos","author":"Nelson Feliz","date":"23 de marzo de 2025","format":false,"excerpt":"El ambiente estuvo marcado por un intenso calor y un sol radiante que acompa\u00f1\u00f3 todo el recorrido. Shaddai Eves El color, la m\u00fasica y la tradici\u00f3n se apoderaron de los corazones de cientos de dominicanos que se dieron cita en la avenida George Washington, en el Malec\u00f3n de Santo Domingo,\u2026","rel":"","context":"En \u00abENTRETENIMIENTO\u00bb","block_context":{"text":"ENTRETENIMIENTO","link":"https:\/\/lasprimeras.com.do\/index.php\/category\/entretenimiento\/"},"img":{"alt_text":"","src":"https:\/\/i0.wp.com\/lasprimeras.com.do\/wp-content\/uploads\/2025\/03\/roba.jpeg?resize=350%2C200&ssl=1","width":350,"height":200,"srcset":"https:\/\/i0.wp.com\/lasprimeras.com.do\/wp-content\/uploads\/2025\/03\/roba.jpeg?resize=350%2C200&ssl=1 1x, https:\/\/i0.wp.com\/lasprimeras.com.do\/wp-content\/uploads\/2025\/03\/roba.jpeg?resize=525%2C300&ssl=1 1.5x, https:\/\/i0.wp.com\/lasprimeras.com.do\/wp-content\/uploads\/2025\/03\/roba.jpeg?resize=700%2C400&ssl=1 2x"},"classes":[]},{"id":122827,"url":"https:\/\/lasprimeras.com.do\/index.php\/2026\/02\/23\/multitud-celebra-cuarta-salida-de-los-diablos-cojuelos-bajo-fuerte-dispositivo-de-seguridad-en-la-vega\/","url_meta":{"origin":124467,"position":4},"title":"Multitud celebra cuarta salida de los Diablos Cojuelos bajo fuerte dispositivo de seguridad en La Vega","author":"Nelson Feliz","date":"23 de febrero de 2026","format":false,"excerpt":"Por Winston Hern\u00e1ndez El tradicional sonido del cascabel volvi\u00f3 a estremecer las calles del municipio de La Vega durante la cuarta salida de los emblem\u00e1ticos Diablos Cojuelos, en una jornada marcada por la alegr\u00eda colectiva y un amplio dispositivo de seguridad que permiti\u00f3 el disfrute familiar sin incidentes. Desde tempranas\u2026","rel":"","context":"En \u00abENTRETENIMIENTO\u00bb","block_context":{"text":"ENTRETENIMIENTO","link":"https:\/\/lasprimeras.com.do\/index.php\/category\/entretenimiento\/"},"img":{"alt_text":"","src":"https:\/\/i0.wp.com\/lasprimeras.com.do\/wp-content\/uploads\/2026\/02\/IMG-20260223-WA0084.jpg?resize=350%2C200&ssl=1","width":350,"height":200,"srcset":"https:\/\/i0.wp.com\/lasprimeras.com.do\/wp-content\/uploads\/2026\/02\/IMG-20260223-WA0084.jpg?resize=350%2C200&ssl=1 1x, https:\/\/i0.wp.com\/lasprimeras.com.do\/wp-content\/uploads\/2026\/02\/IMG-20260223-WA0084.jpg?resize=525%2C300&ssl=1 1.5x, https:\/\/i0.wp.com\/lasprimeras.com.do\/wp-content\/uploads\/2026\/02\/IMG-20260223-WA0084.jpg?resize=700%2C400&ssl=1 2x, https:\/\/i0.wp.com\/lasprimeras.com.do\/wp-content\/uploads\/2026\/02\/IMG-20260223-WA0084.jpg?resize=1050%2C600&ssl=1 3x"},"classes":[]},{"id":108862,"url":"https:\/\/lasprimeras.com.do\/index.php\/2025\/09\/11\/grupo-read-recibe-en-cannes-lions-dominicana-2025-el-premio-health-company-of-the-year\/","url_meta":{"origin":124467,"position":5},"title":"Grupo Read recibe en Cannes Lions Dominicana 2025 el premio Health Company of the Year","author":"Nelson Feliz","date":"11 de septiembre de 2025","format":false,"excerpt":"El prestigioso certamen Cannes Lions Dominicana 2025 reconoci\u00f3 a Grupo Read como Health Company of the Year, destacando su impacto transformador en el sector salud, su capacidad de innovaci\u00f3n y su enfoque humano. Este galard\u00f3n, entregado por primera vez en la categor\u00eda especial Health, honra a organizaciones que enfrentan los\u2026","rel":"","context":"En \u00abSALUD\u00bb","block_context":{"text":"SALUD","link":"https:\/\/lasprimeras.com.do\/index.php\/category\/salud\/"},"img":{"alt_text":"","src":"https:\/\/i0.wp.com\/lasprimeras.com.do\/wp-content\/uploads\/2025\/09\/Sonia-Read-CEO-Grupo-Read.jpg?resize=350%2C200&ssl=1","width":350,"height":200,"srcset":"https:\/\/i0.wp.com\/lasprimeras.com.do\/wp-content\/uploads\/2025\/09\/Sonia-Read-CEO-Grupo-Read.jpg?resize=350%2C200&ssl=1 1x, https:\/\/i0.wp.com\/lasprimeras.com.do\/wp-content\/uploads\/2025\/09\/Sonia-Read-CEO-Grupo-Read.jpg?resize=525%2C300&ssl=1 1.5x, https:\/\/i0.wp.com\/lasprimeras.com.do\/wp-content\/uploads\/2025\/09\/Sonia-Read-CEO-Grupo-Read.jpg?resize=700%2C400&ssl=1 2x"},"classes":[]}],"jetpack_sharing_enabled":true,"_links":{"self":[{"href":"https:\/\/lasprimeras.com.do\/index.php\/wp-json\/wp\/v2\/posts\/124467","targetHints":{"allow":["GET"]}}],"collection":[{"href":"https:\/\/lasprimeras.com.do\/index.php\/wp-json\/wp\/v2\/posts"}],"about":[{"href":"https:\/\/lasprimeras.com.do\/index.php\/wp-json\/wp\/v2\/types\/post"}],"author":[{"embeddable":true,"href":"https:\/\/lasprimeras.com.do\/index.php\/wp-json\/wp\/v2\/users\/10"}],"replies":[{"embeddable":true,"href":"https:\/\/lasprimeras.com.do\/index.php\/wp-json\/wp\/v2\/comments?post=124467"}],"version-history":[{"count":1,"href":"https:\/\/lasprimeras.com.do\/index.php\/wp-json\/wp\/v2\/posts\/124467\/revisions"}],"predecessor-version":[{"id":124469,"href":"https:\/\/lasprimeras.com.do\/index.php\/wp-json\/wp\/v2\/posts\/124467\/revisions\/124469"}],"wp:featuredmedia":[{"embeddable":true,"href":"https:\/\/lasprimeras.com.do\/index.php\/wp-json\/wp\/v2\/media\/124468"}],"wp:attachment":[{"href":"https:\/\/lasprimeras.com.do\/index.php\/wp-json\/wp\/v2\/media?parent=124467"}],"wp:term":[{"taxonomy":"category","embeddable":true,"href":"https:\/\/lasprimeras.com.do\/index.php\/wp-json\/wp\/v2\/categories?post=124467"},{"taxonomy":"post_tag","embeddable":true,"href":"https:\/\/lasprimeras.com.do\/index.php\/wp-json\/wp\/v2\/tags?post=124467"}],"curies":[{"name":"wp","href":"https:\/\/api.w.org\/{rel}","templated":true}]}}