{"id":124470,"date":"2026-03-12T20:31:33","date_gmt":"2026-03-13T00:31:33","guid":{"rendered":"https:\/\/lasprimeras.com.do\/?p=124470"},"modified":"2026-03-12T20:31:35","modified_gmt":"2026-03-13T00:31:35","slug":"refinerias-de-america-latina-entran-en-fase-comercial-de-biocombustibles-avanzados","status":"publish","type":"post","link":"https:\/\/lasprimeras.com.do\/index.php\/2026\/03\/12\/refinerias-de-america-latina-entran-en-fase-comercial-de-biocombustibles-avanzados\/","title":{"rendered":"Refiner\u00edas de Am\u00e9rica Latina entran en fase comercial de biocombustibles avanzados"},"content":{"rendered":"\n<p>Miner\u00eda y aviaci\u00f3n est\u00e1n convirtiendo los biocombustibles \u2014principalmente desde aceites residuales\u2014 en un negocio rentable y de corto plazo en Am\u00e9rica Latina. Hay al menos 24 refiner\u00edas operando o con proyectos anunciados.<\/p>\n\n\n\n<p>Brasil lidera a escala comercial, mientras Bolivia y Chile confirman que el co-procesamiento en refiner\u00edas existentes ya es una realidad industrial.<\/p>\n\n\n\n<p>Las refiner\u00edas de Am\u00e9rica Latina est\u00e1n entrando en una nueva etapa de transformaci\u00f3n industrial mediante la adopci\u00f3n del co-procesamiento de materias primas renovables en infraestructura existente, permitiendo producir biocombustibles de segunda generaci\u00f3n como di\u00e9sel renovable (HVO) y combustible de aviaci\u00f3n sostenible (SAF).<\/p>\n\n\n\n<p>En la regi\u00f3n, al menos 24 refiner\u00edas ya operan o tienen proyectos anunciados de combustibles renovables.<\/p>\n\n\n\n<p>Seg\u00fan el estudio \u201cBiocombustibles y su adopci\u00f3n en las refiner\u00edas de Latinoam\u00e9rica\u201d de Boston Consulting Group (BCG), son las grandes empresas de miner\u00eda y aviaci\u00f3n las que est\u00e1n impulsando la demanda por di\u00e9sel renovable y combustible de aviaci\u00f3n sostenible (SAF) en la regi\u00f3n, creando soluciones que les permiten cumplir metas de descarbonizaci\u00f3n sin cambiar equipos ni flotas.<\/p>\n\n\n\n<p>\u201cEn miner\u00eda, las empresas requieren soluciones que sean compatibles con los motores existentes de los camiones y grandes maquinarias que ya tienen; y por su parte las aerol\u00edneas tambi\u00e9n necesitan de combustibles m\u00e1s verdes -impulsado por compromisos internacionales de reducci\u00f3n de emisiones y esquemas como CORSIA (Carbon Offsetting and Reduction Scheme for International Aviation) &#8211; pero que funcionen con los aviones actuales.<\/p>\n\n\n\n<p>A diferencia de otras tecnolog\u00edas de descarbonizaci\u00f3n a\u00fan lejanas, como el hidr\u00f3geno verde o la electrificaci\u00f3n total de equipos pesados, los biocombustibles drop-in responden a una demanda concreta y de corto plazo en sectores dif\u00edciles de electrificar\u201d, comenta Camila Apablaza, principal de BCG.<\/p>\n\n\n\n<p>En Am\u00e9rica Latina hay una alta disponibilidad regional de aceites residuales, particularmente el aceite de cocina usado (UCO). En Chile, por ejemplo, se recolecta cerca del 14% del UCO disponible, gran parte del cual hoy se exporta a Estados Unidos y Europa.<\/p>\n\n\n\n<p>La adaptaci\u00f3n de refiner\u00edas locales tambi\u00e9n responde a un cambio estructural en el comercio internacional. A partir de 2025, Estados Unidos impuso aranceles de hasta un 50% a exportadores clave como Brasil, reconfigurando los flujos hacia mercados dom\u00e9sticos y Europa, y reforzando el valor de procesar estos insumos dentro de la regi\u00f3n.<\/p>\n\n\n\n<p>\u201cPara las refiner\u00edas, este enfoque de co-procesamiento es el camino m\u00e1s r\u00e1pido y con menores requerimientos de capital. Permite incorporar mol\u00e9culas renovables y rentabilizar activos que, de otro modo, quedar\u00edan subutilizados ante la futura ca\u00edda de la demanda f\u00f3sil. No es necesario construir plantas desde cero; se aprovechan las unidades de hidroprocesamiento ya instaladas\u201d, asegura Apablaza.<\/p>\n\n\n\n<p>El co-procesamiento es la v\u00eda r\u00e1pida y barata, que permite adaptar unidades de hidroprocesamiento existentes, con baja inversi\u00f3n y plazos cortos, para producir combustibles casi de inmediato, evitando as\u00ed la construcci\u00f3n de nuevas plantas de hidrotratamiento (que pueden tardar una d\u00e9cada) y acelerando el time-to-market frente a hidr\u00f3geno verde o electrificaci\u00f3n pesada.<\/p>\n\n\n\n<p>Latinoam\u00e9rica, una regi\u00f3n que avanza a distintos ritmos<\/p>\n\n\n\n<p>En conjunto, Am\u00e9rica Latina muestra una trayectoria de crecimiento cercana al 12% anual en biocombustibles avanzados para transporte, con una proyecci\u00f3n de 40 mil barriles diarios hacia 2030.<\/p>\n\n\n\n<p>Pese a avanzar a distintos ritmos, el patr\u00f3n regional es claro: el co-procesamiento de materias primas residuales se consolida como la principal v\u00eda para aprovechar infraestructura existente y capturar una demanda industrial inmediata.<\/p>\n\n\n\n<p>\u201cM\u00e1s que una promesa ambiental de largo plazo, la transformaci\u00f3n de las refiner\u00edas en Am\u00e9rica Latina se est\u00e1 consolidando como una decisi\u00f3n industrial y comercial basada en demanda real y activos existentes\u201d, finaliza, Camila Apablaza, principal de BCG.<\/p>\n\n\n\n<p>M\u00e9xico: Un nuevo marco legal y ventaja estrat\u00e9gica<\/p>\n\n\n\n<p>El panorama mexicano ha dado un giro con la promulgaci\u00f3n de la nueva Ley de Biocombustibles en marzo de 2025, que prioriza el uso de residuos y biomasa para no competir con alimentos.<\/p>\n\n\n\n<p>M\u00e9xico mantiene una ventaja competitiva clave: bajo el Tratado entre M\u00e9xico, Estados Unidos y Canad\u00e1 (T-MEC o USMCA, por sus siglas en ingl\u00e9s) mantiene su acceso preferencial al mercado de combustibles de EE. UU., mientras que sus vecinos del sur podr\u00edan verse obligados a redirigir sus productos hacia Europa, Asia o sus propios mercados internos.<\/p>\n\n\n\n<p>Los biocombustibles mexicanos pueden seguir ingresando al mercado de EE. UU. libres de aranceles, posicionando al pa\u00eds como un potencial hub de exportaci\u00f3n estrat\u00e9gico.<\/p>\n\n\n\n<p>Brasil: el mercado m\u00e1s avanzado de la regi\u00f3n.<\/p>\n\n\n\n<p>El pa\u00eds concentra m\u00e1s de la mitad de las refiner\u00edas operativas o anunciadas en Am\u00e9rica Latina que producen di\u00e9sel renovable y SAF, combinando adaptaci\u00f3n de activos existentes con proyectos greenfield.<\/p>\n\n\n\n<p>Petrobras (Refiner\u00eda REPAR, Arauc\u00e1ria) produce Diesel R (biodiesel que emite menos C=2) de forma comercial mediante co-procesamiento, utilizando tecnolog\u00eda propia (H-Bio) para integrar aceites vegetales y grasas a la carga f\u00f3sil.<\/p>\n\n\n\n<p>La refiner\u00eda Gabriel Passos (Regap, Betim) tambi\u00e9n ha sido adaptada para co-producir di\u00e9sel renovable y anunci\u00f3 inversiones relevantes para ampliar capacidad y eficiencia.<\/p>\n\n\n\n<p>Este pa\u00eds enfrentar\u00e1 aranceles totales de hasta un 50% (10% universal + 40% adicional producto de la International Emergency Economic Powers Act (IEEPA)), lo que har\u00e1 que sus exportaciones a EE. UU. sean econ\u00f3micamente inviables, por ello, la adaptaci\u00f3n de refiner\u00edas locales tambi\u00e9n apunta a capturar los insumos para utilizarlos como biocombustibles de consumo interno.<\/p>\n\n\n\n<p>Bolivia: el pa\u00eds que busca sustituir importaciones<\/p>\n\n\n\n<p>YPFB (Refiner\u00eda Guillermo Elder Bell, Santa Cruz) puso en operaci\u00f3n la Planta de Biodiesel I en marzo de 2024.<\/p>\n\n\n\n<p>A septiembre de ese a\u00f1o, ya hab\u00eda producido m\u00e1s de 5,9 millones de litros, utilizando grasas animales, aceite de cocina usado (UCO) y aceites vegetales, siendo uno de los focos de YPFB el reducir importaciones de di\u00e9sel f\u00f3sil.<\/p>\n\n\n\n<p>Chile: pilotos estrat\u00e9gicos impulsados por la miner\u00eda<\/p>\n\n\n\n<p>ENAP (Refiner\u00eda Aconcagua) realiz\u00f3 en julio de 2024 un piloto exitoso, co-procesando 350.000 litros de aceite de cocina usado (UCO) para producir di\u00e9sel renovable (HVO). A futuro, ENAP se perfila como el comprador natural de UCO a escala pa\u00eds, mientras actores privados optar\u00edan por importar el combustible final.<\/p>\n\n\n\n<p>El piloto de la empresa estatal valid\u00f3 la viabilidad t\u00e9cnica y econ\u00f3mica del modelo. ENAP ya comercializ\u00f3 el primer lote a Lipigas, confirmando inter\u00e9s de clientes industriales.<\/p>\n\n\n\n<p>En pa\u00edses sin mandatos de mezcla \u2014como Chile\u2014 son las empresas de miner\u00eda y aviaci\u00f3n las que podr\u00edan generar la demanda en el corto plazo.<\/p>\n\n\n\n<p>Colombia: haciendo pruebas y planificando para el 2030<\/p>\n\n\n\n<p>Ecopetrol ejecut\u00f3 pruebas piloto de combustible de aviaci\u00f3n sostenible (SAF) en la refiner\u00eda de Cartagena (0,06 kbpd). La compa\u00f1\u00eda proyecta escalar el co-procesamiento en Barrancabermeja hasta 6.000 barriles diarios hacia 2030, manteniendo una estrategia gradual.<\/p>\n\n\n\n<p>Argentina: a\u00fan en etapa de estudios, pero avanzando<\/p>\n\n\n\n<p>Pan American Energy (Refiner\u00eda Campana) se encuentra realizando estudios preliminares para producir SAF, evaluando una capacidad potencial cercana a 2 kbpd. El avance se concentra en an\u00e1lisis de factibilidad t\u00e9cnica y econ\u00f3mica.<\/p>\n","protected":false},"excerpt":{"rendered":"<p>Miner\u00eda y aviaci\u00f3n est\u00e1n convirtiendo los biocombustibles \u2014principalmente desde aceites residuales\u2014 en un negocio rentable y de corto plazo en Am\u00e9rica Latina. Hay al menos 24 refiner\u00edas operando o con&hellip;<\/p>\n","protected":false},"author":10,"featured_media":124471,"comment_status":"open","ping_status":"open","sticky":false,"template":"","format":"standard","meta":{"content-type":"","jetpack_post_was_ever_published":false,"_jetpack_newsletter_access":"","_jetpack_dont_email_post_to_subs":false,"_jetpack_newsletter_tier_id":0,"_jetpack_memberships_contains_paywalled_content":false,"_jetpack_memberships_contains_paid_content":false,"footnotes":""},"categories":[39],"tags":[875,31134,31132,31133,24581],"class_list":["post-124470","post","type-post","status-publish","format-standard","has-post-thumbnail","hentry","category-economia","tag-america-latina","tag-avanzados","tag-biocombustibles","tag-fase-comercial","tag-refinerias"],"jetpack_featured_media_url":"https:\/\/lasprimeras.com.do\/wp-content\/uploads\/2026\/03\/Refinerias.jpg","jetpack-related-posts":[{"id":126725,"url":"https:\/\/lasprimeras.com.do\/index.php\/2026\/04\/04\/brasil-en-posicion-de-ventaja-frente-a-precios-del-crudo\/","url_meta":{"origin":124470,"position":0},"title":"Brasil en posici\u00f3n de ventaja frente a precios del crudo","author":"Nelson Feliz","date":"4 de abril de 2026","format":false,"excerpt":"He aqu\u00ed por qu\u00e9. Por MAURICIO SAVARESE SAO PAULO (AP) \u2014 Mientras la guerra en Ir\u00e1n sacude los mercados petroleros mundiales, Brasil est\u00e1 parcialmente protegido por una reserva de d\u00e9cadas de antig\u00fcedad contra las crisis que es a la vez barata y emite menos contaminaci\u00f3n que causa el cambio clim\u00e1tico.\u2026","rel":"","context":"En \u00abECONOM\u00cdA\u00bb","block_context":{"text":"ECONOM\u00cdA","link":"https:\/\/lasprimeras.com.do\/index.php\/category\/economia\/"},"img":{"alt_text":"","src":"https:\/\/i0.wp.com\/lasprimeras.com.do\/wp-content\/uploads\/2026\/04\/shell.jpg?resize=350%2C200&ssl=1","width":350,"height":200,"srcset":"https:\/\/i0.wp.com\/lasprimeras.com.do\/wp-content\/uploads\/2026\/04\/shell.jpg?resize=350%2C200&ssl=1 1x, https:\/\/i0.wp.com\/lasprimeras.com.do\/wp-content\/uploads\/2026\/04\/shell.jpg?resize=525%2C300&ssl=1 1.5x, https:\/\/i0.wp.com\/lasprimeras.com.do\/wp-content\/uploads\/2026\/04\/shell.jpg?resize=700%2C400&ssl=1 2x"},"classes":[]},{"id":83304,"url":"https:\/\/lasprimeras.com.do\/index.php\/2024\/05\/14\/la-presidencia-de-peru-niega-que-vaya-a-privatizar-la-compania-petrolera\/","url_meta":{"origin":124470,"position":1},"title":"La Presidencia de Per\u00fa niega que vaya a privatizar la compa\u00f1\u00eda petrolera","author":"Nelson Feliz","date":"14 de mayo de 2024","format":false,"excerpt":"Lima.- La empresa estatal Petroper\u00fa \"no ser\u00e1 privatizada\", asegur\u00f3 este martes el vocero del despacho presidencial de Per\u00fa, Freddy Hinojosa, despu\u00e9s de que el directorio de esta compa\u00f1\u00eda se\u00f1alara que atraviesa una crisis financiera \"extremadamente grave\" y planteara una gesti\u00f3n privada como soluci\u00f3n a sus problemas econ\u00f3micos. \"El Gobierno de\u2026","rel":"","context":"En \u00abECONOM\u00cdA\u00bb","block_context":{"text":"ECONOM\u00cdA","link":"https:\/\/lasprimeras.com.do\/index.php\/category\/economia\/"},"img":{"alt_text":"","src":"https:\/\/i0.wp.com\/lasprimeras.com.do\/wp-content\/uploads\/2024\/05\/petroleo.jpg?resize=350%2C200&ssl=1","width":350,"height":200,"srcset":"https:\/\/i0.wp.com\/lasprimeras.com.do\/wp-content\/uploads\/2024\/05\/petroleo.jpg?resize=350%2C200&ssl=1 1x, https:\/\/i0.wp.com\/lasprimeras.com.do\/wp-content\/uploads\/2024\/05\/petroleo.jpg?resize=525%2C300&ssl=1 1.5x, https:\/\/i0.wp.com\/lasprimeras.com.do\/wp-content\/uploads\/2024\/05\/petroleo.jpg?resize=700%2C400&ssl=1 2x"},"classes":[]},{"id":101940,"url":"https:\/\/lasprimeras.com.do\/index.php\/2025\/06\/28\/eted-trabaja-en-el-reforzamiento-del-sistema-electrico-en-la-linea-69-kv-haina-refineria\/","url_meta":{"origin":124470,"position":2},"title":"ETED trabaja en el reforzamiento del sistema el\u00e9ctrico en la l\u00ednea 69 kV Haina\u2013Refiner\u00eda","author":"Nelson Feliz","date":"28 de junio de 2025","format":false,"excerpt":"La Empresa de Transmisi\u00f3n El\u00e9ctrica Dominicana (ETED) informa que, este domingo, 29 de junio, de 9:00 a.m. a 1:00 p.m., llevar\u00e1 a cabo la apertura de la l\u00ednea 69 kV Haina\u2013Refiner\u00eda y la interconexi\u00f3n de una subestaci\u00f3n m\u00f3vil de 80 MVA, instalada en el almac\u00e9n de Itabo, con la finalidad\u2026","rel":"","context":"En \u00abNACIONALES\u00bb","block_context":{"text":"NACIONALES","link":"https:\/\/lasprimeras.com.do\/index.php\/category\/nacionales\/"},"img":{"alt_text":"","src":"https:\/\/i0.wp.com\/lasprimeras.com.do\/wp-content\/uploads\/2025\/06\/ETED.jpg?resize=350%2C200&ssl=1","width":350,"height":200,"srcset":"https:\/\/i0.wp.com\/lasprimeras.com.do\/wp-content\/uploads\/2025\/06\/ETED.jpg?resize=350%2C200&ssl=1 1x, https:\/\/i0.wp.com\/lasprimeras.com.do\/wp-content\/uploads\/2025\/06\/ETED.jpg?resize=525%2C300&ssl=1 1.5x, https:\/\/i0.wp.com\/lasprimeras.com.do\/wp-content\/uploads\/2025\/06\/ETED.jpg?resize=700%2C400&ssl=1 2x"},"classes":[]},{"id":109051,"url":"https:\/\/lasprimeras.com.do\/index.php\/2025\/09\/14\/drones-ucranianos-provocan-un-incendio-en-una-de-las-principales-refinerias-de-petroleo-de-rusia\/","url_meta":{"origin":124470,"position":3},"title":"Drones ucranianos provocan un incendio en una de las principales refiner\u00edas de petr\u00f3leo de Rusia","author":"Nelson Feliz","date":"14 de septiembre de 2025","format":false,"excerpt":"POR\u00a0\u00a0THE ASSOCIATED PRESS Drones ucranianos atacaron durante la noche una de las refiner\u00edas de petr\u00f3leo m\u00e1s grandes de Rusia y provocaron un incendio, seg\u00fan funcionarios rusos y el ej\u00e9rcito de Ucrania. El ataque a la refiner\u00eda de Kirishi, en la regi\u00f3n noroccidental rusa de Leningrado, se produjo tras semanas de\u2026","rel":"","context":"En \u00abINTERNACIONALES\u00bb","block_context":{"text":"INTERNACIONALES","link":"https:\/\/lasprimeras.com.do\/index.php\/category\/sin-categoria\/internacionales\/"},"img":{"alt_text":"","src":"https:\/\/i0.wp.com\/lasprimeras.com.do\/wp-content\/uploads\/2025\/09\/Alexander-Drozdenko.jpg?resize=350%2C200&ssl=1","width":350,"height":200,"srcset":"https:\/\/i0.wp.com\/lasprimeras.com.do\/wp-content\/uploads\/2025\/09\/Alexander-Drozdenko.jpg?resize=350%2C200&ssl=1 1x, https:\/\/i0.wp.com\/lasprimeras.com.do\/wp-content\/uploads\/2025\/09\/Alexander-Drozdenko.jpg?resize=525%2C300&ssl=1 1.5x, https:\/\/i0.wp.com\/lasprimeras.com.do\/wp-content\/uploads\/2025\/09\/Alexander-Drozdenko.jpg?resize=700%2C400&ssl=1 2x"},"classes":[]},{"id":51636,"url":"https:\/\/lasprimeras.com.do\/index.php\/2023\/06\/01\/republica-dominicana-logra-importante-acuerdo-de-cooperacion-energetica-sin-precedentes-con-guyana\/","url_meta":{"origin":124470,"position":4},"title":"Rep\u00fablica Dominicana logra importante acuerdo de cooperaci\u00f3n energ\u00e9tica sin precedentes con Guyana","author":"prenxa100","date":"1 de junio de 2023","format":false,"excerpt":"Acuerdo incluye colaboraci\u00f3n en sector gas natural y propuesta para que RD invierta en una refiner\u00eda en Guyana. Por Wilson P\u00e9rez Georgetown, Guyana. - Los Gobiernos de la Rep\u00fablica Dominicana y la Rep\u00fablica Cooperativa de Guyana firmaron un Memor\u00e1ndum de Entendimiento (MdE) hist\u00f3rico centrado en la cooperaci\u00f3n en materia energ\u00e9tica.\u2026","rel":"","context":"En \u00abECONOM\u00cdA\u00bb","block_context":{"text":"ECONOM\u00cdA","link":"https:\/\/lasprimeras.com.do\/index.php\/category\/economia\/"},"img":{"alt_text":"","src":"","width":0,"height":0},"classes":[]},{"id":57222,"url":"https:\/\/lasprimeras.com.do\/index.php\/2023\/08\/10\/luis-el-gallo-saluda-acuerdos-entre-gobierno-dominicano-y-guyana\/","url_meta":{"origin":124470,"position":5},"title":"Luis \u201cEl Gallo\u201d saluda acuerdos entre gobierno dominicano y Guyana","author":"Nelson Feliz","date":"10 de agosto de 2023","format":false,"excerpt":"El presidente de la Uni\u00f3n Dem\u00f3crata Cristiana \u2013UDC-, Luis Acosta Moreta, Luis \u201cEl Gallo\u201d, salud\u00f3 hoy los acuerdos econ\u00f3micos, diplom\u00e1ticos e institucionales entre el gobierno dominicano y Guyana, y consider\u00f3 que ser\u00e1n positivos en el desarrollo del pa\u00eds. Dijo que es una pol\u00edtica sabia del presidente Luis Abinader buscar acuerdos\u2026","rel":"","context":"En \u00abPORTADA\u00bb","block_context":{"text":"PORTADA","link":"https:\/\/lasprimeras.com.do\/index.php\/category\/portada\/"},"img":{"alt_text":"Luis Acosta Moreta","src":"https:\/\/i0.wp.com\/lasprimeras.com.do\/wp-content\/uploads\/2023\/08\/Acuerdo-1.jpg?resize=350%2C200&ssl=1","width":350,"height":200,"srcset":"https:\/\/i0.wp.com\/lasprimeras.com.do\/wp-content\/uploads\/2023\/08\/Acuerdo-1.jpg?resize=350%2C200&ssl=1 1x, https:\/\/i0.wp.com\/lasprimeras.com.do\/wp-content\/uploads\/2023\/08\/Acuerdo-1.jpg?resize=525%2C300&ssl=1 1.5x, https:\/\/i0.wp.com\/lasprimeras.com.do\/wp-content\/uploads\/2023\/08\/Acuerdo-1.jpg?resize=700%2C400&ssl=1 2x"},"classes":[]}],"jetpack_sharing_enabled":true,"_links":{"self":[{"href":"https:\/\/lasprimeras.com.do\/index.php\/wp-json\/wp\/v2\/posts\/124470","targetHints":{"allow":["GET"]}}],"collection":[{"href":"https:\/\/lasprimeras.com.do\/index.php\/wp-json\/wp\/v2\/posts"}],"about":[{"href":"https:\/\/lasprimeras.com.do\/index.php\/wp-json\/wp\/v2\/types\/post"}],"author":[{"embeddable":true,"href":"https:\/\/lasprimeras.com.do\/index.php\/wp-json\/wp\/v2\/users\/10"}],"replies":[{"embeddable":true,"href":"https:\/\/lasprimeras.com.do\/index.php\/wp-json\/wp\/v2\/comments?post=124470"}],"version-history":[{"count":1,"href":"https:\/\/lasprimeras.com.do\/index.php\/wp-json\/wp\/v2\/posts\/124470\/revisions"}],"predecessor-version":[{"id":124472,"href":"https:\/\/lasprimeras.com.do\/index.php\/wp-json\/wp\/v2\/posts\/124470\/revisions\/124472"}],"wp:featuredmedia":[{"embeddable":true,"href":"https:\/\/lasprimeras.com.do\/index.php\/wp-json\/wp\/v2\/media\/124471"}],"wp:attachment":[{"href":"https:\/\/lasprimeras.com.do\/index.php\/wp-json\/wp\/v2\/media?parent=124470"}],"wp:term":[{"taxonomy":"category","embeddable":true,"href":"https:\/\/lasprimeras.com.do\/index.php\/wp-json\/wp\/v2\/categories?post=124470"},{"taxonomy":"post_tag","embeddable":true,"href":"https:\/\/lasprimeras.com.do\/index.php\/wp-json\/wp\/v2\/tags?post=124470"}],"curies":[{"name":"wp","href":"https:\/\/api.w.org\/{rel}","templated":true}]}}