{"id":124473,"date":"2026-03-12T20:53:37","date_gmt":"2026-03-13T00:53:37","guid":{"rendered":"https:\/\/lasprimeras.com.do\/?p=124473"},"modified":"2026-03-12T20:53:39","modified_gmt":"2026-03-13T00:53:39","slug":"jce-socializa-con-entidades-financieras-elementos-tecnologicos-de-la-nueva-cedula","status":"publish","type":"post","link":"https:\/\/lasprimeras.com.do\/index.php\/2026\/03\/12\/jce-socializa-con-entidades-financieras-elementos-tecnologicos-de-la-nueva-cedula\/","title":{"rendered":"JCE socializa con entidades financieras elementos tecnol\u00f3gicos de la nueva c\u00e9dula"},"content":{"rendered":"\n<p><strong>Sector financiero valora positivamente el nuevo documento de identidad<\/strong><\/p>\n\n\n\n<p>La Junta Central Electoral sostuvo un encuentro con los representantes de las entidades financieras del pa\u00eds, a quienes present\u00f3 formalmente las caracter\u00edsticas, avances tecnol\u00f3gicos y de seguridad de la nueva c\u00e9dula de identidad y electoral y c\u00e9dula de identidad, as\u00ed como los elementos t\u00e9cnicos claves para la adecuaci\u00f3n de los sistemas internos del sector financiero al nuevo documento.<\/p>\n\n\n\n<p>El encuentro fue encabezado por la Mesa T\u00e9cnica que coordina el director de Cedulaci\u00f3n, Am\u00e9rico Rodr\u00edguez; de Inform\u00e1tica, Johnny Rivera; y que tambi\u00e9n integran los directores de Registro Civil, Rhina D\u00edaz; de Registro Electoral, Luis Mariano Matos; de Elecciones, Mario N\u00fa\u00f1ez; del Voto Dominicano en el Exterior, Well Sep\u00falveda; de Partidos Pol\u00edticos, Denny D\u00edaz Mord\u00e1n; de Comunicaciones, Suedi Le\u00f3n Jim\u00e9nez; y de Seguridad Civil, Angel Valent\u00edn D\u00edaz.<\/p>\n\n\n\n<p>Este acto cont\u00f3, adem\u00e1s, con la presencia de los subdirectores de Inform\u00e1tica, Luis Joaqu\u00edn Senci\u00f3n; el subdirector t\u00e9cnico de la Comisi\u00f3n de Tecnolog\u00eda, Danny Reyes; y el representante del consorcio EMDOC, Marucho M\u00e9ndez.<\/p>\n\n\n\n<p>Director de Cedulaci\u00f3n explica avances tecnol\u00f3gicos de la nueva c\u00e9dula<\/p>\n\n\n\n<p>El director nacional de Cedulaci\u00f3n, Am\u00e9rico Rodr\u00edguez, al agradecer la presencia de los representantes de las entidades financieras del pa\u00eds, indic\u00f3 que el prop\u00f3sito de dicho encuentro es para compartir los avances tecnol\u00f3gicos de la nueva c\u00e9dula de identidad y electoral \u201cproyecto que representa un paso trascendental en la modernizaci\u00f3n de la identidad con m\u00e1s de 100 elementos de seguridad\u201d.<\/p>\n\n\n\n<p>Sostuvo que no se trata de un nuevo documento de identificaci\u00f3n, sino de una plataforma de confianza que integra tecnolog\u00edas de \u00faltima generaci\u00f3n orientadas a fortalecer la seguridad, la eficiencia y la interoperabilidad entre las instituciones.<\/p>\n\n\n\n<p>Rodr\u00edguez detall\u00f3 que la c\u00e9dula incorpora un chip electr\u00f3nico, infraestructura PKI, as\u00ed como capacidades de identidad digital, elementos que abren un abanico de oportunidades para mejorar los procesos de autentificaci\u00f3n, validaci\u00f3n de identidad y formalizaci\u00f3n de transacciones en m\u00faltiples sectores, particularmente en el sector financiero.<\/p>\n\n\n\n<p>\u201cPara las entidades financieras esto significa contar con mecanismos m\u00e1s robustos y seguros para la verificaci\u00f3n de identidad de sus clientes, reducir riesgos asociados al fraude, simplificar procesos de incorporaci\u00f3n de usuarios y avanzar hacia servicios digitales m\u00e1s \u00e1giles, confiables e interoperables\u201d, indic\u00f3 Rodr\u00edguez.<\/p>\n\n\n\n<p>Asimismo, manifest\u00f3 que la raz\u00f3n del encuentro, adem\u00e1s de la presentaci\u00f3n del proceso, es para escuchar perspectivas, identificar oportunidades de integraci\u00f3n y construir conjuntamente un ecosistema de servicios donde la identidad digital se convierta en un habilitador clave para la innovaci\u00f3n y el desarrollo del pa\u00eds.<\/p>\n\n\n\n<p>Representante del consorcio EMDOC detalla elementos seguridad<\/p>\n\n\n\n<p>En tanto, el representante consorcio EMDOC, Marucho M\u00e9ndez, destac\u00f3 los m\u00faltiples usos de la nueva c\u00e9dula de identidad y electoral que servir\u00e1 como documento de viaje, firma electr\u00f3nica, identificaci\u00f3n ciudadana y de autentificaci\u00f3n biom\u00e9trica, utilizando motor biom\u00e9trico y autorizaci\u00f3n segura para las app m\u00f3viles.<\/p>\n\n\n\n<p>Detall\u00f3 las caracter\u00edsticas claves del proyecto, tales como tarjetas en policarbonato, Chip (NCF), que puede soportar hasta 25 a\u00f1os de uso y de almacenamiento de datos; infraestructura PKI (autoridad certificadora); identidad digital en sus respectivas aplicaciones (Mobile ID); m\u00e1quinas de grabado l\u00e1ser.<\/p>\n\n\n\n<p>Destac\u00f3 que la JCE estableci\u00f3 la necesidad de contar con tres infraestructuras de claves p\u00fablicas (PKI) para garantizar la autenticidad, integridad y seguridad de los documentos electr\u00f3nicos y las firmas digitales en el nuevo sistema de cedulaci\u00f3n las cuales permitir\u00e1n una gesti\u00f3n diferenciada de los certificados utilizados por los ciudadanos y los documentos emitidos por la JCE \u201clo que asegura una separaci\u00f3n clara de responsabilidades y funciones dentro del ecosistema digital de identidad.<\/p>\n\n\n\n<p>Destac\u00f3 los niveles de seguridad y puntualiz\u00f3 que el nuevo documento de identidad cumple con m\u00e1s de 30 normas ISO respaldados por est\u00e1ndares de seguridad y criptograf\u00eda como CC EAL6+ algoritmos criptogr\u00e1ficos basados en curvas el\u00edpticas; biometr\u00eda antifraude (cumplimiento con ISO 30107-3- de detecci\u00f3n de ataques de suplantaci\u00f3n e ISO 19794), adem\u00e1s de validez legal (mediante el respaldo de la Ley 126-02-sobre Comercio Electr\u00f3nico y firma digital).<\/p>\n\n\n\n<p>En el marco de la actividad, el director de Inform\u00e1tica, Johnny Rivera, inform\u00f3 que se conformar\u00e1 una mesa t\u00e9cnica con los integrantes del sector financiero para socializar protocolos y avances t\u00e9cnicos a implementar.<\/p>\n\n\n\n<p>Sector financiero valora modernizaci\u00f3n documento de identidad<\/p>\n\n\n\n<p>Finalmente, los directores de Cedulaci\u00f3n y de Inform\u00e1tica respondieron las preguntas de los representantes de las entidades financieras presentes en el encuentro, quienes felicitaron a la JCE y valoraron de forma positiva la implementaci\u00f3n del nuevo documento de identidad \u201ctras destacar la seguridad, la implementaci\u00f3n de nuevas tecnolog\u00edas y modernizaci\u00f3n referente al proceso de cedulaci\u00f3n.<\/p>\n","protected":false},"excerpt":{"rendered":"<p>Sector financiero valora positivamente el nuevo documento de identidad La Junta Central Electoral sostuvo un encuentro con los representantes de las entidades financieras del pa\u00eds, a quienes present\u00f3 formalmente las&hellip;<\/p>\n","protected":false},"author":10,"featured_media":124474,"comment_status":"open","ping_status":"open","sticky":false,"template":"","format":"standard","meta":{"content-type":"","jetpack_post_was_ever_published":false,"_jetpack_newsletter_access":"","_jetpack_dont_email_post_to_subs":false,"_jetpack_newsletter_tier_id":0,"_jetpack_memberships_contains_paywalled_content":false,"_jetpack_memberships_contains_paid_content":false,"footnotes":""},"categories":[35,25],"tags":[17219,20543,5720,183,17174,371,14987],"class_list":["post-124473","post","type-post","status-publish","format-standard","has-post-thumbnail","hentry","category-nacionales","category-portada","tag-elementos","tag-entidades","tag-financieras","tag-jce","tag-nueva-cedula","tag-socializa","tag-tecnologicos"],"jetpack_featured_media_url":"https:\/\/lasprimeras.com.do\/wp-content\/uploads\/2026\/03\/Entidades-10.jpg","jetpack-related-posts":[{"id":90054,"url":"https:\/\/lasprimeras.com.do\/index.php\/2024\/10\/09\/jce-presenta-estatus-del-proyecto-para-renovar-la-cedula-de-identidad-y-electoral\/","url_meta":{"origin":124473,"position":0},"title":"JCE presenta estatus del proyecto para renovar la c\u00e9dula de identidad y electoral","author":"Nelson Feliz","date":"9 de octubre de 2024","format":false,"excerpt":"La Junta Central Electoral (JCE), a trav\u00e9s de una comisi\u00f3n t\u00e9cnica integrada por directores de la instituci\u00f3n, realiz\u00f3 este martes un encuentro con delegados de las organizaciones pol\u00edticas reconocidas para presentar los avances del Proyecto para la Renovaci\u00f3n de la C\u00e9dula de Identidad y la C\u00e9dula de Identidad y Electoral.\u2026","rel":"","context":"En \u00abNACIONALES\u00bb","block_context":{"text":"NACIONALES","link":"https:\/\/lasprimeras.com.do\/index.php\/category\/nacionales\/"},"img":{"alt_text":"","src":"https:\/\/i0.wp.com\/lasprimeras.com.do\/wp-content\/uploads\/2024\/10\/JCE-2.jpg?resize=350%2C200&ssl=1","width":350,"height":200,"srcset":"https:\/\/i0.wp.com\/lasprimeras.com.do\/wp-content\/uploads\/2024\/10\/JCE-2.jpg?resize=350%2C200&ssl=1 1x, https:\/\/i0.wp.com\/lasprimeras.com.do\/wp-content\/uploads\/2024\/10\/JCE-2.jpg?resize=525%2C300&ssl=1 1.5x, https:\/\/i0.wp.com\/lasprimeras.com.do\/wp-content\/uploads\/2024\/10\/JCE-2.jpg?resize=700%2C400&ssl=1 2x"},"classes":[]},{"id":97628,"url":"https:\/\/lasprimeras.com.do\/index.php\/2025\/04\/23\/jce-presenta-proyecto-de-la-nueva-cedula-de-identidad-y-electoral-a-miembros-el-conep-y-de-anje\/","url_meta":{"origin":124473,"position":1},"title":"JCE presenta proyecto de la nueva C\u00e9dula de Identidad y Electoral a miembros el CONEP y de ANJE","author":"Nelson Feliz","date":"23 de abril de 2025","format":false,"excerpt":"La Junta Central Electoral (JCE) present\u00f3 en dos encuentros por separado, las caracter\u00edsticas y avances del proyecto de la nueva C\u00e9dula de Identidad y Electoral a la Asociaci\u00f3n Nacional de J\u00f3venes Empresarios (ANJE) y al Consejo Nacional de la Empresa Privada (CONEP). Ambos encuentros fueron encabezados por el Pleno del\u2026","rel":"","context":"En \u00abNACIONALES\u00bb","block_context":{"text":"NACIONALES","link":"https:\/\/lasprimeras.com.do\/index.php\/category\/nacionales\/"},"img":{"alt_text":"","src":"https:\/\/i0.wp.com\/lasprimeras.com.do\/wp-content\/uploads\/2025\/04\/jce-1.jpg?resize=350%2C200&ssl=1","width":350,"height":200,"srcset":"https:\/\/i0.wp.com\/lasprimeras.com.do\/wp-content\/uploads\/2025\/04\/jce-1.jpg?resize=350%2C200&ssl=1 1x, https:\/\/i0.wp.com\/lasprimeras.com.do\/wp-content\/uploads\/2025\/04\/jce-1.jpg?resize=525%2C300&ssl=1 1.5x, https:\/\/i0.wp.com\/lasprimeras.com.do\/wp-content\/uploads\/2025\/04\/jce-1.jpg?resize=700%2C400&ssl=1 2x"},"classes":[]},{"id":116105,"url":"https:\/\/lasprimeras.com.do\/index.php\/2025\/11\/27\/jce-incorpora-biometria-avanzada-en-sistemas-de-la-nueva-cedula-de-identidad\/","url_meta":{"origin":124473,"position":2},"title":"JCE incorpora &#8220;Biometr\u00eda Avanzada&#8221; en sistemas de la nueva C\u00e9dula de Identidad","author":"Nelson Feliz","date":"27 de noviembre de 2025","format":false,"excerpt":"La Junta Central Electoral (JCE) avanza firmemente en el proceso de modernizaci\u00f3n integral del sistema de identificaci\u00f3n nacional, introduciendo avanzadas caracter\u00edsticas de seguridad y biom\u00e9tricas en la nueva C\u00e9dula de Identidad y Electoral (CIE). La iniciativa busca reforzar la seguridad, prevenir la suplantaci\u00f3n de identidad y garantizar una autenticaci\u00f3n ciudadana\u2026","rel":"","context":"En \u00abNACIONALES\u00bb","block_context":{"text":"NACIONALES","link":"https:\/\/lasprimeras.com.do\/index.php\/category\/nacionales\/"},"img":{"alt_text":"","src":"https:\/\/i0.wp.com\/lasprimeras.com.do\/wp-content\/uploads\/2025\/11\/JCE.jpg?resize=350%2C200&ssl=1","width":350,"height":200,"srcset":"https:\/\/i0.wp.com\/lasprimeras.com.do\/wp-content\/uploads\/2025\/11\/JCE.jpg?resize=350%2C200&ssl=1 1x, https:\/\/i0.wp.com\/lasprimeras.com.do\/wp-content\/uploads\/2025\/11\/JCE.jpg?resize=525%2C300&ssl=1 1.5x, https:\/\/i0.wp.com\/lasprimeras.com.do\/wp-content\/uploads\/2025\/11\/JCE.jpg?resize=700%2C400&ssl=1 2x"},"classes":[]},{"id":107366,"url":"https:\/\/lasprimeras.com.do\/index.php\/2025\/08\/26\/jce-presenta-el-proyecto-de-la-nueva-cedula-a-miembros-de-pc-y-del-codessd\/","url_meta":{"origin":124473,"position":3},"title":"JCE presenta el proyecto de la nueva c\u00e9dula a miembros de PC y del CODESSD","author":"Nelson Feliz","date":"26 de agosto de 2025","format":false,"excerpt":"C\u00e9dula durar\u00e1 m\u00e1s de 10 a\u00f1os. La Junta Central Electoral (JCE) present\u00f3 el proyecto de la nueva C\u00e9dula de Identidad y Electoral a representantes del movimiento c\u00edvico no partidista Participaci\u00f3n Ciudadana y del Consejo de Desarrollo Econ\u00f3mico y Social de Santo Domingo (CODESSD). Los encuentros, celebrados en la sede del\u2026","rel":"","context":"En \u00abNACIONALES\u00bb","block_context":{"text":"NACIONALES","link":"https:\/\/lasprimeras.com.do\/index.php\/category\/nacionales\/"},"img":{"alt_text":"","src":"https:\/\/i0.wp.com\/lasprimeras.com.do\/wp-content\/uploads\/2025\/08\/jce-1.jpg?resize=350%2C200&ssl=1","width":350,"height":200,"srcset":"https:\/\/i0.wp.com\/lasprimeras.com.do\/wp-content\/uploads\/2025\/08\/jce-1.jpg?resize=350%2C200&ssl=1 1x, https:\/\/i0.wp.com\/lasprimeras.com.do\/wp-content\/uploads\/2025\/08\/jce-1.jpg?resize=525%2C300&ssl=1 1.5x, https:\/\/i0.wp.com\/lasprimeras.com.do\/wp-content\/uploads\/2025\/08\/jce-1.jpg?resize=700%2C400&ssl=1 2x"},"classes":[]},{"id":106111,"url":"https:\/\/lasprimeras.com.do\/index.php\/2025\/08\/10\/la-nueva-cedula-un-proyecto-de-estado\/","url_meta":{"origin":124473,"position":4},"title":"La nueva c\u00e9dula: Un proyecto de Estado","author":"Nelson Feliz","date":"10 de agosto de 2025","format":false,"excerpt":"La Junta Central Electoral, luego de un profundo y riguroso proceso de an\u00e1lisis, evaluaci\u00f3n y revisi\u00f3n legal y t\u00e9cnica de la actual c\u00e9dula de identidad y la c\u00e9dula de identidad electoral, ha decidido llevar a cabo un proceso de cambio de estos documentos. Se trata de un proyecto de Estado\u2026","rel":"","context":"En \u00abOPINI\u00d3N\u00bb","block_context":{"text":"OPINI\u00d3N","link":"https:\/\/lasprimeras.com.do\/index.php\/category\/opinion\/"},"img":{"alt_text":"","src":"https:\/\/i0.wp.com\/lasprimeras.com.do\/wp-content\/uploads\/2025\/08\/La-nueva-cedula.jpg?resize=350%2C200&ssl=1","width":350,"height":200,"srcset":"https:\/\/i0.wp.com\/lasprimeras.com.do\/wp-content\/uploads\/2025\/08\/La-nueva-cedula.jpg?resize=350%2C200&ssl=1 1x, https:\/\/i0.wp.com\/lasprimeras.com.do\/wp-content\/uploads\/2025\/08\/La-nueva-cedula.jpg?resize=525%2C300&ssl=1 1.5x"},"classes":[]},{"id":120622,"url":"https:\/\/lasprimeras.com.do\/index.php\/2026\/01\/26\/abinader-y-primera-dama-reciben-la-primera-cedula-de-identidad-y-electoral-emitida-por-la-jce\/","url_meta":{"origin":124473,"position":5},"title":"Abinader y primera dama reciben la primera c\u00e9dula de identidad y electoral emitida por la JCE","author":"Nelson Feliz","date":"26 de enero de 2026","format":false,"excerpt":"Mandatario indic\u00f3 que el documento ofrece mayor seguridad y contribuye a una patria e identidad mucho m\u00e1s segura La nueva c\u00e9dula de identidad cuenta con tecnolog\u00eda de policarbonato y 100 elementos de seguridad En un acto que marca el inicio formal de la renovaci\u00f3n del documento de identidad nacional, el\u2026","rel":"","context":"En \u00abNACIONALES\u00bb","block_context":{"text":"NACIONALES","link":"https:\/\/lasprimeras.com.do\/index.php\/category\/nacionales\/"},"img":{"alt_text":"","src":"https:\/\/i0.wp.com\/lasprimeras.com.do\/wp-content\/uploads\/2026\/01\/Luis-Abinader-recibe-primera-cedula.jpg?resize=350%2C200&ssl=1","width":350,"height":200,"srcset":"https:\/\/i0.wp.com\/lasprimeras.com.do\/wp-content\/uploads\/2026\/01\/Luis-Abinader-recibe-primera-cedula.jpg?resize=350%2C200&ssl=1 1x, https:\/\/i0.wp.com\/lasprimeras.com.do\/wp-content\/uploads\/2026\/01\/Luis-Abinader-recibe-primera-cedula.jpg?resize=525%2C300&ssl=1 1.5x, https:\/\/i0.wp.com\/lasprimeras.com.do\/wp-content\/uploads\/2026\/01\/Luis-Abinader-recibe-primera-cedula.jpg?resize=700%2C400&ssl=1 2x"},"classes":[]}],"jetpack_sharing_enabled":true,"_links":{"self":[{"href":"https:\/\/lasprimeras.com.do\/index.php\/wp-json\/wp\/v2\/posts\/124473","targetHints":{"allow":["GET"]}}],"collection":[{"href":"https:\/\/lasprimeras.com.do\/index.php\/wp-json\/wp\/v2\/posts"}],"about":[{"href":"https:\/\/lasprimeras.com.do\/index.php\/wp-json\/wp\/v2\/types\/post"}],"author":[{"embeddable":true,"href":"https:\/\/lasprimeras.com.do\/index.php\/wp-json\/wp\/v2\/users\/10"}],"replies":[{"embeddable":true,"href":"https:\/\/lasprimeras.com.do\/index.php\/wp-json\/wp\/v2\/comments?post=124473"}],"version-history":[{"count":1,"href":"https:\/\/lasprimeras.com.do\/index.php\/wp-json\/wp\/v2\/posts\/124473\/revisions"}],"predecessor-version":[{"id":124475,"href":"https:\/\/lasprimeras.com.do\/index.php\/wp-json\/wp\/v2\/posts\/124473\/revisions\/124475"}],"wp:featuredmedia":[{"embeddable":true,"href":"https:\/\/lasprimeras.com.do\/index.php\/wp-json\/wp\/v2\/media\/124474"}],"wp:attachment":[{"href":"https:\/\/lasprimeras.com.do\/index.php\/wp-json\/wp\/v2\/media?parent=124473"}],"wp:term":[{"taxonomy":"category","embeddable":true,"href":"https:\/\/lasprimeras.com.do\/index.php\/wp-json\/wp\/v2\/categories?post=124473"},{"taxonomy":"post_tag","embeddable":true,"href":"https:\/\/lasprimeras.com.do\/index.php\/wp-json\/wp\/v2\/tags?post=124473"}],"curies":[{"name":"wp","href":"https:\/\/api.w.org\/{rel}","templated":true}]}}