{"id":124476,"date":"2026-03-12T21:20:02","date_gmt":"2026-03-13T01:20:02","guid":{"rendered":"https:\/\/lasprimeras.com.do\/?p=124476"},"modified":"2026-03-12T21:20:27","modified_gmt":"2026-03-13T01:20:27","slug":"ivan-gaton-presenta-una-vision-geohistorica-de-la-rd-en-barcelona","status":"publish","type":"post","link":"https:\/\/lasprimeras.com.do\/index.php\/2026\/03\/12\/ivan-gaton-presenta-una-vision-geohistorica-de-la-rd-en-barcelona\/","title":{"rendered":"Iv\u00e1n Gat\u00f3n presenta una visi\u00f3n geohist\u00f3rica de la RD en Barcelona"},"content":{"rendered":"\n<p>Barcelona. \u2013 En el marco de la segunda edici\u00f3n de la Semana del Orgullo Quisqueyano, celebrada el pasado mes de febrero con motivo del 182 aniversario de la Independencia Nacional, el Consulado General de la Rep\u00fablica Dominicana en Barcelona acogi\u00f3 la conferencia \u201cVisi\u00f3n Geohist\u00f3rica de la Rep\u00fablica Dominicana\u201d, impartida por el embajador y profesor dominicano Iv\u00e1n Gat\u00f3n.<\/p>\n\n\n\n<p>La actividad, encabezada por el c\u00f3nsul general Antonio Jos\u00e9 G\u00f3mez Pe\u00f1a, se convirti\u00f3 en un recorrido profundo y din\u00e1mico por la historia nacional, desde sus or\u00edgenes hasta los desaf\u00edos contempor\u00e1neos.<\/p>\n\n\n\n<p>Con una narrativa \u00e1gil y cautivadora, el embajador Gat\u00f3n condujo a los asistentes a trav\u00e9s de los procesos geopol\u00edticos, culturales y sociales que han marcado la construcci\u00f3n del Estado dominicano, invitando a reflexionar no solo sobre nuestras ra\u00edces, sino tambi\u00e9n sobre las oportunidades que se abren para el futuro del pa\u00eds.<\/p>\n\n\n\n<p>A lo largo de la conferencia, an\u00e9cdotas, mitos, episodios hist\u00f3ricos y reflexiones estrat\u00e9gicas sobre el contexto internacional actual se entrelazaron para ofrecer una mirada integral sobre la evoluci\u00f3n y el posicionamiento de la Rep\u00fablica Dominicana.<\/p>\n\n\n\n<p>La intervenci\u00f3n despert\u00f3 el inter\u00e9s del p\u00fablico, gener\u00f3 momentos de cercan\u00eda y reafirm\u00f3 el orgullo de pertenecer a una naci\u00f3n con una historia rica y resiliente.<\/p>\n\n\n\n<p>Asimismo, se destac\u00f3 la importancia de comprender la geograf\u00eda, la historia y la ubicaci\u00f3n estrat\u00e9gica del pa\u00eds como elementos fundamentales para fortalecer su desarrollo econ\u00f3mico, su inserci\u00f3n internacional y su proyecci\u00f3n en el escenario global.<\/p>\n\n\n\n<p>El encuentro reuni\u00f3 a miembros de la comunidad dominicana, as\u00ed como a empresarios y profesionales interesados en fortalecer su v\u00ednculo con la patria y ampliar su perspectiva sobre el papel de la Rep\u00fablica Dominicana en el mundo.<\/p>\n\n\n\n<p>La disertaci\u00f3n del embajador Iv\u00e1n Gat\u00f3n dej\u00f3 en los presentes una reflexi\u00f3n inspiradora: la Rep\u00fablica Dominicana es mucho m\u00e1s que un territorio; es una historia viva que se construye d\u00eda a d\u00eda en la memoria, la identidad y el compromiso de cada dominicano.<\/p>\n","protected":false},"excerpt":{"rendered":"<p>Barcelona. \u2013 En el marco de la segunda edici\u00f3n de la Semana del Orgullo Quisqueyano, celebrada el pasado mes de febrero con motivo del 182 aniversario de la Independencia Nacional,&hellip;<\/p>\n","protected":false},"author":10,"featured_media":124477,"comment_status":"open","ping_status":"open","sticky":false,"template":"","format":"standard","meta":{"content-type":"","jetpack_post_was_ever_published":false,"_jetpack_newsletter_access":"","_jetpack_dont_email_post_to_subs":false,"_jetpack_newsletter_tier_id":0,"_jetpack_memberships_contains_paywalled_content":false,"_jetpack_memberships_contains_paid_content":false,"footnotes":""},"categories":[16289,25],"tags":[7434,31135,18040,17567,127,7032,5094],"class_list":["post-124476","post","type-post","status-publish","format-standard","has-post-thumbnail","hentry","category-internacionales","category-portada","tag-barcelona","tag-geohistorica","tag-ivan-gaton","tag-orgullo-quisqueyano","tag-rd","tag-semana","tag-vision"],"jetpack_featured_media_url":"https:\/\/lasprimeras.com.do\/wp-content\/uploads\/2026\/03\/IG-1.jpg","jetpack-related-posts":[{"id":116086,"url":"https:\/\/lasprimeras.com.do\/index.php\/2025\/11\/27\/dominicanos-en-espana-valoran-profesor-gaton-abra-jornada-del-ii-congreso-de-geohispanidad\/","url_meta":{"origin":124476,"position":0},"title":"Dominicanos en Espa\u00f1a valoran profesor Gat\u00f3n abra jornada del II Congreso de Geohispanidad","author":"Nelson Feliz","date":"27 de noviembre de 2025","format":false,"excerpt":"Por Ram\u00f3n Mercedes NUEVA YORK.- Dominicanos residentes en Espa\u00f1a manifestaron valorar que su connacional, el profesor Iv\u00e1n Gat\u00f3n, haya abierto en esta semana la jornada del \u00abll Congreso de Geohispanidad\u00bb en la ciudad de Salamanca en el pa\u00eds Iberoamericano. Con una conferencia titulada \u00abSemblanza de la reina Isabel la Cat\u00f3lica\u2026","rel":"","context":"En \u00abLA VOZ DE LA DIASPORA\u00bb","block_context":{"text":"LA VOZ DE LA DIASPORA","link":"https:\/\/lasprimeras.com.do\/index.php\/category\/la-voz-de-la-diaspora\/"},"img":{"alt_text":"","src":"https:\/\/i0.wp.com\/lasprimeras.com.do\/wp-content\/uploads\/2025\/11\/Gaton.jpeg?resize=350%2C200&ssl=1","width":350,"height":200,"srcset":"https:\/\/i0.wp.com\/lasprimeras.com.do\/wp-content\/uploads\/2025\/11\/Gaton.jpeg?resize=350%2C200&ssl=1 1x, https:\/\/i0.wp.com\/lasprimeras.com.do\/wp-content\/uploads\/2025\/11\/Gaton.jpeg?resize=525%2C300&ssl=1 1.5x, https:\/\/i0.wp.com\/lasprimeras.com.do\/wp-content\/uploads\/2025\/11\/Gaton.jpeg?resize=700%2C400&ssl=1 2x"},"classes":[]},{"id":96233,"url":"https:\/\/lasprimeras.com.do\/index.php\/2025\/03\/28\/gaton-pondra-circular-en-nyc-comic-2-ofrecera-curso-sobre-la-administracion-trump\/","url_meta":{"origin":124476,"position":1},"title":"Gat\u00f3n pondr\u00e1 circular en NYC \u00abComic 2\u00bb; ofrecer\u00e1 curso sobre \u00abLa administraci\u00f3n Trump\u00bb","author":"Nelson Feliz","date":"28 de marzo de 2025","format":false,"excerpt":"Por Ram\u00f3n Mercedes NUEVA YORK.- El profesor Iv\u00e1n Gat\u00f3n pondr\u00e1 en circulaci\u00f3n este viernes su C\u00f3mic 2 en la Direcci\u00f3n de Cultura Dominicana en esta ciudad, obra que trata en su justo lugar a La Espa\u00f1ola, de la cual el pueblo dominicano es su m\u00e1s aut\u00e9ntico heredero. Relata desde lo\u2026","rel":"","context":"En \u00abINTERNACIONALES\u00bb","block_context":{"text":"INTERNACIONALES","link":"https:\/\/lasprimeras.com.do\/index.php\/category\/sin-categoria\/internacionales\/"},"img":{"alt_text":"Gat\u00f3n pondr\u00e1 circular en NYC \u00abComic 2\u00bb; ofrecer\u00e1 curso sobre \u00abLa administraci\u00f3n Trump\u00bb","src":"https:\/\/i0.wp.com\/lasprimeras.com.do\/wp-content\/uploads\/2025\/03\/IVAN-GASTON.jpg?resize=350%2C200&ssl=1","width":350,"height":200,"srcset":"https:\/\/i0.wp.com\/lasprimeras.com.do\/wp-content\/uploads\/2025\/03\/IVAN-GASTON.jpg?resize=350%2C200&ssl=1 1x, https:\/\/i0.wp.com\/lasprimeras.com.do\/wp-content\/uploads\/2025\/03\/IVAN-GASTON.jpg?resize=525%2C300&ssl=1 1.5x"},"classes":[]},{"id":94053,"url":"https:\/\/lasprimeras.com.do\/index.php\/2025\/02\/24\/consulado-de-la-republica-dominicana-en-barcelona-celebra-la-semana-del-orgullo-quisqueyano\/","url_meta":{"origin":124476,"position":2},"title":"Consulado de la Rep\u00fablica Dominicana en Barcelona celebra la Semana del Orgullo Quisqueyano","author":"Nelson Feliz","date":"24 de febrero de 2025","format":false,"excerpt":"Barcelona, Espa\u00f1a \u2013 El consulado general de la Rep\u00fablica Dominicana en Barcelona se complace en anunciar la celebraci\u00f3n de la Semana del Orgullo Quisqueyano, que tendr\u00e1 lugar del 24 de febrero al 01 de marzo de 2025. La iniciativa se llevar\u00e1 a cabo con el objetivo de resaltar la riqueza\u2026","rel":"","context":"En \u00abINTERNACIONALES\u00bb","block_context":{"text":"INTERNACIONALES","link":"https:\/\/lasprimeras.com.do\/index.php\/category\/sin-categoria\/internacionales\/"},"img":{"alt_text":"","src":"https:\/\/i0.wp.com\/lasprimeras.com.do\/wp-content\/uploads\/2025\/02\/CONSULADO.jpg?resize=350%2C200&ssl=1","width":350,"height":200,"srcset":"https:\/\/i0.wp.com\/lasprimeras.com.do\/wp-content\/uploads\/2025\/02\/CONSULADO.jpg?resize=350%2C200&ssl=1 1x, https:\/\/i0.wp.com\/lasprimeras.com.do\/wp-content\/uploads\/2025\/02\/CONSULADO.jpg?resize=525%2C300&ssl=1 1.5x, https:\/\/i0.wp.com\/lasprimeras.com.do\/wp-content\/uploads\/2025\/02\/CONSULADO.jpg?resize=700%2C400&ssl=1 2x"},"classes":[]},{"id":100763,"url":"https:\/\/lasprimeras.com.do\/index.php\/2025\/06\/11\/cabrerense-en-ny-valoran-reconocimientos-a-cruz-eduardo-y-a-gaton\/","url_meta":{"origin":124476,"position":3},"title":"Cabrerense en NY valoran reconocimientos a Cruz Eduardo y a Gat\u00f3n","author":"Nelson Feliz","date":"11 de junio de 2025","format":false,"excerpt":"Por Ram\u00f3n Mercedes NUEVA YORK.- Dominicanos residentes en esta ciudad, procedente del municipio de Cabrera, provincia Mar\u00eda Trinidad S\u00e1nchez, manifestaron valorar los reconocimientos por parte del Distrito Educativo 14-02 a dos grandes figuras cuyos trabajos ha impactado profundamente en el pueblo. El DE 14-02 es un espacio para la recopilaci\u00f3n\u2026","rel":"","context":"En \u00abINTERNACIONALES\u00bb","block_context":{"text":"INTERNACIONALES","link":"https:\/\/lasprimeras.com.do\/index.php\/category\/sin-categoria\/internacionales\/"},"img":{"alt_text":"","src":"https:\/\/i0.wp.com\/lasprimeras.com.do\/wp-content\/uploads\/2025\/06\/WhatsApp-Image-2025-06-11-at-6.12.00-AM.jpeg?resize=350%2C200&ssl=1","width":350,"height":200,"srcset":"https:\/\/i0.wp.com\/lasprimeras.com.do\/wp-content\/uploads\/2025\/06\/WhatsApp-Image-2025-06-11-at-6.12.00-AM.jpeg?resize=350%2C200&ssl=1 1x, https:\/\/i0.wp.com\/lasprimeras.com.do\/wp-content\/uploads\/2025\/06\/WhatsApp-Image-2025-06-11-at-6.12.00-AM.jpeg?resize=525%2C300&ssl=1 1.5x, https:\/\/i0.wp.com\/lasprimeras.com.do\/wp-content\/uploads\/2025\/06\/WhatsApp-Image-2025-06-11-at-6.12.00-AM.jpeg?resize=700%2C400&ssl=1 2x"},"classes":[]},{"id":95181,"url":"https:\/\/lasprimeras.com.do\/index.php\/2025\/03\/11\/ivan-gaton-ve-en-estados-unidos-y-china-la-trampa-de-tucidides\/","url_meta":{"origin":124476,"position":4},"title":"Iv\u00e1n Gat\u00f3n ve en Estados Unidos y China \u201cLa trampa de Tuc\u00eddides\u201d","author":"Nelson Feliz","date":"11 de marzo de 2025","format":false,"excerpt":"Llennis Jim\u00e9nez El especialista en pol\u00edtica internacional Iv\u00e1n Gat\u00f3n declar\u00f3 que la rivalidad entre los Estados Unidos y China radica en una lucha econ\u00f3mica para determinar qui\u00e9n es el mayor en competir y en la actualidad, se torna en una situaci\u00f3n compleja y dif\u00edcil, como la \u201cLa trampa de Tuc\u00eddides\u201d.\u2026","rel":"","context":"En \u00abPOLITICA\u00bb","block_context":{"text":"POLITICA","link":"https:\/\/lasprimeras.com.do\/index.php\/category\/politica\/"},"img":{"alt_text":"","src":"https:\/\/i0.wp.com\/lasprimeras.com.do\/wp-content\/uploads\/2025\/03\/Ivan-Ernesto-Gaton.png?resize=350%2C200&ssl=1","width":350,"height":200,"srcset":"https:\/\/i0.wp.com\/lasprimeras.com.do\/wp-content\/uploads\/2025\/03\/Ivan-Ernesto-Gaton.png?resize=350%2C200&ssl=1 1x, https:\/\/i0.wp.com\/lasprimeras.com.do\/wp-content\/uploads\/2025\/03\/Ivan-Ernesto-Gaton.png?resize=525%2C300&ssl=1 1.5x"},"classes":[]},{"id":120786,"url":"https:\/\/lasprimeras.com.do\/index.php\/2026\/01\/27\/consulado-de-la-rd-en-barcelona-conmemora-el-natalicio-de-juan-pablo-duarte\/","url_meta":{"origin":124476,"position":5},"title":"Consulado de la RD en Barcelona conmemora el natalicio de Juan Pablo Duarte","author":"Nelson Feliz","date":"27 de enero de 2026","format":false,"excerpt":"El Consulado General de la Rep\u00fablica Dominicana en Barcelona encabez\u00f3 una ofrenda floral con motivo del 213 aniversario del natalicio de Juan Pablo Duarte y D\u00edez, Padre de la Patria dominicana, en un acto que reuni\u00f3 autoridades, representantes comunitarios y miembros de la di\u00e1spora dominicana en Catalu\u00f1a. La ceremonia se\u2026","rel":"","context":"En \u00abINTERNACIONALES\u00bb","block_context":{"text":"INTERNACIONALES","link":"https:\/\/lasprimeras.com.do\/index.php\/category\/sin-categoria\/internacionales\/"},"img":{"alt_text":"","src":"https:\/\/i0.wp.com\/lasprimeras.com.do\/wp-content\/uploads\/2026\/01\/Juan-Pablo-Duarte-3.jpg?resize=350%2C200&ssl=1","width":350,"height":200,"srcset":"https:\/\/i0.wp.com\/lasprimeras.com.do\/wp-content\/uploads\/2026\/01\/Juan-Pablo-Duarte-3.jpg?resize=350%2C200&ssl=1 1x, https:\/\/i0.wp.com\/lasprimeras.com.do\/wp-content\/uploads\/2026\/01\/Juan-Pablo-Duarte-3.jpg?resize=525%2C300&ssl=1 1.5x, https:\/\/i0.wp.com\/lasprimeras.com.do\/wp-content\/uploads\/2026\/01\/Juan-Pablo-Duarte-3.jpg?resize=700%2C400&ssl=1 2x"},"classes":[]}],"jetpack_sharing_enabled":true,"_links":{"self":[{"href":"https:\/\/lasprimeras.com.do\/index.php\/wp-json\/wp\/v2\/posts\/124476","targetHints":{"allow":["GET"]}}],"collection":[{"href":"https:\/\/lasprimeras.com.do\/index.php\/wp-json\/wp\/v2\/posts"}],"about":[{"href":"https:\/\/lasprimeras.com.do\/index.php\/wp-json\/wp\/v2\/types\/post"}],"author":[{"embeddable":true,"href":"https:\/\/lasprimeras.com.do\/index.php\/wp-json\/wp\/v2\/users\/10"}],"replies":[{"embeddable":true,"href":"https:\/\/lasprimeras.com.do\/index.php\/wp-json\/wp\/v2\/comments?post=124476"}],"version-history":[{"count":1,"href":"https:\/\/lasprimeras.com.do\/index.php\/wp-json\/wp\/v2\/posts\/124476\/revisions"}],"predecessor-version":[{"id":124478,"href":"https:\/\/lasprimeras.com.do\/index.php\/wp-json\/wp\/v2\/posts\/124476\/revisions\/124478"}],"wp:featuredmedia":[{"embeddable":true,"href":"https:\/\/lasprimeras.com.do\/index.php\/wp-json\/wp\/v2\/media\/124477"}],"wp:attachment":[{"href":"https:\/\/lasprimeras.com.do\/index.php\/wp-json\/wp\/v2\/media?parent=124476"}],"wp:term":[{"taxonomy":"category","embeddable":true,"href":"https:\/\/lasprimeras.com.do\/index.php\/wp-json\/wp\/v2\/categories?post=124476"},{"taxonomy":"post_tag","embeddable":true,"href":"https:\/\/lasprimeras.com.do\/index.php\/wp-json\/wp\/v2\/tags?post=124476"}],"curies":[{"name":"wp","href":"https:\/\/api.w.org\/{rel}","templated":true}]}}