{"id":124488,"date":"2026-03-13T00:09:36","date_gmt":"2026-03-13T04:09:36","guid":{"rendered":"https:\/\/lasprimeras.com.do\/?p=124488"},"modified":"2026-03-13T00:09:38","modified_gmt":"2026-03-13T04:09:38","slug":"se-suspende-encuentro-entre-delcy-rodriguez-y-gustavo-petro","status":"publish","type":"post","link":"https:\/\/lasprimeras.com.do\/index.php\/2026\/03\/13\/se-suspende-encuentro-entre-delcy-rodriguez-y-gustavo-petro\/","title":{"rendered":"Se suspende encuentro entre Delcy Rodr\u00edguez y Gustavo Petro"},"content":{"rendered":"\n<p><strong>La reuni\u00f3n ser\u00e1 reprogramada para &#8220;una fecha pr\u00f3xima&#8221; que a\u00fan no ha sido fijada.<\/strong><\/p>\n\n\n\n<p>El Gobierno de Venezuela confirm\u00f3 este jueves la suspensi\u00f3n del encuentro bilateral que iban a mantener en una zona fronteriza la presidenta encargada Delcy Rodr\u00edguez y el presidente colombiano, Gustavo Petro, a causa de &#8220;motivos de fuerza mayor&#8221; no especificados, seg\u00fan se desprende de un comunicado difundido por el canciller Yv\u00e1n Gil en sus redes sociales.<\/p>\n\n\n\n<p>&#8220;Los gobiernos de Venezuela y Colombia informan a la opini\u00f3n p\u00fablica que estaba prevista la realizaci\u00f3n de un encuentro presidencial de los dos jefes de Estado en el Puente Internacional Atanasio Girardot &#8216;Tienditas&#8217; (Colombia), el 13 de marzo de 2026, con el prop\u00f3sito de continuar fortaleciendo el esp\u00edritu de integraci\u00f3n y hermandad entre las dos naciones y avanzar en las iniciativas de cooperaci\u00f3n binacional&#8221;, reza el documento.<\/p>\n\n\n\n<p>En texto puntualiza, asimismo, que el encuentro tendr\u00e1 lugar &#8220;en una fecha pr\u00f3xima&#8221; y recalca que Petro &#8220;mantiene su invitaci\u00f3n&#8221; a la dignataria venezolana.<br>Asimismo, se reitera la voluntad de Caracas y Bogot\u00e1 de &#8220;fortalecer la confianza, la cooperaci\u00f3n y el relacionamiento bilateral&#8221;, en inter\u00e9s de promover &#8220;las oportunidades para el desarrollo y la integraci\u00f3n de los territorios fronterizos&#8221;.<\/p>\n\n\n\n<p>Previamente, medios colombianos reportaron la cancelaci\u00f3n de la reuni\u00f3n, en virtud de problemas de seguridad detectados por la parte venezolana.<\/p>\n\n\n\n<p>Sin embargo, esta versi\u00f3n no fue confirmada por ninguna de las dos administraciones.<\/p>\n\n\n\n<p>El pasado 18 de febrero, se inform\u00f3 que Rodr\u00edguez y Petro conversaron telef\u00f3nicamente.<\/p>\n\n\n\n<p>Entonces acordaron celebrar un &#8220;encuentro binacional a nivel de jefes de Estado&#8221; para &#8220;seguir avanzando en temas claves de la agenda econ\u00f3mica, energ\u00e9tica y de seguridad, en el marco del fortalecimiento de la cooperaci\u00f3n y las relaciones de respeto y trabajo conjunto entre ambos pa\u00edses&#8221;.<\/p>\n","protected":false},"excerpt":{"rendered":"<p>La reuni\u00f3n ser\u00e1 reprogramada para &#8220;una fecha pr\u00f3xima&#8221; que a\u00fan no ha sido fijada. El Gobierno de Venezuela confirm\u00f3 este jueves la suspensi\u00f3n del encuentro bilateral que iban a mantener&hellip;<\/p>\n","protected":false},"author":10,"featured_media":124489,"comment_status":"open","ping_status":"open","sticky":false,"template":"","format":"standard","meta":{"content-type":"","jetpack_post_was_ever_published":false,"_jetpack_newsletter_access":"","_jetpack_dont_email_post_to_subs":false,"_jetpack_newsletter_tier_id":0,"_jetpack_memberships_contains_paywalled_content":false,"_jetpack_memberships_contains_paid_content":false,"footnotes":""},"categories":[16289],"tags":[15347,2086,3423,1524,420],"class_list":["post-124488","post","type-post","status-publish","format-standard","has-post-thumbnail","hentry","category-internacionales","tag-delcy-rodriguez","tag-encuentro","tag-gustavo-petro","tag-suspende","tag-venezuela"],"jetpack_featured_media_url":"https:\/\/lasprimeras.com.do\/wp-content\/uploads\/2026\/03\/Delcy-Rodriguez.jpg","jetpack-related-posts":[{"id":108688,"url":"https:\/\/lasprimeras.com.do\/index.php\/2025\/09\/09\/petro-advierte-que-colombia-no-prestara-su-territorio-para-una-posible-invasion-a-venezuela\/","url_meta":{"origin":124488,"position":0},"title":"Petro advierte que Colombia no prestar\u00e1 su territorio para una posible invasi\u00f3n a Venezuela","author":"Nelson Feliz","date":"9 de septiembre de 2025","format":false,"excerpt":"BOGOT\u00c1 (AP) \u2014 El presidente colombiano Gustavo Petro advirti\u00f3 el martes que no prestar\u00e1 su territorio en caso de una eventual invasi\u00f3n a Venezuela, luego del despliegue militar de Estados Unidos en aguas del Caribe, e inst\u00f3 a los pa\u00edses sudamericanos a abogar de nuevo por el di\u00e1logo entre las\u2026","rel":"","context":"En \u00abINTERNACIONALES\u00bb","block_context":{"text":"INTERNACIONALES","link":"https:\/\/lasprimeras.com.do\/index.php\/category\/sin-categoria\/internacionales\/"},"img":{"alt_text":"","src":"https:\/\/i0.wp.com\/lasprimeras.com.do\/wp-content\/uploads\/2025\/09\/BARCO-1.jpg?resize=350%2C200&ssl=1","width":350,"height":200,"srcset":"https:\/\/i0.wp.com\/lasprimeras.com.do\/wp-content\/uploads\/2025\/09\/BARCO-1.jpg?resize=350%2C200&ssl=1 1x, https:\/\/i0.wp.com\/lasprimeras.com.do\/wp-content\/uploads\/2025\/09\/BARCO-1.jpg?resize=525%2C300&ssl=1 1.5x, https:\/\/i0.wp.com\/lasprimeras.com.do\/wp-content\/uploads\/2025\/09\/BARCO-1.jpg?resize=700%2C400&ssl=1 2x"},"classes":[]},{"id":128608,"url":"https:\/\/lasprimeras.com.do\/index.php\/2026\/04\/24\/dos-muertos-en-un-nuevo-ataque-de-ee-uu-a-embarcacion-en-el-pacifico\/","url_meta":{"origin":124488,"position":1},"title":"Dos muertos en un nuevo ataque de EE.UU. a embarcaci\u00f3n en el Pac\u00edfico","author":"Nelson Feliz","date":"24 de abril de 2026","format":false,"excerpt":"Estados Unidos dijo haber destruido este viernes una nueva embarcaci\u00f3n supuestamente vinculada al narcotr\u00e1fico en aguas internacionales del Pac\u00edfico, en un ataque en el que murieron dos personas. Washington, EFE - Estados Unidos dijo haber destruido este viernes una nueva embarcaci\u00f3n supuestamente vinculada al narcotr\u00e1fico en aguas internacionales del Pac\u00edfico,\u2026","rel":"","context":"En \u00abINTERNACIONALES\u00bb","block_context":{"text":"INTERNACIONALES","link":"https:\/\/lasprimeras.com.do\/index.php\/category\/sin-categoria\/internacionales\/"},"img":{"alt_text":"","src":"https:\/\/i0.wp.com\/lasprimeras.com.do\/wp-content\/uploads\/2026\/04\/jjuvias.jpg?resize=350%2C200&ssl=1","width":350,"height":200,"srcset":"https:\/\/i0.wp.com\/lasprimeras.com.do\/wp-content\/uploads\/2026\/04\/jjuvias.jpg?resize=350%2C200&ssl=1 1x, https:\/\/i0.wp.com\/lasprimeras.com.do\/wp-content\/uploads\/2026\/04\/jjuvias.jpg?resize=525%2C300&ssl=1 1.5x"},"classes":[]},{"id":88959,"url":"https:\/\/lasprimeras.com.do\/index.php\/2024\/09\/11\/el-gobierno-de-venezuela-reitera-que-republica-dominicana-adeuda-350-millones-de-dolares\/","url_meta":{"origin":124488,"position":2},"title":"El Gobierno de Venezuela reitera que Rep\u00fablica Dominicana adeuda 350 millones de d\u00f3lares","author":"Nelson Feliz","date":"11 de septiembre de 2024","format":false,"excerpt":"Caracas, (EFE).- La vicepresidenta ejecutiva de Venezuela, Delcy Rodr\u00edguez, reiter\u00f3 este mi\u00e9rcoles que Rep\u00fablica Dominicana adeuda 350 millones de d\u00f3lares por compra de petr\u00f3leo, al tiempo que le exigi\u00f3 al presidente de la naci\u00f3n caribe\u00f1a, Luis Abinader, que pague \"sin dilaci\u00f3n alguna\". \"No voy a perder una sola coma en\u2026","rel":"","context":"En \u00abECONOM\u00cdA\u00bb","block_context":{"text":"ECONOM\u00cdA","link":"https:\/\/lasprimeras.com.do\/index.php\/category\/economia\/"},"img":{"alt_text":"Delcy Rodr\u00edguez","src":"https:\/\/i0.wp.com\/lasprimeras.com.do\/wp-content\/uploads\/2024\/09\/Delcy-Rodriguez.jpg?resize=350%2C200&ssl=1","width":350,"height":200,"srcset":"https:\/\/i0.wp.com\/lasprimeras.com.do\/wp-content\/uploads\/2024\/09\/Delcy-Rodriguez.jpg?resize=350%2C200&ssl=1 1x, https:\/\/i0.wp.com\/lasprimeras.com.do\/wp-content\/uploads\/2024\/09\/Delcy-Rodriguez.jpg?resize=525%2C300&ssl=1 1.5x, https:\/\/i0.wp.com\/lasprimeras.com.do\/wp-content\/uploads\/2024\/09\/Delcy-Rodriguez.jpg?resize=700%2C400&ssl=1 2x"},"classes":[]},{"id":119184,"url":"https:\/\/lasprimeras.com.do\/index.php\/2026\/01\/08\/trump-invita-a-petro-a-la-casa-blanca-dias-despues-de-amenazar-a-colombia-con-un-ataque-militar\/","url_meta":{"origin":124488,"position":3},"title":"Trump invita a Petro a la Casa Blanca d\u00edas despu\u00e9s de amenazar a Colombia con un ataque militar","author":"Nelson Feliz","date":"8 de enero de 2026","format":false,"excerpt":"Gustavo Petro","rel":"","context":"En \u00abINTERNACIONALES\u00bb","block_context":{"text":"INTERNACIONALES","link":"https:\/\/lasprimeras.com.do\/index.php\/category\/sin-categoria\/internacionales\/"},"img":{"alt_text":"","src":"https:\/\/i0.wp.com\/lasprimeras.com.do\/wp-content\/uploads\/2025\/07\/Gustavo-Petro.jpg?resize=350%2C200&ssl=1","width":350,"height":200,"srcset":"https:\/\/i0.wp.com\/lasprimeras.com.do\/wp-content\/uploads\/2025\/07\/Gustavo-Petro.jpg?resize=350%2C200&ssl=1 1x, https:\/\/i0.wp.com\/lasprimeras.com.do\/wp-content\/uploads\/2025\/07\/Gustavo-Petro.jpg?resize=525%2C300&ssl=1 1.5x, https:\/\/i0.wp.com\/lasprimeras.com.do\/wp-content\/uploads\/2025\/07\/Gustavo-Petro.jpg?resize=700%2C400&ssl=1 2x"},"classes":[]},{"id":86720,"url":"https:\/\/lasprimeras.com.do\/index.php\/2024\/07\/31\/gustavo-petro-se-refirio-a-las-elecciones-venezolanas-aseguro-que-hay-graves-dudas-alrededor-del-proceso-electoral\/","url_meta":{"origin":124488,"position":4},"title":"Gustavo Petro se refiri\u00f3 a las elecciones venezolanas: asegur\u00f3 que hay \u201cgraves dudas alrededor del proceso electoral\u201d","author":"Nelson Feliz","date":"31 de julio de 2024","format":false,"excerpt":"El presidente colombiano se hab\u00eda mantenido en silencio ante el evidente fraude cometido por Nicol\u00e1s Maduro. Ahora dio su opini\u00f3n y alert\u00f3 por una intensificaci\u00f3n de la violencia pol\u00edtica. Por Mariana Mej\u00edaDesde Bogot\u00e1 El presidente Gustavo Petro se pronunci\u00f3 sobre la situaci\u00f3n de los comicios en Venezuela a trav\u00e9s de\u2026","rel":"","context":"En \u00abSin categor\u00eda\u00bb","block_context":{"text":"Sin categor\u00eda","link":"https:\/\/lasprimeras.com.do\/index.php\/category\/sin-categoria\/"},"img":{"alt_text":"Gustavo Petro","src":"https:\/\/i0.wp.com\/lasprimeras.com.do\/wp-content\/uploads\/2024\/07\/Gustavo-Petro.png?resize=350%2C200&ssl=1","width":350,"height":200,"srcset":"https:\/\/i0.wp.com\/lasprimeras.com.do\/wp-content\/uploads\/2024\/07\/Gustavo-Petro.png?resize=350%2C200&ssl=1 1x, https:\/\/i0.wp.com\/lasprimeras.com.do\/wp-content\/uploads\/2024\/07\/Gustavo-Petro.png?resize=525%2C300&ssl=1 1.5x, https:\/\/i0.wp.com\/lasprimeras.com.do\/wp-content\/uploads\/2024\/07\/Gustavo-Petro.png?resize=700%2C400&ssl=1 2x"},"classes":[]},{"id":118822,"url":"https:\/\/lasprimeras.com.do\/index.php\/2026\/01\/03\/brasil-considera-a-delcy-rodriguez-la-presidenta-interina-de-venezuela-en-ausencia-de-maduro\/","url_meta":{"origin":124488,"position":5},"title":"Brasil considera a Delcy Rodr\u00edguez la presidenta interina de Venezuela en ausencia de Maduro","author":"Nelson Feliz","date":"3 de enero de 2026","format":false,"excerpt":"Brasil, RT.-. El Ministerio de Relaciones Exteriores de Brasil fij\u00f3 su postura este s\u00e1bado sobre el jefe de Estado a cargo de Venezuela, tras el secuestro del presidente venezolano Nicol\u00e1s Maduro, perpetrado por EE.UU. durante la jornada. \"En ausencia del presidente Maduro, es la vicepresidenta (Delcy Rodr\u00edguez) quien est\u00e1 como\u2026","rel":"","context":"En \u00abINTERNACIONALES\u00bb","block_context":{"text":"INTERNACIONALES","link":"https:\/\/lasprimeras.com.do\/index.php\/category\/sin-categoria\/internacionales\/"},"img":{"alt_text":"Delcy Rodr\u00edguez","src":"https:\/\/i0.wp.com\/lasprimeras.com.do\/wp-content\/uploads\/2024\/09\/Delcy-Rodriguez.jpg?resize=350%2C200&ssl=1","width":350,"height":200,"srcset":"https:\/\/i0.wp.com\/lasprimeras.com.do\/wp-content\/uploads\/2024\/09\/Delcy-Rodriguez.jpg?resize=350%2C200&ssl=1 1x, https:\/\/i0.wp.com\/lasprimeras.com.do\/wp-content\/uploads\/2024\/09\/Delcy-Rodriguez.jpg?resize=525%2C300&ssl=1 1.5x, https:\/\/i0.wp.com\/lasprimeras.com.do\/wp-content\/uploads\/2024\/09\/Delcy-Rodriguez.jpg?resize=700%2C400&ssl=1 2x"},"classes":[]}],"jetpack_sharing_enabled":true,"_links":{"self":[{"href":"https:\/\/lasprimeras.com.do\/index.php\/wp-json\/wp\/v2\/posts\/124488","targetHints":{"allow":["GET"]}}],"collection":[{"href":"https:\/\/lasprimeras.com.do\/index.php\/wp-json\/wp\/v2\/posts"}],"about":[{"href":"https:\/\/lasprimeras.com.do\/index.php\/wp-json\/wp\/v2\/types\/post"}],"author":[{"embeddable":true,"href":"https:\/\/lasprimeras.com.do\/index.php\/wp-json\/wp\/v2\/users\/10"}],"replies":[{"embeddable":true,"href":"https:\/\/lasprimeras.com.do\/index.php\/wp-json\/wp\/v2\/comments?post=124488"}],"version-history":[{"count":1,"href":"https:\/\/lasprimeras.com.do\/index.php\/wp-json\/wp\/v2\/posts\/124488\/revisions"}],"predecessor-version":[{"id":124490,"href":"https:\/\/lasprimeras.com.do\/index.php\/wp-json\/wp\/v2\/posts\/124488\/revisions\/124490"}],"wp:featuredmedia":[{"embeddable":true,"href":"https:\/\/lasprimeras.com.do\/index.php\/wp-json\/wp\/v2\/media\/124489"}],"wp:attachment":[{"href":"https:\/\/lasprimeras.com.do\/index.php\/wp-json\/wp\/v2\/media?parent=124488"}],"wp:term":[{"taxonomy":"category","embeddable":true,"href":"https:\/\/lasprimeras.com.do\/index.php\/wp-json\/wp\/v2\/categories?post=124488"},{"taxonomy":"post_tag","embeddable":true,"href":"https:\/\/lasprimeras.com.do\/index.php\/wp-json\/wp\/v2\/tags?post=124488"}],"curies":[{"name":"wp","href":"https:\/\/api.w.org\/{rel}","templated":true}]}}